{"id":90799,"date":"2023-03-23T17:03:09","date_gmt":"2023-03-23T23:03:09","guid":{"rendered":"https:\/\/canal7slp.tv\/2023\/?p=90799"},"modified":"2023-03-23T17:03:09","modified_gmt":"2023-03-23T23:03:09","slug":"oms-busca-erradicar-la-tuberculosis-en-2030","status":"publish","type":"post","link":"https:\/\/canal7slp.tv\/2023\/oms-busca-erradicar-la-tuberculosis-en-2030\/","title":{"rendered":"OMS busca erradicar la tuberculosis en 2030"},"content":{"rendered":"<p style=\"text-align: justify;\">Ginebra.- La Organizaci\u00f3n Mundial de la Salud (OMS), dio a conocer medidas para reforzar el combate contra la tuberculosis.<\/p>\n<p style=\"text-align: justify;\">Cabe se\u00f1alar que la comunidad m\u00e9dica se ha propuesto erradicar dicha enfermedad antes de 2030 como parte de los objetivos de desarrollo sostenible.<\/p>\n<p style=\"text-align: justify;\">Tedros Adhanom Ghebreyesus, director general de la OMS, puntualiz\u00f3 que la Organizaci\u00f3n ampliar\u00e1 5 a\u00f1os m\u00e1s la iniciativa iniciada en 2018 para aumentar la investigaci\u00f3n e incrementar las herramientas contra la tuberculosis.<\/p>\n<p style=\"text-align: justify;\">A su vez, detall\u00f3 que la OMS ha propuesto el desarrollo de nuevas vacunas contra la misma, ya que la \u00fanica existente por ahora (denominada BCG) tiene m\u00e1s de 100 a\u00f1os de bagaje y ya no protege adecuadamente a adolescentes y adultos, principales transmisores de la tuberculosis.<\/p>\n","protected":false},"excerpt":{"rendered":"<p>Ginebra.- La Organizaci\u00f3n Mundial de la Salud (OMS), dio a conocer medidas para reforzar el combate contra la tuberculosis. Cabe se\u00f1alar que la comunidad m\u00e9dica se ha propuesto erradicar dicha enfermedad antes de 2030 como parte de los objetivos de desarrollo sostenible. Tedros Adhanom Ghebreyesus, director general de la OMS, puntualiz\u00f3 que la Organizaci\u00f3n ampliar\u00e1 5 a\u00f1os m\u00e1s la iniciativa iniciada en 2018 para aumentar la investigaci\u00f3n e incrementar las herramientas contra la tuberculosis. A su vez, detall\u00f3 que la OMS ha propuesto el desarrollo de nuevas vacunas contra la misma, ya que la \u00fanica existente por ahora (denominada BCG) [&hellip;]<\/p>\n","protected":false},"author":2,"featured_media":90813,"comment_status":"closed","ping_status":"closed","sticky":false,"template":"","format":"standard","meta":{"footnotes":""},"categories":[44],"tags":[],"class_list":["post-90799","post","type-post","status-publish","format-standard","has-post-thumbnail","hentry","category-internacional","post--single"],"yoast_head":"<!-- This site is optimized with the Yoast SEO plugin v27.4 - https:\/\/yoast.com\/product\/yoast-seo-wordpress\/ -->\n<title>OMS busca erradicar la tuberculosis en 2030 - Canal 7 SLP - 2023<\/title>\n<meta name=\"robots\" content=\"index, follow, max-snippet:-1, max-image-preview:large, max-video-preview:-1\" \/>\n<link rel=\"canonical\" href=\"https:\/\/canal7slp.tv\/2023\/oms-busca-erradicar-la-tuberculosis-en-2030\/\" \/>\n<meta property=\"og:locale\" content=\"es_ES\" \/>\n<meta property=\"og:type\" content=\"article\" \/>\n<meta property=\"og:title\" content=\"OMS busca erradicar la tuberculosis en 2030 - Canal 7 SLP - 2023\" \/>\n<meta property=\"og:description\" content=\"Ginebra.- La Organizaci\u00f3n Mundial de la Salud (OMS), dio a conocer medidas para reforzar el combate contra la tuberculosis. Cabe se\u00f1alar que la comunidad m\u00e9dica se ha propuesto erradicar dicha enfermedad antes de 2030 como parte de los objetivos de desarrollo sostenible. Tedros Adhanom Ghebreyesus, director general de la OMS, puntualiz\u00f3 que la Organizaci\u00f3n ampliar\u00e1 5 a\u00f1os m\u00e1s la iniciativa iniciada en 2018 para aumentar la investigaci\u00f3n e incrementar las herramientas contra la tuberculosis. A su vez, detall\u00f3 que la OMS ha propuesto el desarrollo de nuevas vacunas contra la misma, ya que la \u00fanica existente por ahora (denominada BCG) [&hellip;]\" \/>\n<meta property=\"og:url\" content=\"https:\/\/canal7slp.tv\/2023\/oms-busca-erradicar-la-tuberculosis-en-2030\/\" \/>\n<meta property=\"og:site_name\" content=\"Canal 7 SLP - 2023\" \/>\n<meta property=\"article:publisher\" content=\"https:\/\/www.facebook.com\/noticieroscanalsiete\" \/>\n<meta property=\"article:published_time\" content=\"2023-03-23T23:03:09+00:00\" \/>\n<meta property=\"og:image\" content=\"https:\/\/canal7slp.tv\/2023\/wp-content\/uploads\/2023\/03\/01-19-scaled.jpg\" \/>\n\t<meta property=\"og:image:width\" content=\"2560\" \/>\n\t<meta property=\"og:image:height\" content=\"1706\" \/>\n\t<meta property=\"og:image:type\" content=\"image\/jpeg\" \/>\n<meta name=\"author\" content=\"Edici\u00f3n Web\" \/>\n<meta name=\"twitter:card\" content=\"summary_large_image\" \/>\n<meta name=\"twitter:creator\" content=\"@NOTICIEROS7\" \/>\n<meta name=\"twitter:site\" content=\"@NOTICIEROS7\" \/>\n<meta name=\"twitter:label1\" content=\"Escrito por\" \/>\n\t<meta name=\"twitter:data1\" content=\"Edici\u00f3n Web\" \/>\n\t<meta name=\"twitter:label2\" content=\"Tiempo de lectura\" \/>\n\t<meta name=\"twitter:data2\" content=\"1 minuto\" \/>\n<script type=\"application\/ld+json\" class=\"yoast-schema-graph\">{\"@context\":\"https:\\\/\\\/schema.org\",\"@graph\":[{\"@type\":\"Article\",\"@id\":\"https:\\\/\\\/canal7slp.tv\\\/2023\\\/oms-busca-erradicar-la-tuberculosis-en-2030\\\/#article\",\"isPartOf\":{\"@id\":\"https:\\\/\\\/canal7slp.tv\\\/2023\\\/oms-busca-erradicar-la-tuberculosis-en-2030\\\/\"},\"author\":{\"name\":\"Edici\u00f3n Web\",\"@id\":\"https:\\\/\\\/canal7slp.tv\\\/2023\\\/#\\\/schema\\\/person\\\/639c424e3584069003b11ae813915da6\"},\"headline\":\"OMS busca erradicar la tuberculosis en 2030\",\"datePublished\":\"2023-03-23T23:03:09+00:00\",\"mainEntityOfPage\":{\"@id\":\"https:\\\/\\\/canal7slp.tv\\\/2023\\\/oms-busca-erradicar-la-tuberculosis-en-2030\\\/\"},\"wordCount\":133,\"publisher\":{\"@id\":\"https:\\\/\\\/canal7slp.tv\\\/2023\\\/#organization\"},\"image\":{\"@id\":\"https:\\\/\\\/canal7slp.tv\\\/2023\\\/oms-busca-erradicar-la-tuberculosis-en-2030\\\/#primaryimage\"},\"thumbnailUrl\":\"https:\\\/\\\/canal7slp.tv\\\/2023\\\/wp-content\\\/uploads\\\/2023\\\/03\\\/01-19-scaled.jpg\",\"articleSection\":[\"INTERNACIONALES\"],\"inLanguage\":\"es\"},{\"@type\":\"WebPage\",\"@id\":\"https:\\\/\\\/canal7slp.tv\\\/2023\\\/oms-busca-erradicar-la-tuberculosis-en-2030\\\/\",\"url\":\"https:\\\/\\\/canal7slp.tv\\\/2023\\\/oms-busca-erradicar-la-tuberculosis-en-2030\\\/\",\"name\":\"OMS busca erradicar la tuberculosis en 2030 - Canal 7 SLP - 2023\",\"isPartOf\":{\"@id\":\"https:\\\/\\\/canal7slp.tv\\\/2023\\\/#website\"},\"primaryImageOfPage\":{\"@id\":\"https:\\\/\\\/canal7slp.tv\\\/2023\\\/oms-busca-erradicar-la-tuberculosis-en-2030\\\/#primaryimage\"},\"image\":{\"@id\":\"https:\\\/\\\/canal7slp.tv\\\/2023\\\/oms-busca-erradicar-la-tuberculosis-en-2030\\\/#primaryimage\"},\"thumbnailUrl\":\"https:\\\/\\\/canal7slp.tv\\\/2023\\\/wp-content\\\/uploads\\\/2023\\\/03\\\/01-19-scaled.jpg\",\"datePublished\":\"2023-03-23T23:03:09+00:00\",\"breadcrumb\":{\"@id\":\"https:\\\/\\\/canal7slp.tv\\\/2023\\\/oms-busca-erradicar-la-tuberculosis-en-2030\\\/#breadcrumb\"},\"inLanguage\":\"es\",\"potentialAction\":[{\"@type\":\"ReadAction\",\"target\":[\"https:\\\/\\\/canal7slp.tv\\\/2023\\\/oms-busca-erradicar-la-tuberculosis-en-2030\\\/\"]}]},{\"@type\":\"ImageObject\",\"inLanguage\":\"es\",\"@id\":\"https:\\\/\\\/canal7slp.tv\\\/2023\\\/oms-busca-erradicar-la-tuberculosis-en-2030\\\/#primaryimage\",\"url\":\"https:\\\/\\\/canal7slp.tv\\\/2023\\\/wp-content\\\/uploads\\\/2023\\\/03\\\/01-19-scaled.jpg\",\"contentUrl\":\"https:\\\/\\\/canal7slp.tv\\\/2023\\\/wp-content\\\/uploads\\\/2023\\\/03\\\/01-19-scaled.jpg\",\"width\":2560,\"height\":1706},{\"@type\":\"BreadcrumbList\",\"@id\":\"https:\\\/\\\/canal7slp.tv\\\/2023\\\/oms-busca-erradicar-la-tuberculosis-en-2030\\\/#breadcrumb\",\"itemListElement\":[{\"@type\":\"ListItem\",\"position\":1,\"name\":\"Portada\",\"item\":\"https:\\\/\\\/canal7slp.tv\\\/2023\\\/\"},{\"@type\":\"ListItem\",\"position\":2,\"name\":\"OMS busca erradicar la tuberculosis en 2030\"}]},{\"@type\":\"WebSite\",\"@id\":\"https:\\\/\\\/canal7slp.tv\\\/2023\\\/#website\",\"url\":\"https:\\\/\\\/canal7slp.tv\\\/2023\\\/\",\"name\":\"N7 - Noticieros Canal 7\",\"description\":\"Somos Televisi\u00f3n\",\"publisher\":{\"@id\":\"https:\\\/\\\/canal7slp.tv\\\/2023\\\/#organization\"},\"potentialAction\":[{\"@type\":\"SearchAction\",\"target\":{\"@type\":\"EntryPoint\",\"urlTemplate\":\"https:\\\/\\\/canal7slp.tv\\\/2023\\\/?s={search_term_string}\"},\"query-input\":{\"@type\":\"PropertyValueSpecification\",\"valueRequired\":true,\"valueName\":\"search_term_string\"}}],\"inLanguage\":\"es\"},{\"@type\":\"Organization\",\"@id\":\"https:\\\/\\\/canal7slp.tv\\\/2023\\\/#organization\",\"name\":\"Noticieros Canal 7\",\"url\":\"https:\\\/\\\/canal7slp.tv\\\/2023\\\/\",\"logo\":{\"@type\":\"ImageObject\",\"inLanguage\":\"es\",\"@id\":\"https:\\\/\\\/canal7slp.tv\\\/2023\\\/#\\\/schema\\\/logo\\\/image\\\/\",\"url\":\"https:\\\/\\\/canal7slp.tv\\\/2023\\\/wp-content\\\/uploads\\\/2021\\\/01\\\/logo-noticieros@2x.png\",\"contentUrl\":\"https:\\\/\\\/canal7slp.tv\\\/2023\\\/wp-content\\\/uploads\\\/2021\\\/01\\\/logo-noticieros@2x.png\",\"width\":1017,\"height\":268,\"caption\":\"Noticieros Canal 7\"},\"image\":{\"@id\":\"https:\\\/\\\/canal7slp.tv\\\/2023\\\/#\\\/schema\\\/logo\\\/image\\\/\"},\"sameAs\":[\"https:\\\/\\\/www.facebook.com\\\/noticieroscanalsiete\",\"https:\\\/\\\/x.com\\\/NOTICIEROS7\",\"https:\\\/\\\/www.instagram.com\\\/canal7_slp\",\"https:\\\/\\\/www.youtube.com\\\/channel\\\/UCliiYs-gP3JfJeqdPrNdd5A\"]},{\"@type\":\"Person\",\"@id\":\"https:\\\/\\\/canal7slp.tv\\\/2023\\\/#\\\/schema\\\/person\\\/639c424e3584069003b11ae813915da6\",\"name\":\"Edici\u00f3n Web\",\"image\":{\"@type\":\"ImageObject\",\"inLanguage\":\"es\",\"@id\":\"https:\\\/\\\/secure.gravatar.com\\\/avatar\\\/eee448fc3f7164808013b816ba91ac7e43bbe82a70bebac296f8bc6f0addaa1a?s=96&d=mm&r=g\",\"url\":\"https:\\\/\\\/secure.gravatar.com\\\/avatar\\\/eee448fc3f7164808013b816ba91ac7e43bbe82a70bebac296f8bc6f0addaa1a?s=96&d=mm&r=g\",\"contentUrl\":\"https:\\\/\\\/secure.gravatar.com\\\/avatar\\\/eee448fc3f7164808013b816ba91ac7e43bbe82a70bebac296f8bc6f0addaa1a?s=96&d=mm&r=g\",\"caption\":\"Edici\u00f3n Web\"},\"url\":\"https:\\\/\\\/canal7slp.tv\\\/2023\\\/author\\\/edicionweb\\\/\"}]}<\/script>\n<!-- \/ Yoast SEO plugin. -->","yoast_head_json":{"title":"OMS busca erradicar la tuberculosis en 2030 - Canal 7 SLP - 2023","robots":{"index":"index","follow":"follow","max-snippet":"max-snippet:-1","max-image-preview":"max-image-preview:large","max-video-preview":"max-video-preview:-1"},"canonical":"https:\/\/canal7slp.tv\/2023\/oms-busca-erradicar-la-tuberculosis-en-2030\/","og_locale":"es_ES","og_type":"article","og_title":"OMS busca erradicar la tuberculosis en 2030 - Canal 7 SLP - 2023","og_description":"Ginebra.- La Organizaci\u00f3n Mundial de la Salud (OMS), dio a conocer medidas para reforzar el combate contra la tuberculosis. Cabe se\u00f1alar que la comunidad m\u00e9dica se ha propuesto erradicar dicha enfermedad antes de 2030 como parte de los objetivos de desarrollo sostenible. Tedros Adhanom Ghebreyesus, director general de la OMS, puntualiz\u00f3 que la Organizaci\u00f3n ampliar\u00e1 5 a\u00f1os m\u00e1s la iniciativa iniciada en 2018 para aumentar la investigaci\u00f3n e incrementar las herramientas contra la tuberculosis. A su vez, detall\u00f3 que la OMS ha propuesto el desarrollo de nuevas vacunas contra la misma, ya que la \u00fanica existente por ahora (denominada BCG) [&hellip;]","og_url":"https:\/\/canal7slp.tv\/2023\/oms-busca-erradicar-la-tuberculosis-en-2030\/","og_site_name":"Canal 7 SLP - 2023","article_publisher":"https:\/\/www.facebook.com\/noticieroscanalsiete","article_published_time":"2023-03-23T23:03:09+00:00","og_image":[{"width":2560,"height":1706,"url":"https:\/\/canal7slp.tv\/2023\/wp-content\/uploads\/2023\/03\/01-19-scaled.jpg","type":"image\/jpeg"}],"author":"Edici\u00f3n Web","twitter_card":"summary_large_image","twitter_creator":"@NOTICIEROS7","twitter_site":"@NOTICIEROS7","twitter_misc":{"Escrito por":"Edici\u00f3n Web","Tiempo de lectura":"1 minuto"},"schema":{"@context":"https:\/\/schema.org","@graph":[{"@type":"Article","@id":"https:\/\/canal7slp.tv\/2023\/oms-busca-erradicar-la-tuberculosis-en-2030\/#article","isPartOf":{"@id":"https:\/\/canal7slp.tv\/2023\/oms-busca-erradicar-la-tuberculosis-en-2030\/"},"author":{"name":"Edici\u00f3n Web","@id":"https:\/\/canal7slp.tv\/2023\/#\/schema\/person\/639c424e3584069003b11ae813915da6"},"headline":"OMS busca erradicar la tuberculosis en 2030","datePublished":"2023-03-23T23:03:09+00:00","mainEntityOfPage":{"@id":"https:\/\/canal7slp.tv\/2023\/oms-busca-erradicar-la-tuberculosis-en-2030\/"},"wordCount":133,"publisher":{"@id":"https:\/\/canal7slp.tv\/2023\/#organization"},"image":{"@id":"https:\/\/canal7slp.tv\/2023\/oms-busca-erradicar-la-tuberculosis-en-2030\/#primaryimage"},"thumbnailUrl":"https:\/\/canal7slp.tv\/2023\/wp-content\/uploads\/2023\/03\/01-19-scaled.jpg","articleSection":["INTERNACIONALES"],"inLanguage":"es"},{"@type":"WebPage","@id":"https:\/\/canal7slp.tv\/2023\/oms-busca-erradicar-la-tuberculosis-en-2030\/","url":"https:\/\/canal7slp.tv\/2023\/oms-busca-erradicar-la-tuberculosis-en-2030\/","name":"OMS busca erradicar la tuberculosis en 2030 - Canal 7 SLP - 2023","isPartOf":{"@id":"https:\/\/canal7slp.tv\/2023\/#website"},"primaryImageOfPage":{"@id":"https:\/\/canal7slp.tv\/2023\/oms-busca-erradicar-la-tuberculosis-en-2030\/#primaryimage"},"image":{"@id":"https:\/\/canal7slp.tv\/2023\/oms-busca-erradicar-la-tuberculosis-en-2030\/#primaryimage"},"thumbnailUrl":"https:\/\/canal7slp.tv\/2023\/wp-content\/uploads\/2023\/03\/01-19-scaled.jpg","datePublished":"2023-03-23T23:03:09+00:00","breadcrumb":{"@id":"https:\/\/canal7slp.tv\/2023\/oms-busca-erradicar-la-tuberculosis-en-2030\/#breadcrumb"},"inLanguage":"es","potentialAction":[{"@type":"ReadAction","target":["https:\/\/canal7slp.tv\/2023\/oms-busca-erradicar-la-tuberculosis-en-2030\/"]}]},{"@type":"ImageObject","inLanguage":"es","@id":"https:\/\/canal7slp.tv\/2023\/oms-busca-erradicar-la-tuberculosis-en-2030\/#primaryimage","url":"https:\/\/canal7slp.tv\/2023\/wp-content\/uploads\/2023\/03\/01-19-scaled.jpg","contentUrl":"https:\/\/canal7slp.tv\/2023\/wp-content\/uploads\/2023\/03\/01-19-scaled.jpg","width":2560,"height":1706},{"@type":"BreadcrumbList","@id":"https:\/\/canal7slp.tv\/2023\/oms-busca-erradicar-la-tuberculosis-en-2030\/#breadcrumb","itemListElement":[{"@type":"ListItem","position":1,"name":"Portada","item":"https:\/\/canal7slp.tv\/2023\/"},{"@type":"ListItem","position":2,"name":"OMS busca erradicar la tuberculosis en 2030"}]},{"@type":"WebSite","@id":"https:\/\/canal7slp.tv\/2023\/#website","url":"https:\/\/canal7slp.tv\/2023\/","name":"N7 - Noticieros Canal 7","description":"Somos Televisi\u00f3n","publisher":{"@id":"https:\/\/canal7slp.tv\/2023\/#organization"},"potentialAction":[{"@type":"SearchAction","target":{"@type":"EntryPoint","urlTemplate":"https:\/\/canal7slp.tv\/2023\/?s={search_term_string}"},"query-input":{"@type":"PropertyValueSpecification","valueRequired":true,"valueName":"search_term_string"}}],"inLanguage":"es"},{"@type":"Organization","@id":"https:\/\/canal7slp.tv\/2023\/#organization","name":"Noticieros Canal 7","url":"https:\/\/canal7slp.tv\/2023\/","logo":{"@type":"ImageObject","inLanguage":"es","@id":"https:\/\/canal7slp.tv\/2023\/#\/schema\/logo\/image\/","url":"https:\/\/canal7slp.tv\/2023\/wp-content\/uploads\/2021\/01\/logo-noticieros@2x.png","contentUrl":"https:\/\/canal7slp.tv\/2023\/wp-content\/uploads\/2021\/01\/logo-noticieros@2x.png","width":1017,"height":268,"caption":"Noticieros Canal 7"},"image":{"@id":"https:\/\/canal7slp.tv\/2023\/#\/schema\/logo\/image\/"},"sameAs":["https:\/\/www.facebook.com\/noticieroscanalsiete","https:\/\/x.com\/NOTICIEROS7","https:\/\/www.instagram.com\/canal7_slp","https:\/\/www.youtube.com\/channel\/UCliiYs-gP3JfJeqdPrNdd5A"]},{"@type":"Person","@id":"https:\/\/canal7slp.tv\/2023\/#\/schema\/person\/639c424e3584069003b11ae813915da6","name":"Edici\u00f3n Web","image":{"@type":"ImageObject","inLanguage":"es","@id":"https:\/\/secure.gravatar.com\/avatar\/eee448fc3f7164808013b816ba91ac7e43bbe82a70bebac296f8bc6f0addaa1a?s=96&d=mm&r=g","url":"https:\/\/secure.gravatar.com\/avatar\/eee448fc3f7164808013b816ba91ac7e43bbe82a70bebac296f8bc6f0addaa1a?s=96&d=mm&r=g","contentUrl":"https:\/\/secure.gravatar.com\/avatar\/eee448fc3f7164808013b816ba91ac7e43bbe82a70bebac296f8bc6f0addaa1a?s=96&d=mm&r=g","caption":"Edici\u00f3n Web"},"url":"https:\/\/canal7slp.tv\/2023\/author\/edicionweb\/"}]}},"_links":{"self":[{"href":"https:\/\/canal7slp.tv\/2023\/wp-json\/wp\/v2\/posts\/90799","targetHints":{"allow":["GET"]}}],"collection":[{"href":"https:\/\/canal7slp.tv\/2023\/wp-json\/wp\/v2\/posts"}],"about":[{"href":"https:\/\/canal7slp.tv\/2023\/wp-json\/wp\/v2\/types\/post"}],"author":[{"embeddable":true,"href":"https:\/\/canal7slp.tv\/2023\/wp-json\/wp\/v2\/users\/2"}],"replies":[{"embeddable":true,"href":"https:\/\/canal7slp.tv\/2023\/wp-json\/wp\/v2\/comments?post=90799"}],"version-history":[{"count":2,"href":"https:\/\/canal7slp.tv\/2023\/wp-json\/wp\/v2\/posts\/90799\/revisions"}],"predecessor-version":[{"id":90820,"href":"https:\/\/canal7slp.tv\/2023\/wp-json\/wp\/v2\/posts\/90799\/revisions\/90820"}],"wp:featuredmedia":[{"embeddable":true,"href":"https:\/\/canal7slp.tv\/2023\/wp-json\/wp\/v2\/media\/90813"}],"wp:attachment":[{"href":"https:\/\/canal7slp.tv\/2023\/wp-json\/wp\/v2\/media?parent=90799"}],"wp:term":[{"taxonomy":"category","embeddable":true,"href":"https:\/\/canal7slp.tv\/2023\/wp-json\/wp\/v2\/categories?post=90799"},{"taxonomy":"post_tag","embeddable":true,"href":"https:\/\/canal7slp.tv\/2023\/wp-json\/wp\/v2\/tags?post=90799"}],"curies":[{"name":"wp","href":"https:\/\/api.w.org\/{rel}","templated":true}]}}