{"id":90790,"date":"2023-03-23T16:27:29","date_gmt":"2023-03-23T22:27:29","guid":{"rendered":"https:\/\/canal7slp.tv\/2023\/?p=90790"},"modified":"2023-03-23T16:27:43","modified_gmt":"2023-03-23T22:27:43","slug":"tras-caso-de-violencia-alumnas-de-la-secundaria-francisco-zarco-bajo-proceso-interno","status":"publish","type":"post","link":"https:\/\/canal7slp.tv\/2023\/tras-caso-de-violencia-alumnas-de-la-secundaria-francisco-zarco-bajo-proceso-interno\/","title":{"rendered":"Tras caso de violencia, alumnas de la Secundaria Francisco Zarco, bajo proceso interno"},"content":{"rendered":"<ul>\n<li style=\"text-align: justify;\">A\u00fan no son incorporadas a clase<\/li>\n<\/ul>\n<p style=\"text-align: justify;\">Matehuala.- En entrevista para Noticieros Canal Siete, la directora de la Escuela Secundaria, Francisco Zarco, Martha Adriana Zapata Rangel, se pronunci\u00f3 sobre el acto de violencia que se registr\u00f3 entre dos alumnas de la instituci\u00f3n, donde una de ellas termin\u00f3 severamente golpeada, luego de que una estudiante y un adulto, la agredieron al salir de clases.<\/p>\n<p style=\"text-align: justify;\">\u00abQuiero aclarar que el incidente se dio fuera de la instituci\u00f3n, a dos cuadras, a pesar de ello, la escuela est\u00e1 actuando porque tenemos a dos menores en riesgo, las alumnas no se han incorporado a la instituci\u00f3n porque necesitamos primero platicar con los padres de familia, realizar un acta circunstanciada de los hechos porque hay que escuchar las dos versiones\u00bb, dijo.<\/p>\n<p style=\"text-align: justify;\">La directora manifest\u00f3 que ninguna de las alumnas tendr\u00e1 repercusiones en su quehacer educativo, sin embargo, atender\u00e1n las peticiones que les han realizado los padres de familia, \u00absolicitan algunas medidas preventivas por parte de la instituci\u00f3n para no cruzarse, la escuela les est\u00e1 dando facilidades, adem\u00e1s se les ofreci\u00f3 que sean canalizadas a una instituci\u00f3n que nos ayuda de manera psicol\u00f3gica para trabajar con sus emociones o si tienen alguna conducta disruptiva\u00bb.<\/p>\n<p style=\"text-align: justify;\">Al final, se\u00f1al\u00f3 que las alumnas terminaron siendo expuestas en los medios digitales, \u00ablas alumnas que se fueron inmersas mencionan que las redes sociales influyeron en su estado emocional, porque no constru\u00edan, sino que las destruyeron a las dos, definitivamente, aluden que son medios que no las han apoyado en nada\u00bb.<\/p>\n<p>Por: Jes\u00fas Valencia<\/p>\n","protected":false},"excerpt":{"rendered":"<p>A\u00fan no son incorporadas a clase Matehuala.- En entrevista para Noticieros Canal Siete, la directora de la Escuela Secundaria, Francisco Zarco, Martha Adriana Zapata Rangel, se pronunci\u00f3 sobre el acto de violencia que se registr\u00f3 entre dos alumnas de la instituci\u00f3n, donde una de ellas termin\u00f3 severamente golpeada, luego de que una estudiante y un adulto, la agredieron al salir de clases. \u00abQuiero aclarar que el incidente se dio fuera de la instituci\u00f3n, a dos cuadras, a pesar de ello, la escuela est\u00e1 actuando porque tenemos a dos menores en riesgo, las alumnas no se han incorporado a la instituci\u00f3n [&hellip;]<\/p>\n","protected":false},"author":2,"featured_media":90791,"comment_status":"closed","ping_status":"closed","sticky":false,"template":"","format":"video","meta":{"footnotes":""},"categories":[5,43],"tags":[],"class_list":["post-90790","post","type-post","status-publish","format-video","has-post-thumbnail","hentry","category-destacadas","category-interior","post_format-post-format-video","post--single"],"yoast_head":"<!-- This site is optimized with the Yoast SEO plugin v27.4 - https:\/\/yoast.com\/product\/yoast-seo-wordpress\/ -->\n<title>Tras caso de violencia, alumnas de la Secundaria Francisco Zarco, bajo proceso interno - Canal 7 SLP - 2023<\/title>\n<meta name=\"robots\" content=\"index, follow, max-snippet:-1, max-image-preview:large, max-video-preview:-1\" \/>\n<link rel=\"canonical\" href=\"https:\/\/canal7slp.tv\/2023\/tras-caso-de-violencia-alumnas-de-la-secundaria-francisco-zarco-bajo-proceso-interno\/\" \/>\n<meta property=\"og:locale\" content=\"es_ES\" \/>\n<meta property=\"og:type\" content=\"article\" \/>\n<meta property=\"og:title\" content=\"Tras caso de violencia, alumnas de la Secundaria Francisco Zarco, bajo proceso interno - Canal 7 SLP - 2023\" \/>\n<meta property=\"og:description\" content=\"A\u00fan no son incorporadas a clase Matehuala.- En entrevista para Noticieros Canal Siete, la directora de la Escuela Secundaria, Francisco Zarco, Martha Adriana Zapata Rangel, se pronunci\u00f3 sobre el acto de violencia que se registr\u00f3 entre dos alumnas de la instituci\u00f3n, donde una de ellas termin\u00f3 severamente golpeada, luego de que una estudiante y un adulto, la agredieron al salir de clases. \u00abQuiero aclarar que el incidente se dio fuera de la instituci\u00f3n, a dos cuadras, a pesar de ello, la escuela est\u00e1 actuando porque tenemos a dos menores en riesgo, las alumnas no se han incorporado a la instituci\u00f3n [&hellip;]\" \/>\n<meta property=\"og:url\" content=\"https:\/\/canal7slp.tv\/2023\/tras-caso-de-violencia-alumnas-de-la-secundaria-francisco-zarco-bajo-proceso-interno\/\" \/>\n<meta property=\"og:site_name\" content=\"Canal 7 SLP - 2023\" \/>\n<meta property=\"article:publisher\" content=\"https:\/\/www.facebook.com\/noticieroscanalsiete\" \/>\n<meta property=\"article:published_time\" content=\"2023-03-23T22:27:29+00:00\" \/>\n<meta property=\"article:modified_time\" content=\"2023-03-23T22:27:43+00:00\" \/>\n<meta property=\"og:image\" content=\"https:\/\/canal7slp.tv\/2023\/wp-content\/uploads\/2023\/03\/Valencia0Alumnas.jpg\" \/>\n\t<meta property=\"og:image:width\" content=\"909\" \/>\n\t<meta property=\"og:image:height\" content=\"500\" \/>\n\t<meta property=\"og:image:type\" content=\"image\/jpeg\" \/>\n<meta name=\"author\" content=\"Edici\u00f3n Web\" \/>\n<meta name=\"twitter:card\" content=\"summary_large_image\" \/>\n<meta name=\"twitter:creator\" content=\"@NOTICIEROS7\" \/>\n<meta name=\"twitter:site\" content=\"@NOTICIEROS7\" \/>\n<meta name=\"twitter:label1\" content=\"Escrito por\" \/>\n\t<meta name=\"twitter:data1\" content=\"Edici\u00f3n Web\" \/>\n\t<meta name=\"twitter:label2\" content=\"Tiempo de lectura\" \/>\n\t<meta name=\"twitter:data2\" content=\"2 minutos\" \/>\n<script type=\"application\/ld+json\" class=\"yoast-schema-graph\">{\"@context\":\"https:\\\/\\\/schema.org\",\"@graph\":[{\"@type\":\"Article\",\"@id\":\"https:\\\/\\\/canal7slp.tv\\\/2023\\\/tras-caso-de-violencia-alumnas-de-la-secundaria-francisco-zarco-bajo-proceso-interno\\\/#article\",\"isPartOf\":{\"@id\":\"https:\\\/\\\/canal7slp.tv\\\/2023\\\/tras-caso-de-violencia-alumnas-de-la-secundaria-francisco-zarco-bajo-proceso-interno\\\/\"},\"author\":{\"name\":\"Edici\u00f3n Web\",\"@id\":\"https:\\\/\\\/canal7slp.tv\\\/2023\\\/#\\\/schema\\\/person\\\/639c424e3584069003b11ae813915da6\"},\"headline\":\"Tras caso de violencia, alumnas de la Secundaria Francisco Zarco, bajo proceso interno\",\"datePublished\":\"2023-03-23T22:27:29+00:00\",\"dateModified\":\"2023-03-23T22:27:43+00:00\",\"mainEntityOfPage\":{\"@id\":\"https:\\\/\\\/canal7slp.tv\\\/2023\\\/tras-caso-de-violencia-alumnas-de-la-secundaria-francisco-zarco-bajo-proceso-interno\\\/\"},\"wordCount\":276,\"publisher\":{\"@id\":\"https:\\\/\\\/canal7slp.tv\\\/2023\\\/#organization\"},\"image\":{\"@id\":\"https:\\\/\\\/canal7slp.tv\\\/2023\\\/tras-caso-de-violencia-alumnas-de-la-secundaria-francisco-zarco-bajo-proceso-interno\\\/#primaryimage\"},\"thumbnailUrl\":\"https:\\\/\\\/canal7slp.tv\\\/2023\\\/wp-content\\\/uploads\\\/2023\\\/03\\\/Valencia0Alumnas.jpg\",\"articleSection\":[\"DESTACADAS\",\"INTERIOR DEL ESTADO\"],\"inLanguage\":\"es\"},{\"@type\":\"WebPage\",\"@id\":\"https:\\\/\\\/canal7slp.tv\\\/2023\\\/tras-caso-de-violencia-alumnas-de-la-secundaria-francisco-zarco-bajo-proceso-interno\\\/\",\"url\":\"https:\\\/\\\/canal7slp.tv\\\/2023\\\/tras-caso-de-violencia-alumnas-de-la-secundaria-francisco-zarco-bajo-proceso-interno\\\/\",\"name\":\"Tras caso de violencia, alumnas de la Secundaria Francisco Zarco, bajo proceso interno - Canal 7 SLP - 2023\",\"isPartOf\":{\"@id\":\"https:\\\/\\\/canal7slp.tv\\\/2023\\\/#website\"},\"primaryImageOfPage\":{\"@id\":\"https:\\\/\\\/canal7slp.tv\\\/2023\\\/tras-caso-de-violencia-alumnas-de-la-secundaria-francisco-zarco-bajo-proceso-interno\\\/#primaryimage\"},\"image\":{\"@id\":\"https:\\\/\\\/canal7slp.tv\\\/2023\\\/tras-caso-de-violencia-alumnas-de-la-secundaria-francisco-zarco-bajo-proceso-interno\\\/#primaryimage\"},\"thumbnailUrl\":\"https:\\\/\\\/canal7slp.tv\\\/2023\\\/wp-content\\\/uploads\\\/2023\\\/03\\\/Valencia0Alumnas.jpg\",\"datePublished\":\"2023-03-23T22:27:29+00:00\",\"dateModified\":\"2023-03-23T22:27:43+00:00\",\"breadcrumb\":{\"@id\":\"https:\\\/\\\/canal7slp.tv\\\/2023\\\/tras-caso-de-violencia-alumnas-de-la-secundaria-francisco-zarco-bajo-proceso-interno\\\/#breadcrumb\"},\"inLanguage\":\"es\",\"potentialAction\":[{\"@type\":\"ReadAction\",\"target\":[\"https:\\\/\\\/canal7slp.tv\\\/2023\\\/tras-caso-de-violencia-alumnas-de-la-secundaria-francisco-zarco-bajo-proceso-interno\\\/\"]}]},{\"@type\":\"ImageObject\",\"inLanguage\":\"es\",\"@id\":\"https:\\\/\\\/canal7slp.tv\\\/2023\\\/tras-caso-de-violencia-alumnas-de-la-secundaria-francisco-zarco-bajo-proceso-interno\\\/#primaryimage\",\"url\":\"https:\\\/\\\/canal7slp.tv\\\/2023\\\/wp-content\\\/uploads\\\/2023\\\/03\\\/Valencia0Alumnas.jpg\",\"contentUrl\":\"https:\\\/\\\/canal7slp.tv\\\/2023\\\/wp-content\\\/uploads\\\/2023\\\/03\\\/Valencia0Alumnas.jpg\",\"width\":909,\"height\":500},{\"@type\":\"BreadcrumbList\",\"@id\":\"https:\\\/\\\/canal7slp.tv\\\/2023\\\/tras-caso-de-violencia-alumnas-de-la-secundaria-francisco-zarco-bajo-proceso-interno\\\/#breadcrumb\",\"itemListElement\":[{\"@type\":\"ListItem\",\"position\":1,\"name\":\"Portada\",\"item\":\"https:\\\/\\\/canal7slp.tv\\\/2023\\\/\"},{\"@type\":\"ListItem\",\"position\":2,\"name\":\"Tras caso de violencia, alumnas de la Secundaria Francisco Zarco, bajo proceso interno\"}]},{\"@type\":\"WebSite\",\"@id\":\"https:\\\/\\\/canal7slp.tv\\\/2023\\\/#website\",\"url\":\"https:\\\/\\\/canal7slp.tv\\\/2023\\\/\",\"name\":\"N7 - Noticieros Canal 7\",\"description\":\"Somos Televisi\u00f3n\",\"publisher\":{\"@id\":\"https:\\\/\\\/canal7slp.tv\\\/2023\\\/#organization\"},\"potentialAction\":[{\"@type\":\"SearchAction\",\"target\":{\"@type\":\"EntryPoint\",\"urlTemplate\":\"https:\\\/\\\/canal7slp.tv\\\/2023\\\/?s={search_term_string}\"},\"query-input\":{\"@type\":\"PropertyValueSpecification\",\"valueRequired\":true,\"valueName\":\"search_term_string\"}}],\"inLanguage\":\"es\"},{\"@type\":\"Organization\",\"@id\":\"https:\\\/\\\/canal7slp.tv\\\/2023\\\/#organization\",\"name\":\"Noticieros Canal 7\",\"url\":\"https:\\\/\\\/canal7slp.tv\\\/2023\\\/\",\"logo\":{\"@type\":\"ImageObject\",\"inLanguage\":\"es\",\"@id\":\"https:\\\/\\\/canal7slp.tv\\\/2023\\\/#\\\/schema\\\/logo\\\/image\\\/\",\"url\":\"https:\\\/\\\/canal7slp.tv\\\/2023\\\/wp-content\\\/uploads\\\/2021\\\/01\\\/logo-noticieros@2x.png\",\"contentUrl\":\"https:\\\/\\\/canal7slp.tv\\\/2023\\\/wp-content\\\/uploads\\\/2021\\\/01\\\/logo-noticieros@2x.png\",\"width\":1017,\"height\":268,\"caption\":\"Noticieros Canal 7\"},\"image\":{\"@id\":\"https:\\\/\\\/canal7slp.tv\\\/2023\\\/#\\\/schema\\\/logo\\\/image\\\/\"},\"sameAs\":[\"https:\\\/\\\/www.facebook.com\\\/noticieroscanalsiete\",\"https:\\\/\\\/x.com\\\/NOTICIEROS7\",\"https:\\\/\\\/www.instagram.com\\\/canal7_slp\",\"https:\\\/\\\/www.youtube.com\\\/channel\\\/UCliiYs-gP3JfJeqdPrNdd5A\"]},{\"@type\":\"Person\",\"@id\":\"https:\\\/\\\/canal7slp.tv\\\/2023\\\/#\\\/schema\\\/person\\\/639c424e3584069003b11ae813915da6\",\"name\":\"Edici\u00f3n Web\",\"image\":{\"@type\":\"ImageObject\",\"inLanguage\":\"es\",\"@id\":\"https:\\\/\\\/secure.gravatar.com\\\/avatar\\\/eee448fc3f7164808013b816ba91ac7e43bbe82a70bebac296f8bc6f0addaa1a?s=96&d=mm&r=g\",\"url\":\"https:\\\/\\\/secure.gravatar.com\\\/avatar\\\/eee448fc3f7164808013b816ba91ac7e43bbe82a70bebac296f8bc6f0addaa1a?s=96&d=mm&r=g\",\"contentUrl\":\"https:\\\/\\\/secure.gravatar.com\\\/avatar\\\/eee448fc3f7164808013b816ba91ac7e43bbe82a70bebac296f8bc6f0addaa1a?s=96&d=mm&r=g\",\"caption\":\"Edici\u00f3n Web\"},\"url\":\"https:\\\/\\\/canal7slp.tv\\\/2023\\\/author\\\/edicionweb\\\/\"}]}<\/script>\n<!-- \/ Yoast SEO plugin. -->","yoast_head_json":{"title":"Tras caso de violencia, alumnas de la Secundaria Francisco Zarco, bajo proceso interno - Canal 7 SLP - 2023","robots":{"index":"index","follow":"follow","max-snippet":"max-snippet:-1","max-image-preview":"max-image-preview:large","max-video-preview":"max-video-preview:-1"},"canonical":"https:\/\/canal7slp.tv\/2023\/tras-caso-de-violencia-alumnas-de-la-secundaria-francisco-zarco-bajo-proceso-interno\/","og_locale":"es_ES","og_type":"article","og_title":"Tras caso de violencia, alumnas de la Secundaria Francisco Zarco, bajo proceso interno - Canal 7 SLP - 2023","og_description":"A\u00fan no son incorporadas a clase Matehuala.- En entrevista para Noticieros Canal Siete, la directora de la Escuela Secundaria, Francisco Zarco, Martha Adriana Zapata Rangel, se pronunci\u00f3 sobre el acto de violencia que se registr\u00f3 entre dos alumnas de la instituci\u00f3n, donde una de ellas termin\u00f3 severamente golpeada, luego de que una estudiante y un adulto, la agredieron al salir de clases. \u00abQuiero aclarar que el incidente se dio fuera de la instituci\u00f3n, a dos cuadras, a pesar de ello, la escuela est\u00e1 actuando porque tenemos a dos menores en riesgo, las alumnas no se han incorporado a la instituci\u00f3n [&hellip;]","og_url":"https:\/\/canal7slp.tv\/2023\/tras-caso-de-violencia-alumnas-de-la-secundaria-francisco-zarco-bajo-proceso-interno\/","og_site_name":"Canal 7 SLP - 2023","article_publisher":"https:\/\/www.facebook.com\/noticieroscanalsiete","article_published_time":"2023-03-23T22:27:29+00:00","article_modified_time":"2023-03-23T22:27:43+00:00","og_image":[{"width":909,"height":500,"url":"https:\/\/canal7slp.tv\/2023\/wp-content\/uploads\/2023\/03\/Valencia0Alumnas.jpg","type":"image\/jpeg"}],"author":"Edici\u00f3n Web","twitter_card":"summary_large_image","twitter_creator":"@NOTICIEROS7","twitter_site":"@NOTICIEROS7","twitter_misc":{"Escrito por":"Edici\u00f3n Web","Tiempo de lectura":"2 minutos"},"schema":{"@context":"https:\/\/schema.org","@graph":[{"@type":"Article","@id":"https:\/\/canal7slp.tv\/2023\/tras-caso-de-violencia-alumnas-de-la-secundaria-francisco-zarco-bajo-proceso-interno\/#article","isPartOf":{"@id":"https:\/\/canal7slp.tv\/2023\/tras-caso-de-violencia-alumnas-de-la-secundaria-francisco-zarco-bajo-proceso-interno\/"},"author":{"name":"Edici\u00f3n Web","@id":"https:\/\/canal7slp.tv\/2023\/#\/schema\/person\/639c424e3584069003b11ae813915da6"},"headline":"Tras caso de violencia, alumnas de la Secundaria Francisco Zarco, bajo proceso interno","datePublished":"2023-03-23T22:27:29+00:00","dateModified":"2023-03-23T22:27:43+00:00","mainEntityOfPage":{"@id":"https:\/\/canal7slp.tv\/2023\/tras-caso-de-violencia-alumnas-de-la-secundaria-francisco-zarco-bajo-proceso-interno\/"},"wordCount":276,"publisher":{"@id":"https:\/\/canal7slp.tv\/2023\/#organization"},"image":{"@id":"https:\/\/canal7slp.tv\/2023\/tras-caso-de-violencia-alumnas-de-la-secundaria-francisco-zarco-bajo-proceso-interno\/#primaryimage"},"thumbnailUrl":"https:\/\/canal7slp.tv\/2023\/wp-content\/uploads\/2023\/03\/Valencia0Alumnas.jpg","articleSection":["DESTACADAS","INTERIOR DEL ESTADO"],"inLanguage":"es"},{"@type":"WebPage","@id":"https:\/\/canal7slp.tv\/2023\/tras-caso-de-violencia-alumnas-de-la-secundaria-francisco-zarco-bajo-proceso-interno\/","url":"https:\/\/canal7slp.tv\/2023\/tras-caso-de-violencia-alumnas-de-la-secundaria-francisco-zarco-bajo-proceso-interno\/","name":"Tras caso de violencia, alumnas de la Secundaria Francisco Zarco, bajo proceso interno - Canal 7 SLP - 2023","isPartOf":{"@id":"https:\/\/canal7slp.tv\/2023\/#website"},"primaryImageOfPage":{"@id":"https:\/\/canal7slp.tv\/2023\/tras-caso-de-violencia-alumnas-de-la-secundaria-francisco-zarco-bajo-proceso-interno\/#primaryimage"},"image":{"@id":"https:\/\/canal7slp.tv\/2023\/tras-caso-de-violencia-alumnas-de-la-secundaria-francisco-zarco-bajo-proceso-interno\/#primaryimage"},"thumbnailUrl":"https:\/\/canal7slp.tv\/2023\/wp-content\/uploads\/2023\/03\/Valencia0Alumnas.jpg","datePublished":"2023-03-23T22:27:29+00:00","dateModified":"2023-03-23T22:27:43+00:00","breadcrumb":{"@id":"https:\/\/canal7slp.tv\/2023\/tras-caso-de-violencia-alumnas-de-la-secundaria-francisco-zarco-bajo-proceso-interno\/#breadcrumb"},"inLanguage":"es","potentialAction":[{"@type":"ReadAction","target":["https:\/\/canal7slp.tv\/2023\/tras-caso-de-violencia-alumnas-de-la-secundaria-francisco-zarco-bajo-proceso-interno\/"]}]},{"@type":"ImageObject","inLanguage":"es","@id":"https:\/\/canal7slp.tv\/2023\/tras-caso-de-violencia-alumnas-de-la-secundaria-francisco-zarco-bajo-proceso-interno\/#primaryimage","url":"https:\/\/canal7slp.tv\/2023\/wp-content\/uploads\/2023\/03\/Valencia0Alumnas.jpg","contentUrl":"https:\/\/canal7slp.tv\/2023\/wp-content\/uploads\/2023\/03\/Valencia0Alumnas.jpg","width":909,"height":500},{"@type":"BreadcrumbList","@id":"https:\/\/canal7slp.tv\/2023\/tras-caso-de-violencia-alumnas-de-la-secundaria-francisco-zarco-bajo-proceso-interno\/#breadcrumb","itemListElement":[{"@type":"ListItem","position":1,"name":"Portada","item":"https:\/\/canal7slp.tv\/2023\/"},{"@type":"ListItem","position":2,"name":"Tras caso de violencia, alumnas de la Secundaria Francisco Zarco, bajo proceso interno"}]},{"@type":"WebSite","@id":"https:\/\/canal7slp.tv\/2023\/#website","url":"https:\/\/canal7slp.tv\/2023\/","name":"N7 - Noticieros Canal 7","description":"Somos Televisi\u00f3n","publisher":{"@id":"https:\/\/canal7slp.tv\/2023\/#organization"},"potentialAction":[{"@type":"SearchAction","target":{"@type":"EntryPoint","urlTemplate":"https:\/\/canal7slp.tv\/2023\/?s={search_term_string}"},"query-input":{"@type":"PropertyValueSpecification","valueRequired":true,"valueName":"search_term_string"}}],"inLanguage":"es"},{"@type":"Organization","@id":"https:\/\/canal7slp.tv\/2023\/#organization","name":"Noticieros Canal 7","url":"https:\/\/canal7slp.tv\/2023\/","logo":{"@type":"ImageObject","inLanguage":"es","@id":"https:\/\/canal7slp.tv\/2023\/#\/schema\/logo\/image\/","url":"https:\/\/canal7slp.tv\/2023\/wp-content\/uploads\/2021\/01\/logo-noticieros@2x.png","contentUrl":"https:\/\/canal7slp.tv\/2023\/wp-content\/uploads\/2021\/01\/logo-noticieros@2x.png","width":1017,"height":268,"caption":"Noticieros Canal 7"},"image":{"@id":"https:\/\/canal7slp.tv\/2023\/#\/schema\/logo\/image\/"},"sameAs":["https:\/\/www.facebook.com\/noticieroscanalsiete","https:\/\/x.com\/NOTICIEROS7","https:\/\/www.instagram.com\/canal7_slp","https:\/\/www.youtube.com\/channel\/UCliiYs-gP3JfJeqdPrNdd5A"]},{"@type":"Person","@id":"https:\/\/canal7slp.tv\/2023\/#\/schema\/person\/639c424e3584069003b11ae813915da6","name":"Edici\u00f3n Web","image":{"@type":"ImageObject","inLanguage":"es","@id":"https:\/\/secure.gravatar.com\/avatar\/eee448fc3f7164808013b816ba91ac7e43bbe82a70bebac296f8bc6f0addaa1a?s=96&d=mm&r=g","url":"https:\/\/secure.gravatar.com\/avatar\/eee448fc3f7164808013b816ba91ac7e43bbe82a70bebac296f8bc6f0addaa1a?s=96&d=mm&r=g","contentUrl":"https:\/\/secure.gravatar.com\/avatar\/eee448fc3f7164808013b816ba91ac7e43bbe82a70bebac296f8bc6f0addaa1a?s=96&d=mm&r=g","caption":"Edici\u00f3n Web"},"url":"https:\/\/canal7slp.tv\/2023\/author\/edicionweb\/"}]}},"_links":{"self":[{"href":"https:\/\/canal7slp.tv\/2023\/wp-json\/wp\/v2\/posts\/90790","targetHints":{"allow":["GET"]}}],"collection":[{"href":"https:\/\/canal7slp.tv\/2023\/wp-json\/wp\/v2\/posts"}],"about":[{"href":"https:\/\/canal7slp.tv\/2023\/wp-json\/wp\/v2\/types\/post"}],"author":[{"embeddable":true,"href":"https:\/\/canal7slp.tv\/2023\/wp-json\/wp\/v2\/users\/2"}],"replies":[{"embeddable":true,"href":"https:\/\/canal7slp.tv\/2023\/wp-json\/wp\/v2\/comments?post=90790"}],"version-history":[{"count":1,"href":"https:\/\/canal7slp.tv\/2023\/wp-json\/wp\/v2\/posts\/90790\/revisions"}],"predecessor-version":[{"id":90792,"href":"https:\/\/canal7slp.tv\/2023\/wp-json\/wp\/v2\/posts\/90790\/revisions\/90792"}],"wp:featuredmedia":[{"embeddable":true,"href":"https:\/\/canal7slp.tv\/2023\/wp-json\/wp\/v2\/media\/90791"}],"wp:attachment":[{"href":"https:\/\/canal7slp.tv\/2023\/wp-json\/wp\/v2\/media?parent=90790"}],"wp:term":[{"taxonomy":"category","embeddable":true,"href":"https:\/\/canal7slp.tv\/2023\/wp-json\/wp\/v2\/categories?post=90790"},{"taxonomy":"post_tag","embeddable":true,"href":"https:\/\/canal7slp.tv\/2023\/wp-json\/wp\/v2\/tags?post=90790"}],"curies":[{"name":"wp","href":"https:\/\/api.w.org\/{rel}","templated":true}]}}