{"id":90783,"date":"2023-03-23T16:17:12","date_gmt":"2023-03-23T22:17:12","guid":{"rendered":"https:\/\/canal7slp.tv\/2023\/?p=90783"},"modified":"2023-03-23T16:17:12","modified_gmt":"2023-03-23T22:17:12","slug":"rechaza-potosinos-con-valor-aumento-de-cobro-en-parquimetros","status":"publish","type":"post","link":"https:\/\/canal7slp.tv\/2023\/rechaza-potosinos-con-valor-aumento-de-cobro-en-parquimetros\/","title":{"rendered":"Rechaza Potosinos con Valor, aumento de cobro en parqu\u00edmetros"},"content":{"rendered":"<p style=\"text-align: justify;\">Matehuala.- Potosinos con Valor, a trav\u00e9s de su dirigente en la zona Altiplano, Juan Carlos Salazar Viezca, rechazaron el aumento en la tarifa de parqu\u00edmetros, dentro del municipio de Matehuala.<\/p>\n<p style=\"text-align: justify;\">\u00abEs absurdo, rid\u00edculo pensar que si la cuota de los diez pesos de los estacionamientos p\u00fablicos derivan de un mandato judicial por un embargo a las cuentas del municipio, pues en base a qu\u00e9 se aument\u00f3 un veinte por ciento, se va a pagar m\u00e1s pronto a abonar m\u00e1s pronto\u00bb, dijo.<\/p>\n<p style=\"text-align: justify;\">Salazar Viezca consider\u00f3 injustificable el aumento del costo, \u00absin embargo, encontraron en el convenio original una cl\u00e1usula, en la cual despu\u00e9s de la hora que se fij\u00f3 en diez pesos, cada fracci\u00f3n se cobra en tres pesos, entonces eliminaron el cobro por hora y meterlo en fracciones por eso aument\u00f3 a doce pesos, es una maniobra que encontraron para cobrar m\u00e1s, beneficiarse y lastimar a la econom\u00eda de la ciudadan\u00eda\u00bb.<\/p>\n<p style=\"text-align: justify;\">El dirigente de Potosinos con Valor, afirm\u00f3 que no es la primera vez que se\u00f1alan anomal\u00edas con respecto al tema, \u00ablos parqu\u00edmetros es el derecho de piso que m\u00e1s l\u00e1stima a los matehualenses, es un cobro indebido, es un derecho de piso, porque los ingresos no entran a las arcas municipales, es un derecho de piso dise\u00f1ado por la delincuencia organizada, en este caso, de cuello blanco\u00bb.<\/p>\n<p>Por: Jes\u00fas Valencia<\/p>\n","protected":false},"excerpt":{"rendered":"<p>Matehuala.- Potosinos con Valor, a trav\u00e9s de su dirigente en la zona Altiplano, Juan Carlos Salazar Viezca, rechazaron el aumento en la tarifa de parqu\u00edmetros, dentro del municipio de Matehuala. \u00abEs absurdo, rid\u00edculo pensar que si la cuota de los diez pesos de los estacionamientos p\u00fablicos derivan de un mandato judicial por un embargo a las cuentas del municipio, pues en base a qu\u00e9 se aument\u00f3 un veinte por ciento, se va a pagar m\u00e1s pronto a abonar m\u00e1s pronto\u00bb, dijo. Salazar Viezca consider\u00f3 injustificable el aumento del costo, \u00absin embargo, encontraron en el convenio original una cl\u00e1usula, en la [&hellip;]<\/p>\n","protected":false},"author":2,"featured_media":90785,"comment_status":"closed","ping_status":"closed","sticky":false,"template":"","format":"video","meta":{"footnotes":""},"categories":[5,43],"tags":[],"class_list":["post-90783","post","type-post","status-publish","format-video","has-post-thumbnail","hentry","category-destacadas","category-interior","post_format-post-format-video","post--single"],"yoast_head":"<!-- This site is optimized with the Yoast SEO plugin v27.4 - https:\/\/yoast.com\/product\/yoast-seo-wordpress\/ -->\n<title>Rechaza Potosinos con Valor, aumento de cobro en parqu\u00edmetros - Canal 7 SLP - 2023<\/title>\n<meta name=\"robots\" content=\"index, follow, max-snippet:-1, max-image-preview:large, max-video-preview:-1\" \/>\n<link rel=\"canonical\" href=\"https:\/\/canal7slp.tv\/2023\/rechaza-potosinos-con-valor-aumento-de-cobro-en-parquimetros\/\" \/>\n<meta property=\"og:locale\" content=\"es_ES\" \/>\n<meta property=\"og:type\" content=\"article\" \/>\n<meta property=\"og:title\" content=\"Rechaza Potosinos con Valor, aumento de cobro en parqu\u00edmetros - Canal 7 SLP - 2023\" \/>\n<meta property=\"og:description\" content=\"Matehuala.- Potosinos con Valor, a trav\u00e9s de su dirigente en la zona Altiplano, Juan Carlos Salazar Viezca, rechazaron el aumento en la tarifa de parqu\u00edmetros, dentro del municipio de Matehuala. \u00abEs absurdo, rid\u00edculo pensar que si la cuota de los diez pesos de los estacionamientos p\u00fablicos derivan de un mandato judicial por un embargo a las cuentas del municipio, pues en base a qu\u00e9 se aument\u00f3 un veinte por ciento, se va a pagar m\u00e1s pronto a abonar m\u00e1s pronto\u00bb, dijo. Salazar Viezca consider\u00f3 injustificable el aumento del costo, \u00absin embargo, encontraron en el convenio original una cl\u00e1usula, en la [&hellip;]\" \/>\n<meta property=\"og:url\" content=\"https:\/\/canal7slp.tv\/2023\/rechaza-potosinos-con-valor-aumento-de-cobro-en-parquimetros\/\" \/>\n<meta property=\"og:site_name\" content=\"Canal 7 SLP - 2023\" \/>\n<meta property=\"article:publisher\" content=\"https:\/\/www.facebook.com\/noticieroscanalsiete\" \/>\n<meta property=\"article:published_time\" content=\"2023-03-23T22:17:12+00:00\" \/>\n<meta property=\"og:image\" content=\"https:\/\/canal7slp.tv\/2023\/wp-content\/uploads\/2023\/03\/Valencia0Aumentos.jpg\" \/>\n\t<meta property=\"og:image:width\" content=\"909\" \/>\n\t<meta property=\"og:image:height\" content=\"500\" \/>\n\t<meta property=\"og:image:type\" content=\"image\/jpeg\" \/>\n<meta name=\"author\" content=\"Edici\u00f3n Web\" \/>\n<meta name=\"twitter:card\" content=\"summary_large_image\" \/>\n<meta name=\"twitter:creator\" content=\"@NOTICIEROS7\" \/>\n<meta name=\"twitter:site\" content=\"@NOTICIEROS7\" \/>\n<meta name=\"twitter:label1\" content=\"Escrito por\" \/>\n\t<meta name=\"twitter:data1\" content=\"Edici\u00f3n Web\" \/>\n\t<meta name=\"twitter:label2\" content=\"Tiempo de lectura\" \/>\n\t<meta name=\"twitter:data2\" content=\"2 minutos\" \/>\n<script type=\"application\/ld+json\" class=\"yoast-schema-graph\">{\"@context\":\"https:\\\/\\\/schema.org\",\"@graph\":[{\"@type\":\"Article\",\"@id\":\"https:\\\/\\\/canal7slp.tv\\\/2023\\\/rechaza-potosinos-con-valor-aumento-de-cobro-en-parquimetros\\\/#article\",\"isPartOf\":{\"@id\":\"https:\\\/\\\/canal7slp.tv\\\/2023\\\/rechaza-potosinos-con-valor-aumento-de-cobro-en-parquimetros\\\/\"},\"author\":{\"name\":\"Edici\u00f3n Web\",\"@id\":\"https:\\\/\\\/canal7slp.tv\\\/2023\\\/#\\\/schema\\\/person\\\/639c424e3584069003b11ae813915da6\"},\"headline\":\"Rechaza Potosinos con Valor, aumento de cobro en parqu\u00edmetros\",\"datePublished\":\"2023-03-23T22:17:12+00:00\",\"mainEntityOfPage\":{\"@id\":\"https:\\\/\\\/canal7slp.tv\\\/2023\\\/rechaza-potosinos-con-valor-aumento-de-cobro-en-parquimetros\\\/\"},\"wordCount\":251,\"publisher\":{\"@id\":\"https:\\\/\\\/canal7slp.tv\\\/2023\\\/#organization\"},\"image\":{\"@id\":\"https:\\\/\\\/canal7slp.tv\\\/2023\\\/rechaza-potosinos-con-valor-aumento-de-cobro-en-parquimetros\\\/#primaryimage\"},\"thumbnailUrl\":\"https:\\\/\\\/canal7slp.tv\\\/2023\\\/wp-content\\\/uploads\\\/2023\\\/03\\\/Valencia0Aumentos.jpg\",\"articleSection\":[\"DESTACADAS\",\"INTERIOR DEL ESTADO\"],\"inLanguage\":\"es\"},{\"@type\":\"WebPage\",\"@id\":\"https:\\\/\\\/canal7slp.tv\\\/2023\\\/rechaza-potosinos-con-valor-aumento-de-cobro-en-parquimetros\\\/\",\"url\":\"https:\\\/\\\/canal7slp.tv\\\/2023\\\/rechaza-potosinos-con-valor-aumento-de-cobro-en-parquimetros\\\/\",\"name\":\"Rechaza Potosinos con Valor, aumento de cobro en parqu\u00edmetros - Canal 7 SLP - 2023\",\"isPartOf\":{\"@id\":\"https:\\\/\\\/canal7slp.tv\\\/2023\\\/#website\"},\"primaryImageOfPage\":{\"@id\":\"https:\\\/\\\/canal7slp.tv\\\/2023\\\/rechaza-potosinos-con-valor-aumento-de-cobro-en-parquimetros\\\/#primaryimage\"},\"image\":{\"@id\":\"https:\\\/\\\/canal7slp.tv\\\/2023\\\/rechaza-potosinos-con-valor-aumento-de-cobro-en-parquimetros\\\/#primaryimage\"},\"thumbnailUrl\":\"https:\\\/\\\/canal7slp.tv\\\/2023\\\/wp-content\\\/uploads\\\/2023\\\/03\\\/Valencia0Aumentos.jpg\",\"datePublished\":\"2023-03-23T22:17:12+00:00\",\"breadcrumb\":{\"@id\":\"https:\\\/\\\/canal7slp.tv\\\/2023\\\/rechaza-potosinos-con-valor-aumento-de-cobro-en-parquimetros\\\/#breadcrumb\"},\"inLanguage\":\"es\",\"potentialAction\":[{\"@type\":\"ReadAction\",\"target\":[\"https:\\\/\\\/canal7slp.tv\\\/2023\\\/rechaza-potosinos-con-valor-aumento-de-cobro-en-parquimetros\\\/\"]}]},{\"@type\":\"ImageObject\",\"inLanguage\":\"es\",\"@id\":\"https:\\\/\\\/canal7slp.tv\\\/2023\\\/rechaza-potosinos-con-valor-aumento-de-cobro-en-parquimetros\\\/#primaryimage\",\"url\":\"https:\\\/\\\/canal7slp.tv\\\/2023\\\/wp-content\\\/uploads\\\/2023\\\/03\\\/Valencia0Aumentos.jpg\",\"contentUrl\":\"https:\\\/\\\/canal7slp.tv\\\/2023\\\/wp-content\\\/uploads\\\/2023\\\/03\\\/Valencia0Aumentos.jpg\",\"width\":909,\"height\":500},{\"@type\":\"BreadcrumbList\",\"@id\":\"https:\\\/\\\/canal7slp.tv\\\/2023\\\/rechaza-potosinos-con-valor-aumento-de-cobro-en-parquimetros\\\/#breadcrumb\",\"itemListElement\":[{\"@type\":\"ListItem\",\"position\":1,\"name\":\"Portada\",\"item\":\"https:\\\/\\\/canal7slp.tv\\\/2023\\\/\"},{\"@type\":\"ListItem\",\"position\":2,\"name\":\"Rechaza Potosinos con Valor, aumento de cobro en parqu\u00edmetros\"}]},{\"@type\":\"WebSite\",\"@id\":\"https:\\\/\\\/canal7slp.tv\\\/2023\\\/#website\",\"url\":\"https:\\\/\\\/canal7slp.tv\\\/2023\\\/\",\"name\":\"N7 - Noticieros Canal 7\",\"description\":\"Somos Televisi\u00f3n\",\"publisher\":{\"@id\":\"https:\\\/\\\/canal7slp.tv\\\/2023\\\/#organization\"},\"potentialAction\":[{\"@type\":\"SearchAction\",\"target\":{\"@type\":\"EntryPoint\",\"urlTemplate\":\"https:\\\/\\\/canal7slp.tv\\\/2023\\\/?s={search_term_string}\"},\"query-input\":{\"@type\":\"PropertyValueSpecification\",\"valueRequired\":true,\"valueName\":\"search_term_string\"}}],\"inLanguage\":\"es\"},{\"@type\":\"Organization\",\"@id\":\"https:\\\/\\\/canal7slp.tv\\\/2023\\\/#organization\",\"name\":\"Noticieros Canal 7\",\"url\":\"https:\\\/\\\/canal7slp.tv\\\/2023\\\/\",\"logo\":{\"@type\":\"ImageObject\",\"inLanguage\":\"es\",\"@id\":\"https:\\\/\\\/canal7slp.tv\\\/2023\\\/#\\\/schema\\\/logo\\\/image\\\/\",\"url\":\"https:\\\/\\\/canal7slp.tv\\\/2023\\\/wp-content\\\/uploads\\\/2021\\\/01\\\/logo-noticieros@2x.png\",\"contentUrl\":\"https:\\\/\\\/canal7slp.tv\\\/2023\\\/wp-content\\\/uploads\\\/2021\\\/01\\\/logo-noticieros@2x.png\",\"width\":1017,\"height\":268,\"caption\":\"Noticieros Canal 7\"},\"image\":{\"@id\":\"https:\\\/\\\/canal7slp.tv\\\/2023\\\/#\\\/schema\\\/logo\\\/image\\\/\"},\"sameAs\":[\"https:\\\/\\\/www.facebook.com\\\/noticieroscanalsiete\",\"https:\\\/\\\/x.com\\\/NOTICIEROS7\",\"https:\\\/\\\/www.instagram.com\\\/canal7_slp\",\"https:\\\/\\\/www.youtube.com\\\/channel\\\/UCliiYs-gP3JfJeqdPrNdd5A\"]},{\"@type\":\"Person\",\"@id\":\"https:\\\/\\\/canal7slp.tv\\\/2023\\\/#\\\/schema\\\/person\\\/639c424e3584069003b11ae813915da6\",\"name\":\"Edici\u00f3n Web\",\"image\":{\"@type\":\"ImageObject\",\"inLanguage\":\"es\",\"@id\":\"https:\\\/\\\/secure.gravatar.com\\\/avatar\\\/eee448fc3f7164808013b816ba91ac7e43bbe82a70bebac296f8bc6f0addaa1a?s=96&d=mm&r=g\",\"url\":\"https:\\\/\\\/secure.gravatar.com\\\/avatar\\\/eee448fc3f7164808013b816ba91ac7e43bbe82a70bebac296f8bc6f0addaa1a?s=96&d=mm&r=g\",\"contentUrl\":\"https:\\\/\\\/secure.gravatar.com\\\/avatar\\\/eee448fc3f7164808013b816ba91ac7e43bbe82a70bebac296f8bc6f0addaa1a?s=96&d=mm&r=g\",\"caption\":\"Edici\u00f3n Web\"},\"url\":\"https:\\\/\\\/canal7slp.tv\\\/2023\\\/author\\\/edicionweb\\\/\"}]}<\/script>\n<!-- \/ Yoast SEO plugin. -->","yoast_head_json":{"title":"Rechaza Potosinos con Valor, aumento de cobro en parqu\u00edmetros - Canal 7 SLP - 2023","robots":{"index":"index","follow":"follow","max-snippet":"max-snippet:-1","max-image-preview":"max-image-preview:large","max-video-preview":"max-video-preview:-1"},"canonical":"https:\/\/canal7slp.tv\/2023\/rechaza-potosinos-con-valor-aumento-de-cobro-en-parquimetros\/","og_locale":"es_ES","og_type":"article","og_title":"Rechaza Potosinos con Valor, aumento de cobro en parqu\u00edmetros - Canal 7 SLP - 2023","og_description":"Matehuala.- Potosinos con Valor, a trav\u00e9s de su dirigente en la zona Altiplano, Juan Carlos Salazar Viezca, rechazaron el aumento en la tarifa de parqu\u00edmetros, dentro del municipio de Matehuala. \u00abEs absurdo, rid\u00edculo pensar que si la cuota de los diez pesos de los estacionamientos p\u00fablicos derivan de un mandato judicial por un embargo a las cuentas del municipio, pues en base a qu\u00e9 se aument\u00f3 un veinte por ciento, se va a pagar m\u00e1s pronto a abonar m\u00e1s pronto\u00bb, dijo. Salazar Viezca consider\u00f3 injustificable el aumento del costo, \u00absin embargo, encontraron en el convenio original una cl\u00e1usula, en la [&hellip;]","og_url":"https:\/\/canal7slp.tv\/2023\/rechaza-potosinos-con-valor-aumento-de-cobro-en-parquimetros\/","og_site_name":"Canal 7 SLP - 2023","article_publisher":"https:\/\/www.facebook.com\/noticieroscanalsiete","article_published_time":"2023-03-23T22:17:12+00:00","og_image":[{"width":909,"height":500,"url":"https:\/\/canal7slp.tv\/2023\/wp-content\/uploads\/2023\/03\/Valencia0Aumentos.jpg","type":"image\/jpeg"}],"author":"Edici\u00f3n Web","twitter_card":"summary_large_image","twitter_creator":"@NOTICIEROS7","twitter_site":"@NOTICIEROS7","twitter_misc":{"Escrito por":"Edici\u00f3n Web","Tiempo de lectura":"2 minutos"},"schema":{"@context":"https:\/\/schema.org","@graph":[{"@type":"Article","@id":"https:\/\/canal7slp.tv\/2023\/rechaza-potosinos-con-valor-aumento-de-cobro-en-parquimetros\/#article","isPartOf":{"@id":"https:\/\/canal7slp.tv\/2023\/rechaza-potosinos-con-valor-aumento-de-cobro-en-parquimetros\/"},"author":{"name":"Edici\u00f3n Web","@id":"https:\/\/canal7slp.tv\/2023\/#\/schema\/person\/639c424e3584069003b11ae813915da6"},"headline":"Rechaza Potosinos con Valor, aumento de cobro en parqu\u00edmetros","datePublished":"2023-03-23T22:17:12+00:00","mainEntityOfPage":{"@id":"https:\/\/canal7slp.tv\/2023\/rechaza-potosinos-con-valor-aumento-de-cobro-en-parquimetros\/"},"wordCount":251,"publisher":{"@id":"https:\/\/canal7slp.tv\/2023\/#organization"},"image":{"@id":"https:\/\/canal7slp.tv\/2023\/rechaza-potosinos-con-valor-aumento-de-cobro-en-parquimetros\/#primaryimage"},"thumbnailUrl":"https:\/\/canal7slp.tv\/2023\/wp-content\/uploads\/2023\/03\/Valencia0Aumentos.jpg","articleSection":["DESTACADAS","INTERIOR DEL ESTADO"],"inLanguage":"es"},{"@type":"WebPage","@id":"https:\/\/canal7slp.tv\/2023\/rechaza-potosinos-con-valor-aumento-de-cobro-en-parquimetros\/","url":"https:\/\/canal7slp.tv\/2023\/rechaza-potosinos-con-valor-aumento-de-cobro-en-parquimetros\/","name":"Rechaza Potosinos con Valor, aumento de cobro en parqu\u00edmetros - Canal 7 SLP - 2023","isPartOf":{"@id":"https:\/\/canal7slp.tv\/2023\/#website"},"primaryImageOfPage":{"@id":"https:\/\/canal7slp.tv\/2023\/rechaza-potosinos-con-valor-aumento-de-cobro-en-parquimetros\/#primaryimage"},"image":{"@id":"https:\/\/canal7slp.tv\/2023\/rechaza-potosinos-con-valor-aumento-de-cobro-en-parquimetros\/#primaryimage"},"thumbnailUrl":"https:\/\/canal7slp.tv\/2023\/wp-content\/uploads\/2023\/03\/Valencia0Aumentos.jpg","datePublished":"2023-03-23T22:17:12+00:00","breadcrumb":{"@id":"https:\/\/canal7slp.tv\/2023\/rechaza-potosinos-con-valor-aumento-de-cobro-en-parquimetros\/#breadcrumb"},"inLanguage":"es","potentialAction":[{"@type":"ReadAction","target":["https:\/\/canal7slp.tv\/2023\/rechaza-potosinos-con-valor-aumento-de-cobro-en-parquimetros\/"]}]},{"@type":"ImageObject","inLanguage":"es","@id":"https:\/\/canal7slp.tv\/2023\/rechaza-potosinos-con-valor-aumento-de-cobro-en-parquimetros\/#primaryimage","url":"https:\/\/canal7slp.tv\/2023\/wp-content\/uploads\/2023\/03\/Valencia0Aumentos.jpg","contentUrl":"https:\/\/canal7slp.tv\/2023\/wp-content\/uploads\/2023\/03\/Valencia0Aumentos.jpg","width":909,"height":500},{"@type":"BreadcrumbList","@id":"https:\/\/canal7slp.tv\/2023\/rechaza-potosinos-con-valor-aumento-de-cobro-en-parquimetros\/#breadcrumb","itemListElement":[{"@type":"ListItem","position":1,"name":"Portada","item":"https:\/\/canal7slp.tv\/2023\/"},{"@type":"ListItem","position":2,"name":"Rechaza Potosinos con Valor, aumento de cobro en parqu\u00edmetros"}]},{"@type":"WebSite","@id":"https:\/\/canal7slp.tv\/2023\/#website","url":"https:\/\/canal7slp.tv\/2023\/","name":"N7 - Noticieros Canal 7","description":"Somos Televisi\u00f3n","publisher":{"@id":"https:\/\/canal7slp.tv\/2023\/#organization"},"potentialAction":[{"@type":"SearchAction","target":{"@type":"EntryPoint","urlTemplate":"https:\/\/canal7slp.tv\/2023\/?s={search_term_string}"},"query-input":{"@type":"PropertyValueSpecification","valueRequired":true,"valueName":"search_term_string"}}],"inLanguage":"es"},{"@type":"Organization","@id":"https:\/\/canal7slp.tv\/2023\/#organization","name":"Noticieros Canal 7","url":"https:\/\/canal7slp.tv\/2023\/","logo":{"@type":"ImageObject","inLanguage":"es","@id":"https:\/\/canal7slp.tv\/2023\/#\/schema\/logo\/image\/","url":"https:\/\/canal7slp.tv\/2023\/wp-content\/uploads\/2021\/01\/logo-noticieros@2x.png","contentUrl":"https:\/\/canal7slp.tv\/2023\/wp-content\/uploads\/2021\/01\/logo-noticieros@2x.png","width":1017,"height":268,"caption":"Noticieros Canal 7"},"image":{"@id":"https:\/\/canal7slp.tv\/2023\/#\/schema\/logo\/image\/"},"sameAs":["https:\/\/www.facebook.com\/noticieroscanalsiete","https:\/\/x.com\/NOTICIEROS7","https:\/\/www.instagram.com\/canal7_slp","https:\/\/www.youtube.com\/channel\/UCliiYs-gP3JfJeqdPrNdd5A"]},{"@type":"Person","@id":"https:\/\/canal7slp.tv\/2023\/#\/schema\/person\/639c424e3584069003b11ae813915da6","name":"Edici\u00f3n Web","image":{"@type":"ImageObject","inLanguage":"es","@id":"https:\/\/secure.gravatar.com\/avatar\/eee448fc3f7164808013b816ba91ac7e43bbe82a70bebac296f8bc6f0addaa1a?s=96&d=mm&r=g","url":"https:\/\/secure.gravatar.com\/avatar\/eee448fc3f7164808013b816ba91ac7e43bbe82a70bebac296f8bc6f0addaa1a?s=96&d=mm&r=g","contentUrl":"https:\/\/secure.gravatar.com\/avatar\/eee448fc3f7164808013b816ba91ac7e43bbe82a70bebac296f8bc6f0addaa1a?s=96&d=mm&r=g","caption":"Edici\u00f3n Web"},"url":"https:\/\/canal7slp.tv\/2023\/author\/edicionweb\/"}]}},"_links":{"self":[{"href":"https:\/\/canal7slp.tv\/2023\/wp-json\/wp\/v2\/posts\/90783","targetHints":{"allow":["GET"]}}],"collection":[{"href":"https:\/\/canal7slp.tv\/2023\/wp-json\/wp\/v2\/posts"}],"about":[{"href":"https:\/\/canal7slp.tv\/2023\/wp-json\/wp\/v2\/types\/post"}],"author":[{"embeddable":true,"href":"https:\/\/canal7slp.tv\/2023\/wp-json\/wp\/v2\/users\/2"}],"replies":[{"embeddable":true,"href":"https:\/\/canal7slp.tv\/2023\/wp-json\/wp\/v2\/comments?post=90783"}],"version-history":[{"count":1,"href":"https:\/\/canal7slp.tv\/2023\/wp-json\/wp\/v2\/posts\/90783\/revisions"}],"predecessor-version":[{"id":90786,"href":"https:\/\/canal7slp.tv\/2023\/wp-json\/wp\/v2\/posts\/90783\/revisions\/90786"}],"wp:featuredmedia":[{"embeddable":true,"href":"https:\/\/canal7slp.tv\/2023\/wp-json\/wp\/v2\/media\/90785"}],"wp:attachment":[{"href":"https:\/\/canal7slp.tv\/2023\/wp-json\/wp\/v2\/media?parent=90783"}],"wp:term":[{"taxonomy":"category","embeddable":true,"href":"https:\/\/canal7slp.tv\/2023\/wp-json\/wp\/v2\/categories?post=90783"},{"taxonomy":"post_tag","embeddable":true,"href":"https:\/\/canal7slp.tv\/2023\/wp-json\/wp\/v2\/tags?post=90783"}],"curies":[{"name":"wp","href":"https:\/\/api.w.org\/{rel}","templated":true}]}}