{"id":90763,"date":"2023-03-23T13:54:53","date_gmt":"2023-03-23T19:54:53","guid":{"rendered":"https:\/\/canal7slp.tv\/2023\/?p=90763"},"modified":"2023-03-23T13:54:53","modified_gmt":"2023-03-23T19:54:53","slug":"inpode-invita-a-seminario-de-defensa-personal-dirigido-a-mujeres","status":"publish","type":"post","link":"https:\/\/canal7slp.tv\/2023\/inpode-invita-a-seminario-de-defensa-personal-dirigido-a-mujeres\/","title":{"rendered":"INPODE invita a Seminario de Defensa Personal dirigido a mujeres"},"content":{"rendered":"<p style=\"text-align: justify;\">SLP.- El Instituto Potosino de Cultura F\u00edsica y Deporte en coordinaci\u00f3n con la Asociaci\u00f3n Potosina de Artes Marciales Mixtas, invita al curso dirigido a mujeres de defensa personal, que se llevar\u00e1 a cabo el 24 de marzo en el sal\u00f3n de Luchas de la Unidad Deportiva Adolfo L\u00f3pez Mateos, impartido por Daniel Sol\u00f3rzano.<\/p>\n<p style=\"text-align: justify;\">Se trata de una actividad gratuita, con un cupo estimado para 40 personas, que comenzar\u00e1 a partir de las 18:00 horas, con una duraci\u00f3n estimada de una hora y media; el \u00fanico requisito para las participantes es llevar ropa deportiva o c\u00f3moda.<\/p>\n<p style=\"text-align: justify;\">Karla Hern\u00e1ndez S\u00e1nchez, titular del Inpode, dio a conocer que el seminario abordar\u00e1 diversas situaciones de peligro en distintos escenarios, para lo que se recrean diferentes t\u00e9cnicas.<\/p>\n<p style=\"text-align: justify;\">Las inscripciones se pueden realizar mediante las redes sociales de la Asociaci\u00f3n Potosina de Artes Marciales Mixtas, que en Facebook se encuentran como Asociaci\u00f3n Potosina de MMA.<\/p>\n","protected":false},"excerpt":{"rendered":"<p>SLP.- El Instituto Potosino de Cultura F\u00edsica y Deporte en coordinaci\u00f3n con la Asociaci\u00f3n Potosina de Artes Marciales Mixtas, invita al curso dirigido a mujeres de defensa personal, que se llevar\u00e1 a cabo el 24 de marzo en el sal\u00f3n de Luchas de la Unidad Deportiva Adolfo L\u00f3pez Mateos, impartido por Daniel Sol\u00f3rzano. Se trata de una actividad gratuita, con un cupo estimado para 40 personas, que comenzar\u00e1 a partir de las 18:00 horas, con una duraci\u00f3n estimada de una hora y media; el \u00fanico requisito para las participantes es llevar ropa deportiva o c\u00f3moda. Karla Hern\u00e1ndez S\u00e1nchez, titular del [&hellip;]<\/p>\n","protected":false},"author":2,"featured_media":90771,"comment_status":"closed","ping_status":"closed","sticky":false,"template":"","format":"video","meta":{"footnotes":""},"categories":[7,5],"tags":[],"class_list":["post-90763","post","type-post","status-publish","format-video","has-post-thumbnail","hentry","category-deportes","category-destacadas","post_format-post-format-video","post--single"],"yoast_head":"<!-- This site is optimized with the Yoast SEO plugin v27.4 - https:\/\/yoast.com\/product\/yoast-seo-wordpress\/ -->\n<title>INPODE invita a Seminario de Defensa Personal dirigido a mujeres - Canal 7 SLP - 2023<\/title>\n<meta name=\"robots\" content=\"index, follow, max-snippet:-1, max-image-preview:large, max-video-preview:-1\" \/>\n<link rel=\"canonical\" href=\"https:\/\/canal7slp.tv\/2023\/inpode-invita-a-seminario-de-defensa-personal-dirigido-a-mujeres\/\" \/>\n<meta property=\"og:locale\" content=\"es_ES\" \/>\n<meta property=\"og:type\" content=\"article\" \/>\n<meta property=\"og:title\" content=\"INPODE invita a Seminario de Defensa Personal dirigido a mujeres - Canal 7 SLP - 2023\" \/>\n<meta property=\"og:description\" content=\"SLP.- El Instituto Potosino de Cultura F\u00edsica y Deporte en coordinaci\u00f3n con la Asociaci\u00f3n Potosina de Artes Marciales Mixtas, invita al curso dirigido a mujeres de defensa personal, que se llevar\u00e1 a cabo el 24 de marzo en el sal\u00f3n de Luchas de la Unidad Deportiva Adolfo L\u00f3pez Mateos, impartido por Daniel Sol\u00f3rzano. Se trata de una actividad gratuita, con un cupo estimado para 40 personas, que comenzar\u00e1 a partir de las 18:00 horas, con una duraci\u00f3n estimada de una hora y media; el \u00fanico requisito para las participantes es llevar ropa deportiva o c\u00f3moda. Karla Hern\u00e1ndez S\u00e1nchez, titular del [&hellip;]\" \/>\n<meta property=\"og:url\" content=\"https:\/\/canal7slp.tv\/2023\/inpode-invita-a-seminario-de-defensa-personal-dirigido-a-mujeres\/\" \/>\n<meta property=\"og:site_name\" content=\"Canal 7 SLP - 2023\" \/>\n<meta property=\"article:publisher\" content=\"https:\/\/www.facebook.com\/noticieroscanalsiete\" \/>\n<meta property=\"article:published_time\" content=\"2023-03-23T19:54:53+00:00\" \/>\n<meta property=\"og:image\" content=\"https:\/\/canal7slp.tv\/2023\/wp-content\/uploads\/2023\/03\/Froi03Defensa.jpg\" \/>\n\t<meta property=\"og:image:width\" content=\"888\" \/>\n\t<meta property=\"og:image:height\" content=\"500\" \/>\n\t<meta property=\"og:image:type\" content=\"image\/jpeg\" \/>\n<meta name=\"author\" content=\"Edici\u00f3n Web\" \/>\n<meta name=\"twitter:card\" content=\"summary_large_image\" \/>\n<meta name=\"twitter:creator\" content=\"@NOTICIEROS7\" \/>\n<meta name=\"twitter:site\" content=\"@NOTICIEROS7\" \/>\n<meta name=\"twitter:label1\" content=\"Escrito por\" \/>\n\t<meta name=\"twitter:data1\" content=\"Edici\u00f3n Web\" \/>\n\t<meta name=\"twitter:label2\" content=\"Tiempo de lectura\" \/>\n\t<meta name=\"twitter:data2\" content=\"1 minuto\" \/>\n<script type=\"application\/ld+json\" class=\"yoast-schema-graph\">{\"@context\":\"https:\\\/\\\/schema.org\",\"@graph\":[{\"@type\":\"Article\",\"@id\":\"https:\\\/\\\/canal7slp.tv\\\/2023\\\/inpode-invita-a-seminario-de-defensa-personal-dirigido-a-mujeres\\\/#article\",\"isPartOf\":{\"@id\":\"https:\\\/\\\/canal7slp.tv\\\/2023\\\/inpode-invita-a-seminario-de-defensa-personal-dirigido-a-mujeres\\\/\"},\"author\":{\"name\":\"Edici\u00f3n Web\",\"@id\":\"https:\\\/\\\/canal7slp.tv\\\/2023\\\/#\\\/schema\\\/person\\\/639c424e3584069003b11ae813915da6\"},\"headline\":\"INPODE invita a Seminario de Defensa Personal dirigido a mujeres\",\"datePublished\":\"2023-03-23T19:54:53+00:00\",\"mainEntityOfPage\":{\"@id\":\"https:\\\/\\\/canal7slp.tv\\\/2023\\\/inpode-invita-a-seminario-de-defensa-personal-dirigido-a-mujeres\\\/\"},\"wordCount\":170,\"publisher\":{\"@id\":\"https:\\\/\\\/canal7slp.tv\\\/2023\\\/#organization\"},\"image\":{\"@id\":\"https:\\\/\\\/canal7slp.tv\\\/2023\\\/inpode-invita-a-seminario-de-defensa-personal-dirigido-a-mujeres\\\/#primaryimage\"},\"thumbnailUrl\":\"https:\\\/\\\/canal7slp.tv\\\/2023\\\/wp-content\\\/uploads\\\/2023\\\/03\\\/Froi03Defensa.jpg\",\"articleSection\":[\"DEPORTES\",\"DESTACADAS\"],\"inLanguage\":\"es\"},{\"@type\":\"WebPage\",\"@id\":\"https:\\\/\\\/canal7slp.tv\\\/2023\\\/inpode-invita-a-seminario-de-defensa-personal-dirigido-a-mujeres\\\/\",\"url\":\"https:\\\/\\\/canal7slp.tv\\\/2023\\\/inpode-invita-a-seminario-de-defensa-personal-dirigido-a-mujeres\\\/\",\"name\":\"INPODE invita a Seminario de Defensa Personal dirigido a mujeres - Canal 7 SLP - 2023\",\"isPartOf\":{\"@id\":\"https:\\\/\\\/canal7slp.tv\\\/2023\\\/#website\"},\"primaryImageOfPage\":{\"@id\":\"https:\\\/\\\/canal7slp.tv\\\/2023\\\/inpode-invita-a-seminario-de-defensa-personal-dirigido-a-mujeres\\\/#primaryimage\"},\"image\":{\"@id\":\"https:\\\/\\\/canal7slp.tv\\\/2023\\\/inpode-invita-a-seminario-de-defensa-personal-dirigido-a-mujeres\\\/#primaryimage\"},\"thumbnailUrl\":\"https:\\\/\\\/canal7slp.tv\\\/2023\\\/wp-content\\\/uploads\\\/2023\\\/03\\\/Froi03Defensa.jpg\",\"datePublished\":\"2023-03-23T19:54:53+00:00\",\"breadcrumb\":{\"@id\":\"https:\\\/\\\/canal7slp.tv\\\/2023\\\/inpode-invita-a-seminario-de-defensa-personal-dirigido-a-mujeres\\\/#breadcrumb\"},\"inLanguage\":\"es\",\"potentialAction\":[{\"@type\":\"ReadAction\",\"target\":[\"https:\\\/\\\/canal7slp.tv\\\/2023\\\/inpode-invita-a-seminario-de-defensa-personal-dirigido-a-mujeres\\\/\"]}]},{\"@type\":\"ImageObject\",\"inLanguage\":\"es\",\"@id\":\"https:\\\/\\\/canal7slp.tv\\\/2023\\\/inpode-invita-a-seminario-de-defensa-personal-dirigido-a-mujeres\\\/#primaryimage\",\"url\":\"https:\\\/\\\/canal7slp.tv\\\/2023\\\/wp-content\\\/uploads\\\/2023\\\/03\\\/Froi03Defensa.jpg\",\"contentUrl\":\"https:\\\/\\\/canal7slp.tv\\\/2023\\\/wp-content\\\/uploads\\\/2023\\\/03\\\/Froi03Defensa.jpg\",\"width\":888,\"height\":500},{\"@type\":\"BreadcrumbList\",\"@id\":\"https:\\\/\\\/canal7slp.tv\\\/2023\\\/inpode-invita-a-seminario-de-defensa-personal-dirigido-a-mujeres\\\/#breadcrumb\",\"itemListElement\":[{\"@type\":\"ListItem\",\"position\":1,\"name\":\"Portada\",\"item\":\"https:\\\/\\\/canal7slp.tv\\\/2023\\\/\"},{\"@type\":\"ListItem\",\"position\":2,\"name\":\"INPODE invita a Seminario de Defensa Personal dirigido a mujeres\"}]},{\"@type\":\"WebSite\",\"@id\":\"https:\\\/\\\/canal7slp.tv\\\/2023\\\/#website\",\"url\":\"https:\\\/\\\/canal7slp.tv\\\/2023\\\/\",\"name\":\"N7 - Noticieros Canal 7\",\"description\":\"Somos Televisi\u00f3n\",\"publisher\":{\"@id\":\"https:\\\/\\\/canal7slp.tv\\\/2023\\\/#organization\"},\"potentialAction\":[{\"@type\":\"SearchAction\",\"target\":{\"@type\":\"EntryPoint\",\"urlTemplate\":\"https:\\\/\\\/canal7slp.tv\\\/2023\\\/?s={search_term_string}\"},\"query-input\":{\"@type\":\"PropertyValueSpecification\",\"valueRequired\":true,\"valueName\":\"search_term_string\"}}],\"inLanguage\":\"es\"},{\"@type\":\"Organization\",\"@id\":\"https:\\\/\\\/canal7slp.tv\\\/2023\\\/#organization\",\"name\":\"Noticieros Canal 7\",\"url\":\"https:\\\/\\\/canal7slp.tv\\\/2023\\\/\",\"logo\":{\"@type\":\"ImageObject\",\"inLanguage\":\"es\",\"@id\":\"https:\\\/\\\/canal7slp.tv\\\/2023\\\/#\\\/schema\\\/logo\\\/image\\\/\",\"url\":\"https:\\\/\\\/canal7slp.tv\\\/2023\\\/wp-content\\\/uploads\\\/2021\\\/01\\\/logo-noticieros@2x.png\",\"contentUrl\":\"https:\\\/\\\/canal7slp.tv\\\/2023\\\/wp-content\\\/uploads\\\/2021\\\/01\\\/logo-noticieros@2x.png\",\"width\":1017,\"height\":268,\"caption\":\"Noticieros Canal 7\"},\"image\":{\"@id\":\"https:\\\/\\\/canal7slp.tv\\\/2023\\\/#\\\/schema\\\/logo\\\/image\\\/\"},\"sameAs\":[\"https:\\\/\\\/www.facebook.com\\\/noticieroscanalsiete\",\"https:\\\/\\\/x.com\\\/NOTICIEROS7\",\"https:\\\/\\\/www.instagram.com\\\/canal7_slp\",\"https:\\\/\\\/www.youtube.com\\\/channel\\\/UCliiYs-gP3JfJeqdPrNdd5A\"]},{\"@type\":\"Person\",\"@id\":\"https:\\\/\\\/canal7slp.tv\\\/2023\\\/#\\\/schema\\\/person\\\/639c424e3584069003b11ae813915da6\",\"name\":\"Edici\u00f3n Web\",\"image\":{\"@type\":\"ImageObject\",\"inLanguage\":\"es\",\"@id\":\"https:\\\/\\\/secure.gravatar.com\\\/avatar\\\/eee448fc3f7164808013b816ba91ac7e43bbe82a70bebac296f8bc6f0addaa1a?s=96&d=mm&r=g\",\"url\":\"https:\\\/\\\/secure.gravatar.com\\\/avatar\\\/eee448fc3f7164808013b816ba91ac7e43bbe82a70bebac296f8bc6f0addaa1a?s=96&d=mm&r=g\",\"contentUrl\":\"https:\\\/\\\/secure.gravatar.com\\\/avatar\\\/eee448fc3f7164808013b816ba91ac7e43bbe82a70bebac296f8bc6f0addaa1a?s=96&d=mm&r=g\",\"caption\":\"Edici\u00f3n Web\"},\"url\":\"https:\\\/\\\/canal7slp.tv\\\/2023\\\/author\\\/edicionweb\\\/\"}]}<\/script>\n<!-- \/ Yoast SEO plugin. -->","yoast_head_json":{"title":"INPODE invita a Seminario de Defensa Personal dirigido a mujeres - Canal 7 SLP - 2023","robots":{"index":"index","follow":"follow","max-snippet":"max-snippet:-1","max-image-preview":"max-image-preview:large","max-video-preview":"max-video-preview:-1"},"canonical":"https:\/\/canal7slp.tv\/2023\/inpode-invita-a-seminario-de-defensa-personal-dirigido-a-mujeres\/","og_locale":"es_ES","og_type":"article","og_title":"INPODE invita a Seminario de Defensa Personal dirigido a mujeres - Canal 7 SLP - 2023","og_description":"SLP.- El Instituto Potosino de Cultura F\u00edsica y Deporte en coordinaci\u00f3n con la Asociaci\u00f3n Potosina de Artes Marciales Mixtas, invita al curso dirigido a mujeres de defensa personal, que se llevar\u00e1 a cabo el 24 de marzo en el sal\u00f3n de Luchas de la Unidad Deportiva Adolfo L\u00f3pez Mateos, impartido por Daniel Sol\u00f3rzano. Se trata de una actividad gratuita, con un cupo estimado para 40 personas, que comenzar\u00e1 a partir de las 18:00 horas, con una duraci\u00f3n estimada de una hora y media; el \u00fanico requisito para las participantes es llevar ropa deportiva o c\u00f3moda. Karla Hern\u00e1ndez S\u00e1nchez, titular del [&hellip;]","og_url":"https:\/\/canal7slp.tv\/2023\/inpode-invita-a-seminario-de-defensa-personal-dirigido-a-mujeres\/","og_site_name":"Canal 7 SLP - 2023","article_publisher":"https:\/\/www.facebook.com\/noticieroscanalsiete","article_published_time":"2023-03-23T19:54:53+00:00","og_image":[{"width":888,"height":500,"url":"https:\/\/canal7slp.tv\/2023\/wp-content\/uploads\/2023\/03\/Froi03Defensa.jpg","type":"image\/jpeg"}],"author":"Edici\u00f3n Web","twitter_card":"summary_large_image","twitter_creator":"@NOTICIEROS7","twitter_site":"@NOTICIEROS7","twitter_misc":{"Escrito por":"Edici\u00f3n Web","Tiempo de lectura":"1 minuto"},"schema":{"@context":"https:\/\/schema.org","@graph":[{"@type":"Article","@id":"https:\/\/canal7slp.tv\/2023\/inpode-invita-a-seminario-de-defensa-personal-dirigido-a-mujeres\/#article","isPartOf":{"@id":"https:\/\/canal7slp.tv\/2023\/inpode-invita-a-seminario-de-defensa-personal-dirigido-a-mujeres\/"},"author":{"name":"Edici\u00f3n Web","@id":"https:\/\/canal7slp.tv\/2023\/#\/schema\/person\/639c424e3584069003b11ae813915da6"},"headline":"INPODE invita a Seminario de Defensa Personal dirigido a mujeres","datePublished":"2023-03-23T19:54:53+00:00","mainEntityOfPage":{"@id":"https:\/\/canal7slp.tv\/2023\/inpode-invita-a-seminario-de-defensa-personal-dirigido-a-mujeres\/"},"wordCount":170,"publisher":{"@id":"https:\/\/canal7slp.tv\/2023\/#organization"},"image":{"@id":"https:\/\/canal7slp.tv\/2023\/inpode-invita-a-seminario-de-defensa-personal-dirigido-a-mujeres\/#primaryimage"},"thumbnailUrl":"https:\/\/canal7slp.tv\/2023\/wp-content\/uploads\/2023\/03\/Froi03Defensa.jpg","articleSection":["DEPORTES","DESTACADAS"],"inLanguage":"es"},{"@type":"WebPage","@id":"https:\/\/canal7slp.tv\/2023\/inpode-invita-a-seminario-de-defensa-personal-dirigido-a-mujeres\/","url":"https:\/\/canal7slp.tv\/2023\/inpode-invita-a-seminario-de-defensa-personal-dirigido-a-mujeres\/","name":"INPODE invita a Seminario de Defensa Personal dirigido a mujeres - Canal 7 SLP - 2023","isPartOf":{"@id":"https:\/\/canal7slp.tv\/2023\/#website"},"primaryImageOfPage":{"@id":"https:\/\/canal7slp.tv\/2023\/inpode-invita-a-seminario-de-defensa-personal-dirigido-a-mujeres\/#primaryimage"},"image":{"@id":"https:\/\/canal7slp.tv\/2023\/inpode-invita-a-seminario-de-defensa-personal-dirigido-a-mujeres\/#primaryimage"},"thumbnailUrl":"https:\/\/canal7slp.tv\/2023\/wp-content\/uploads\/2023\/03\/Froi03Defensa.jpg","datePublished":"2023-03-23T19:54:53+00:00","breadcrumb":{"@id":"https:\/\/canal7slp.tv\/2023\/inpode-invita-a-seminario-de-defensa-personal-dirigido-a-mujeres\/#breadcrumb"},"inLanguage":"es","potentialAction":[{"@type":"ReadAction","target":["https:\/\/canal7slp.tv\/2023\/inpode-invita-a-seminario-de-defensa-personal-dirigido-a-mujeres\/"]}]},{"@type":"ImageObject","inLanguage":"es","@id":"https:\/\/canal7slp.tv\/2023\/inpode-invita-a-seminario-de-defensa-personal-dirigido-a-mujeres\/#primaryimage","url":"https:\/\/canal7slp.tv\/2023\/wp-content\/uploads\/2023\/03\/Froi03Defensa.jpg","contentUrl":"https:\/\/canal7slp.tv\/2023\/wp-content\/uploads\/2023\/03\/Froi03Defensa.jpg","width":888,"height":500},{"@type":"BreadcrumbList","@id":"https:\/\/canal7slp.tv\/2023\/inpode-invita-a-seminario-de-defensa-personal-dirigido-a-mujeres\/#breadcrumb","itemListElement":[{"@type":"ListItem","position":1,"name":"Portada","item":"https:\/\/canal7slp.tv\/2023\/"},{"@type":"ListItem","position":2,"name":"INPODE invita a Seminario de Defensa Personal dirigido a mujeres"}]},{"@type":"WebSite","@id":"https:\/\/canal7slp.tv\/2023\/#website","url":"https:\/\/canal7slp.tv\/2023\/","name":"N7 - Noticieros Canal 7","description":"Somos Televisi\u00f3n","publisher":{"@id":"https:\/\/canal7slp.tv\/2023\/#organization"},"potentialAction":[{"@type":"SearchAction","target":{"@type":"EntryPoint","urlTemplate":"https:\/\/canal7slp.tv\/2023\/?s={search_term_string}"},"query-input":{"@type":"PropertyValueSpecification","valueRequired":true,"valueName":"search_term_string"}}],"inLanguage":"es"},{"@type":"Organization","@id":"https:\/\/canal7slp.tv\/2023\/#organization","name":"Noticieros Canal 7","url":"https:\/\/canal7slp.tv\/2023\/","logo":{"@type":"ImageObject","inLanguage":"es","@id":"https:\/\/canal7slp.tv\/2023\/#\/schema\/logo\/image\/","url":"https:\/\/canal7slp.tv\/2023\/wp-content\/uploads\/2021\/01\/logo-noticieros@2x.png","contentUrl":"https:\/\/canal7slp.tv\/2023\/wp-content\/uploads\/2021\/01\/logo-noticieros@2x.png","width":1017,"height":268,"caption":"Noticieros Canal 7"},"image":{"@id":"https:\/\/canal7slp.tv\/2023\/#\/schema\/logo\/image\/"},"sameAs":["https:\/\/www.facebook.com\/noticieroscanalsiete","https:\/\/x.com\/NOTICIEROS7","https:\/\/www.instagram.com\/canal7_slp","https:\/\/www.youtube.com\/channel\/UCliiYs-gP3JfJeqdPrNdd5A"]},{"@type":"Person","@id":"https:\/\/canal7slp.tv\/2023\/#\/schema\/person\/639c424e3584069003b11ae813915da6","name":"Edici\u00f3n Web","image":{"@type":"ImageObject","inLanguage":"es","@id":"https:\/\/secure.gravatar.com\/avatar\/eee448fc3f7164808013b816ba91ac7e43bbe82a70bebac296f8bc6f0addaa1a?s=96&d=mm&r=g","url":"https:\/\/secure.gravatar.com\/avatar\/eee448fc3f7164808013b816ba91ac7e43bbe82a70bebac296f8bc6f0addaa1a?s=96&d=mm&r=g","contentUrl":"https:\/\/secure.gravatar.com\/avatar\/eee448fc3f7164808013b816ba91ac7e43bbe82a70bebac296f8bc6f0addaa1a?s=96&d=mm&r=g","caption":"Edici\u00f3n Web"},"url":"https:\/\/canal7slp.tv\/2023\/author\/edicionweb\/"}]}},"_links":{"self":[{"href":"https:\/\/canal7slp.tv\/2023\/wp-json\/wp\/v2\/posts\/90763","targetHints":{"allow":["GET"]}}],"collection":[{"href":"https:\/\/canal7slp.tv\/2023\/wp-json\/wp\/v2\/posts"}],"about":[{"href":"https:\/\/canal7slp.tv\/2023\/wp-json\/wp\/v2\/types\/post"}],"author":[{"embeddable":true,"href":"https:\/\/canal7slp.tv\/2023\/wp-json\/wp\/v2\/users\/2"}],"replies":[{"embeddable":true,"href":"https:\/\/canal7slp.tv\/2023\/wp-json\/wp\/v2\/comments?post=90763"}],"version-history":[{"count":2,"href":"https:\/\/canal7slp.tv\/2023\/wp-json\/wp\/v2\/posts\/90763\/revisions"}],"predecessor-version":[{"id":90772,"href":"https:\/\/canal7slp.tv\/2023\/wp-json\/wp\/v2\/posts\/90763\/revisions\/90772"}],"wp:featuredmedia":[{"embeddable":true,"href":"https:\/\/canal7slp.tv\/2023\/wp-json\/wp\/v2\/media\/90771"}],"wp:attachment":[{"href":"https:\/\/canal7slp.tv\/2023\/wp-json\/wp\/v2\/media?parent=90763"}],"wp:term":[{"taxonomy":"category","embeddable":true,"href":"https:\/\/canal7slp.tv\/2023\/wp-json\/wp\/v2\/categories?post=90763"},{"taxonomy":"post_tag","embeddable":true,"href":"https:\/\/canal7slp.tv\/2023\/wp-json\/wp\/v2\/tags?post=90763"}],"curies":[{"name":"wp","href":"https:\/\/api.w.org\/{rel}","templated":true}]}}