{"id":90725,"date":"2023-03-22T17:32:18","date_gmt":"2023-03-22T23:32:18","guid":{"rendered":"https:\/\/canal7slp.tv\/2023\/?p=90725"},"modified":"2023-03-22T17:32:18","modified_gmt":"2023-03-22T23:32:18","slug":"mas-de-100-mil-visitantes-proyectan-autoridades-que-capte-la-capital-en-semana-santa","status":"publish","type":"post","link":"https:\/\/canal7slp.tv\/2023\/mas-de-100-mil-visitantes-proyectan-autoridades-que-capte-la-capital-en-semana-santa\/","title":{"rendered":"M\u00e1s de 100 mil visitantes proyectan autoridades que capte la capital en Semana Santa"},"content":{"rendered":"<ul>\n<li>La derrama econ\u00f3mica superar\u00eda 150 millones de pesos.<\/li>\n<\/ul>\n<p style=\"text-align: justify;\">SLP.- Las estimaciones de Turismo Municipal de San Luis Potos\u00ed, vaticinan la visita de m\u00e1s de 100 mil personas durante la \u00e9poca de asueto de la Semana Santa.<\/p>\n<p style=\"text-align: justify;\">La directora de Turismo de San Luis Potos\u00ed, Claudia Peralta Antiga, expres\u00f3 que se prev\u00e9 una derrama econ\u00f3mica de m\u00e1s de 150 millones de pesos con la visita de los 100 mil turistas para el periodo en menci\u00f3n, esto, debido a que el 2023, ser\u00e1 el a\u00f1o que se capte mayor cantidad de visitantes despu\u00e9s del periodo m\u00e1s complicado de la pandemia por COVID-19.<\/p>\n<p style=\"text-align: justify;\">\u201cEs correcto, 2019 fue el n\u00famero m\u00e1s alto, por primera vez en la historia se alcanz\u00f3 los 100 mil visitantes despu\u00e9s fue la pandemia baj\u00f3 a menos de 20 mil que fueron los primeros visitantes que se tuvieron, despu\u00e9s fueron 50 mil y el a\u00f1o pasado 80 mil\u201d.<\/p>\n<p style=\"text-align: justify;\">Con respecto al n\u00famero de habitaciones disponibles, asever\u00f3 que ser\u00e1n ocho mil cuartos los que est\u00e9n listos para ocuparse.<\/p>\n<p style=\"text-align: justify;\">A su vez, reconoci\u00f3 que durante la Semana Santa el turista que se capta es el que est\u00e1 interesado en eventos religiosos y culturales, sin embargo, se busca ampliar las actividades disponibles dentro de la mancha urbana.<\/p>\n<p style=\"text-align: justify;\">\u201cQue pueda la gente ir a visitar vi\u00f1edos, mezcaler\u00edas \u00e1reas naturales, que pueda ir a hacer senderismo, ciclismo, en fin hay muchas actividades adem\u00e1s de todo lo que ya conocemos aqu\u00ed en el centro hist\u00f3rico\u201d.<\/p>\n<p>Por: Juan Carlos Contreras<\/p>\n","protected":false},"excerpt":{"rendered":"<p>La derrama econ\u00f3mica superar\u00eda 150 millones de pesos. SLP.- Las estimaciones de Turismo Municipal de San Luis Potos\u00ed, vaticinan la visita de m\u00e1s de 100 mil personas durante la \u00e9poca de asueto de la Semana Santa. La directora de Turismo de San Luis Potos\u00ed, Claudia Peralta Antiga, expres\u00f3 que se prev\u00e9 una derrama econ\u00f3mica de m\u00e1s de 150 millones de pesos con la visita de los 100 mil turistas para el periodo en menci\u00f3n, esto, debido a que el 2023, ser\u00e1 el a\u00f1o que se capte mayor cantidad de visitantes despu\u00e9s del periodo m\u00e1s complicado de la pandemia por COVID-19. [&hellip;]<\/p>\n","protected":false},"author":2,"featured_media":90727,"comment_status":"closed","ping_status":"closed","sticky":false,"template":"","format":"video","meta":{"footnotes":""},"categories":[66,5,45],"tags":[],"class_list":["post-90725","post","type-post","status-publish","format-video","has-post-thumbnail","hentry","category-ayoslp","category-destacadas","category-localesyregionales","post_format-post-format-video","post--single"],"yoast_head":"<!-- This site is optimized with the Yoast SEO plugin v27.4 - https:\/\/yoast.com\/product\/yoast-seo-wordpress\/ -->\n<title>M\u00e1s de 100 mil visitantes proyectan autoridades que capte la capital en Semana Santa - Canal 7 SLP - 2023<\/title>\n<meta name=\"robots\" content=\"index, follow, max-snippet:-1, max-image-preview:large, max-video-preview:-1\" \/>\n<link rel=\"canonical\" href=\"https:\/\/canal7slp.tv\/2023\/mas-de-100-mil-visitantes-proyectan-autoridades-que-capte-la-capital-en-semana-santa\/\" \/>\n<meta property=\"og:locale\" content=\"es_ES\" \/>\n<meta property=\"og:type\" content=\"article\" \/>\n<meta property=\"og:title\" content=\"M\u00e1s de 100 mil visitantes proyectan autoridades que capte la capital en Semana Santa - Canal 7 SLP - 2023\" \/>\n<meta property=\"og:description\" content=\"La derrama econ\u00f3mica superar\u00eda 150 millones de pesos. SLP.- Las estimaciones de Turismo Municipal de San Luis Potos\u00ed, vaticinan la visita de m\u00e1s de 100 mil personas durante la \u00e9poca de asueto de la Semana Santa. La directora de Turismo de San Luis Potos\u00ed, Claudia Peralta Antiga, expres\u00f3 que se prev\u00e9 una derrama econ\u00f3mica de m\u00e1s de 150 millones de pesos con la visita de los 100 mil turistas para el periodo en menci\u00f3n, esto, debido a que el 2023, ser\u00e1 el a\u00f1o que se capte mayor cantidad de visitantes despu\u00e9s del periodo m\u00e1s complicado de la pandemia por COVID-19. [&hellip;]\" \/>\n<meta property=\"og:url\" content=\"https:\/\/canal7slp.tv\/2023\/mas-de-100-mil-visitantes-proyectan-autoridades-que-capte-la-capital-en-semana-santa\/\" \/>\n<meta property=\"og:site_name\" content=\"Canal 7 SLP - 2023\" \/>\n<meta property=\"article:publisher\" content=\"https:\/\/www.facebook.com\/noticieroscanalsiete\" \/>\n<meta property=\"article:published_time\" content=\"2023-03-22T23:32:18+00:00\" \/>\n<meta property=\"og:image\" content=\"https:\/\/canal7slp.tv\/2023\/wp-content\/uploads\/2023\/03\/Poky02Turismo.jpg\" \/>\n\t<meta property=\"og:image:width\" content=\"888\" \/>\n\t<meta property=\"og:image:height\" content=\"500\" \/>\n\t<meta property=\"og:image:type\" content=\"image\/jpeg\" \/>\n<meta name=\"author\" content=\"Edici\u00f3n Web\" \/>\n<meta name=\"twitter:card\" content=\"summary_large_image\" \/>\n<meta name=\"twitter:creator\" content=\"@NOTICIEROS7\" \/>\n<meta name=\"twitter:site\" content=\"@NOTICIEROS7\" \/>\n<meta name=\"twitter:label1\" content=\"Escrito por\" \/>\n\t<meta name=\"twitter:data1\" content=\"Edici\u00f3n Web\" \/>\n\t<meta name=\"twitter:label2\" content=\"Tiempo de lectura\" \/>\n\t<meta name=\"twitter:data2\" content=\"2 minutos\" \/>\n<script type=\"application\/ld+json\" class=\"yoast-schema-graph\">{\"@context\":\"https:\\\/\\\/schema.org\",\"@graph\":[{\"@type\":\"Article\",\"@id\":\"https:\\\/\\\/canal7slp.tv\\\/2023\\\/mas-de-100-mil-visitantes-proyectan-autoridades-que-capte-la-capital-en-semana-santa\\\/#article\",\"isPartOf\":{\"@id\":\"https:\\\/\\\/canal7slp.tv\\\/2023\\\/mas-de-100-mil-visitantes-proyectan-autoridades-que-capte-la-capital-en-semana-santa\\\/\"},\"author\":{\"name\":\"Edici\u00f3n Web\",\"@id\":\"https:\\\/\\\/canal7slp.tv\\\/2023\\\/#\\\/schema\\\/person\\\/639c424e3584069003b11ae813915da6\"},\"headline\":\"M\u00e1s de 100 mil visitantes proyectan autoridades que capte la capital en Semana Santa\",\"datePublished\":\"2023-03-22T23:32:18+00:00\",\"mainEntityOfPage\":{\"@id\":\"https:\\\/\\\/canal7slp.tv\\\/2023\\\/mas-de-100-mil-visitantes-proyectan-autoridades-que-capte-la-capital-en-semana-santa\\\/\"},\"wordCount\":269,\"publisher\":{\"@id\":\"https:\\\/\\\/canal7slp.tv\\\/2023\\\/#organization\"},\"image\":{\"@id\":\"https:\\\/\\\/canal7slp.tv\\\/2023\\\/mas-de-100-mil-visitantes-proyectan-autoridades-que-capte-la-capital-en-semana-santa\\\/#primaryimage\"},\"thumbnailUrl\":\"https:\\\/\\\/canal7slp.tv\\\/2023\\\/wp-content\\\/uploads\\\/2023\\\/03\\\/Poky02Turismo.jpg\",\"articleSection\":[\"AYOSLP\",\"DESTACADAS\",\"LOCALES Y REGIONALES\"],\"inLanguage\":\"es\"},{\"@type\":\"WebPage\",\"@id\":\"https:\\\/\\\/canal7slp.tv\\\/2023\\\/mas-de-100-mil-visitantes-proyectan-autoridades-que-capte-la-capital-en-semana-santa\\\/\",\"url\":\"https:\\\/\\\/canal7slp.tv\\\/2023\\\/mas-de-100-mil-visitantes-proyectan-autoridades-que-capte-la-capital-en-semana-santa\\\/\",\"name\":\"M\u00e1s de 100 mil visitantes proyectan autoridades que capte la capital en Semana Santa - Canal 7 SLP - 2023\",\"isPartOf\":{\"@id\":\"https:\\\/\\\/canal7slp.tv\\\/2023\\\/#website\"},\"primaryImageOfPage\":{\"@id\":\"https:\\\/\\\/canal7slp.tv\\\/2023\\\/mas-de-100-mil-visitantes-proyectan-autoridades-que-capte-la-capital-en-semana-santa\\\/#primaryimage\"},\"image\":{\"@id\":\"https:\\\/\\\/canal7slp.tv\\\/2023\\\/mas-de-100-mil-visitantes-proyectan-autoridades-que-capte-la-capital-en-semana-santa\\\/#primaryimage\"},\"thumbnailUrl\":\"https:\\\/\\\/canal7slp.tv\\\/2023\\\/wp-content\\\/uploads\\\/2023\\\/03\\\/Poky02Turismo.jpg\",\"datePublished\":\"2023-03-22T23:32:18+00:00\",\"breadcrumb\":{\"@id\":\"https:\\\/\\\/canal7slp.tv\\\/2023\\\/mas-de-100-mil-visitantes-proyectan-autoridades-que-capte-la-capital-en-semana-santa\\\/#breadcrumb\"},\"inLanguage\":\"es\",\"potentialAction\":[{\"@type\":\"ReadAction\",\"target\":[\"https:\\\/\\\/canal7slp.tv\\\/2023\\\/mas-de-100-mil-visitantes-proyectan-autoridades-que-capte-la-capital-en-semana-santa\\\/\"]}]},{\"@type\":\"ImageObject\",\"inLanguage\":\"es\",\"@id\":\"https:\\\/\\\/canal7slp.tv\\\/2023\\\/mas-de-100-mil-visitantes-proyectan-autoridades-que-capte-la-capital-en-semana-santa\\\/#primaryimage\",\"url\":\"https:\\\/\\\/canal7slp.tv\\\/2023\\\/wp-content\\\/uploads\\\/2023\\\/03\\\/Poky02Turismo.jpg\",\"contentUrl\":\"https:\\\/\\\/canal7slp.tv\\\/2023\\\/wp-content\\\/uploads\\\/2023\\\/03\\\/Poky02Turismo.jpg\",\"width\":888,\"height\":500},{\"@type\":\"BreadcrumbList\",\"@id\":\"https:\\\/\\\/canal7slp.tv\\\/2023\\\/mas-de-100-mil-visitantes-proyectan-autoridades-que-capte-la-capital-en-semana-santa\\\/#breadcrumb\",\"itemListElement\":[{\"@type\":\"ListItem\",\"position\":1,\"name\":\"Portada\",\"item\":\"https:\\\/\\\/canal7slp.tv\\\/2023\\\/\"},{\"@type\":\"ListItem\",\"position\":2,\"name\":\"M\u00e1s de 100 mil visitantes proyectan autoridades que capte la capital en Semana Santa\"}]},{\"@type\":\"WebSite\",\"@id\":\"https:\\\/\\\/canal7slp.tv\\\/2023\\\/#website\",\"url\":\"https:\\\/\\\/canal7slp.tv\\\/2023\\\/\",\"name\":\"N7 - Noticieros Canal 7\",\"description\":\"Somos Televisi\u00f3n\",\"publisher\":{\"@id\":\"https:\\\/\\\/canal7slp.tv\\\/2023\\\/#organization\"},\"potentialAction\":[{\"@type\":\"SearchAction\",\"target\":{\"@type\":\"EntryPoint\",\"urlTemplate\":\"https:\\\/\\\/canal7slp.tv\\\/2023\\\/?s={search_term_string}\"},\"query-input\":{\"@type\":\"PropertyValueSpecification\",\"valueRequired\":true,\"valueName\":\"search_term_string\"}}],\"inLanguage\":\"es\"},{\"@type\":\"Organization\",\"@id\":\"https:\\\/\\\/canal7slp.tv\\\/2023\\\/#organization\",\"name\":\"Noticieros Canal 7\",\"url\":\"https:\\\/\\\/canal7slp.tv\\\/2023\\\/\",\"logo\":{\"@type\":\"ImageObject\",\"inLanguage\":\"es\",\"@id\":\"https:\\\/\\\/canal7slp.tv\\\/2023\\\/#\\\/schema\\\/logo\\\/image\\\/\",\"url\":\"https:\\\/\\\/canal7slp.tv\\\/2023\\\/wp-content\\\/uploads\\\/2021\\\/01\\\/logo-noticieros@2x.png\",\"contentUrl\":\"https:\\\/\\\/canal7slp.tv\\\/2023\\\/wp-content\\\/uploads\\\/2021\\\/01\\\/logo-noticieros@2x.png\",\"width\":1017,\"height\":268,\"caption\":\"Noticieros Canal 7\"},\"image\":{\"@id\":\"https:\\\/\\\/canal7slp.tv\\\/2023\\\/#\\\/schema\\\/logo\\\/image\\\/\"},\"sameAs\":[\"https:\\\/\\\/www.facebook.com\\\/noticieroscanalsiete\",\"https:\\\/\\\/x.com\\\/NOTICIEROS7\",\"https:\\\/\\\/www.instagram.com\\\/canal7_slp\",\"https:\\\/\\\/www.youtube.com\\\/channel\\\/UCliiYs-gP3JfJeqdPrNdd5A\"]},{\"@type\":\"Person\",\"@id\":\"https:\\\/\\\/canal7slp.tv\\\/2023\\\/#\\\/schema\\\/person\\\/639c424e3584069003b11ae813915da6\",\"name\":\"Edici\u00f3n Web\",\"image\":{\"@type\":\"ImageObject\",\"inLanguage\":\"es\",\"@id\":\"https:\\\/\\\/secure.gravatar.com\\\/avatar\\\/eee448fc3f7164808013b816ba91ac7e43bbe82a70bebac296f8bc6f0addaa1a?s=96&d=mm&r=g\",\"url\":\"https:\\\/\\\/secure.gravatar.com\\\/avatar\\\/eee448fc3f7164808013b816ba91ac7e43bbe82a70bebac296f8bc6f0addaa1a?s=96&d=mm&r=g\",\"contentUrl\":\"https:\\\/\\\/secure.gravatar.com\\\/avatar\\\/eee448fc3f7164808013b816ba91ac7e43bbe82a70bebac296f8bc6f0addaa1a?s=96&d=mm&r=g\",\"caption\":\"Edici\u00f3n Web\"},\"url\":\"https:\\\/\\\/canal7slp.tv\\\/2023\\\/author\\\/edicionweb\\\/\"}]}<\/script>\n<!-- \/ Yoast SEO plugin. -->","yoast_head_json":{"title":"M\u00e1s de 100 mil visitantes proyectan autoridades que capte la capital en Semana Santa - Canal 7 SLP - 2023","robots":{"index":"index","follow":"follow","max-snippet":"max-snippet:-1","max-image-preview":"max-image-preview:large","max-video-preview":"max-video-preview:-1"},"canonical":"https:\/\/canal7slp.tv\/2023\/mas-de-100-mil-visitantes-proyectan-autoridades-que-capte-la-capital-en-semana-santa\/","og_locale":"es_ES","og_type":"article","og_title":"M\u00e1s de 100 mil visitantes proyectan autoridades que capte la capital en Semana Santa - Canal 7 SLP - 2023","og_description":"La derrama econ\u00f3mica superar\u00eda 150 millones de pesos. SLP.- Las estimaciones de Turismo Municipal de San Luis Potos\u00ed, vaticinan la visita de m\u00e1s de 100 mil personas durante la \u00e9poca de asueto de la Semana Santa. La directora de Turismo de San Luis Potos\u00ed, Claudia Peralta Antiga, expres\u00f3 que se prev\u00e9 una derrama econ\u00f3mica de m\u00e1s de 150 millones de pesos con la visita de los 100 mil turistas para el periodo en menci\u00f3n, esto, debido a que el 2023, ser\u00e1 el a\u00f1o que se capte mayor cantidad de visitantes despu\u00e9s del periodo m\u00e1s complicado de la pandemia por COVID-19. [&hellip;]","og_url":"https:\/\/canal7slp.tv\/2023\/mas-de-100-mil-visitantes-proyectan-autoridades-que-capte-la-capital-en-semana-santa\/","og_site_name":"Canal 7 SLP - 2023","article_publisher":"https:\/\/www.facebook.com\/noticieroscanalsiete","article_published_time":"2023-03-22T23:32:18+00:00","og_image":[{"width":888,"height":500,"url":"https:\/\/canal7slp.tv\/2023\/wp-content\/uploads\/2023\/03\/Poky02Turismo.jpg","type":"image\/jpeg"}],"author":"Edici\u00f3n Web","twitter_card":"summary_large_image","twitter_creator":"@NOTICIEROS7","twitter_site":"@NOTICIEROS7","twitter_misc":{"Escrito por":"Edici\u00f3n Web","Tiempo de lectura":"2 minutos"},"schema":{"@context":"https:\/\/schema.org","@graph":[{"@type":"Article","@id":"https:\/\/canal7slp.tv\/2023\/mas-de-100-mil-visitantes-proyectan-autoridades-que-capte-la-capital-en-semana-santa\/#article","isPartOf":{"@id":"https:\/\/canal7slp.tv\/2023\/mas-de-100-mil-visitantes-proyectan-autoridades-que-capte-la-capital-en-semana-santa\/"},"author":{"name":"Edici\u00f3n Web","@id":"https:\/\/canal7slp.tv\/2023\/#\/schema\/person\/639c424e3584069003b11ae813915da6"},"headline":"M\u00e1s de 100 mil visitantes proyectan autoridades que capte la capital en Semana Santa","datePublished":"2023-03-22T23:32:18+00:00","mainEntityOfPage":{"@id":"https:\/\/canal7slp.tv\/2023\/mas-de-100-mil-visitantes-proyectan-autoridades-que-capte-la-capital-en-semana-santa\/"},"wordCount":269,"publisher":{"@id":"https:\/\/canal7slp.tv\/2023\/#organization"},"image":{"@id":"https:\/\/canal7slp.tv\/2023\/mas-de-100-mil-visitantes-proyectan-autoridades-que-capte-la-capital-en-semana-santa\/#primaryimage"},"thumbnailUrl":"https:\/\/canal7slp.tv\/2023\/wp-content\/uploads\/2023\/03\/Poky02Turismo.jpg","articleSection":["AYOSLP","DESTACADAS","LOCALES Y REGIONALES"],"inLanguage":"es"},{"@type":"WebPage","@id":"https:\/\/canal7slp.tv\/2023\/mas-de-100-mil-visitantes-proyectan-autoridades-que-capte-la-capital-en-semana-santa\/","url":"https:\/\/canal7slp.tv\/2023\/mas-de-100-mil-visitantes-proyectan-autoridades-que-capte-la-capital-en-semana-santa\/","name":"M\u00e1s de 100 mil visitantes proyectan autoridades que capte la capital en Semana Santa - Canal 7 SLP - 2023","isPartOf":{"@id":"https:\/\/canal7slp.tv\/2023\/#website"},"primaryImageOfPage":{"@id":"https:\/\/canal7slp.tv\/2023\/mas-de-100-mil-visitantes-proyectan-autoridades-que-capte-la-capital-en-semana-santa\/#primaryimage"},"image":{"@id":"https:\/\/canal7slp.tv\/2023\/mas-de-100-mil-visitantes-proyectan-autoridades-que-capte-la-capital-en-semana-santa\/#primaryimage"},"thumbnailUrl":"https:\/\/canal7slp.tv\/2023\/wp-content\/uploads\/2023\/03\/Poky02Turismo.jpg","datePublished":"2023-03-22T23:32:18+00:00","breadcrumb":{"@id":"https:\/\/canal7slp.tv\/2023\/mas-de-100-mil-visitantes-proyectan-autoridades-que-capte-la-capital-en-semana-santa\/#breadcrumb"},"inLanguage":"es","potentialAction":[{"@type":"ReadAction","target":["https:\/\/canal7slp.tv\/2023\/mas-de-100-mil-visitantes-proyectan-autoridades-que-capte-la-capital-en-semana-santa\/"]}]},{"@type":"ImageObject","inLanguage":"es","@id":"https:\/\/canal7slp.tv\/2023\/mas-de-100-mil-visitantes-proyectan-autoridades-que-capte-la-capital-en-semana-santa\/#primaryimage","url":"https:\/\/canal7slp.tv\/2023\/wp-content\/uploads\/2023\/03\/Poky02Turismo.jpg","contentUrl":"https:\/\/canal7slp.tv\/2023\/wp-content\/uploads\/2023\/03\/Poky02Turismo.jpg","width":888,"height":500},{"@type":"BreadcrumbList","@id":"https:\/\/canal7slp.tv\/2023\/mas-de-100-mil-visitantes-proyectan-autoridades-que-capte-la-capital-en-semana-santa\/#breadcrumb","itemListElement":[{"@type":"ListItem","position":1,"name":"Portada","item":"https:\/\/canal7slp.tv\/2023\/"},{"@type":"ListItem","position":2,"name":"M\u00e1s de 100 mil visitantes proyectan autoridades que capte la capital en Semana Santa"}]},{"@type":"WebSite","@id":"https:\/\/canal7slp.tv\/2023\/#website","url":"https:\/\/canal7slp.tv\/2023\/","name":"N7 - Noticieros Canal 7","description":"Somos Televisi\u00f3n","publisher":{"@id":"https:\/\/canal7slp.tv\/2023\/#organization"},"potentialAction":[{"@type":"SearchAction","target":{"@type":"EntryPoint","urlTemplate":"https:\/\/canal7slp.tv\/2023\/?s={search_term_string}"},"query-input":{"@type":"PropertyValueSpecification","valueRequired":true,"valueName":"search_term_string"}}],"inLanguage":"es"},{"@type":"Organization","@id":"https:\/\/canal7slp.tv\/2023\/#organization","name":"Noticieros Canal 7","url":"https:\/\/canal7slp.tv\/2023\/","logo":{"@type":"ImageObject","inLanguage":"es","@id":"https:\/\/canal7slp.tv\/2023\/#\/schema\/logo\/image\/","url":"https:\/\/canal7slp.tv\/2023\/wp-content\/uploads\/2021\/01\/logo-noticieros@2x.png","contentUrl":"https:\/\/canal7slp.tv\/2023\/wp-content\/uploads\/2021\/01\/logo-noticieros@2x.png","width":1017,"height":268,"caption":"Noticieros Canal 7"},"image":{"@id":"https:\/\/canal7slp.tv\/2023\/#\/schema\/logo\/image\/"},"sameAs":["https:\/\/www.facebook.com\/noticieroscanalsiete","https:\/\/x.com\/NOTICIEROS7","https:\/\/www.instagram.com\/canal7_slp","https:\/\/www.youtube.com\/channel\/UCliiYs-gP3JfJeqdPrNdd5A"]},{"@type":"Person","@id":"https:\/\/canal7slp.tv\/2023\/#\/schema\/person\/639c424e3584069003b11ae813915da6","name":"Edici\u00f3n Web","image":{"@type":"ImageObject","inLanguage":"es","@id":"https:\/\/secure.gravatar.com\/avatar\/eee448fc3f7164808013b816ba91ac7e43bbe82a70bebac296f8bc6f0addaa1a?s=96&d=mm&r=g","url":"https:\/\/secure.gravatar.com\/avatar\/eee448fc3f7164808013b816ba91ac7e43bbe82a70bebac296f8bc6f0addaa1a?s=96&d=mm&r=g","contentUrl":"https:\/\/secure.gravatar.com\/avatar\/eee448fc3f7164808013b816ba91ac7e43bbe82a70bebac296f8bc6f0addaa1a?s=96&d=mm&r=g","caption":"Edici\u00f3n Web"},"url":"https:\/\/canal7slp.tv\/2023\/author\/edicionweb\/"}]}},"_links":{"self":[{"href":"https:\/\/canal7slp.tv\/2023\/wp-json\/wp\/v2\/posts\/90725","targetHints":{"allow":["GET"]}}],"collection":[{"href":"https:\/\/canal7slp.tv\/2023\/wp-json\/wp\/v2\/posts"}],"about":[{"href":"https:\/\/canal7slp.tv\/2023\/wp-json\/wp\/v2\/types\/post"}],"author":[{"embeddable":true,"href":"https:\/\/canal7slp.tv\/2023\/wp-json\/wp\/v2\/users\/2"}],"replies":[{"embeddable":true,"href":"https:\/\/canal7slp.tv\/2023\/wp-json\/wp\/v2\/comments?post=90725"}],"version-history":[{"count":1,"href":"https:\/\/canal7slp.tv\/2023\/wp-json\/wp\/v2\/posts\/90725\/revisions"}],"predecessor-version":[{"id":90728,"href":"https:\/\/canal7slp.tv\/2023\/wp-json\/wp\/v2\/posts\/90725\/revisions\/90728"}],"wp:featuredmedia":[{"embeddable":true,"href":"https:\/\/canal7slp.tv\/2023\/wp-json\/wp\/v2\/media\/90727"}],"wp:attachment":[{"href":"https:\/\/canal7slp.tv\/2023\/wp-json\/wp\/v2\/media?parent=90725"}],"wp:term":[{"taxonomy":"category","embeddable":true,"href":"https:\/\/canal7slp.tv\/2023\/wp-json\/wp\/v2\/categories?post=90725"},{"taxonomy":"post_tag","embeddable":true,"href":"https:\/\/canal7slp.tv\/2023\/wp-json\/wp\/v2\/tags?post=90725"}],"curies":[{"name":"wp","href":"https:\/\/api.w.org\/{rel}","templated":true}]}}