{"id":90721,"date":"2023-03-22T17:25:52","date_gmt":"2023-03-22T23:25:52","guid":{"rendered":"https:\/\/canal7slp.tv\/2023\/?p=90721"},"modified":"2023-03-22T17:25:52","modified_gmt":"2023-03-22T23:25:52","slug":"arranca-ayuntamiento-capitalino-operativo-de-semana-santa-2023","status":"publish","type":"post","link":"https:\/\/canal7slp.tv\/2023\/arranca-ayuntamiento-capitalino-operativo-de-semana-santa-2023\/","title":{"rendered":"Arranca Ayuntamiento Capitalino Operativo de Semana Santa 2023"},"content":{"rendered":"<ul>\n<li>Destacan autoridades cambios efectivos en lo que va de la administraci\u00f3n.<\/li>\n<\/ul>\n<p style=\"text-align: justify;\">SLP.- El ayuntamiento de la capital de San Luis Potos\u00ed, encabezado por Enrique Galindo Ceballos, dio el banderazo con el que inici\u00f3 el Operativo de Semana Santa 2023 con la finalidad de brindar un entorno de tranquilidad y armon\u00eda en los espacios p\u00fablicos de la ciudad.<\/p>\n<p style=\"text-align: justify;\">El operativo se mantendr\u00e1 activo del 31 de marzo al 9 de abril y contar\u00e1 con una amplia fuerza desplegada por la ciudad donde se abordan tres ejes estrat\u00e9gicos; prevenci\u00f3n y protecci\u00f3n, seguridad vial y peatonal, adem\u00e1s de inteligencia social y video vigilancia.<\/p>\n<p style=\"text-align: justify;\">Ser\u00e1n mil elementos operativos entre los tres niveles de gobierno, los que se concentren en su mayor\u00eda en la zona centro y \u00e1reas de inter\u00e9s dentro de la capital.<\/p>\n<p style=\"text-align: justify;\">El presidente del Consejo de Seguridad del Centro Hist\u00f3rico, Gerardo Chevaile Ramos, agradeci\u00f3 las actividades comprendidas dentro del operativo de vigilancia a nombre de locatarios, residentes y visitantes del primer cuadro de la ciudad y sus alrededores.<\/p>\n<p style=\"text-align: justify;\">\u201cAgradecerles a nombre de la gente que habitamos el centro hist\u00f3rico, tanto comerciantes, colonos, servidores el que se haya dando este operativo\u201d.<\/p>\n<p style=\"text-align: justify;\">Refiri\u00f3 que tocar\u00e1 a los potosinos ser buenos anfitriones y dar la m\u00e1s cordial de las bienvenidas.<\/p>\n<p style=\"text-align: justify;\">Por su parte, el presidente municipal, Enrique Galindo, destac\u00f3 la serie de preparativos que se dieron previos a la venidera Semana Santa.<\/p>\n<p style=\"text-align: justify;\">\u201cEste banderazo es muy importante en materia de seguridad p\u00fablica, hace un a\u00f1o tuvimos el Festival San Luis en Primavera en el marco de la Semana Santa y nos pusimos un reto, creo que el centro cambi\u00f3 de un a\u00f1o a la fecha\u201d.<\/p>\n<p style=\"text-align: justify;\">Otros trabajos de mejora que narr\u00f3, fue el de recuperar espacios p\u00fablicos ocupados por comercio informal y el combate del graffiti mediante el programa de patrocinio a j\u00f3venes para que plasmen su arte en cortinas de locales comerciales.<\/p>\n<p style=\"text-align: justify;\">Dijo que el torneo de tenis \u201cOpen Challenger\u201d, el Festival San Luis en Primavera y La Procesi\u00f3n del Silencio, ser\u00e1n los eventos ancla que detonar\u00e1n la econom\u00eda en la etapa vacacional.<\/p>\n<p style=\"text-align: justify;\">\u201cLa agenda est\u00e1 dise\u00f1ada para que el centro tenga vida los primeros quince d\u00edas de abril\u201d.<\/p>\n<p>Por: Juan Carlos Contreras<\/p>\n","protected":false},"excerpt":{"rendered":"<p>Destacan autoridades cambios efectivos en lo que va de la administraci\u00f3n. SLP.- El ayuntamiento de la capital de San Luis Potos\u00ed, encabezado por Enrique Galindo Ceballos, dio el banderazo con el que inici\u00f3 el Operativo de Semana Santa 2023 con la finalidad de brindar un entorno de tranquilidad y armon\u00eda en los espacios p\u00fablicos de la ciudad. El operativo se mantendr\u00e1 activo del 31 de marzo al 9 de abril y contar\u00e1 con una amplia fuerza desplegada por la ciudad donde se abordan tres ejes estrat\u00e9gicos; prevenci\u00f3n y protecci\u00f3n, seguridad vial y peatonal, adem\u00e1s de inteligencia social y video vigilancia. [&hellip;]<\/p>\n","protected":false},"author":2,"featured_media":90722,"comment_status":"closed","ping_status":"closed","sticky":false,"template":"","format":"video","meta":{"footnotes":""},"categories":[66,5,45],"tags":[],"class_list":["post-90721","post","type-post","status-publish","format-video","has-post-thumbnail","hentry","category-ayoslp","category-destacadas","category-localesyregionales","post_format-post-format-video","post--single"],"yoast_head":"<!-- This site is optimized with the Yoast SEO plugin v27.4 - https:\/\/yoast.com\/product\/yoast-seo-wordpress\/ -->\n<title>Arranca Ayuntamiento Capitalino Operativo de Semana Santa 2023 - Canal 7 SLP - 2023<\/title>\n<meta name=\"robots\" content=\"index, follow, max-snippet:-1, max-image-preview:large, max-video-preview:-1\" \/>\n<link rel=\"canonical\" href=\"https:\/\/canal7slp.tv\/2023\/arranca-ayuntamiento-capitalino-operativo-de-semana-santa-2023\/\" \/>\n<meta property=\"og:locale\" content=\"es_ES\" \/>\n<meta property=\"og:type\" content=\"article\" \/>\n<meta property=\"og:title\" content=\"Arranca Ayuntamiento Capitalino Operativo de Semana Santa 2023 - Canal 7 SLP - 2023\" \/>\n<meta property=\"og:description\" content=\"Destacan autoridades cambios efectivos en lo que va de la administraci\u00f3n. SLP.- El ayuntamiento de la capital de San Luis Potos\u00ed, encabezado por Enrique Galindo Ceballos, dio el banderazo con el que inici\u00f3 el Operativo de Semana Santa 2023 con la finalidad de brindar un entorno de tranquilidad y armon\u00eda en los espacios p\u00fablicos de la ciudad. El operativo se mantendr\u00e1 activo del 31 de marzo al 9 de abril y contar\u00e1 con una amplia fuerza desplegada por la ciudad donde se abordan tres ejes estrat\u00e9gicos; prevenci\u00f3n y protecci\u00f3n, seguridad vial y peatonal, adem\u00e1s de inteligencia social y video vigilancia. [&hellip;]\" \/>\n<meta property=\"og:url\" content=\"https:\/\/canal7slp.tv\/2023\/arranca-ayuntamiento-capitalino-operativo-de-semana-santa-2023\/\" \/>\n<meta property=\"og:site_name\" content=\"Canal 7 SLP - 2023\" \/>\n<meta property=\"article:publisher\" content=\"https:\/\/www.facebook.com\/noticieroscanalsiete\" \/>\n<meta property=\"article:published_time\" content=\"2023-03-22T23:25:52+00:00\" \/>\n<meta property=\"og:image\" content=\"https:\/\/canal7slp.tv\/2023\/wp-content\/uploads\/2023\/03\/Poky01Operativo.jpg\" \/>\n\t<meta property=\"og:image:width\" content=\"888\" \/>\n\t<meta property=\"og:image:height\" content=\"500\" \/>\n\t<meta property=\"og:image:type\" content=\"image\/jpeg\" \/>\n<meta name=\"author\" content=\"Edici\u00f3n Web\" \/>\n<meta name=\"twitter:card\" content=\"summary_large_image\" \/>\n<meta name=\"twitter:creator\" content=\"@NOTICIEROS7\" \/>\n<meta name=\"twitter:site\" content=\"@NOTICIEROS7\" \/>\n<meta name=\"twitter:label1\" content=\"Escrito por\" \/>\n\t<meta name=\"twitter:data1\" content=\"Edici\u00f3n Web\" \/>\n\t<meta name=\"twitter:label2\" content=\"Tiempo de lectura\" \/>\n\t<meta name=\"twitter:data2\" content=\"2 minutos\" \/>\n<script type=\"application\/ld+json\" class=\"yoast-schema-graph\">{\"@context\":\"https:\\\/\\\/schema.org\",\"@graph\":[{\"@type\":\"Article\",\"@id\":\"https:\\\/\\\/canal7slp.tv\\\/2023\\\/arranca-ayuntamiento-capitalino-operativo-de-semana-santa-2023\\\/#article\",\"isPartOf\":{\"@id\":\"https:\\\/\\\/canal7slp.tv\\\/2023\\\/arranca-ayuntamiento-capitalino-operativo-de-semana-santa-2023\\\/\"},\"author\":{\"name\":\"Edici\u00f3n Web\",\"@id\":\"https:\\\/\\\/canal7slp.tv\\\/2023\\\/#\\\/schema\\\/person\\\/639c424e3584069003b11ae813915da6\"},\"headline\":\"Arranca Ayuntamiento Capitalino Operativo de Semana Santa 2023\",\"datePublished\":\"2023-03-22T23:25:52+00:00\",\"mainEntityOfPage\":{\"@id\":\"https:\\\/\\\/canal7slp.tv\\\/2023\\\/arranca-ayuntamiento-capitalino-operativo-de-semana-santa-2023\\\/\"},\"wordCount\":388,\"publisher\":{\"@id\":\"https:\\\/\\\/canal7slp.tv\\\/2023\\\/#organization\"},\"image\":{\"@id\":\"https:\\\/\\\/canal7slp.tv\\\/2023\\\/arranca-ayuntamiento-capitalino-operativo-de-semana-santa-2023\\\/#primaryimage\"},\"thumbnailUrl\":\"https:\\\/\\\/canal7slp.tv\\\/2023\\\/wp-content\\\/uploads\\\/2023\\\/03\\\/Poky01Operativo.jpg\",\"articleSection\":[\"AYOSLP\",\"DESTACADAS\",\"LOCALES Y REGIONALES\"],\"inLanguage\":\"es\"},{\"@type\":\"WebPage\",\"@id\":\"https:\\\/\\\/canal7slp.tv\\\/2023\\\/arranca-ayuntamiento-capitalino-operativo-de-semana-santa-2023\\\/\",\"url\":\"https:\\\/\\\/canal7slp.tv\\\/2023\\\/arranca-ayuntamiento-capitalino-operativo-de-semana-santa-2023\\\/\",\"name\":\"Arranca Ayuntamiento Capitalino Operativo de Semana Santa 2023 - Canal 7 SLP - 2023\",\"isPartOf\":{\"@id\":\"https:\\\/\\\/canal7slp.tv\\\/2023\\\/#website\"},\"primaryImageOfPage\":{\"@id\":\"https:\\\/\\\/canal7slp.tv\\\/2023\\\/arranca-ayuntamiento-capitalino-operativo-de-semana-santa-2023\\\/#primaryimage\"},\"image\":{\"@id\":\"https:\\\/\\\/canal7slp.tv\\\/2023\\\/arranca-ayuntamiento-capitalino-operativo-de-semana-santa-2023\\\/#primaryimage\"},\"thumbnailUrl\":\"https:\\\/\\\/canal7slp.tv\\\/2023\\\/wp-content\\\/uploads\\\/2023\\\/03\\\/Poky01Operativo.jpg\",\"datePublished\":\"2023-03-22T23:25:52+00:00\",\"breadcrumb\":{\"@id\":\"https:\\\/\\\/canal7slp.tv\\\/2023\\\/arranca-ayuntamiento-capitalino-operativo-de-semana-santa-2023\\\/#breadcrumb\"},\"inLanguage\":\"es\",\"potentialAction\":[{\"@type\":\"ReadAction\",\"target\":[\"https:\\\/\\\/canal7slp.tv\\\/2023\\\/arranca-ayuntamiento-capitalino-operativo-de-semana-santa-2023\\\/\"]}]},{\"@type\":\"ImageObject\",\"inLanguage\":\"es\",\"@id\":\"https:\\\/\\\/canal7slp.tv\\\/2023\\\/arranca-ayuntamiento-capitalino-operativo-de-semana-santa-2023\\\/#primaryimage\",\"url\":\"https:\\\/\\\/canal7slp.tv\\\/2023\\\/wp-content\\\/uploads\\\/2023\\\/03\\\/Poky01Operativo.jpg\",\"contentUrl\":\"https:\\\/\\\/canal7slp.tv\\\/2023\\\/wp-content\\\/uploads\\\/2023\\\/03\\\/Poky01Operativo.jpg\",\"width\":888,\"height\":500},{\"@type\":\"BreadcrumbList\",\"@id\":\"https:\\\/\\\/canal7slp.tv\\\/2023\\\/arranca-ayuntamiento-capitalino-operativo-de-semana-santa-2023\\\/#breadcrumb\",\"itemListElement\":[{\"@type\":\"ListItem\",\"position\":1,\"name\":\"Portada\",\"item\":\"https:\\\/\\\/canal7slp.tv\\\/2023\\\/\"},{\"@type\":\"ListItem\",\"position\":2,\"name\":\"Arranca Ayuntamiento Capitalino Operativo de Semana Santa 2023\"}]},{\"@type\":\"WebSite\",\"@id\":\"https:\\\/\\\/canal7slp.tv\\\/2023\\\/#website\",\"url\":\"https:\\\/\\\/canal7slp.tv\\\/2023\\\/\",\"name\":\"N7 - Noticieros Canal 7\",\"description\":\"Somos Televisi\u00f3n\",\"publisher\":{\"@id\":\"https:\\\/\\\/canal7slp.tv\\\/2023\\\/#organization\"},\"potentialAction\":[{\"@type\":\"SearchAction\",\"target\":{\"@type\":\"EntryPoint\",\"urlTemplate\":\"https:\\\/\\\/canal7slp.tv\\\/2023\\\/?s={search_term_string}\"},\"query-input\":{\"@type\":\"PropertyValueSpecification\",\"valueRequired\":true,\"valueName\":\"search_term_string\"}}],\"inLanguage\":\"es\"},{\"@type\":\"Organization\",\"@id\":\"https:\\\/\\\/canal7slp.tv\\\/2023\\\/#organization\",\"name\":\"Noticieros Canal 7\",\"url\":\"https:\\\/\\\/canal7slp.tv\\\/2023\\\/\",\"logo\":{\"@type\":\"ImageObject\",\"inLanguage\":\"es\",\"@id\":\"https:\\\/\\\/canal7slp.tv\\\/2023\\\/#\\\/schema\\\/logo\\\/image\\\/\",\"url\":\"https:\\\/\\\/canal7slp.tv\\\/2023\\\/wp-content\\\/uploads\\\/2021\\\/01\\\/logo-noticieros@2x.png\",\"contentUrl\":\"https:\\\/\\\/canal7slp.tv\\\/2023\\\/wp-content\\\/uploads\\\/2021\\\/01\\\/logo-noticieros@2x.png\",\"width\":1017,\"height\":268,\"caption\":\"Noticieros Canal 7\"},\"image\":{\"@id\":\"https:\\\/\\\/canal7slp.tv\\\/2023\\\/#\\\/schema\\\/logo\\\/image\\\/\"},\"sameAs\":[\"https:\\\/\\\/www.facebook.com\\\/noticieroscanalsiete\",\"https:\\\/\\\/x.com\\\/NOTICIEROS7\",\"https:\\\/\\\/www.instagram.com\\\/canal7_slp\",\"https:\\\/\\\/www.youtube.com\\\/channel\\\/UCliiYs-gP3JfJeqdPrNdd5A\"]},{\"@type\":\"Person\",\"@id\":\"https:\\\/\\\/canal7slp.tv\\\/2023\\\/#\\\/schema\\\/person\\\/639c424e3584069003b11ae813915da6\",\"name\":\"Edici\u00f3n Web\",\"image\":{\"@type\":\"ImageObject\",\"inLanguage\":\"es\",\"@id\":\"https:\\\/\\\/secure.gravatar.com\\\/avatar\\\/eee448fc3f7164808013b816ba91ac7e43bbe82a70bebac296f8bc6f0addaa1a?s=96&d=mm&r=g\",\"url\":\"https:\\\/\\\/secure.gravatar.com\\\/avatar\\\/eee448fc3f7164808013b816ba91ac7e43bbe82a70bebac296f8bc6f0addaa1a?s=96&d=mm&r=g\",\"contentUrl\":\"https:\\\/\\\/secure.gravatar.com\\\/avatar\\\/eee448fc3f7164808013b816ba91ac7e43bbe82a70bebac296f8bc6f0addaa1a?s=96&d=mm&r=g\",\"caption\":\"Edici\u00f3n Web\"},\"url\":\"https:\\\/\\\/canal7slp.tv\\\/2023\\\/author\\\/edicionweb\\\/\"}]}<\/script>\n<!-- \/ Yoast SEO plugin. -->","yoast_head_json":{"title":"Arranca Ayuntamiento Capitalino Operativo de Semana Santa 2023 - Canal 7 SLP - 2023","robots":{"index":"index","follow":"follow","max-snippet":"max-snippet:-1","max-image-preview":"max-image-preview:large","max-video-preview":"max-video-preview:-1"},"canonical":"https:\/\/canal7slp.tv\/2023\/arranca-ayuntamiento-capitalino-operativo-de-semana-santa-2023\/","og_locale":"es_ES","og_type":"article","og_title":"Arranca Ayuntamiento Capitalino Operativo de Semana Santa 2023 - Canal 7 SLP - 2023","og_description":"Destacan autoridades cambios efectivos en lo que va de la administraci\u00f3n. SLP.- El ayuntamiento de la capital de San Luis Potos\u00ed, encabezado por Enrique Galindo Ceballos, dio el banderazo con el que inici\u00f3 el Operativo de Semana Santa 2023 con la finalidad de brindar un entorno de tranquilidad y armon\u00eda en los espacios p\u00fablicos de la ciudad. El operativo se mantendr\u00e1 activo del 31 de marzo al 9 de abril y contar\u00e1 con una amplia fuerza desplegada por la ciudad donde se abordan tres ejes estrat\u00e9gicos; prevenci\u00f3n y protecci\u00f3n, seguridad vial y peatonal, adem\u00e1s de inteligencia social y video vigilancia. [&hellip;]","og_url":"https:\/\/canal7slp.tv\/2023\/arranca-ayuntamiento-capitalino-operativo-de-semana-santa-2023\/","og_site_name":"Canal 7 SLP - 2023","article_publisher":"https:\/\/www.facebook.com\/noticieroscanalsiete","article_published_time":"2023-03-22T23:25:52+00:00","og_image":[{"width":888,"height":500,"url":"https:\/\/canal7slp.tv\/2023\/wp-content\/uploads\/2023\/03\/Poky01Operativo.jpg","type":"image\/jpeg"}],"author":"Edici\u00f3n Web","twitter_card":"summary_large_image","twitter_creator":"@NOTICIEROS7","twitter_site":"@NOTICIEROS7","twitter_misc":{"Escrito por":"Edici\u00f3n Web","Tiempo de lectura":"2 minutos"},"schema":{"@context":"https:\/\/schema.org","@graph":[{"@type":"Article","@id":"https:\/\/canal7slp.tv\/2023\/arranca-ayuntamiento-capitalino-operativo-de-semana-santa-2023\/#article","isPartOf":{"@id":"https:\/\/canal7slp.tv\/2023\/arranca-ayuntamiento-capitalino-operativo-de-semana-santa-2023\/"},"author":{"name":"Edici\u00f3n Web","@id":"https:\/\/canal7slp.tv\/2023\/#\/schema\/person\/639c424e3584069003b11ae813915da6"},"headline":"Arranca Ayuntamiento Capitalino Operativo de Semana Santa 2023","datePublished":"2023-03-22T23:25:52+00:00","mainEntityOfPage":{"@id":"https:\/\/canal7slp.tv\/2023\/arranca-ayuntamiento-capitalino-operativo-de-semana-santa-2023\/"},"wordCount":388,"publisher":{"@id":"https:\/\/canal7slp.tv\/2023\/#organization"},"image":{"@id":"https:\/\/canal7slp.tv\/2023\/arranca-ayuntamiento-capitalino-operativo-de-semana-santa-2023\/#primaryimage"},"thumbnailUrl":"https:\/\/canal7slp.tv\/2023\/wp-content\/uploads\/2023\/03\/Poky01Operativo.jpg","articleSection":["AYOSLP","DESTACADAS","LOCALES Y REGIONALES"],"inLanguage":"es"},{"@type":"WebPage","@id":"https:\/\/canal7slp.tv\/2023\/arranca-ayuntamiento-capitalino-operativo-de-semana-santa-2023\/","url":"https:\/\/canal7slp.tv\/2023\/arranca-ayuntamiento-capitalino-operativo-de-semana-santa-2023\/","name":"Arranca Ayuntamiento Capitalino Operativo de Semana Santa 2023 - Canal 7 SLP - 2023","isPartOf":{"@id":"https:\/\/canal7slp.tv\/2023\/#website"},"primaryImageOfPage":{"@id":"https:\/\/canal7slp.tv\/2023\/arranca-ayuntamiento-capitalino-operativo-de-semana-santa-2023\/#primaryimage"},"image":{"@id":"https:\/\/canal7slp.tv\/2023\/arranca-ayuntamiento-capitalino-operativo-de-semana-santa-2023\/#primaryimage"},"thumbnailUrl":"https:\/\/canal7slp.tv\/2023\/wp-content\/uploads\/2023\/03\/Poky01Operativo.jpg","datePublished":"2023-03-22T23:25:52+00:00","breadcrumb":{"@id":"https:\/\/canal7slp.tv\/2023\/arranca-ayuntamiento-capitalino-operativo-de-semana-santa-2023\/#breadcrumb"},"inLanguage":"es","potentialAction":[{"@type":"ReadAction","target":["https:\/\/canal7slp.tv\/2023\/arranca-ayuntamiento-capitalino-operativo-de-semana-santa-2023\/"]}]},{"@type":"ImageObject","inLanguage":"es","@id":"https:\/\/canal7slp.tv\/2023\/arranca-ayuntamiento-capitalino-operativo-de-semana-santa-2023\/#primaryimage","url":"https:\/\/canal7slp.tv\/2023\/wp-content\/uploads\/2023\/03\/Poky01Operativo.jpg","contentUrl":"https:\/\/canal7slp.tv\/2023\/wp-content\/uploads\/2023\/03\/Poky01Operativo.jpg","width":888,"height":500},{"@type":"BreadcrumbList","@id":"https:\/\/canal7slp.tv\/2023\/arranca-ayuntamiento-capitalino-operativo-de-semana-santa-2023\/#breadcrumb","itemListElement":[{"@type":"ListItem","position":1,"name":"Portada","item":"https:\/\/canal7slp.tv\/2023\/"},{"@type":"ListItem","position":2,"name":"Arranca Ayuntamiento Capitalino Operativo de Semana Santa 2023"}]},{"@type":"WebSite","@id":"https:\/\/canal7slp.tv\/2023\/#website","url":"https:\/\/canal7slp.tv\/2023\/","name":"N7 - Noticieros Canal 7","description":"Somos Televisi\u00f3n","publisher":{"@id":"https:\/\/canal7slp.tv\/2023\/#organization"},"potentialAction":[{"@type":"SearchAction","target":{"@type":"EntryPoint","urlTemplate":"https:\/\/canal7slp.tv\/2023\/?s={search_term_string}"},"query-input":{"@type":"PropertyValueSpecification","valueRequired":true,"valueName":"search_term_string"}}],"inLanguage":"es"},{"@type":"Organization","@id":"https:\/\/canal7slp.tv\/2023\/#organization","name":"Noticieros Canal 7","url":"https:\/\/canal7slp.tv\/2023\/","logo":{"@type":"ImageObject","inLanguage":"es","@id":"https:\/\/canal7slp.tv\/2023\/#\/schema\/logo\/image\/","url":"https:\/\/canal7slp.tv\/2023\/wp-content\/uploads\/2021\/01\/logo-noticieros@2x.png","contentUrl":"https:\/\/canal7slp.tv\/2023\/wp-content\/uploads\/2021\/01\/logo-noticieros@2x.png","width":1017,"height":268,"caption":"Noticieros Canal 7"},"image":{"@id":"https:\/\/canal7slp.tv\/2023\/#\/schema\/logo\/image\/"},"sameAs":["https:\/\/www.facebook.com\/noticieroscanalsiete","https:\/\/x.com\/NOTICIEROS7","https:\/\/www.instagram.com\/canal7_slp","https:\/\/www.youtube.com\/channel\/UCliiYs-gP3JfJeqdPrNdd5A"]},{"@type":"Person","@id":"https:\/\/canal7slp.tv\/2023\/#\/schema\/person\/639c424e3584069003b11ae813915da6","name":"Edici\u00f3n Web","image":{"@type":"ImageObject","inLanguage":"es","@id":"https:\/\/secure.gravatar.com\/avatar\/eee448fc3f7164808013b816ba91ac7e43bbe82a70bebac296f8bc6f0addaa1a?s=96&d=mm&r=g","url":"https:\/\/secure.gravatar.com\/avatar\/eee448fc3f7164808013b816ba91ac7e43bbe82a70bebac296f8bc6f0addaa1a?s=96&d=mm&r=g","contentUrl":"https:\/\/secure.gravatar.com\/avatar\/eee448fc3f7164808013b816ba91ac7e43bbe82a70bebac296f8bc6f0addaa1a?s=96&d=mm&r=g","caption":"Edici\u00f3n Web"},"url":"https:\/\/canal7slp.tv\/2023\/author\/edicionweb\/"}]}},"_links":{"self":[{"href":"https:\/\/canal7slp.tv\/2023\/wp-json\/wp\/v2\/posts\/90721","targetHints":{"allow":["GET"]}}],"collection":[{"href":"https:\/\/canal7slp.tv\/2023\/wp-json\/wp\/v2\/posts"}],"about":[{"href":"https:\/\/canal7slp.tv\/2023\/wp-json\/wp\/v2\/types\/post"}],"author":[{"embeddable":true,"href":"https:\/\/canal7slp.tv\/2023\/wp-json\/wp\/v2\/users\/2"}],"replies":[{"embeddable":true,"href":"https:\/\/canal7slp.tv\/2023\/wp-json\/wp\/v2\/comments?post=90721"}],"version-history":[{"count":1,"href":"https:\/\/canal7slp.tv\/2023\/wp-json\/wp\/v2\/posts\/90721\/revisions"}],"predecessor-version":[{"id":90724,"href":"https:\/\/canal7slp.tv\/2023\/wp-json\/wp\/v2\/posts\/90721\/revisions\/90724"}],"wp:featuredmedia":[{"embeddable":true,"href":"https:\/\/canal7slp.tv\/2023\/wp-json\/wp\/v2\/media\/90722"}],"wp:attachment":[{"href":"https:\/\/canal7slp.tv\/2023\/wp-json\/wp\/v2\/media?parent=90721"}],"wp:term":[{"taxonomy":"category","embeddable":true,"href":"https:\/\/canal7slp.tv\/2023\/wp-json\/wp\/v2\/categories?post=90721"},{"taxonomy":"post_tag","embeddable":true,"href":"https:\/\/canal7slp.tv\/2023\/wp-json\/wp\/v2\/tags?post=90721"}],"curies":[{"name":"wp","href":"https:\/\/api.w.org\/{rel}","templated":true}]}}