{"id":90634,"date":"2023-03-23T16:06:07","date_gmt":"2023-03-23T22:06:07","guid":{"rendered":"https:\/\/canal7slp.tv\/2023\/?p=90634"},"modified":"2023-03-23T16:06:07","modified_gmt":"2023-03-23T22:06:07","slug":"se-abstuvo-68-por-ciento-de-comunidades-indigenas-de-oaxaca-en-el-proceso-a-la-gubernatura","status":"publish","type":"post","link":"https:\/\/canal7slp.tv\/2023\/se-abstuvo-68-por-ciento-de-comunidades-indigenas-de-oaxaca-en-el-proceso-a-la-gubernatura\/","title":{"rendered":"Se abstuvo 68 por ciento de comunidades ind\u00edgenas de Oaxaca, en el proceso a la gubernatura"},"content":{"rendered":"<ul>\n<li>Lo anterior fue se\u00f1alado en el marco de la presentaci\u00f3n del libro \u00abLos m\u00faltiples rostros de la ciudadan\u00eda\u00bb, en el Colegio de San Luis.<\/li>\n<\/ul>\n<p style=\"text-align: justify;\">SLP.- V\u00edctor Leonel Juan Mart\u00ednez es un profesor investigador del Centro de Investigaciones y Estudios Superiores en Antropolog\u00eda Social, autor de varios libros uno de ellos titulado \u201cLos M\u00faltiples Rostros de la Ciudadan\u00eda\u201d , y que present\u00f3 este martes en el Aula Magna de El Colegio de San Luis.<\/p>\n<p style=\"text-align: justify;\">En este texto refleja una diversidad de identidades pol\u00edticas, culturales, sociales y territoriales que a su vez, generan una pluralidad de sistemas jur\u00eddicos en una comunidad.<\/p>\n<p style=\"text-align: justify;\">En este contexto, el investigador particulariz\u00f3 sobre las comunidades de Oaxaca, de donde es originario, al decir que en las pasadas elecciones a gobernador, hubo un 68 por ciento de abstencionismo aunque enfatiz\u00f3 que lo esencial para las comunidades ind\u00edgenas, es preservar su propio sistema de gobierno.<\/p>\n<p style=\"text-align: justify;\">En su libro, Leonel Juan Mart\u00ednez afirma que la ciudadan\u00eda tiene m\u00faltiples rostros: ind\u00edgena, comunitaria, liberal, agraria \u00f3 comunal con toda una complejidad propia de su entorno.<\/p>\n<p style=\"text-align: justify;\">A la presentaci\u00f3n de este libro asisti\u00f3 tambi\u00e9n el director del Instituto de Desarrollo Humano y Social de los Pueblos y Comunidades Ind\u00edgenas del Estado, Filem\u00f3n Hilario Flores al decir que en San Luis Potos\u00ed, el 22 por ciento de su poblaci\u00f3n habla alguna lengua ind\u00edgena, es decir, aproximadamente 235 mil habitantes.<\/p>\n<p>Por: Claudio Ibarra<\/p>\n","protected":false},"excerpt":{"rendered":"<p>Lo anterior fue se\u00f1alado en el marco de la presentaci\u00f3n del libro \u00abLos m\u00faltiples rostros de la ciudadan\u00eda\u00bb, en el Colegio de San Luis. SLP.- V\u00edctor Leonel Juan Mart\u00ednez es un profesor investigador del Centro de Investigaciones y Estudios Superiores en Antropolog\u00eda Social, autor de varios libros uno de ellos titulado \u201cLos M\u00faltiples Rostros de la Ciudadan\u00eda\u201d , y que present\u00f3 este martes en el Aula Magna de El Colegio de San Luis. En este texto refleja una diversidad de identidades pol\u00edticas, culturales, sociales y territoriales que a su vez, generan una pluralidad de sistemas jur\u00eddicos en una comunidad. En [&hellip;]<\/p>\n","protected":false},"author":2,"featured_media":90778,"comment_status":"closed","ping_status":"closed","sticky":false,"template":"","format":"video","meta":{"footnotes":""},"categories":[5,45],"tags":[],"class_list":["post-90634","post","type-post","status-publish","format-video","has-post-thumbnail","hentry","category-destacadas","category-localesyregionales","post_format-post-format-video","post--single"],"yoast_head":"<!-- This site is optimized with the Yoast SEO plugin v27.4 - https:\/\/yoast.com\/product\/yoast-seo-wordpress\/ -->\n<title>Se abstuvo 68 por ciento de comunidades ind\u00edgenas de Oaxaca, en el proceso a la gubernatura - Canal 7 SLP - 2023<\/title>\n<meta name=\"robots\" content=\"index, follow, max-snippet:-1, max-image-preview:large, max-video-preview:-1\" \/>\n<link rel=\"canonical\" href=\"https:\/\/canal7slp.tv\/2023\/se-abstuvo-68-por-ciento-de-comunidades-indigenas-de-oaxaca-en-el-proceso-a-la-gubernatura\/\" \/>\n<meta property=\"og:locale\" content=\"es_ES\" \/>\n<meta property=\"og:type\" content=\"article\" \/>\n<meta property=\"og:title\" content=\"Se abstuvo 68 por ciento de comunidades ind\u00edgenas de Oaxaca, en el proceso a la gubernatura - Canal 7 SLP - 2023\" \/>\n<meta property=\"og:description\" content=\"Lo anterior fue se\u00f1alado en el marco de la presentaci\u00f3n del libro \u00abLos m\u00faltiples rostros de la ciudadan\u00eda\u00bb, en el Colegio de San Luis. SLP.- V\u00edctor Leonel Juan Mart\u00ednez es un profesor investigador del Centro de Investigaciones y Estudios Superiores en Antropolog\u00eda Social, autor de varios libros uno de ellos titulado \u201cLos M\u00faltiples Rostros de la Ciudadan\u00eda\u201d , y que present\u00f3 este martes en el Aula Magna de El Colegio de San Luis. En este texto refleja una diversidad de identidades pol\u00edticas, culturales, sociales y territoriales que a su vez, generan una pluralidad de sistemas jur\u00eddicos en una comunidad. En [&hellip;]\" \/>\n<meta property=\"og:url\" content=\"https:\/\/canal7slp.tv\/2023\/se-abstuvo-68-por-ciento-de-comunidades-indigenas-de-oaxaca-en-el-proceso-a-la-gubernatura\/\" \/>\n<meta property=\"og:site_name\" content=\"Canal 7 SLP - 2023\" \/>\n<meta property=\"article:publisher\" content=\"https:\/\/www.facebook.com\/noticieroscanalsiete\" \/>\n<meta property=\"article:published_time\" content=\"2023-03-23T22:06:07+00:00\" \/>\n<meta property=\"og:image\" content=\"https:\/\/canal7slp.tv\/2023\/wp-content\/uploads\/2023\/03\/Claudio05Rostros.jpg\" \/>\n\t<meta property=\"og:image:width\" content=\"888\" \/>\n\t<meta property=\"og:image:height\" content=\"500\" \/>\n\t<meta property=\"og:image:type\" content=\"image\/jpeg\" \/>\n<meta name=\"author\" content=\"Edici\u00f3n Web\" \/>\n<meta name=\"twitter:card\" content=\"summary_large_image\" \/>\n<meta name=\"twitter:creator\" content=\"@NOTICIEROS7\" \/>\n<meta name=\"twitter:site\" content=\"@NOTICIEROS7\" \/>\n<meta name=\"twitter:label1\" content=\"Escrito por\" \/>\n\t<meta name=\"twitter:data1\" content=\"Edici\u00f3n Web\" \/>\n\t<meta name=\"twitter:label2\" content=\"Tiempo de lectura\" \/>\n\t<meta name=\"twitter:data2\" content=\"2 minutos\" \/>\n<script type=\"application\/ld+json\" class=\"yoast-schema-graph\">{\"@context\":\"https:\\\/\\\/schema.org\",\"@graph\":[{\"@type\":\"Article\",\"@id\":\"https:\\\/\\\/canal7slp.tv\\\/2023\\\/se-abstuvo-68-por-ciento-de-comunidades-indigenas-de-oaxaca-en-el-proceso-a-la-gubernatura\\\/#article\",\"isPartOf\":{\"@id\":\"https:\\\/\\\/canal7slp.tv\\\/2023\\\/se-abstuvo-68-por-ciento-de-comunidades-indigenas-de-oaxaca-en-el-proceso-a-la-gubernatura\\\/\"},\"author\":{\"name\":\"Edici\u00f3n Web\",\"@id\":\"https:\\\/\\\/canal7slp.tv\\\/2023\\\/#\\\/schema\\\/person\\\/639c424e3584069003b11ae813915da6\"},\"headline\":\"Se abstuvo 68 por ciento de comunidades ind\u00edgenas de Oaxaca, en el proceso a la gubernatura\",\"datePublished\":\"2023-03-23T22:06:07+00:00\",\"mainEntityOfPage\":{\"@id\":\"https:\\\/\\\/canal7slp.tv\\\/2023\\\/se-abstuvo-68-por-ciento-de-comunidades-indigenas-de-oaxaca-en-el-proceso-a-la-gubernatura\\\/\"},\"wordCount\":262,\"publisher\":{\"@id\":\"https:\\\/\\\/canal7slp.tv\\\/2023\\\/#organization\"},\"image\":{\"@id\":\"https:\\\/\\\/canal7slp.tv\\\/2023\\\/se-abstuvo-68-por-ciento-de-comunidades-indigenas-de-oaxaca-en-el-proceso-a-la-gubernatura\\\/#primaryimage\"},\"thumbnailUrl\":\"https:\\\/\\\/canal7slp.tv\\\/2023\\\/wp-content\\\/uploads\\\/2023\\\/03\\\/Claudio05Rostros.jpg\",\"articleSection\":[\"DESTACADAS\",\"LOCALES Y REGIONALES\"],\"inLanguage\":\"es\"},{\"@type\":\"WebPage\",\"@id\":\"https:\\\/\\\/canal7slp.tv\\\/2023\\\/se-abstuvo-68-por-ciento-de-comunidades-indigenas-de-oaxaca-en-el-proceso-a-la-gubernatura\\\/\",\"url\":\"https:\\\/\\\/canal7slp.tv\\\/2023\\\/se-abstuvo-68-por-ciento-de-comunidades-indigenas-de-oaxaca-en-el-proceso-a-la-gubernatura\\\/\",\"name\":\"Se abstuvo 68 por ciento de comunidades ind\u00edgenas de Oaxaca, en el proceso a la gubernatura - Canal 7 SLP - 2023\",\"isPartOf\":{\"@id\":\"https:\\\/\\\/canal7slp.tv\\\/2023\\\/#website\"},\"primaryImageOfPage\":{\"@id\":\"https:\\\/\\\/canal7slp.tv\\\/2023\\\/se-abstuvo-68-por-ciento-de-comunidades-indigenas-de-oaxaca-en-el-proceso-a-la-gubernatura\\\/#primaryimage\"},\"image\":{\"@id\":\"https:\\\/\\\/canal7slp.tv\\\/2023\\\/se-abstuvo-68-por-ciento-de-comunidades-indigenas-de-oaxaca-en-el-proceso-a-la-gubernatura\\\/#primaryimage\"},\"thumbnailUrl\":\"https:\\\/\\\/canal7slp.tv\\\/2023\\\/wp-content\\\/uploads\\\/2023\\\/03\\\/Claudio05Rostros.jpg\",\"datePublished\":\"2023-03-23T22:06:07+00:00\",\"breadcrumb\":{\"@id\":\"https:\\\/\\\/canal7slp.tv\\\/2023\\\/se-abstuvo-68-por-ciento-de-comunidades-indigenas-de-oaxaca-en-el-proceso-a-la-gubernatura\\\/#breadcrumb\"},\"inLanguage\":\"es\",\"potentialAction\":[{\"@type\":\"ReadAction\",\"target\":[\"https:\\\/\\\/canal7slp.tv\\\/2023\\\/se-abstuvo-68-por-ciento-de-comunidades-indigenas-de-oaxaca-en-el-proceso-a-la-gubernatura\\\/\"]}]},{\"@type\":\"ImageObject\",\"inLanguage\":\"es\",\"@id\":\"https:\\\/\\\/canal7slp.tv\\\/2023\\\/se-abstuvo-68-por-ciento-de-comunidades-indigenas-de-oaxaca-en-el-proceso-a-la-gubernatura\\\/#primaryimage\",\"url\":\"https:\\\/\\\/canal7slp.tv\\\/2023\\\/wp-content\\\/uploads\\\/2023\\\/03\\\/Claudio05Rostros.jpg\",\"contentUrl\":\"https:\\\/\\\/canal7slp.tv\\\/2023\\\/wp-content\\\/uploads\\\/2023\\\/03\\\/Claudio05Rostros.jpg\",\"width\":888,\"height\":500},{\"@type\":\"BreadcrumbList\",\"@id\":\"https:\\\/\\\/canal7slp.tv\\\/2023\\\/se-abstuvo-68-por-ciento-de-comunidades-indigenas-de-oaxaca-en-el-proceso-a-la-gubernatura\\\/#breadcrumb\",\"itemListElement\":[{\"@type\":\"ListItem\",\"position\":1,\"name\":\"Portada\",\"item\":\"https:\\\/\\\/canal7slp.tv\\\/2023\\\/\"},{\"@type\":\"ListItem\",\"position\":2,\"name\":\"Se abstuvo 68 por ciento de comunidades ind\u00edgenas de Oaxaca, en el proceso a la gubernatura\"}]},{\"@type\":\"WebSite\",\"@id\":\"https:\\\/\\\/canal7slp.tv\\\/2023\\\/#website\",\"url\":\"https:\\\/\\\/canal7slp.tv\\\/2023\\\/\",\"name\":\"N7 - Noticieros Canal 7\",\"description\":\"Somos Televisi\u00f3n\",\"publisher\":{\"@id\":\"https:\\\/\\\/canal7slp.tv\\\/2023\\\/#organization\"},\"potentialAction\":[{\"@type\":\"SearchAction\",\"target\":{\"@type\":\"EntryPoint\",\"urlTemplate\":\"https:\\\/\\\/canal7slp.tv\\\/2023\\\/?s={search_term_string}\"},\"query-input\":{\"@type\":\"PropertyValueSpecification\",\"valueRequired\":true,\"valueName\":\"search_term_string\"}}],\"inLanguage\":\"es\"},{\"@type\":\"Organization\",\"@id\":\"https:\\\/\\\/canal7slp.tv\\\/2023\\\/#organization\",\"name\":\"Noticieros Canal 7\",\"url\":\"https:\\\/\\\/canal7slp.tv\\\/2023\\\/\",\"logo\":{\"@type\":\"ImageObject\",\"inLanguage\":\"es\",\"@id\":\"https:\\\/\\\/canal7slp.tv\\\/2023\\\/#\\\/schema\\\/logo\\\/image\\\/\",\"url\":\"https:\\\/\\\/canal7slp.tv\\\/2023\\\/wp-content\\\/uploads\\\/2021\\\/01\\\/logo-noticieros@2x.png\",\"contentUrl\":\"https:\\\/\\\/canal7slp.tv\\\/2023\\\/wp-content\\\/uploads\\\/2021\\\/01\\\/logo-noticieros@2x.png\",\"width\":1017,\"height\":268,\"caption\":\"Noticieros Canal 7\"},\"image\":{\"@id\":\"https:\\\/\\\/canal7slp.tv\\\/2023\\\/#\\\/schema\\\/logo\\\/image\\\/\"},\"sameAs\":[\"https:\\\/\\\/www.facebook.com\\\/noticieroscanalsiete\",\"https:\\\/\\\/x.com\\\/NOTICIEROS7\",\"https:\\\/\\\/www.instagram.com\\\/canal7_slp\",\"https:\\\/\\\/www.youtube.com\\\/channel\\\/UCliiYs-gP3JfJeqdPrNdd5A\"]},{\"@type\":\"Person\",\"@id\":\"https:\\\/\\\/canal7slp.tv\\\/2023\\\/#\\\/schema\\\/person\\\/639c424e3584069003b11ae813915da6\",\"name\":\"Edici\u00f3n Web\",\"image\":{\"@type\":\"ImageObject\",\"inLanguage\":\"es\",\"@id\":\"https:\\\/\\\/secure.gravatar.com\\\/avatar\\\/eee448fc3f7164808013b816ba91ac7e43bbe82a70bebac296f8bc6f0addaa1a?s=96&d=mm&r=g\",\"url\":\"https:\\\/\\\/secure.gravatar.com\\\/avatar\\\/eee448fc3f7164808013b816ba91ac7e43bbe82a70bebac296f8bc6f0addaa1a?s=96&d=mm&r=g\",\"contentUrl\":\"https:\\\/\\\/secure.gravatar.com\\\/avatar\\\/eee448fc3f7164808013b816ba91ac7e43bbe82a70bebac296f8bc6f0addaa1a?s=96&d=mm&r=g\",\"caption\":\"Edici\u00f3n Web\"},\"url\":\"https:\\\/\\\/canal7slp.tv\\\/2023\\\/author\\\/edicionweb\\\/\"}]}<\/script>\n<!-- \/ Yoast SEO plugin. -->","yoast_head_json":{"title":"Se abstuvo 68 por ciento de comunidades ind\u00edgenas de Oaxaca, en el proceso a la gubernatura - Canal 7 SLP - 2023","robots":{"index":"index","follow":"follow","max-snippet":"max-snippet:-1","max-image-preview":"max-image-preview:large","max-video-preview":"max-video-preview:-1"},"canonical":"https:\/\/canal7slp.tv\/2023\/se-abstuvo-68-por-ciento-de-comunidades-indigenas-de-oaxaca-en-el-proceso-a-la-gubernatura\/","og_locale":"es_ES","og_type":"article","og_title":"Se abstuvo 68 por ciento de comunidades ind\u00edgenas de Oaxaca, en el proceso a la gubernatura - Canal 7 SLP - 2023","og_description":"Lo anterior fue se\u00f1alado en el marco de la presentaci\u00f3n del libro \u00abLos m\u00faltiples rostros de la ciudadan\u00eda\u00bb, en el Colegio de San Luis. SLP.- V\u00edctor Leonel Juan Mart\u00ednez es un profesor investigador del Centro de Investigaciones y Estudios Superiores en Antropolog\u00eda Social, autor de varios libros uno de ellos titulado \u201cLos M\u00faltiples Rostros de la Ciudadan\u00eda\u201d , y que present\u00f3 este martes en el Aula Magna de El Colegio de San Luis. En este texto refleja una diversidad de identidades pol\u00edticas, culturales, sociales y territoriales que a su vez, generan una pluralidad de sistemas jur\u00eddicos en una comunidad. En [&hellip;]","og_url":"https:\/\/canal7slp.tv\/2023\/se-abstuvo-68-por-ciento-de-comunidades-indigenas-de-oaxaca-en-el-proceso-a-la-gubernatura\/","og_site_name":"Canal 7 SLP - 2023","article_publisher":"https:\/\/www.facebook.com\/noticieroscanalsiete","article_published_time":"2023-03-23T22:06:07+00:00","og_image":[{"width":888,"height":500,"url":"https:\/\/canal7slp.tv\/2023\/wp-content\/uploads\/2023\/03\/Claudio05Rostros.jpg","type":"image\/jpeg"}],"author":"Edici\u00f3n Web","twitter_card":"summary_large_image","twitter_creator":"@NOTICIEROS7","twitter_site":"@NOTICIEROS7","twitter_misc":{"Escrito por":"Edici\u00f3n Web","Tiempo de lectura":"2 minutos"},"schema":{"@context":"https:\/\/schema.org","@graph":[{"@type":"Article","@id":"https:\/\/canal7slp.tv\/2023\/se-abstuvo-68-por-ciento-de-comunidades-indigenas-de-oaxaca-en-el-proceso-a-la-gubernatura\/#article","isPartOf":{"@id":"https:\/\/canal7slp.tv\/2023\/se-abstuvo-68-por-ciento-de-comunidades-indigenas-de-oaxaca-en-el-proceso-a-la-gubernatura\/"},"author":{"name":"Edici\u00f3n Web","@id":"https:\/\/canal7slp.tv\/2023\/#\/schema\/person\/639c424e3584069003b11ae813915da6"},"headline":"Se abstuvo 68 por ciento de comunidades ind\u00edgenas de Oaxaca, en el proceso a la gubernatura","datePublished":"2023-03-23T22:06:07+00:00","mainEntityOfPage":{"@id":"https:\/\/canal7slp.tv\/2023\/se-abstuvo-68-por-ciento-de-comunidades-indigenas-de-oaxaca-en-el-proceso-a-la-gubernatura\/"},"wordCount":262,"publisher":{"@id":"https:\/\/canal7slp.tv\/2023\/#organization"},"image":{"@id":"https:\/\/canal7slp.tv\/2023\/se-abstuvo-68-por-ciento-de-comunidades-indigenas-de-oaxaca-en-el-proceso-a-la-gubernatura\/#primaryimage"},"thumbnailUrl":"https:\/\/canal7slp.tv\/2023\/wp-content\/uploads\/2023\/03\/Claudio05Rostros.jpg","articleSection":["DESTACADAS","LOCALES Y REGIONALES"],"inLanguage":"es"},{"@type":"WebPage","@id":"https:\/\/canal7slp.tv\/2023\/se-abstuvo-68-por-ciento-de-comunidades-indigenas-de-oaxaca-en-el-proceso-a-la-gubernatura\/","url":"https:\/\/canal7slp.tv\/2023\/se-abstuvo-68-por-ciento-de-comunidades-indigenas-de-oaxaca-en-el-proceso-a-la-gubernatura\/","name":"Se abstuvo 68 por ciento de comunidades ind\u00edgenas de Oaxaca, en el proceso a la gubernatura - Canal 7 SLP - 2023","isPartOf":{"@id":"https:\/\/canal7slp.tv\/2023\/#website"},"primaryImageOfPage":{"@id":"https:\/\/canal7slp.tv\/2023\/se-abstuvo-68-por-ciento-de-comunidades-indigenas-de-oaxaca-en-el-proceso-a-la-gubernatura\/#primaryimage"},"image":{"@id":"https:\/\/canal7slp.tv\/2023\/se-abstuvo-68-por-ciento-de-comunidades-indigenas-de-oaxaca-en-el-proceso-a-la-gubernatura\/#primaryimage"},"thumbnailUrl":"https:\/\/canal7slp.tv\/2023\/wp-content\/uploads\/2023\/03\/Claudio05Rostros.jpg","datePublished":"2023-03-23T22:06:07+00:00","breadcrumb":{"@id":"https:\/\/canal7slp.tv\/2023\/se-abstuvo-68-por-ciento-de-comunidades-indigenas-de-oaxaca-en-el-proceso-a-la-gubernatura\/#breadcrumb"},"inLanguage":"es","potentialAction":[{"@type":"ReadAction","target":["https:\/\/canal7slp.tv\/2023\/se-abstuvo-68-por-ciento-de-comunidades-indigenas-de-oaxaca-en-el-proceso-a-la-gubernatura\/"]}]},{"@type":"ImageObject","inLanguage":"es","@id":"https:\/\/canal7slp.tv\/2023\/se-abstuvo-68-por-ciento-de-comunidades-indigenas-de-oaxaca-en-el-proceso-a-la-gubernatura\/#primaryimage","url":"https:\/\/canal7slp.tv\/2023\/wp-content\/uploads\/2023\/03\/Claudio05Rostros.jpg","contentUrl":"https:\/\/canal7slp.tv\/2023\/wp-content\/uploads\/2023\/03\/Claudio05Rostros.jpg","width":888,"height":500},{"@type":"BreadcrumbList","@id":"https:\/\/canal7slp.tv\/2023\/se-abstuvo-68-por-ciento-de-comunidades-indigenas-de-oaxaca-en-el-proceso-a-la-gubernatura\/#breadcrumb","itemListElement":[{"@type":"ListItem","position":1,"name":"Portada","item":"https:\/\/canal7slp.tv\/2023\/"},{"@type":"ListItem","position":2,"name":"Se abstuvo 68 por ciento de comunidades ind\u00edgenas de Oaxaca, en el proceso a la gubernatura"}]},{"@type":"WebSite","@id":"https:\/\/canal7slp.tv\/2023\/#website","url":"https:\/\/canal7slp.tv\/2023\/","name":"N7 - Noticieros Canal 7","description":"Somos Televisi\u00f3n","publisher":{"@id":"https:\/\/canal7slp.tv\/2023\/#organization"},"potentialAction":[{"@type":"SearchAction","target":{"@type":"EntryPoint","urlTemplate":"https:\/\/canal7slp.tv\/2023\/?s={search_term_string}"},"query-input":{"@type":"PropertyValueSpecification","valueRequired":true,"valueName":"search_term_string"}}],"inLanguage":"es"},{"@type":"Organization","@id":"https:\/\/canal7slp.tv\/2023\/#organization","name":"Noticieros Canal 7","url":"https:\/\/canal7slp.tv\/2023\/","logo":{"@type":"ImageObject","inLanguage":"es","@id":"https:\/\/canal7slp.tv\/2023\/#\/schema\/logo\/image\/","url":"https:\/\/canal7slp.tv\/2023\/wp-content\/uploads\/2021\/01\/logo-noticieros@2x.png","contentUrl":"https:\/\/canal7slp.tv\/2023\/wp-content\/uploads\/2021\/01\/logo-noticieros@2x.png","width":1017,"height":268,"caption":"Noticieros Canal 7"},"image":{"@id":"https:\/\/canal7slp.tv\/2023\/#\/schema\/logo\/image\/"},"sameAs":["https:\/\/www.facebook.com\/noticieroscanalsiete","https:\/\/x.com\/NOTICIEROS7","https:\/\/www.instagram.com\/canal7_slp","https:\/\/www.youtube.com\/channel\/UCliiYs-gP3JfJeqdPrNdd5A"]},{"@type":"Person","@id":"https:\/\/canal7slp.tv\/2023\/#\/schema\/person\/639c424e3584069003b11ae813915da6","name":"Edici\u00f3n Web","image":{"@type":"ImageObject","inLanguage":"es","@id":"https:\/\/secure.gravatar.com\/avatar\/eee448fc3f7164808013b816ba91ac7e43bbe82a70bebac296f8bc6f0addaa1a?s=96&d=mm&r=g","url":"https:\/\/secure.gravatar.com\/avatar\/eee448fc3f7164808013b816ba91ac7e43bbe82a70bebac296f8bc6f0addaa1a?s=96&d=mm&r=g","contentUrl":"https:\/\/secure.gravatar.com\/avatar\/eee448fc3f7164808013b816ba91ac7e43bbe82a70bebac296f8bc6f0addaa1a?s=96&d=mm&r=g","caption":"Edici\u00f3n Web"},"url":"https:\/\/canal7slp.tv\/2023\/author\/edicionweb\/"}]}},"_links":{"self":[{"href":"https:\/\/canal7slp.tv\/2023\/wp-json\/wp\/v2\/posts\/90634","targetHints":{"allow":["GET"]}}],"collection":[{"href":"https:\/\/canal7slp.tv\/2023\/wp-json\/wp\/v2\/posts"}],"about":[{"href":"https:\/\/canal7slp.tv\/2023\/wp-json\/wp\/v2\/types\/post"}],"author":[{"embeddable":true,"href":"https:\/\/canal7slp.tv\/2023\/wp-json\/wp\/v2\/users\/2"}],"replies":[{"embeddable":true,"href":"https:\/\/canal7slp.tv\/2023\/wp-json\/wp\/v2\/comments?post=90634"}],"version-history":[{"count":2,"href":"https:\/\/canal7slp.tv\/2023\/wp-json\/wp\/v2\/posts\/90634\/revisions"}],"predecessor-version":[{"id":90779,"href":"https:\/\/canal7slp.tv\/2023\/wp-json\/wp\/v2\/posts\/90634\/revisions\/90779"}],"wp:featuredmedia":[{"embeddable":true,"href":"https:\/\/canal7slp.tv\/2023\/wp-json\/wp\/v2\/media\/90778"}],"wp:attachment":[{"href":"https:\/\/canal7slp.tv\/2023\/wp-json\/wp\/v2\/media?parent=90634"}],"wp:term":[{"taxonomy":"category","embeddable":true,"href":"https:\/\/canal7slp.tv\/2023\/wp-json\/wp\/v2\/categories?post=90634"},{"taxonomy":"post_tag","embeddable":true,"href":"https:\/\/canal7slp.tv\/2023\/wp-json\/wp\/v2\/tags?post=90634"}],"curies":[{"name":"wp","href":"https:\/\/api.w.org\/{rel}","templated":true}]}}