{"id":89015,"date":"2023-03-06T16:44:34","date_gmt":"2023-03-06T22:44:34","guid":{"rendered":"https:\/\/canal7slp.tv\/2023\/?p=89015"},"modified":"2023-03-06T16:44:34","modified_gmt":"2023-03-06T22:44:34","slug":"hacer-publico-el-padron-de-deudores-alimentarios-ha-funcionado-en-otras-entidades","status":"publish","type":"post","link":"https:\/\/canal7slp.tv\/2023\/hacer-publico-el-padron-de-deudores-alimentarios-ha-funcionado-en-otras-entidades\/","title":{"rendered":"Hacer p\u00fablico el padr\u00f3n de deudores alimentarios ha funcionado en otras entidades"},"content":{"rendered":"<ul>\n<li>En SLP se analizar\u00eda, debido al manejo de datos personales.<\/li>\n<\/ul>\n<p style=\"text-align: justify;\">SLP.- La presidente del Supremo Tribunal de Justicia de San Luis Potos\u00ed, Manuela Garc\u00eda C\u00e1zares, asegur\u00f3 que desde el congreso estatal se trabaja en una nueva iniciativa relacionada a la publicaci\u00f3n del padr\u00f3n de deudores alimentarios.<\/p>\n<p style=\"text-align: justify;\">\u00abPor ah\u00ed el congreso trae una nueva iniciativa que se va a aprobar en los pr\u00f3ximos d\u00edas no s\u00e9 c\u00f3mo vaya a quedar pero si tiene una iniciativa El Congreso para ampliar el tema&#8230;.Hemos tenido di\u00e1logo, sobre todo que nos pidieron la opini\u00f3n al poder judicial, en estos d\u00edas se va a rendir sobre los temas a tratar en el caso del c\u00f3digo familiar\u00bb, indic\u00f3.<\/p>\n<p style=\"text-align: justify;\">Seg\u00fan menciona, se analiza el hecho de que este mismo padr\u00f3n sea p\u00fablico para la sociedad en general.<\/p>\n<p style=\"text-align: justify;\">\u00abYo creo que ah\u00ed ser\u00eda un tema que habr\u00eda que tocarlo con mucha sensibilidad, sobre todo porque yo en lo particular no creo que sea p\u00fablica tomando en cuenta que se dar\u00edan datos confidenciales\u00bb, agreg\u00f3.<\/p>\n<p style=\"text-align: justify;\">Sin embargo, reconoci\u00f3 que esta acci\u00f3n si ha tenido efectos positivos en otras entidades.<\/p>\n<p style=\"text-align: justify;\">\u00abClaro que s\u00ed han funcionado en otros estados&#8230; Sobre todo las implicaciones que tiene para los deudores en el aspecto de que se observen y que inclusive puede dar lugar a un delito que ser\u00eda el incumplimiento de obligaciones familia\u00bb, culmin\u00f3.<\/p>\n<p>Por: Jos\u00e9 Luis V\u00e1zquez<\/p>\n","protected":false},"excerpt":{"rendered":"<p>En SLP se analizar\u00eda, debido al manejo de datos personales. SLP.- La presidente del Supremo Tribunal de Justicia de San Luis Potos\u00ed, Manuela Garc\u00eda C\u00e1zares, asegur\u00f3 que desde el congreso estatal se trabaja en una nueva iniciativa relacionada a la publicaci\u00f3n del padr\u00f3n de deudores alimentarios. \u00abPor ah\u00ed el congreso trae una nueva iniciativa que se va a aprobar en los pr\u00f3ximos d\u00edas no s\u00e9 c\u00f3mo vaya a quedar pero si tiene una iniciativa El Congreso para ampliar el tema&#8230;.Hemos tenido di\u00e1logo, sobre todo que nos pidieron la opini\u00f3n al poder judicial, en estos d\u00edas se va a rendir sobre [&hellip;]<\/p>\n","protected":false},"author":2,"featured_media":89021,"comment_status":"closed","ping_status":"closed","sticky":false,"template":"","format":"video","meta":{"footnotes":""},"categories":[5,45],"tags":[],"class_list":["post-89015","post","type-post","status-publish","format-video","has-post-thumbnail","hentry","category-destacadas","category-localesyregionales","post_format-post-format-video","post--single"],"yoast_head":"<!-- This site is optimized with the Yoast SEO plugin v27.5 - https:\/\/yoast.com\/product\/yoast-seo-wordpress\/ -->\n<title>Hacer p\u00fablico el padr\u00f3n de deudores alimentarios ha funcionado en otras entidades - Canal 7 SLP - 2023<\/title>\n<meta name=\"robots\" content=\"index, follow, max-snippet:-1, max-image-preview:large, max-video-preview:-1\" \/>\n<link rel=\"canonical\" href=\"https:\/\/canal7slp.tv\/2023\/hacer-publico-el-padron-de-deudores-alimentarios-ha-funcionado-en-otras-entidades\/\" \/>\n<meta property=\"og:locale\" content=\"es_ES\" \/>\n<meta property=\"og:type\" content=\"article\" \/>\n<meta property=\"og:title\" content=\"Hacer p\u00fablico el padr\u00f3n de deudores alimentarios ha funcionado en otras entidades - Canal 7 SLP - 2023\" \/>\n<meta property=\"og:description\" content=\"En SLP se analizar\u00eda, debido al manejo de datos personales. SLP.- La presidente del Supremo Tribunal de Justicia de San Luis Potos\u00ed, Manuela Garc\u00eda C\u00e1zares, asegur\u00f3 que desde el congreso estatal se trabaja en una nueva iniciativa relacionada a la publicaci\u00f3n del padr\u00f3n de deudores alimentarios. \u00abPor ah\u00ed el congreso trae una nueva iniciativa que se va a aprobar en los pr\u00f3ximos d\u00edas no s\u00e9 c\u00f3mo vaya a quedar pero si tiene una iniciativa El Congreso para ampliar el tema&#8230;.Hemos tenido di\u00e1logo, sobre todo que nos pidieron la opini\u00f3n al poder judicial, en estos d\u00edas se va a rendir sobre [&hellip;]\" \/>\n<meta property=\"og:url\" content=\"https:\/\/canal7slp.tv\/2023\/hacer-publico-el-padron-de-deudores-alimentarios-ha-funcionado-en-otras-entidades\/\" \/>\n<meta property=\"og:site_name\" content=\"Canal 7 SLP - 2023\" \/>\n<meta property=\"article:publisher\" content=\"https:\/\/www.facebook.com\/noticieroscanalsiete\" \/>\n<meta property=\"article:published_time\" content=\"2023-03-06T22:44:34+00:00\" \/>\n<meta property=\"og:image\" content=\"https:\/\/canal7slp.tv\/2023\/wp-content\/uploads\/2023\/03\/Vazquez01Deudores.jpg\" \/>\n\t<meta property=\"og:image:width\" content=\"1280\" \/>\n\t<meta property=\"og:image:height\" content=\"720\" \/>\n\t<meta property=\"og:image:type\" content=\"image\/jpeg\" \/>\n<meta name=\"author\" content=\"Edici\u00f3n Web\" \/>\n<meta name=\"twitter:card\" content=\"summary_large_image\" \/>\n<meta name=\"twitter:creator\" content=\"@NOTICIEROS7\" \/>\n<meta name=\"twitter:site\" content=\"@NOTICIEROS7\" \/>\n<meta name=\"twitter:label1\" content=\"Escrito por\" \/>\n\t<meta name=\"twitter:data1\" content=\"Edici\u00f3n Web\" \/>\n\t<meta name=\"twitter:label2\" content=\"Tiempo de lectura\" \/>\n\t<meta name=\"twitter:data2\" content=\"2 minutos\" \/>\n<script type=\"application\/ld+json\" class=\"yoast-schema-graph\">{\"@context\":\"https:\\\/\\\/schema.org\",\"@graph\":[{\"@type\":\"Article\",\"@id\":\"https:\\\/\\\/canal7slp.tv\\\/2023\\\/hacer-publico-el-padron-de-deudores-alimentarios-ha-funcionado-en-otras-entidades\\\/#article\",\"isPartOf\":{\"@id\":\"https:\\\/\\\/canal7slp.tv\\\/2023\\\/hacer-publico-el-padron-de-deudores-alimentarios-ha-funcionado-en-otras-entidades\\\/\"},\"author\":{\"name\":\"Edici\u00f3n Web\",\"@id\":\"https:\\\/\\\/canal7slp.tv\\\/2023\\\/#\\\/schema\\\/person\\\/639c424e3584069003b11ae813915da6\"},\"headline\":\"Hacer p\u00fablico el padr\u00f3n de deudores alimentarios ha funcionado en otras entidades\",\"datePublished\":\"2023-03-06T22:44:34+00:00\",\"mainEntityOfPage\":{\"@id\":\"https:\\\/\\\/canal7slp.tv\\\/2023\\\/hacer-publico-el-padron-de-deudores-alimentarios-ha-funcionado-en-otras-entidades\\\/\"},\"wordCount\":261,\"publisher\":{\"@id\":\"https:\\\/\\\/canal7slp.tv\\\/2023\\\/#organization\"},\"image\":{\"@id\":\"https:\\\/\\\/canal7slp.tv\\\/2023\\\/hacer-publico-el-padron-de-deudores-alimentarios-ha-funcionado-en-otras-entidades\\\/#primaryimage\"},\"thumbnailUrl\":\"https:\\\/\\\/canal7slp.tv\\\/2023\\\/wp-content\\\/uploads\\\/2023\\\/03\\\/Vazquez01Deudores.jpg\",\"articleSection\":[\"DESTACADAS\",\"LOCALES Y REGIONALES\"],\"inLanguage\":\"es\"},{\"@type\":\"WebPage\",\"@id\":\"https:\\\/\\\/canal7slp.tv\\\/2023\\\/hacer-publico-el-padron-de-deudores-alimentarios-ha-funcionado-en-otras-entidades\\\/\",\"url\":\"https:\\\/\\\/canal7slp.tv\\\/2023\\\/hacer-publico-el-padron-de-deudores-alimentarios-ha-funcionado-en-otras-entidades\\\/\",\"name\":\"Hacer p\u00fablico el padr\u00f3n de deudores alimentarios ha funcionado en otras entidades - Canal 7 SLP - 2023\",\"isPartOf\":{\"@id\":\"https:\\\/\\\/canal7slp.tv\\\/2023\\\/#website\"},\"primaryImageOfPage\":{\"@id\":\"https:\\\/\\\/canal7slp.tv\\\/2023\\\/hacer-publico-el-padron-de-deudores-alimentarios-ha-funcionado-en-otras-entidades\\\/#primaryimage\"},\"image\":{\"@id\":\"https:\\\/\\\/canal7slp.tv\\\/2023\\\/hacer-publico-el-padron-de-deudores-alimentarios-ha-funcionado-en-otras-entidades\\\/#primaryimage\"},\"thumbnailUrl\":\"https:\\\/\\\/canal7slp.tv\\\/2023\\\/wp-content\\\/uploads\\\/2023\\\/03\\\/Vazquez01Deudores.jpg\",\"datePublished\":\"2023-03-06T22:44:34+00:00\",\"breadcrumb\":{\"@id\":\"https:\\\/\\\/canal7slp.tv\\\/2023\\\/hacer-publico-el-padron-de-deudores-alimentarios-ha-funcionado-en-otras-entidades\\\/#breadcrumb\"},\"inLanguage\":\"es\",\"potentialAction\":[{\"@type\":\"ReadAction\",\"target\":[\"https:\\\/\\\/canal7slp.tv\\\/2023\\\/hacer-publico-el-padron-de-deudores-alimentarios-ha-funcionado-en-otras-entidades\\\/\"]}]},{\"@type\":\"ImageObject\",\"inLanguage\":\"es\",\"@id\":\"https:\\\/\\\/canal7slp.tv\\\/2023\\\/hacer-publico-el-padron-de-deudores-alimentarios-ha-funcionado-en-otras-entidades\\\/#primaryimage\",\"url\":\"https:\\\/\\\/canal7slp.tv\\\/2023\\\/wp-content\\\/uploads\\\/2023\\\/03\\\/Vazquez01Deudores.jpg\",\"contentUrl\":\"https:\\\/\\\/canal7slp.tv\\\/2023\\\/wp-content\\\/uploads\\\/2023\\\/03\\\/Vazquez01Deudores.jpg\",\"width\":1280,\"height\":720},{\"@type\":\"BreadcrumbList\",\"@id\":\"https:\\\/\\\/canal7slp.tv\\\/2023\\\/hacer-publico-el-padron-de-deudores-alimentarios-ha-funcionado-en-otras-entidades\\\/#breadcrumb\",\"itemListElement\":[{\"@type\":\"ListItem\",\"position\":1,\"name\":\"Portada\",\"item\":\"https:\\\/\\\/canal7slp.tv\\\/2023\\\/\"},{\"@type\":\"ListItem\",\"position\":2,\"name\":\"Hacer p\u00fablico el padr\u00f3n de deudores alimentarios ha funcionado en otras entidades\"}]},{\"@type\":\"WebSite\",\"@id\":\"https:\\\/\\\/canal7slp.tv\\\/2023\\\/#website\",\"url\":\"https:\\\/\\\/canal7slp.tv\\\/2023\\\/\",\"name\":\"N7 - Noticieros Canal 7\",\"description\":\"Somos Televisi\u00f3n\",\"publisher\":{\"@id\":\"https:\\\/\\\/canal7slp.tv\\\/2023\\\/#organization\"},\"potentialAction\":[{\"@type\":\"SearchAction\",\"target\":{\"@type\":\"EntryPoint\",\"urlTemplate\":\"https:\\\/\\\/canal7slp.tv\\\/2023\\\/?s={search_term_string}\"},\"query-input\":{\"@type\":\"PropertyValueSpecification\",\"valueRequired\":true,\"valueName\":\"search_term_string\"}}],\"inLanguage\":\"es\"},{\"@type\":\"Organization\",\"@id\":\"https:\\\/\\\/canal7slp.tv\\\/2023\\\/#organization\",\"name\":\"Noticieros Canal 7\",\"url\":\"https:\\\/\\\/canal7slp.tv\\\/2023\\\/\",\"logo\":{\"@type\":\"ImageObject\",\"inLanguage\":\"es\",\"@id\":\"https:\\\/\\\/canal7slp.tv\\\/2023\\\/#\\\/schema\\\/logo\\\/image\\\/\",\"url\":\"https:\\\/\\\/canal7slp.tv\\\/2023\\\/wp-content\\\/uploads\\\/2021\\\/01\\\/logo-noticieros@2x.png\",\"contentUrl\":\"https:\\\/\\\/canal7slp.tv\\\/2023\\\/wp-content\\\/uploads\\\/2021\\\/01\\\/logo-noticieros@2x.png\",\"width\":1017,\"height\":268,\"caption\":\"Noticieros Canal 7\"},\"image\":{\"@id\":\"https:\\\/\\\/canal7slp.tv\\\/2023\\\/#\\\/schema\\\/logo\\\/image\\\/\"},\"sameAs\":[\"https:\\\/\\\/www.facebook.com\\\/noticieroscanalsiete\",\"https:\\\/\\\/x.com\\\/NOTICIEROS7\",\"https:\\\/\\\/www.instagram.com\\\/canal7_slp\",\"https:\\\/\\\/www.youtube.com\\\/channel\\\/UCliiYs-gP3JfJeqdPrNdd5A\"]},{\"@type\":\"Person\",\"@id\":\"https:\\\/\\\/canal7slp.tv\\\/2023\\\/#\\\/schema\\\/person\\\/639c424e3584069003b11ae813915da6\",\"name\":\"Edici\u00f3n Web\",\"image\":{\"@type\":\"ImageObject\",\"inLanguage\":\"es\",\"@id\":\"https:\\\/\\\/secure.gravatar.com\\\/avatar\\\/eee448fc3f7164808013b816ba91ac7e43bbe82a70bebac296f8bc6f0addaa1a?s=96&d=mm&r=g\",\"url\":\"https:\\\/\\\/secure.gravatar.com\\\/avatar\\\/eee448fc3f7164808013b816ba91ac7e43bbe82a70bebac296f8bc6f0addaa1a?s=96&d=mm&r=g\",\"contentUrl\":\"https:\\\/\\\/secure.gravatar.com\\\/avatar\\\/eee448fc3f7164808013b816ba91ac7e43bbe82a70bebac296f8bc6f0addaa1a?s=96&d=mm&r=g\",\"caption\":\"Edici\u00f3n Web\"},\"url\":\"https:\\\/\\\/canal7slp.tv\\\/2023\\\/author\\\/edicionweb\\\/\"}]}<\/script>\n<!-- \/ Yoast SEO plugin. -->","yoast_head_json":{"title":"Hacer p\u00fablico el padr\u00f3n de deudores alimentarios ha funcionado en otras entidades - Canal 7 SLP - 2023","robots":{"index":"index","follow":"follow","max-snippet":"max-snippet:-1","max-image-preview":"max-image-preview:large","max-video-preview":"max-video-preview:-1"},"canonical":"https:\/\/canal7slp.tv\/2023\/hacer-publico-el-padron-de-deudores-alimentarios-ha-funcionado-en-otras-entidades\/","og_locale":"es_ES","og_type":"article","og_title":"Hacer p\u00fablico el padr\u00f3n de deudores alimentarios ha funcionado en otras entidades - Canal 7 SLP - 2023","og_description":"En SLP se analizar\u00eda, debido al manejo de datos personales. SLP.- La presidente del Supremo Tribunal de Justicia de San Luis Potos\u00ed, Manuela Garc\u00eda C\u00e1zares, asegur\u00f3 que desde el congreso estatal se trabaja en una nueva iniciativa relacionada a la publicaci\u00f3n del padr\u00f3n de deudores alimentarios. \u00abPor ah\u00ed el congreso trae una nueva iniciativa que se va a aprobar en los pr\u00f3ximos d\u00edas no s\u00e9 c\u00f3mo vaya a quedar pero si tiene una iniciativa El Congreso para ampliar el tema&#8230;.Hemos tenido di\u00e1logo, sobre todo que nos pidieron la opini\u00f3n al poder judicial, en estos d\u00edas se va a rendir sobre [&hellip;]","og_url":"https:\/\/canal7slp.tv\/2023\/hacer-publico-el-padron-de-deudores-alimentarios-ha-funcionado-en-otras-entidades\/","og_site_name":"Canal 7 SLP - 2023","article_publisher":"https:\/\/www.facebook.com\/noticieroscanalsiete","article_published_time":"2023-03-06T22:44:34+00:00","og_image":[{"width":1280,"height":720,"url":"https:\/\/canal7slp.tv\/2023\/wp-content\/uploads\/2023\/03\/Vazquez01Deudores.jpg","type":"image\/jpeg"}],"author":"Edici\u00f3n Web","twitter_card":"summary_large_image","twitter_creator":"@NOTICIEROS7","twitter_site":"@NOTICIEROS7","twitter_misc":{"Escrito por":"Edici\u00f3n Web","Tiempo de lectura":"2 minutos"},"schema":{"@context":"https:\/\/schema.org","@graph":[{"@type":"Article","@id":"https:\/\/canal7slp.tv\/2023\/hacer-publico-el-padron-de-deudores-alimentarios-ha-funcionado-en-otras-entidades\/#article","isPartOf":{"@id":"https:\/\/canal7slp.tv\/2023\/hacer-publico-el-padron-de-deudores-alimentarios-ha-funcionado-en-otras-entidades\/"},"author":{"name":"Edici\u00f3n Web","@id":"https:\/\/canal7slp.tv\/2023\/#\/schema\/person\/639c424e3584069003b11ae813915da6"},"headline":"Hacer p\u00fablico el padr\u00f3n de deudores alimentarios ha funcionado en otras entidades","datePublished":"2023-03-06T22:44:34+00:00","mainEntityOfPage":{"@id":"https:\/\/canal7slp.tv\/2023\/hacer-publico-el-padron-de-deudores-alimentarios-ha-funcionado-en-otras-entidades\/"},"wordCount":261,"publisher":{"@id":"https:\/\/canal7slp.tv\/2023\/#organization"},"image":{"@id":"https:\/\/canal7slp.tv\/2023\/hacer-publico-el-padron-de-deudores-alimentarios-ha-funcionado-en-otras-entidades\/#primaryimage"},"thumbnailUrl":"https:\/\/canal7slp.tv\/2023\/wp-content\/uploads\/2023\/03\/Vazquez01Deudores.jpg","articleSection":["DESTACADAS","LOCALES Y REGIONALES"],"inLanguage":"es"},{"@type":"WebPage","@id":"https:\/\/canal7slp.tv\/2023\/hacer-publico-el-padron-de-deudores-alimentarios-ha-funcionado-en-otras-entidades\/","url":"https:\/\/canal7slp.tv\/2023\/hacer-publico-el-padron-de-deudores-alimentarios-ha-funcionado-en-otras-entidades\/","name":"Hacer p\u00fablico el padr\u00f3n de deudores alimentarios ha funcionado en otras entidades - Canal 7 SLP - 2023","isPartOf":{"@id":"https:\/\/canal7slp.tv\/2023\/#website"},"primaryImageOfPage":{"@id":"https:\/\/canal7slp.tv\/2023\/hacer-publico-el-padron-de-deudores-alimentarios-ha-funcionado-en-otras-entidades\/#primaryimage"},"image":{"@id":"https:\/\/canal7slp.tv\/2023\/hacer-publico-el-padron-de-deudores-alimentarios-ha-funcionado-en-otras-entidades\/#primaryimage"},"thumbnailUrl":"https:\/\/canal7slp.tv\/2023\/wp-content\/uploads\/2023\/03\/Vazquez01Deudores.jpg","datePublished":"2023-03-06T22:44:34+00:00","breadcrumb":{"@id":"https:\/\/canal7slp.tv\/2023\/hacer-publico-el-padron-de-deudores-alimentarios-ha-funcionado-en-otras-entidades\/#breadcrumb"},"inLanguage":"es","potentialAction":[{"@type":"ReadAction","target":["https:\/\/canal7slp.tv\/2023\/hacer-publico-el-padron-de-deudores-alimentarios-ha-funcionado-en-otras-entidades\/"]}]},{"@type":"ImageObject","inLanguage":"es","@id":"https:\/\/canal7slp.tv\/2023\/hacer-publico-el-padron-de-deudores-alimentarios-ha-funcionado-en-otras-entidades\/#primaryimage","url":"https:\/\/canal7slp.tv\/2023\/wp-content\/uploads\/2023\/03\/Vazquez01Deudores.jpg","contentUrl":"https:\/\/canal7slp.tv\/2023\/wp-content\/uploads\/2023\/03\/Vazquez01Deudores.jpg","width":1280,"height":720},{"@type":"BreadcrumbList","@id":"https:\/\/canal7slp.tv\/2023\/hacer-publico-el-padron-de-deudores-alimentarios-ha-funcionado-en-otras-entidades\/#breadcrumb","itemListElement":[{"@type":"ListItem","position":1,"name":"Portada","item":"https:\/\/canal7slp.tv\/2023\/"},{"@type":"ListItem","position":2,"name":"Hacer p\u00fablico el padr\u00f3n de deudores alimentarios ha funcionado en otras entidades"}]},{"@type":"WebSite","@id":"https:\/\/canal7slp.tv\/2023\/#website","url":"https:\/\/canal7slp.tv\/2023\/","name":"N7 - Noticieros Canal 7","description":"Somos Televisi\u00f3n","publisher":{"@id":"https:\/\/canal7slp.tv\/2023\/#organization"},"potentialAction":[{"@type":"SearchAction","target":{"@type":"EntryPoint","urlTemplate":"https:\/\/canal7slp.tv\/2023\/?s={search_term_string}"},"query-input":{"@type":"PropertyValueSpecification","valueRequired":true,"valueName":"search_term_string"}}],"inLanguage":"es"},{"@type":"Organization","@id":"https:\/\/canal7slp.tv\/2023\/#organization","name":"Noticieros Canal 7","url":"https:\/\/canal7slp.tv\/2023\/","logo":{"@type":"ImageObject","inLanguage":"es","@id":"https:\/\/canal7slp.tv\/2023\/#\/schema\/logo\/image\/","url":"https:\/\/canal7slp.tv\/2023\/wp-content\/uploads\/2021\/01\/logo-noticieros@2x.png","contentUrl":"https:\/\/canal7slp.tv\/2023\/wp-content\/uploads\/2021\/01\/logo-noticieros@2x.png","width":1017,"height":268,"caption":"Noticieros Canal 7"},"image":{"@id":"https:\/\/canal7slp.tv\/2023\/#\/schema\/logo\/image\/"},"sameAs":["https:\/\/www.facebook.com\/noticieroscanalsiete","https:\/\/x.com\/NOTICIEROS7","https:\/\/www.instagram.com\/canal7_slp","https:\/\/www.youtube.com\/channel\/UCliiYs-gP3JfJeqdPrNdd5A"]},{"@type":"Person","@id":"https:\/\/canal7slp.tv\/2023\/#\/schema\/person\/639c424e3584069003b11ae813915da6","name":"Edici\u00f3n Web","image":{"@type":"ImageObject","inLanguage":"es","@id":"https:\/\/secure.gravatar.com\/avatar\/eee448fc3f7164808013b816ba91ac7e43bbe82a70bebac296f8bc6f0addaa1a?s=96&d=mm&r=g","url":"https:\/\/secure.gravatar.com\/avatar\/eee448fc3f7164808013b816ba91ac7e43bbe82a70bebac296f8bc6f0addaa1a?s=96&d=mm&r=g","contentUrl":"https:\/\/secure.gravatar.com\/avatar\/eee448fc3f7164808013b816ba91ac7e43bbe82a70bebac296f8bc6f0addaa1a?s=96&d=mm&r=g","caption":"Edici\u00f3n Web"},"url":"https:\/\/canal7slp.tv\/2023\/author\/edicionweb\/"}]}},"_links":{"self":[{"href":"https:\/\/canal7slp.tv\/2023\/wp-json\/wp\/v2\/posts\/89015","targetHints":{"allow":["GET"]}}],"collection":[{"href":"https:\/\/canal7slp.tv\/2023\/wp-json\/wp\/v2\/posts"}],"about":[{"href":"https:\/\/canal7slp.tv\/2023\/wp-json\/wp\/v2\/types\/post"}],"author":[{"embeddable":true,"href":"https:\/\/canal7slp.tv\/2023\/wp-json\/wp\/v2\/users\/2"}],"replies":[{"embeddable":true,"href":"https:\/\/canal7slp.tv\/2023\/wp-json\/wp\/v2\/comments?post=89015"}],"version-history":[{"count":2,"href":"https:\/\/canal7slp.tv\/2023\/wp-json\/wp\/v2\/posts\/89015\/revisions"}],"predecessor-version":[{"id":89022,"href":"https:\/\/canal7slp.tv\/2023\/wp-json\/wp\/v2\/posts\/89015\/revisions\/89022"}],"wp:featuredmedia":[{"embeddable":true,"href":"https:\/\/canal7slp.tv\/2023\/wp-json\/wp\/v2\/media\/89021"}],"wp:attachment":[{"href":"https:\/\/canal7slp.tv\/2023\/wp-json\/wp\/v2\/media?parent=89015"}],"wp:term":[{"taxonomy":"category","embeddable":true,"href":"https:\/\/canal7slp.tv\/2023\/wp-json\/wp\/v2\/categories?post=89015"},{"taxonomy":"post_tag","embeddable":true,"href":"https:\/\/canal7slp.tv\/2023\/wp-json\/wp\/v2\/tags?post=89015"}],"curies":[{"name":"wp","href":"https:\/\/api.w.org\/{rel}","templated":true}]}}