{"id":88984,"date":"2023-03-05T21:13:50","date_gmt":"2023-03-06T03:13:50","guid":{"rendered":"https:\/\/canal7slp.tv\/2023\/?p=88984"},"modified":"2023-03-05T21:13:50","modified_gmt":"2023-03-06T03:13:50","slug":"detienen-a-dos-jovenes-en-el-parque-tangamanga-i-por-presuntamente-amedrentar-a-familias","status":"publish","type":"post","link":"https:\/\/canal7slp.tv\/2023\/detienen-a-dos-jovenes-en-el-parque-tangamanga-i-por-presuntamente-amedrentar-a-familias\/","title":{"rendered":"Detienen a dos j\u00f3venes en el parque Tangamanga I por presuntamente amedrentar a familias"},"content":{"rendered":"<p style=\"text-align: justify;\">SLP.-\u00a0Este domingo, en un trabajo conjunto del personal de guarda parques y elementos de Guardia Civil Estatal (GCE), fueron capturados dos j\u00f3venes, por presuntamente amedrentar a las familias que acudieron a festejar con los suyos en el \u201cD\u00eda de la Familia\u00bb, al Parque Tangamanga I.<\/p>\n<p style=\"text-align: justify;\">Derivado de continuos rondines del personal de seguridad por las distintas \u00e1reas, zonas, as\u00ed como en las vialidades asfaltadas y caminos de terracer\u00eda, a fin de supervisar cualquier eventualidad, atendieron al llamado de las familias que hicieron del conocimiento, sobre la presencia sospechosa de dos j\u00f3venes.<\/p>\n<p style=\"text-align: justify;\">Se les localiz\u00f3 y detuvo precautoriamente para una revisi\u00f3n, de la cual result\u00f3 la portaci\u00f3n de un arma de utiler\u00eda con la que causaron alarma entre las familias que lograron verlos y que por fortuna se frustr\u00f3 el hecho a tiempo y se evit\u00f3 que alguien pudiera haber resultado lastimado.<\/p>\n<p style=\"text-align: justify;\">Los dos j\u00f3venes fueron puestos a disposici\u00f3n para la investigaci\u00f3n conducente y deslindar responsabilidades.<\/p>\n","protected":false},"excerpt":{"rendered":"<p>SLP.-\u00a0Este domingo, en un trabajo conjunto del personal de guarda parques y elementos de Guardia Civil Estatal (GCE), fueron capturados dos j\u00f3venes, por presuntamente amedrentar a las familias que acudieron a festejar con los suyos en el \u201cD\u00eda de la Familia\u00bb, al Parque Tangamanga I. Derivado de continuos rondines del personal de seguridad por las distintas \u00e1reas, zonas, as\u00ed como en las vialidades asfaltadas y caminos de terracer\u00eda, a fin de supervisar cualquier eventualidad, atendieron al llamado de las familias que hicieron del conocimiento, sobre la presencia sospechosa de dos j\u00f3venes. Se les localiz\u00f3 y detuvo precautoriamente para una revisi\u00f3n, [&hellip;]<\/p>\n","protected":false},"author":2,"featured_media":88985,"comment_status":"closed","ping_status":"closed","sticky":false,"template":"","format":"standard","meta":{"footnotes":""},"categories":[48],"tags":[],"class_list":["post-88984","post","type-post","status-publish","format-standard","has-post-thumbnail","hentry","category-reporte7","post--single"],"yoast_head":"<!-- This site is optimized with the Yoast SEO plugin v27.5 - https:\/\/yoast.com\/product\/yoast-seo-wordpress\/ -->\n<title>Detienen a dos j\u00f3venes en el parque Tangamanga I por presuntamente amedrentar a familias - Canal 7 SLP - 2023<\/title>\n<meta name=\"robots\" content=\"index, follow, max-snippet:-1, max-image-preview:large, max-video-preview:-1\" \/>\n<link rel=\"canonical\" href=\"https:\/\/canal7slp.tv\/2023\/detienen-a-dos-jovenes-en-el-parque-tangamanga-i-por-presuntamente-amedrentar-a-familias\/\" \/>\n<meta property=\"og:locale\" content=\"es_ES\" \/>\n<meta property=\"og:type\" content=\"article\" \/>\n<meta property=\"og:title\" content=\"Detienen a dos j\u00f3venes en el parque Tangamanga I por presuntamente amedrentar a familias - Canal 7 SLP - 2023\" \/>\n<meta property=\"og:description\" content=\"SLP.-\u00a0Este domingo, en un trabajo conjunto del personal de guarda parques y elementos de Guardia Civil Estatal (GCE), fueron capturados dos j\u00f3venes, por presuntamente amedrentar a las familias que acudieron a festejar con los suyos en el \u201cD\u00eda de la Familia\u00bb, al Parque Tangamanga I. Derivado de continuos rondines del personal de seguridad por las distintas \u00e1reas, zonas, as\u00ed como en las vialidades asfaltadas y caminos de terracer\u00eda, a fin de supervisar cualquier eventualidad, atendieron al llamado de las familias que hicieron del conocimiento, sobre la presencia sospechosa de dos j\u00f3venes. Se les localiz\u00f3 y detuvo precautoriamente para una revisi\u00f3n, [&hellip;]\" \/>\n<meta property=\"og:url\" content=\"https:\/\/canal7slp.tv\/2023\/detienen-a-dos-jovenes-en-el-parque-tangamanga-i-por-presuntamente-amedrentar-a-familias\/\" \/>\n<meta property=\"og:site_name\" content=\"Canal 7 SLP - 2023\" \/>\n<meta property=\"article:publisher\" content=\"https:\/\/www.facebook.com\/noticieroscanalsiete\" \/>\n<meta property=\"article:published_time\" content=\"2023-03-06T03:13:50+00:00\" \/>\n<meta property=\"og:image\" content=\"https:\/\/canal7slp.tv\/2023\/wp-content\/uploads\/2023\/03\/zz0.jpg\" \/>\n\t<meta property=\"og:image:width\" content=\"1156\" \/>\n\t<meta property=\"og:image:height\" content=\"867\" \/>\n\t<meta property=\"og:image:type\" content=\"image\/jpeg\" \/>\n<meta name=\"author\" content=\"Edici\u00f3n Web\" \/>\n<meta name=\"twitter:card\" content=\"summary_large_image\" \/>\n<meta name=\"twitter:creator\" content=\"@NOTICIEROS7\" \/>\n<meta name=\"twitter:site\" content=\"@NOTICIEROS7\" \/>\n<meta name=\"twitter:label1\" content=\"Escrito por\" \/>\n\t<meta name=\"twitter:data1\" content=\"Edici\u00f3n Web\" \/>\n\t<meta name=\"twitter:label2\" content=\"Tiempo de lectura\" \/>\n\t<meta name=\"twitter:data2\" content=\"1 minuto\" \/>\n<script type=\"application\/ld+json\" class=\"yoast-schema-graph\">{\"@context\":\"https:\\\/\\\/schema.org\",\"@graph\":[{\"@type\":\"Article\",\"@id\":\"https:\\\/\\\/canal7slp.tv\\\/2023\\\/detienen-a-dos-jovenes-en-el-parque-tangamanga-i-por-presuntamente-amedrentar-a-familias\\\/#article\",\"isPartOf\":{\"@id\":\"https:\\\/\\\/canal7slp.tv\\\/2023\\\/detienen-a-dos-jovenes-en-el-parque-tangamanga-i-por-presuntamente-amedrentar-a-familias\\\/\"},\"author\":{\"name\":\"Edici\u00f3n Web\",\"@id\":\"https:\\\/\\\/canal7slp.tv\\\/2023\\\/#\\\/schema\\\/person\\\/639c424e3584069003b11ae813915da6\"},\"headline\":\"Detienen a dos j\u00f3venes en el parque Tangamanga I por presuntamente amedrentar a familias\",\"datePublished\":\"2023-03-06T03:13:50+00:00\",\"mainEntityOfPage\":{\"@id\":\"https:\\\/\\\/canal7slp.tv\\\/2023\\\/detienen-a-dos-jovenes-en-el-parque-tangamanga-i-por-presuntamente-amedrentar-a-familias\\\/\"},\"wordCount\":182,\"publisher\":{\"@id\":\"https:\\\/\\\/canal7slp.tv\\\/2023\\\/#organization\"},\"image\":{\"@id\":\"https:\\\/\\\/canal7slp.tv\\\/2023\\\/detienen-a-dos-jovenes-en-el-parque-tangamanga-i-por-presuntamente-amedrentar-a-familias\\\/#primaryimage\"},\"thumbnailUrl\":\"https:\\\/\\\/canal7slp.tv\\\/2023\\\/wp-content\\\/uploads\\\/2023\\\/03\\\/zz0.jpg\",\"articleSection\":[\"REPORTE 7\"],\"inLanguage\":\"es\"},{\"@type\":\"WebPage\",\"@id\":\"https:\\\/\\\/canal7slp.tv\\\/2023\\\/detienen-a-dos-jovenes-en-el-parque-tangamanga-i-por-presuntamente-amedrentar-a-familias\\\/\",\"url\":\"https:\\\/\\\/canal7slp.tv\\\/2023\\\/detienen-a-dos-jovenes-en-el-parque-tangamanga-i-por-presuntamente-amedrentar-a-familias\\\/\",\"name\":\"Detienen a dos j\u00f3venes en el parque Tangamanga I por presuntamente amedrentar a familias - Canal 7 SLP - 2023\",\"isPartOf\":{\"@id\":\"https:\\\/\\\/canal7slp.tv\\\/2023\\\/#website\"},\"primaryImageOfPage\":{\"@id\":\"https:\\\/\\\/canal7slp.tv\\\/2023\\\/detienen-a-dos-jovenes-en-el-parque-tangamanga-i-por-presuntamente-amedrentar-a-familias\\\/#primaryimage\"},\"image\":{\"@id\":\"https:\\\/\\\/canal7slp.tv\\\/2023\\\/detienen-a-dos-jovenes-en-el-parque-tangamanga-i-por-presuntamente-amedrentar-a-familias\\\/#primaryimage\"},\"thumbnailUrl\":\"https:\\\/\\\/canal7slp.tv\\\/2023\\\/wp-content\\\/uploads\\\/2023\\\/03\\\/zz0.jpg\",\"datePublished\":\"2023-03-06T03:13:50+00:00\",\"breadcrumb\":{\"@id\":\"https:\\\/\\\/canal7slp.tv\\\/2023\\\/detienen-a-dos-jovenes-en-el-parque-tangamanga-i-por-presuntamente-amedrentar-a-familias\\\/#breadcrumb\"},\"inLanguage\":\"es\",\"potentialAction\":[{\"@type\":\"ReadAction\",\"target\":[\"https:\\\/\\\/canal7slp.tv\\\/2023\\\/detienen-a-dos-jovenes-en-el-parque-tangamanga-i-por-presuntamente-amedrentar-a-familias\\\/\"]}]},{\"@type\":\"ImageObject\",\"inLanguage\":\"es\",\"@id\":\"https:\\\/\\\/canal7slp.tv\\\/2023\\\/detienen-a-dos-jovenes-en-el-parque-tangamanga-i-por-presuntamente-amedrentar-a-familias\\\/#primaryimage\",\"url\":\"https:\\\/\\\/canal7slp.tv\\\/2023\\\/wp-content\\\/uploads\\\/2023\\\/03\\\/zz0.jpg\",\"contentUrl\":\"https:\\\/\\\/canal7slp.tv\\\/2023\\\/wp-content\\\/uploads\\\/2023\\\/03\\\/zz0.jpg\",\"width\":1156,\"height\":867},{\"@type\":\"BreadcrumbList\",\"@id\":\"https:\\\/\\\/canal7slp.tv\\\/2023\\\/detienen-a-dos-jovenes-en-el-parque-tangamanga-i-por-presuntamente-amedrentar-a-familias\\\/#breadcrumb\",\"itemListElement\":[{\"@type\":\"ListItem\",\"position\":1,\"name\":\"Portada\",\"item\":\"https:\\\/\\\/canal7slp.tv\\\/2023\\\/\"},{\"@type\":\"ListItem\",\"position\":2,\"name\":\"Detienen a dos j\u00f3venes en el parque Tangamanga I por presuntamente amedrentar a familias\"}]},{\"@type\":\"WebSite\",\"@id\":\"https:\\\/\\\/canal7slp.tv\\\/2023\\\/#website\",\"url\":\"https:\\\/\\\/canal7slp.tv\\\/2023\\\/\",\"name\":\"N7 - Noticieros Canal 7\",\"description\":\"Somos Televisi\u00f3n\",\"publisher\":{\"@id\":\"https:\\\/\\\/canal7slp.tv\\\/2023\\\/#organization\"},\"potentialAction\":[{\"@type\":\"SearchAction\",\"target\":{\"@type\":\"EntryPoint\",\"urlTemplate\":\"https:\\\/\\\/canal7slp.tv\\\/2023\\\/?s={search_term_string}\"},\"query-input\":{\"@type\":\"PropertyValueSpecification\",\"valueRequired\":true,\"valueName\":\"search_term_string\"}}],\"inLanguage\":\"es\"},{\"@type\":\"Organization\",\"@id\":\"https:\\\/\\\/canal7slp.tv\\\/2023\\\/#organization\",\"name\":\"Noticieros Canal 7\",\"url\":\"https:\\\/\\\/canal7slp.tv\\\/2023\\\/\",\"logo\":{\"@type\":\"ImageObject\",\"inLanguage\":\"es\",\"@id\":\"https:\\\/\\\/canal7slp.tv\\\/2023\\\/#\\\/schema\\\/logo\\\/image\\\/\",\"url\":\"https:\\\/\\\/canal7slp.tv\\\/2023\\\/wp-content\\\/uploads\\\/2021\\\/01\\\/logo-noticieros@2x.png\",\"contentUrl\":\"https:\\\/\\\/canal7slp.tv\\\/2023\\\/wp-content\\\/uploads\\\/2021\\\/01\\\/logo-noticieros@2x.png\",\"width\":1017,\"height\":268,\"caption\":\"Noticieros Canal 7\"},\"image\":{\"@id\":\"https:\\\/\\\/canal7slp.tv\\\/2023\\\/#\\\/schema\\\/logo\\\/image\\\/\"},\"sameAs\":[\"https:\\\/\\\/www.facebook.com\\\/noticieroscanalsiete\",\"https:\\\/\\\/x.com\\\/NOTICIEROS7\",\"https:\\\/\\\/www.instagram.com\\\/canal7_slp\",\"https:\\\/\\\/www.youtube.com\\\/channel\\\/UCliiYs-gP3JfJeqdPrNdd5A\"]},{\"@type\":\"Person\",\"@id\":\"https:\\\/\\\/canal7slp.tv\\\/2023\\\/#\\\/schema\\\/person\\\/639c424e3584069003b11ae813915da6\",\"name\":\"Edici\u00f3n Web\",\"image\":{\"@type\":\"ImageObject\",\"inLanguage\":\"es\",\"@id\":\"https:\\\/\\\/secure.gravatar.com\\\/avatar\\\/eee448fc3f7164808013b816ba91ac7e43bbe82a70bebac296f8bc6f0addaa1a?s=96&d=mm&r=g\",\"url\":\"https:\\\/\\\/secure.gravatar.com\\\/avatar\\\/eee448fc3f7164808013b816ba91ac7e43bbe82a70bebac296f8bc6f0addaa1a?s=96&d=mm&r=g\",\"contentUrl\":\"https:\\\/\\\/secure.gravatar.com\\\/avatar\\\/eee448fc3f7164808013b816ba91ac7e43bbe82a70bebac296f8bc6f0addaa1a?s=96&d=mm&r=g\",\"caption\":\"Edici\u00f3n Web\"},\"url\":\"https:\\\/\\\/canal7slp.tv\\\/2023\\\/author\\\/edicionweb\\\/\"}]}<\/script>\n<!-- \/ Yoast SEO plugin. -->","yoast_head_json":{"title":"Detienen a dos j\u00f3venes en el parque Tangamanga I por presuntamente amedrentar a familias - Canal 7 SLP - 2023","robots":{"index":"index","follow":"follow","max-snippet":"max-snippet:-1","max-image-preview":"max-image-preview:large","max-video-preview":"max-video-preview:-1"},"canonical":"https:\/\/canal7slp.tv\/2023\/detienen-a-dos-jovenes-en-el-parque-tangamanga-i-por-presuntamente-amedrentar-a-familias\/","og_locale":"es_ES","og_type":"article","og_title":"Detienen a dos j\u00f3venes en el parque Tangamanga I por presuntamente amedrentar a familias - Canal 7 SLP - 2023","og_description":"SLP.-\u00a0Este domingo, en un trabajo conjunto del personal de guarda parques y elementos de Guardia Civil Estatal (GCE), fueron capturados dos j\u00f3venes, por presuntamente amedrentar a las familias que acudieron a festejar con los suyos en el \u201cD\u00eda de la Familia\u00bb, al Parque Tangamanga I. Derivado de continuos rondines del personal de seguridad por las distintas \u00e1reas, zonas, as\u00ed como en las vialidades asfaltadas y caminos de terracer\u00eda, a fin de supervisar cualquier eventualidad, atendieron al llamado de las familias que hicieron del conocimiento, sobre la presencia sospechosa de dos j\u00f3venes. Se les localiz\u00f3 y detuvo precautoriamente para una revisi\u00f3n, [&hellip;]","og_url":"https:\/\/canal7slp.tv\/2023\/detienen-a-dos-jovenes-en-el-parque-tangamanga-i-por-presuntamente-amedrentar-a-familias\/","og_site_name":"Canal 7 SLP - 2023","article_publisher":"https:\/\/www.facebook.com\/noticieroscanalsiete","article_published_time":"2023-03-06T03:13:50+00:00","og_image":[{"width":1156,"height":867,"url":"https:\/\/canal7slp.tv\/2023\/wp-content\/uploads\/2023\/03\/zz0.jpg","type":"image\/jpeg"}],"author":"Edici\u00f3n Web","twitter_card":"summary_large_image","twitter_creator":"@NOTICIEROS7","twitter_site":"@NOTICIEROS7","twitter_misc":{"Escrito por":"Edici\u00f3n Web","Tiempo de lectura":"1 minuto"},"schema":{"@context":"https:\/\/schema.org","@graph":[{"@type":"Article","@id":"https:\/\/canal7slp.tv\/2023\/detienen-a-dos-jovenes-en-el-parque-tangamanga-i-por-presuntamente-amedrentar-a-familias\/#article","isPartOf":{"@id":"https:\/\/canal7slp.tv\/2023\/detienen-a-dos-jovenes-en-el-parque-tangamanga-i-por-presuntamente-amedrentar-a-familias\/"},"author":{"name":"Edici\u00f3n Web","@id":"https:\/\/canal7slp.tv\/2023\/#\/schema\/person\/639c424e3584069003b11ae813915da6"},"headline":"Detienen a dos j\u00f3venes en el parque Tangamanga I por presuntamente amedrentar a familias","datePublished":"2023-03-06T03:13:50+00:00","mainEntityOfPage":{"@id":"https:\/\/canal7slp.tv\/2023\/detienen-a-dos-jovenes-en-el-parque-tangamanga-i-por-presuntamente-amedrentar-a-familias\/"},"wordCount":182,"publisher":{"@id":"https:\/\/canal7slp.tv\/2023\/#organization"},"image":{"@id":"https:\/\/canal7slp.tv\/2023\/detienen-a-dos-jovenes-en-el-parque-tangamanga-i-por-presuntamente-amedrentar-a-familias\/#primaryimage"},"thumbnailUrl":"https:\/\/canal7slp.tv\/2023\/wp-content\/uploads\/2023\/03\/zz0.jpg","articleSection":["REPORTE 7"],"inLanguage":"es"},{"@type":"WebPage","@id":"https:\/\/canal7slp.tv\/2023\/detienen-a-dos-jovenes-en-el-parque-tangamanga-i-por-presuntamente-amedrentar-a-familias\/","url":"https:\/\/canal7slp.tv\/2023\/detienen-a-dos-jovenes-en-el-parque-tangamanga-i-por-presuntamente-amedrentar-a-familias\/","name":"Detienen a dos j\u00f3venes en el parque Tangamanga I por presuntamente amedrentar a familias - Canal 7 SLP - 2023","isPartOf":{"@id":"https:\/\/canal7slp.tv\/2023\/#website"},"primaryImageOfPage":{"@id":"https:\/\/canal7slp.tv\/2023\/detienen-a-dos-jovenes-en-el-parque-tangamanga-i-por-presuntamente-amedrentar-a-familias\/#primaryimage"},"image":{"@id":"https:\/\/canal7slp.tv\/2023\/detienen-a-dos-jovenes-en-el-parque-tangamanga-i-por-presuntamente-amedrentar-a-familias\/#primaryimage"},"thumbnailUrl":"https:\/\/canal7slp.tv\/2023\/wp-content\/uploads\/2023\/03\/zz0.jpg","datePublished":"2023-03-06T03:13:50+00:00","breadcrumb":{"@id":"https:\/\/canal7slp.tv\/2023\/detienen-a-dos-jovenes-en-el-parque-tangamanga-i-por-presuntamente-amedrentar-a-familias\/#breadcrumb"},"inLanguage":"es","potentialAction":[{"@type":"ReadAction","target":["https:\/\/canal7slp.tv\/2023\/detienen-a-dos-jovenes-en-el-parque-tangamanga-i-por-presuntamente-amedrentar-a-familias\/"]}]},{"@type":"ImageObject","inLanguage":"es","@id":"https:\/\/canal7slp.tv\/2023\/detienen-a-dos-jovenes-en-el-parque-tangamanga-i-por-presuntamente-amedrentar-a-familias\/#primaryimage","url":"https:\/\/canal7slp.tv\/2023\/wp-content\/uploads\/2023\/03\/zz0.jpg","contentUrl":"https:\/\/canal7slp.tv\/2023\/wp-content\/uploads\/2023\/03\/zz0.jpg","width":1156,"height":867},{"@type":"BreadcrumbList","@id":"https:\/\/canal7slp.tv\/2023\/detienen-a-dos-jovenes-en-el-parque-tangamanga-i-por-presuntamente-amedrentar-a-familias\/#breadcrumb","itemListElement":[{"@type":"ListItem","position":1,"name":"Portada","item":"https:\/\/canal7slp.tv\/2023\/"},{"@type":"ListItem","position":2,"name":"Detienen a dos j\u00f3venes en el parque Tangamanga I por presuntamente amedrentar a familias"}]},{"@type":"WebSite","@id":"https:\/\/canal7slp.tv\/2023\/#website","url":"https:\/\/canal7slp.tv\/2023\/","name":"N7 - Noticieros Canal 7","description":"Somos Televisi\u00f3n","publisher":{"@id":"https:\/\/canal7slp.tv\/2023\/#organization"},"potentialAction":[{"@type":"SearchAction","target":{"@type":"EntryPoint","urlTemplate":"https:\/\/canal7slp.tv\/2023\/?s={search_term_string}"},"query-input":{"@type":"PropertyValueSpecification","valueRequired":true,"valueName":"search_term_string"}}],"inLanguage":"es"},{"@type":"Organization","@id":"https:\/\/canal7slp.tv\/2023\/#organization","name":"Noticieros Canal 7","url":"https:\/\/canal7slp.tv\/2023\/","logo":{"@type":"ImageObject","inLanguage":"es","@id":"https:\/\/canal7slp.tv\/2023\/#\/schema\/logo\/image\/","url":"https:\/\/canal7slp.tv\/2023\/wp-content\/uploads\/2021\/01\/logo-noticieros@2x.png","contentUrl":"https:\/\/canal7slp.tv\/2023\/wp-content\/uploads\/2021\/01\/logo-noticieros@2x.png","width":1017,"height":268,"caption":"Noticieros Canal 7"},"image":{"@id":"https:\/\/canal7slp.tv\/2023\/#\/schema\/logo\/image\/"},"sameAs":["https:\/\/www.facebook.com\/noticieroscanalsiete","https:\/\/x.com\/NOTICIEROS7","https:\/\/www.instagram.com\/canal7_slp","https:\/\/www.youtube.com\/channel\/UCliiYs-gP3JfJeqdPrNdd5A"]},{"@type":"Person","@id":"https:\/\/canal7slp.tv\/2023\/#\/schema\/person\/639c424e3584069003b11ae813915da6","name":"Edici\u00f3n Web","image":{"@type":"ImageObject","inLanguage":"es","@id":"https:\/\/secure.gravatar.com\/avatar\/eee448fc3f7164808013b816ba91ac7e43bbe82a70bebac296f8bc6f0addaa1a?s=96&d=mm&r=g","url":"https:\/\/secure.gravatar.com\/avatar\/eee448fc3f7164808013b816ba91ac7e43bbe82a70bebac296f8bc6f0addaa1a?s=96&d=mm&r=g","contentUrl":"https:\/\/secure.gravatar.com\/avatar\/eee448fc3f7164808013b816ba91ac7e43bbe82a70bebac296f8bc6f0addaa1a?s=96&d=mm&r=g","caption":"Edici\u00f3n Web"},"url":"https:\/\/canal7slp.tv\/2023\/author\/edicionweb\/"}]}},"_links":{"self":[{"href":"https:\/\/canal7slp.tv\/2023\/wp-json\/wp\/v2\/posts\/88984","targetHints":{"allow":["GET"]}}],"collection":[{"href":"https:\/\/canal7slp.tv\/2023\/wp-json\/wp\/v2\/posts"}],"about":[{"href":"https:\/\/canal7slp.tv\/2023\/wp-json\/wp\/v2\/types\/post"}],"author":[{"embeddable":true,"href":"https:\/\/canal7slp.tv\/2023\/wp-json\/wp\/v2\/users\/2"}],"replies":[{"embeddable":true,"href":"https:\/\/canal7slp.tv\/2023\/wp-json\/wp\/v2\/comments?post=88984"}],"version-history":[{"count":1,"href":"https:\/\/canal7slp.tv\/2023\/wp-json\/wp\/v2\/posts\/88984\/revisions"}],"predecessor-version":[{"id":88986,"href":"https:\/\/canal7slp.tv\/2023\/wp-json\/wp\/v2\/posts\/88984\/revisions\/88986"}],"wp:featuredmedia":[{"embeddable":true,"href":"https:\/\/canal7slp.tv\/2023\/wp-json\/wp\/v2\/media\/88985"}],"wp:attachment":[{"href":"https:\/\/canal7slp.tv\/2023\/wp-json\/wp\/v2\/media?parent=88984"}],"wp:term":[{"taxonomy":"category","embeddable":true,"href":"https:\/\/canal7slp.tv\/2023\/wp-json\/wp\/v2\/categories?post=88984"},{"taxonomy":"post_tag","embeddable":true,"href":"https:\/\/canal7slp.tv\/2023\/wp-json\/wp\/v2\/tags?post=88984"}],"curies":[{"name":"wp","href":"https:\/\/api.w.org\/{rel}","templated":true}]}}