{"id":88943,"date":"2023-03-05T14:52:13","date_gmt":"2023-03-05T20:52:13","guid":{"rendered":"https:\/\/canal7slp.tv\/2023\/?p=88943"},"modified":"2023-03-05T14:52:13","modified_gmt":"2023-03-05T20:52:13","slug":"sre-anuncia-que-mexico-se-une-a-tratado-para-conservar-los-oceanos","status":"publish","type":"post","link":"https:\/\/canal7slp.tv\/2023\/sre-anuncia-que-mexico-se-une-a-tratado-para-conservar-los-oceanos\/","title":{"rendered":"SRE anuncia que M\u00e9xico se une a tratado para conservar los oc\u00e9anos"},"content":{"rendered":"<p style=\"text-align: justify;\">M\u00e9xico.- Marcelo Luis Ebrard Casaub\u00f3n, titular de la Secretar\u00eda de Relaciones Exteriores (SRE), inform\u00f3 la adhesi\u00f3n de M\u00e9xico al Tratado para la Conservaci\u00f3n y el Uso Sostenible de la Biodiversidad en los oc\u00e9anos.<\/p>\n<p style=\"text-align: justify;\">Con este tratado, se busc\u00e1 proteger a las \u00e1reas marinas que no pertenecen a ning\u00fan pa\u00eds, derivado de un acuerdo impulsado por la ONU<\/p>\n<p style=\"text-align: justify;\">El canciller detall\u00f3 que con la firma de dicho acuerdo se proteger\u00e1 al 30% de la totalidad de los oc\u00e9anos.<\/p>\n<p style=\"text-align: justify;\">\u00abSe acaba de acordar de salir adelante el Tratado para la Conservaci\u00f3n y el Uso Sostenible de la Biodiversidad en los Oc\u00e9anos, esto quiere decir, el 30% de todos los oc\u00e9anos del mundo van a quedar debidamente protegidos\u00bb, declar\u00f3.<\/p>\n<p style=\"text-align: justify;\">\u00abA veces no nos damos cuenta la devastaci\u00f3n en el mar, no la vemos, no la percibimos o no la podemos medir, y es una devastaci\u00f3n gigantesca que hay que frenar, por eso es importante este Tratado\u00bb, agreg\u00f3.<\/p>\n","protected":false},"excerpt":{"rendered":"<p>M\u00e9xico.- Marcelo Luis Ebrard Casaub\u00f3n, titular de la Secretar\u00eda de Relaciones Exteriores (SRE), inform\u00f3 la adhesi\u00f3n de M\u00e9xico al Tratado para la Conservaci\u00f3n y el Uso Sostenible de la Biodiversidad en los oc\u00e9anos. Con este tratado, se busc\u00e1 proteger a las \u00e1reas marinas que no pertenecen a ning\u00fan pa\u00eds, derivado de un acuerdo impulsado por la ONU El canciller detall\u00f3 que con la firma de dicho acuerdo se proteger\u00e1 al 30% de la totalidad de los oc\u00e9anos. \u00abSe acaba de acordar de salir adelante el Tratado para la Conservaci\u00f3n y el Uso Sostenible de la Biodiversidad en los Oc\u00e9anos, esto [&hellip;]<\/p>\n","protected":false},"author":2,"featured_media":88957,"comment_status":"closed","ping_status":"closed","sticky":false,"template":"","format":"standard","meta":{"footnotes":""},"categories":[46],"tags":[],"class_list":["post-88943","post","type-post","status-publish","format-standard","has-post-thumbnail","hentry","category-nacional","post--single"],"yoast_head":"<!-- This site is optimized with the Yoast SEO plugin v27.5 - https:\/\/yoast.com\/product\/yoast-seo-wordpress\/ -->\n<title>SRE anuncia que M\u00e9xico se une a tratado para conservar los oc\u00e9anos - Canal 7 SLP - 2023<\/title>\n<meta name=\"robots\" content=\"index, follow, max-snippet:-1, max-image-preview:large, max-video-preview:-1\" \/>\n<link rel=\"canonical\" href=\"https:\/\/canal7slp.tv\/2023\/sre-anuncia-que-mexico-se-une-a-tratado-para-conservar-los-oceanos\/\" \/>\n<meta property=\"og:locale\" content=\"es_ES\" \/>\n<meta property=\"og:type\" content=\"article\" \/>\n<meta property=\"og:title\" content=\"SRE anuncia que M\u00e9xico se une a tratado para conservar los oc\u00e9anos - Canal 7 SLP - 2023\" \/>\n<meta property=\"og:description\" content=\"M\u00e9xico.- Marcelo Luis Ebrard Casaub\u00f3n, titular de la Secretar\u00eda de Relaciones Exteriores (SRE), inform\u00f3 la adhesi\u00f3n de M\u00e9xico al Tratado para la Conservaci\u00f3n y el Uso Sostenible de la Biodiversidad en los oc\u00e9anos. Con este tratado, se busc\u00e1 proteger a las \u00e1reas marinas que no pertenecen a ning\u00fan pa\u00eds, derivado de un acuerdo impulsado por la ONU El canciller detall\u00f3 que con la firma de dicho acuerdo se proteger\u00e1 al 30% de la totalidad de los oc\u00e9anos. \u00abSe acaba de acordar de salir adelante el Tratado para la Conservaci\u00f3n y el Uso Sostenible de la Biodiversidad en los Oc\u00e9anos, esto [&hellip;]\" \/>\n<meta property=\"og:url\" content=\"https:\/\/canal7slp.tv\/2023\/sre-anuncia-que-mexico-se-une-a-tratado-para-conservar-los-oceanos\/\" \/>\n<meta property=\"og:site_name\" content=\"Canal 7 SLP - 2023\" \/>\n<meta property=\"article:publisher\" content=\"https:\/\/www.facebook.com\/noticieroscanalsiete\" \/>\n<meta property=\"article:published_time\" content=\"2023-03-05T20:52:13+00:00\" \/>\n<meta property=\"og:image\" content=\"https:\/\/canal7slp.tv\/2023\/wp-content\/uploads\/2023\/03\/06-4.jpg\" \/>\n\t<meta property=\"og:image:width\" content=\"696\" \/>\n\t<meta property=\"og:image:height\" content=\"464\" \/>\n\t<meta property=\"og:image:type\" content=\"image\/jpeg\" \/>\n<meta name=\"author\" content=\"Edici\u00f3n Web\" \/>\n<meta name=\"twitter:card\" content=\"summary_large_image\" \/>\n<meta name=\"twitter:creator\" content=\"@NOTICIEROS7\" \/>\n<meta name=\"twitter:site\" content=\"@NOTICIEROS7\" \/>\n<meta name=\"twitter:label1\" content=\"Escrito por\" \/>\n\t<meta name=\"twitter:data1\" content=\"Edici\u00f3n Web\" \/>\n\t<meta name=\"twitter:label2\" content=\"Tiempo de lectura\" \/>\n\t<meta name=\"twitter:data2\" content=\"1 minuto\" \/>\n<script type=\"application\/ld+json\" class=\"yoast-schema-graph\">{\"@context\":\"https:\\\/\\\/schema.org\",\"@graph\":[{\"@type\":\"Article\",\"@id\":\"https:\\\/\\\/canal7slp.tv\\\/2023\\\/sre-anuncia-que-mexico-se-une-a-tratado-para-conservar-los-oceanos\\\/#article\",\"isPartOf\":{\"@id\":\"https:\\\/\\\/canal7slp.tv\\\/2023\\\/sre-anuncia-que-mexico-se-une-a-tratado-para-conservar-los-oceanos\\\/\"},\"author\":{\"name\":\"Edici\u00f3n Web\",\"@id\":\"https:\\\/\\\/canal7slp.tv\\\/2023\\\/#\\\/schema\\\/person\\\/639c424e3584069003b11ae813915da6\"},\"headline\":\"SRE anuncia que M\u00e9xico se une a tratado para conservar los oc\u00e9anos\",\"datePublished\":\"2023-03-05T20:52:13+00:00\",\"mainEntityOfPage\":{\"@id\":\"https:\\\/\\\/canal7slp.tv\\\/2023\\\/sre-anuncia-que-mexico-se-une-a-tratado-para-conservar-los-oceanos\\\/\"},\"wordCount\":182,\"publisher\":{\"@id\":\"https:\\\/\\\/canal7slp.tv\\\/2023\\\/#organization\"},\"image\":{\"@id\":\"https:\\\/\\\/canal7slp.tv\\\/2023\\\/sre-anuncia-que-mexico-se-une-a-tratado-para-conservar-los-oceanos\\\/#primaryimage\"},\"thumbnailUrl\":\"https:\\\/\\\/canal7slp.tv\\\/2023\\\/wp-content\\\/uploads\\\/2023\\\/03\\\/06-4.jpg\",\"articleSection\":[\"NACIONALES\"],\"inLanguage\":\"es\"},{\"@type\":\"WebPage\",\"@id\":\"https:\\\/\\\/canal7slp.tv\\\/2023\\\/sre-anuncia-que-mexico-se-une-a-tratado-para-conservar-los-oceanos\\\/\",\"url\":\"https:\\\/\\\/canal7slp.tv\\\/2023\\\/sre-anuncia-que-mexico-se-une-a-tratado-para-conservar-los-oceanos\\\/\",\"name\":\"SRE anuncia que M\u00e9xico se une a tratado para conservar los oc\u00e9anos - Canal 7 SLP - 2023\",\"isPartOf\":{\"@id\":\"https:\\\/\\\/canal7slp.tv\\\/2023\\\/#website\"},\"primaryImageOfPage\":{\"@id\":\"https:\\\/\\\/canal7slp.tv\\\/2023\\\/sre-anuncia-que-mexico-se-une-a-tratado-para-conservar-los-oceanos\\\/#primaryimage\"},\"image\":{\"@id\":\"https:\\\/\\\/canal7slp.tv\\\/2023\\\/sre-anuncia-que-mexico-se-une-a-tratado-para-conservar-los-oceanos\\\/#primaryimage\"},\"thumbnailUrl\":\"https:\\\/\\\/canal7slp.tv\\\/2023\\\/wp-content\\\/uploads\\\/2023\\\/03\\\/06-4.jpg\",\"datePublished\":\"2023-03-05T20:52:13+00:00\",\"breadcrumb\":{\"@id\":\"https:\\\/\\\/canal7slp.tv\\\/2023\\\/sre-anuncia-que-mexico-se-une-a-tratado-para-conservar-los-oceanos\\\/#breadcrumb\"},\"inLanguage\":\"es\",\"potentialAction\":[{\"@type\":\"ReadAction\",\"target\":[\"https:\\\/\\\/canal7slp.tv\\\/2023\\\/sre-anuncia-que-mexico-se-une-a-tratado-para-conservar-los-oceanos\\\/\"]}]},{\"@type\":\"ImageObject\",\"inLanguage\":\"es\",\"@id\":\"https:\\\/\\\/canal7slp.tv\\\/2023\\\/sre-anuncia-que-mexico-se-une-a-tratado-para-conservar-los-oceanos\\\/#primaryimage\",\"url\":\"https:\\\/\\\/canal7slp.tv\\\/2023\\\/wp-content\\\/uploads\\\/2023\\\/03\\\/06-4.jpg\",\"contentUrl\":\"https:\\\/\\\/canal7slp.tv\\\/2023\\\/wp-content\\\/uploads\\\/2023\\\/03\\\/06-4.jpg\",\"width\":696,\"height\":464,\"caption\":\"BAJOS DEL NORTE, YUCAT\u00c1N, 13SEPTIEMBRE2021.- Los primeros hallazgos de la expedici\u00f3n que Oceana realiz\u00f3 en los arrecifes de Bajos del Norte, ubicado a 250 kil\u00f3metros de la costa de Yucat\u00e1n, arrojan que aun cuando hay un ecosistema saludable, existe evidencia de graves amenazas como la presencia del pez le\u00f3n, una especie invasora que puede acabar con poblaciones enteras; y un alto \u00edndice de enfermedad y mortalidad en corales que no se hab\u00edan registrado en una visita previa en 2019. Oceana, la mayor organizaci\u00f3n internacional dedicada exclusivamente a la protecci\u00f3n de los oc\u00e9anos, realiz\u00f3 una expedici\u00f3n cient\u00edfica a uno de los arrecifes m\u00e1s importantes del Golfo de M\u00e9xico, que ha sido poco estudiado debido a la distancia en que se encuentra. En el lugar recab\u00f3 la evidencia necesaria sobre las especies que ah\u00ed habitan y la salud general de los arrecifes; lo anterior para impulsar los cambios necesarios que aseguren el futuro de este sitio que no cuenta con una figura legal que le proteja. Diez cient\u00edficos especializados en distintas disciplinas y l\u00edderes en su campo de investigaci\u00f3n utilizaron tecnolog\u00eda de punta para realizar monitoreos de corales, moluscos, crust\u00e1ceos, equinodermos, otros invertebrados y peces. Esta investigaci\u00f3n permitir\u00e1 documentar la riqueza que aqu\u00ed se resguarda, aportar informaci\u00f3n que poco se ha recabado en la zona, e identificar las amenazas existentes. FOTO: OCEANA\\\/CARLOS AGUILERA\\\/CUARTOSCURO.COM\"},{\"@type\":\"BreadcrumbList\",\"@id\":\"https:\\\/\\\/canal7slp.tv\\\/2023\\\/sre-anuncia-que-mexico-se-une-a-tratado-para-conservar-los-oceanos\\\/#breadcrumb\",\"itemListElement\":[{\"@type\":\"ListItem\",\"position\":1,\"name\":\"Portada\",\"item\":\"https:\\\/\\\/canal7slp.tv\\\/2023\\\/\"},{\"@type\":\"ListItem\",\"position\":2,\"name\":\"SRE anuncia que M\u00e9xico se une a tratado para conservar los oc\u00e9anos\"}]},{\"@type\":\"WebSite\",\"@id\":\"https:\\\/\\\/canal7slp.tv\\\/2023\\\/#website\",\"url\":\"https:\\\/\\\/canal7slp.tv\\\/2023\\\/\",\"name\":\"N7 - Noticieros Canal 7\",\"description\":\"Somos Televisi\u00f3n\",\"publisher\":{\"@id\":\"https:\\\/\\\/canal7slp.tv\\\/2023\\\/#organization\"},\"potentialAction\":[{\"@type\":\"SearchAction\",\"target\":{\"@type\":\"EntryPoint\",\"urlTemplate\":\"https:\\\/\\\/canal7slp.tv\\\/2023\\\/?s={search_term_string}\"},\"query-input\":{\"@type\":\"PropertyValueSpecification\",\"valueRequired\":true,\"valueName\":\"search_term_string\"}}],\"inLanguage\":\"es\"},{\"@type\":\"Organization\",\"@id\":\"https:\\\/\\\/canal7slp.tv\\\/2023\\\/#organization\",\"name\":\"Noticieros Canal 7\",\"url\":\"https:\\\/\\\/canal7slp.tv\\\/2023\\\/\",\"logo\":{\"@type\":\"ImageObject\",\"inLanguage\":\"es\",\"@id\":\"https:\\\/\\\/canal7slp.tv\\\/2023\\\/#\\\/schema\\\/logo\\\/image\\\/\",\"url\":\"https:\\\/\\\/canal7slp.tv\\\/2023\\\/wp-content\\\/uploads\\\/2021\\\/01\\\/logo-noticieros@2x.png\",\"contentUrl\":\"https:\\\/\\\/canal7slp.tv\\\/2023\\\/wp-content\\\/uploads\\\/2021\\\/01\\\/logo-noticieros@2x.png\",\"width\":1017,\"height\":268,\"caption\":\"Noticieros Canal 7\"},\"image\":{\"@id\":\"https:\\\/\\\/canal7slp.tv\\\/2023\\\/#\\\/schema\\\/logo\\\/image\\\/\"},\"sameAs\":[\"https:\\\/\\\/www.facebook.com\\\/noticieroscanalsiete\",\"https:\\\/\\\/x.com\\\/NOTICIEROS7\",\"https:\\\/\\\/www.instagram.com\\\/canal7_slp\",\"https:\\\/\\\/www.youtube.com\\\/channel\\\/UCliiYs-gP3JfJeqdPrNdd5A\"]},{\"@type\":\"Person\",\"@id\":\"https:\\\/\\\/canal7slp.tv\\\/2023\\\/#\\\/schema\\\/person\\\/639c424e3584069003b11ae813915da6\",\"name\":\"Edici\u00f3n Web\",\"image\":{\"@type\":\"ImageObject\",\"inLanguage\":\"es\",\"@id\":\"https:\\\/\\\/secure.gravatar.com\\\/avatar\\\/eee448fc3f7164808013b816ba91ac7e43bbe82a70bebac296f8bc6f0addaa1a?s=96&d=mm&r=g\",\"url\":\"https:\\\/\\\/secure.gravatar.com\\\/avatar\\\/eee448fc3f7164808013b816ba91ac7e43bbe82a70bebac296f8bc6f0addaa1a?s=96&d=mm&r=g\",\"contentUrl\":\"https:\\\/\\\/secure.gravatar.com\\\/avatar\\\/eee448fc3f7164808013b816ba91ac7e43bbe82a70bebac296f8bc6f0addaa1a?s=96&d=mm&r=g\",\"caption\":\"Edici\u00f3n Web\"},\"url\":\"https:\\\/\\\/canal7slp.tv\\\/2023\\\/author\\\/edicionweb\\\/\"}]}<\/script>\n<!-- \/ Yoast SEO plugin. -->","yoast_head_json":{"title":"SRE anuncia que M\u00e9xico se une a tratado para conservar los oc\u00e9anos - Canal 7 SLP - 2023","robots":{"index":"index","follow":"follow","max-snippet":"max-snippet:-1","max-image-preview":"max-image-preview:large","max-video-preview":"max-video-preview:-1"},"canonical":"https:\/\/canal7slp.tv\/2023\/sre-anuncia-que-mexico-se-une-a-tratado-para-conservar-los-oceanos\/","og_locale":"es_ES","og_type":"article","og_title":"SRE anuncia que M\u00e9xico se une a tratado para conservar los oc\u00e9anos - Canal 7 SLP - 2023","og_description":"M\u00e9xico.- Marcelo Luis Ebrard Casaub\u00f3n, titular de la Secretar\u00eda de Relaciones Exteriores (SRE), inform\u00f3 la adhesi\u00f3n de M\u00e9xico al Tratado para la Conservaci\u00f3n y el Uso Sostenible de la Biodiversidad en los oc\u00e9anos. Con este tratado, se busc\u00e1 proteger a las \u00e1reas marinas que no pertenecen a ning\u00fan pa\u00eds, derivado de un acuerdo impulsado por la ONU El canciller detall\u00f3 que con la firma de dicho acuerdo se proteger\u00e1 al 30% de la totalidad de los oc\u00e9anos. \u00abSe acaba de acordar de salir adelante el Tratado para la Conservaci\u00f3n y el Uso Sostenible de la Biodiversidad en los Oc\u00e9anos, esto [&hellip;]","og_url":"https:\/\/canal7slp.tv\/2023\/sre-anuncia-que-mexico-se-une-a-tratado-para-conservar-los-oceanos\/","og_site_name":"Canal 7 SLP - 2023","article_publisher":"https:\/\/www.facebook.com\/noticieroscanalsiete","article_published_time":"2023-03-05T20:52:13+00:00","og_image":[{"width":696,"height":464,"url":"https:\/\/canal7slp.tv\/2023\/wp-content\/uploads\/2023\/03\/06-4.jpg","type":"image\/jpeg"}],"author":"Edici\u00f3n Web","twitter_card":"summary_large_image","twitter_creator":"@NOTICIEROS7","twitter_site":"@NOTICIEROS7","twitter_misc":{"Escrito por":"Edici\u00f3n Web","Tiempo de lectura":"1 minuto"},"schema":{"@context":"https:\/\/schema.org","@graph":[{"@type":"Article","@id":"https:\/\/canal7slp.tv\/2023\/sre-anuncia-que-mexico-se-une-a-tratado-para-conservar-los-oceanos\/#article","isPartOf":{"@id":"https:\/\/canal7slp.tv\/2023\/sre-anuncia-que-mexico-se-une-a-tratado-para-conservar-los-oceanos\/"},"author":{"name":"Edici\u00f3n Web","@id":"https:\/\/canal7slp.tv\/2023\/#\/schema\/person\/639c424e3584069003b11ae813915da6"},"headline":"SRE anuncia que M\u00e9xico se une a tratado para conservar los oc\u00e9anos","datePublished":"2023-03-05T20:52:13+00:00","mainEntityOfPage":{"@id":"https:\/\/canal7slp.tv\/2023\/sre-anuncia-que-mexico-se-une-a-tratado-para-conservar-los-oceanos\/"},"wordCount":182,"publisher":{"@id":"https:\/\/canal7slp.tv\/2023\/#organization"},"image":{"@id":"https:\/\/canal7slp.tv\/2023\/sre-anuncia-que-mexico-se-une-a-tratado-para-conservar-los-oceanos\/#primaryimage"},"thumbnailUrl":"https:\/\/canal7slp.tv\/2023\/wp-content\/uploads\/2023\/03\/06-4.jpg","articleSection":["NACIONALES"],"inLanguage":"es"},{"@type":"WebPage","@id":"https:\/\/canal7slp.tv\/2023\/sre-anuncia-que-mexico-se-une-a-tratado-para-conservar-los-oceanos\/","url":"https:\/\/canal7slp.tv\/2023\/sre-anuncia-que-mexico-se-une-a-tratado-para-conservar-los-oceanos\/","name":"SRE anuncia que M\u00e9xico se une a tratado para conservar los oc\u00e9anos - Canal 7 SLP - 2023","isPartOf":{"@id":"https:\/\/canal7slp.tv\/2023\/#website"},"primaryImageOfPage":{"@id":"https:\/\/canal7slp.tv\/2023\/sre-anuncia-que-mexico-se-une-a-tratado-para-conservar-los-oceanos\/#primaryimage"},"image":{"@id":"https:\/\/canal7slp.tv\/2023\/sre-anuncia-que-mexico-se-une-a-tratado-para-conservar-los-oceanos\/#primaryimage"},"thumbnailUrl":"https:\/\/canal7slp.tv\/2023\/wp-content\/uploads\/2023\/03\/06-4.jpg","datePublished":"2023-03-05T20:52:13+00:00","breadcrumb":{"@id":"https:\/\/canal7slp.tv\/2023\/sre-anuncia-que-mexico-se-une-a-tratado-para-conservar-los-oceanos\/#breadcrumb"},"inLanguage":"es","potentialAction":[{"@type":"ReadAction","target":["https:\/\/canal7slp.tv\/2023\/sre-anuncia-que-mexico-se-une-a-tratado-para-conservar-los-oceanos\/"]}]},{"@type":"ImageObject","inLanguage":"es","@id":"https:\/\/canal7slp.tv\/2023\/sre-anuncia-que-mexico-se-une-a-tratado-para-conservar-los-oceanos\/#primaryimage","url":"https:\/\/canal7slp.tv\/2023\/wp-content\/uploads\/2023\/03\/06-4.jpg","contentUrl":"https:\/\/canal7slp.tv\/2023\/wp-content\/uploads\/2023\/03\/06-4.jpg","width":696,"height":464,"caption":"BAJOS DEL NORTE, YUCAT\u00c1N, 13SEPTIEMBRE2021.- Los primeros hallazgos de la expedici\u00f3n que Oceana realiz\u00f3 en los arrecifes de Bajos del Norte, ubicado a 250 kil\u00f3metros de la costa de Yucat\u00e1n, arrojan que aun cuando hay un ecosistema saludable, existe evidencia de graves amenazas como la presencia del pez le\u00f3n, una especie invasora que puede acabar con poblaciones enteras; y un alto \u00edndice de enfermedad y mortalidad en corales que no se hab\u00edan registrado en una visita previa en 2019. Oceana, la mayor organizaci\u00f3n internacional dedicada exclusivamente a la protecci\u00f3n de los oc\u00e9anos, realiz\u00f3 una expedici\u00f3n cient\u00edfica a uno de los arrecifes m\u00e1s importantes del Golfo de M\u00e9xico, que ha sido poco estudiado debido a la distancia en que se encuentra. En el lugar recab\u00f3 la evidencia necesaria sobre las especies que ah\u00ed habitan y la salud general de los arrecifes; lo anterior para impulsar los cambios necesarios que aseguren el futuro de este sitio que no cuenta con una figura legal que le proteja. Diez cient\u00edficos especializados en distintas disciplinas y l\u00edderes en su campo de investigaci\u00f3n utilizaron tecnolog\u00eda de punta para realizar monitoreos de corales, moluscos, crust\u00e1ceos, equinodermos, otros invertebrados y peces. Esta investigaci\u00f3n permitir\u00e1 documentar la riqueza que aqu\u00ed se resguarda, aportar informaci\u00f3n que poco se ha recabado en la zona, e identificar las amenazas existentes. FOTO: OCEANA\/CARLOS AGUILERA\/CUARTOSCURO.COM"},{"@type":"BreadcrumbList","@id":"https:\/\/canal7slp.tv\/2023\/sre-anuncia-que-mexico-se-une-a-tratado-para-conservar-los-oceanos\/#breadcrumb","itemListElement":[{"@type":"ListItem","position":1,"name":"Portada","item":"https:\/\/canal7slp.tv\/2023\/"},{"@type":"ListItem","position":2,"name":"SRE anuncia que M\u00e9xico se une a tratado para conservar los oc\u00e9anos"}]},{"@type":"WebSite","@id":"https:\/\/canal7slp.tv\/2023\/#website","url":"https:\/\/canal7slp.tv\/2023\/","name":"N7 - Noticieros Canal 7","description":"Somos Televisi\u00f3n","publisher":{"@id":"https:\/\/canal7slp.tv\/2023\/#organization"},"potentialAction":[{"@type":"SearchAction","target":{"@type":"EntryPoint","urlTemplate":"https:\/\/canal7slp.tv\/2023\/?s={search_term_string}"},"query-input":{"@type":"PropertyValueSpecification","valueRequired":true,"valueName":"search_term_string"}}],"inLanguage":"es"},{"@type":"Organization","@id":"https:\/\/canal7slp.tv\/2023\/#organization","name":"Noticieros Canal 7","url":"https:\/\/canal7slp.tv\/2023\/","logo":{"@type":"ImageObject","inLanguage":"es","@id":"https:\/\/canal7slp.tv\/2023\/#\/schema\/logo\/image\/","url":"https:\/\/canal7slp.tv\/2023\/wp-content\/uploads\/2021\/01\/logo-noticieros@2x.png","contentUrl":"https:\/\/canal7slp.tv\/2023\/wp-content\/uploads\/2021\/01\/logo-noticieros@2x.png","width":1017,"height":268,"caption":"Noticieros Canal 7"},"image":{"@id":"https:\/\/canal7slp.tv\/2023\/#\/schema\/logo\/image\/"},"sameAs":["https:\/\/www.facebook.com\/noticieroscanalsiete","https:\/\/x.com\/NOTICIEROS7","https:\/\/www.instagram.com\/canal7_slp","https:\/\/www.youtube.com\/channel\/UCliiYs-gP3JfJeqdPrNdd5A"]},{"@type":"Person","@id":"https:\/\/canal7slp.tv\/2023\/#\/schema\/person\/639c424e3584069003b11ae813915da6","name":"Edici\u00f3n Web","image":{"@type":"ImageObject","inLanguage":"es","@id":"https:\/\/secure.gravatar.com\/avatar\/eee448fc3f7164808013b816ba91ac7e43bbe82a70bebac296f8bc6f0addaa1a?s=96&d=mm&r=g","url":"https:\/\/secure.gravatar.com\/avatar\/eee448fc3f7164808013b816ba91ac7e43bbe82a70bebac296f8bc6f0addaa1a?s=96&d=mm&r=g","contentUrl":"https:\/\/secure.gravatar.com\/avatar\/eee448fc3f7164808013b816ba91ac7e43bbe82a70bebac296f8bc6f0addaa1a?s=96&d=mm&r=g","caption":"Edici\u00f3n Web"},"url":"https:\/\/canal7slp.tv\/2023\/author\/edicionweb\/"}]}},"_links":{"self":[{"href":"https:\/\/canal7slp.tv\/2023\/wp-json\/wp\/v2\/posts\/88943","targetHints":{"allow":["GET"]}}],"collection":[{"href":"https:\/\/canal7slp.tv\/2023\/wp-json\/wp\/v2\/posts"}],"about":[{"href":"https:\/\/canal7slp.tv\/2023\/wp-json\/wp\/v2\/types\/post"}],"author":[{"embeddable":true,"href":"https:\/\/canal7slp.tv\/2023\/wp-json\/wp\/v2\/users\/2"}],"replies":[{"embeddable":true,"href":"https:\/\/canal7slp.tv\/2023\/wp-json\/wp\/v2\/comments?post=88943"}],"version-history":[{"count":2,"href":"https:\/\/canal7slp.tv\/2023\/wp-json\/wp\/v2\/posts\/88943\/revisions"}],"predecessor-version":[{"id":88963,"href":"https:\/\/canal7slp.tv\/2023\/wp-json\/wp\/v2\/posts\/88943\/revisions\/88963"}],"wp:featuredmedia":[{"embeddable":true,"href":"https:\/\/canal7slp.tv\/2023\/wp-json\/wp\/v2\/media\/88957"}],"wp:attachment":[{"href":"https:\/\/canal7slp.tv\/2023\/wp-json\/wp\/v2\/media?parent=88943"}],"wp:term":[{"taxonomy":"category","embeddable":true,"href":"https:\/\/canal7slp.tv\/2023\/wp-json\/wp\/v2\/categories?post=88943"},{"taxonomy":"post_tag","embeddable":true,"href":"https:\/\/canal7slp.tv\/2023\/wp-json\/wp\/v2\/tags?post=88943"}],"curies":[{"name":"wp","href":"https:\/\/api.w.org\/{rel}","templated":true}]}}