{"id":88938,"date":"2023-03-05T14:51:52","date_gmt":"2023-03-05T20:51:52","guid":{"rendered":"https:\/\/canal7slp.tv\/2023\/?p=88938"},"modified":"2023-03-05T14:51:52","modified_gmt":"2023-03-05T20:51:52","slug":"checo-perez-logra-el-segundo-lugar-en-el-gp-de-bahrein","status":"publish","type":"post","link":"https:\/\/canal7slp.tv\/2023\/checo-perez-logra-el-segundo-lugar-en-el-gp-de-bahrein\/","title":{"rendered":"\u201cCheco\u201d P\u00e9rez logra el segundo lugar en el GP de Bahr\u00e9in"},"content":{"rendered":"<p style=\"text-align: justify;\">Sakhir.- Tras lograr recuperarse de un error en la largada, Sergio \u201cCheco\u201d P\u00e9rez termin\u00f3 segundo lugar en el GP de Bahr\u00e9in.<\/p>\n<p style=\"text-align: justify;\">El primer puesto lo obtuvo su compa\u00f1ero de escuder\u00eda Red Bull, Max Verstappen.<\/p>\n<p style=\"text-align: justify;\">Mientras que el tercer puesto fue para Fernando Alonso de la escuder\u00eda Aston Martin.<\/p>\n<p style=\"text-align: justify;\">Cabe destacar, que desde su arranque, Verstappen defendi\u00f3 su posici\u00f3n y no hubo piloto que pudiera competirle por el primer puesto.<\/p>\n<p style=\"text-align: justify;\">En cambio, \u201cCheco\u201d present\u00f3 dificultades al perder la segunda posici\u00f3n. Esto, ya que el piloto de Ferrari, Charles Leclerc, lo super\u00f3.<\/p>\n<p style=\"text-align: justify;\">El piloto mexicano logr\u00f3 revertir la situaci\u00f3n en la vuelta n\u00famero 30-<\/p>\n<p style=\"text-align: justify;\">Resultados del Gran Premio de Bahr\u00e9in<\/p>\n<ol>\n<li style=\"text-align: justify;\">Max Verstappen de Red Bull<\/li>\n<li style=\"text-align: justify;\">Sergio P\u00e9rez de Red Bull<\/li>\n<li style=\"text-align: justify;\">Fernando Alonso de Aston Martin<\/li>\n<li style=\"text-align: justify;\">Carlos Sainz de Ferrari<\/li>\n<li style=\"text-align: justify;\">Lewis Hamilton de Mercedes<\/li>\n<li style=\"text-align: justify;\">Lance Stroll de Aston Martin<\/li>\n<li style=\"text-align: justify;\">George Russell de Mercedes<\/li>\n<li style=\"text-align: justify;\">Valterri Bottas de Alfa Romeo<\/li>\n<li style=\"text-align: justify;\">Pierre Gasly de Alpine<\/li>\n<li style=\"text-align: justify;\">Alexander Albon de Williams<\/li>\n<li style=\"text-align: justify;\">Yuki Tsunoda de Alphatauri<\/li>\n<li style=\"text-align: justify;\">Logan Sargeant de Williams<\/li>\n<li style=\"text-align: justify;\">Kevin Magnussen de Haas<\/li>\n<li style=\"text-align: justify;\">Nyck de Vries de Alphatauri<\/li>\n<li style=\"text-align: justify;\">Nico Hulkenberg de Haas<\/li>\n<li style=\"text-align: justify;\">Zhou Guanyu de Alfa Romeo<\/li>\n<li style=\"text-align: justify;\">Lando Norris de McLaren<\/li>\n<li style=\"text-align: justify;\">Esteban Oconde Alpine<\/li>\n<li style=\"text-align: justify;\">Charles Leclerc de Ferrari<\/li>\n<li style=\"text-align: justify;\">Oscar Piastri de McLaren<\/li>\n<\/ol>\n","protected":false},"excerpt":{"rendered":"<p>Sakhir.- Tras lograr recuperarse de un error en la largada, Sergio \u201cCheco\u201d P\u00e9rez termin\u00f3 segundo lugar en el GP de Bahr\u00e9in. El primer puesto lo obtuvo su compa\u00f1ero de escuder\u00eda Red Bull, Max Verstappen. Mientras que el tercer puesto fue para Fernando Alonso de la escuder\u00eda Aston Martin. Cabe destacar, que desde su arranque, Verstappen defendi\u00f3 su posici\u00f3n y no hubo piloto que pudiera competirle por el primer puesto. En cambio, \u201cCheco\u201d present\u00f3 dificultades al perder la segunda posici\u00f3n. Esto, ya que el piloto de Ferrari, Charles Leclerc, lo super\u00f3. El piloto mexicano logr\u00f3 revertir la situaci\u00f3n en la vuelta [&hellip;]<\/p>\n","protected":false},"author":2,"featured_media":88953,"comment_status":"closed","ping_status":"closed","sticky":false,"template":"","format":"standard","meta":{"footnotes":""},"categories":[7],"tags":[],"class_list":["post-88938","post","type-post","status-publish","format-standard","has-post-thumbnail","hentry","category-deportes","post--single"],"yoast_head":"<!-- This site is optimized with the Yoast SEO plugin v27.5 - https:\/\/yoast.com\/product\/yoast-seo-wordpress\/ -->\n<title>\u201cCheco\u201d P\u00e9rez logra el segundo lugar en el GP de Bahr\u00e9in - Canal 7 SLP - 2023<\/title>\n<meta name=\"robots\" content=\"index, follow, max-snippet:-1, max-image-preview:large, max-video-preview:-1\" \/>\n<link rel=\"canonical\" href=\"https:\/\/canal7slp.tv\/2023\/checo-perez-logra-el-segundo-lugar-en-el-gp-de-bahrein\/\" \/>\n<meta property=\"og:locale\" content=\"es_ES\" \/>\n<meta property=\"og:type\" content=\"article\" \/>\n<meta property=\"og:title\" content=\"\u201cCheco\u201d P\u00e9rez logra el segundo lugar en el GP de Bahr\u00e9in - Canal 7 SLP - 2023\" \/>\n<meta property=\"og:description\" content=\"Sakhir.- Tras lograr recuperarse de un error en la largada, Sergio \u201cCheco\u201d P\u00e9rez termin\u00f3 segundo lugar en el GP de Bahr\u00e9in. El primer puesto lo obtuvo su compa\u00f1ero de escuder\u00eda Red Bull, Max Verstappen. Mientras que el tercer puesto fue para Fernando Alonso de la escuder\u00eda Aston Martin. Cabe destacar, que desde su arranque, Verstappen defendi\u00f3 su posici\u00f3n y no hubo piloto que pudiera competirle por el primer puesto. En cambio, \u201cCheco\u201d present\u00f3 dificultades al perder la segunda posici\u00f3n. Esto, ya que el piloto de Ferrari, Charles Leclerc, lo super\u00f3. El piloto mexicano logr\u00f3 revertir la situaci\u00f3n en la vuelta [&hellip;]\" \/>\n<meta property=\"og:url\" content=\"https:\/\/canal7slp.tv\/2023\/checo-perez-logra-el-segundo-lugar-en-el-gp-de-bahrein\/\" \/>\n<meta property=\"og:site_name\" content=\"Canal 7 SLP - 2023\" \/>\n<meta property=\"article:publisher\" content=\"https:\/\/www.facebook.com\/noticieroscanalsiete\" \/>\n<meta property=\"article:published_time\" content=\"2023-03-05T20:51:52+00:00\" \/>\n<meta property=\"og:image\" content=\"https:\/\/canal7slp.tv\/2023\/wp-content\/uploads\/2023\/03\/01-2.jpg\" \/>\n\t<meta property=\"og:image:width\" content=\"1110\" \/>\n\t<meta property=\"og:image:height\" content=\"600\" \/>\n\t<meta property=\"og:image:type\" content=\"image\/jpeg\" \/>\n<meta name=\"author\" content=\"Edici\u00f3n Web\" \/>\n<meta name=\"twitter:card\" content=\"summary_large_image\" \/>\n<meta name=\"twitter:creator\" content=\"@NOTICIEROS7\" \/>\n<meta name=\"twitter:site\" content=\"@NOTICIEROS7\" \/>\n<meta name=\"twitter:label1\" content=\"Escrito por\" \/>\n\t<meta name=\"twitter:data1\" content=\"Edici\u00f3n Web\" \/>\n\t<meta name=\"twitter:label2\" content=\"Tiempo de lectura\" \/>\n\t<meta name=\"twitter:data2\" content=\"1 minuto\" \/>\n<script type=\"application\/ld+json\" class=\"yoast-schema-graph\">{\"@context\":\"https:\\\/\\\/schema.org\",\"@graph\":[{\"@type\":\"Article\",\"@id\":\"https:\\\/\\\/canal7slp.tv\\\/2023\\\/checo-perez-logra-el-segundo-lugar-en-el-gp-de-bahrein\\\/#article\",\"isPartOf\":{\"@id\":\"https:\\\/\\\/canal7slp.tv\\\/2023\\\/checo-perez-logra-el-segundo-lugar-en-el-gp-de-bahrein\\\/\"},\"author\":{\"name\":\"Edici\u00f3n Web\",\"@id\":\"https:\\\/\\\/canal7slp.tv\\\/2023\\\/#\\\/schema\\\/person\\\/639c424e3584069003b11ae813915da6\"},\"headline\":\"\u201cCheco\u201d P\u00e9rez logra el segundo lugar en el GP de Bahr\u00e9in\",\"datePublished\":\"2023-03-05T20:51:52+00:00\",\"mainEntityOfPage\":{\"@id\":\"https:\\\/\\\/canal7slp.tv\\\/2023\\\/checo-perez-logra-el-segundo-lugar-en-el-gp-de-bahrein\\\/\"},\"wordCount\":219,\"publisher\":{\"@id\":\"https:\\\/\\\/canal7slp.tv\\\/2023\\\/#organization\"},\"image\":{\"@id\":\"https:\\\/\\\/canal7slp.tv\\\/2023\\\/checo-perez-logra-el-segundo-lugar-en-el-gp-de-bahrein\\\/#primaryimage\"},\"thumbnailUrl\":\"https:\\\/\\\/canal7slp.tv\\\/2023\\\/wp-content\\\/uploads\\\/2023\\\/03\\\/01-2.jpg\",\"articleSection\":[\"DEPORTES\"],\"inLanguage\":\"es\"},{\"@type\":\"WebPage\",\"@id\":\"https:\\\/\\\/canal7slp.tv\\\/2023\\\/checo-perez-logra-el-segundo-lugar-en-el-gp-de-bahrein\\\/\",\"url\":\"https:\\\/\\\/canal7slp.tv\\\/2023\\\/checo-perez-logra-el-segundo-lugar-en-el-gp-de-bahrein\\\/\",\"name\":\"\u201cCheco\u201d P\u00e9rez logra el segundo lugar en el GP de Bahr\u00e9in - Canal 7 SLP - 2023\",\"isPartOf\":{\"@id\":\"https:\\\/\\\/canal7slp.tv\\\/2023\\\/#website\"},\"primaryImageOfPage\":{\"@id\":\"https:\\\/\\\/canal7slp.tv\\\/2023\\\/checo-perez-logra-el-segundo-lugar-en-el-gp-de-bahrein\\\/#primaryimage\"},\"image\":{\"@id\":\"https:\\\/\\\/canal7slp.tv\\\/2023\\\/checo-perez-logra-el-segundo-lugar-en-el-gp-de-bahrein\\\/#primaryimage\"},\"thumbnailUrl\":\"https:\\\/\\\/canal7slp.tv\\\/2023\\\/wp-content\\\/uploads\\\/2023\\\/03\\\/01-2.jpg\",\"datePublished\":\"2023-03-05T20:51:52+00:00\",\"breadcrumb\":{\"@id\":\"https:\\\/\\\/canal7slp.tv\\\/2023\\\/checo-perez-logra-el-segundo-lugar-en-el-gp-de-bahrein\\\/#breadcrumb\"},\"inLanguage\":\"es\",\"potentialAction\":[{\"@type\":\"ReadAction\",\"target\":[\"https:\\\/\\\/canal7slp.tv\\\/2023\\\/checo-perez-logra-el-segundo-lugar-en-el-gp-de-bahrein\\\/\"]}]},{\"@type\":\"ImageObject\",\"inLanguage\":\"es\",\"@id\":\"https:\\\/\\\/canal7slp.tv\\\/2023\\\/checo-perez-logra-el-segundo-lugar-en-el-gp-de-bahrein\\\/#primaryimage\",\"url\":\"https:\\\/\\\/canal7slp.tv\\\/2023\\\/wp-content\\\/uploads\\\/2023\\\/03\\\/01-2.jpg\",\"contentUrl\":\"https:\\\/\\\/canal7slp.tv\\\/2023\\\/wp-content\\\/uploads\\\/2023\\\/03\\\/01-2.jpg\",\"width\":1110,\"height\":600},{\"@type\":\"BreadcrumbList\",\"@id\":\"https:\\\/\\\/canal7slp.tv\\\/2023\\\/checo-perez-logra-el-segundo-lugar-en-el-gp-de-bahrein\\\/#breadcrumb\",\"itemListElement\":[{\"@type\":\"ListItem\",\"position\":1,\"name\":\"Portada\",\"item\":\"https:\\\/\\\/canal7slp.tv\\\/2023\\\/\"},{\"@type\":\"ListItem\",\"position\":2,\"name\":\"\u201cCheco\u201d P\u00e9rez logra el segundo lugar en el GP de Bahr\u00e9in\"}]},{\"@type\":\"WebSite\",\"@id\":\"https:\\\/\\\/canal7slp.tv\\\/2023\\\/#website\",\"url\":\"https:\\\/\\\/canal7slp.tv\\\/2023\\\/\",\"name\":\"N7 - Noticieros Canal 7\",\"description\":\"Somos Televisi\u00f3n\",\"publisher\":{\"@id\":\"https:\\\/\\\/canal7slp.tv\\\/2023\\\/#organization\"},\"potentialAction\":[{\"@type\":\"SearchAction\",\"target\":{\"@type\":\"EntryPoint\",\"urlTemplate\":\"https:\\\/\\\/canal7slp.tv\\\/2023\\\/?s={search_term_string}\"},\"query-input\":{\"@type\":\"PropertyValueSpecification\",\"valueRequired\":true,\"valueName\":\"search_term_string\"}}],\"inLanguage\":\"es\"},{\"@type\":\"Organization\",\"@id\":\"https:\\\/\\\/canal7slp.tv\\\/2023\\\/#organization\",\"name\":\"Noticieros Canal 7\",\"url\":\"https:\\\/\\\/canal7slp.tv\\\/2023\\\/\",\"logo\":{\"@type\":\"ImageObject\",\"inLanguage\":\"es\",\"@id\":\"https:\\\/\\\/canal7slp.tv\\\/2023\\\/#\\\/schema\\\/logo\\\/image\\\/\",\"url\":\"https:\\\/\\\/canal7slp.tv\\\/2023\\\/wp-content\\\/uploads\\\/2021\\\/01\\\/logo-noticieros@2x.png\",\"contentUrl\":\"https:\\\/\\\/canal7slp.tv\\\/2023\\\/wp-content\\\/uploads\\\/2021\\\/01\\\/logo-noticieros@2x.png\",\"width\":1017,\"height\":268,\"caption\":\"Noticieros Canal 7\"},\"image\":{\"@id\":\"https:\\\/\\\/canal7slp.tv\\\/2023\\\/#\\\/schema\\\/logo\\\/image\\\/\"},\"sameAs\":[\"https:\\\/\\\/www.facebook.com\\\/noticieroscanalsiete\",\"https:\\\/\\\/x.com\\\/NOTICIEROS7\",\"https:\\\/\\\/www.instagram.com\\\/canal7_slp\",\"https:\\\/\\\/www.youtube.com\\\/channel\\\/UCliiYs-gP3JfJeqdPrNdd5A\"]},{\"@type\":\"Person\",\"@id\":\"https:\\\/\\\/canal7slp.tv\\\/2023\\\/#\\\/schema\\\/person\\\/639c424e3584069003b11ae813915da6\",\"name\":\"Edici\u00f3n Web\",\"image\":{\"@type\":\"ImageObject\",\"inLanguage\":\"es\",\"@id\":\"https:\\\/\\\/secure.gravatar.com\\\/avatar\\\/eee448fc3f7164808013b816ba91ac7e43bbe82a70bebac296f8bc6f0addaa1a?s=96&d=mm&r=g\",\"url\":\"https:\\\/\\\/secure.gravatar.com\\\/avatar\\\/eee448fc3f7164808013b816ba91ac7e43bbe82a70bebac296f8bc6f0addaa1a?s=96&d=mm&r=g\",\"contentUrl\":\"https:\\\/\\\/secure.gravatar.com\\\/avatar\\\/eee448fc3f7164808013b816ba91ac7e43bbe82a70bebac296f8bc6f0addaa1a?s=96&d=mm&r=g\",\"caption\":\"Edici\u00f3n Web\"},\"url\":\"https:\\\/\\\/canal7slp.tv\\\/2023\\\/author\\\/edicionweb\\\/\"}]}<\/script>\n<!-- \/ Yoast SEO plugin. -->","yoast_head_json":{"title":"\u201cCheco\u201d P\u00e9rez logra el segundo lugar en el GP de Bahr\u00e9in - Canal 7 SLP - 2023","robots":{"index":"index","follow":"follow","max-snippet":"max-snippet:-1","max-image-preview":"max-image-preview:large","max-video-preview":"max-video-preview:-1"},"canonical":"https:\/\/canal7slp.tv\/2023\/checo-perez-logra-el-segundo-lugar-en-el-gp-de-bahrein\/","og_locale":"es_ES","og_type":"article","og_title":"\u201cCheco\u201d P\u00e9rez logra el segundo lugar en el GP de Bahr\u00e9in - Canal 7 SLP - 2023","og_description":"Sakhir.- Tras lograr recuperarse de un error en la largada, Sergio \u201cCheco\u201d P\u00e9rez termin\u00f3 segundo lugar en el GP de Bahr\u00e9in. El primer puesto lo obtuvo su compa\u00f1ero de escuder\u00eda Red Bull, Max Verstappen. Mientras que el tercer puesto fue para Fernando Alonso de la escuder\u00eda Aston Martin. Cabe destacar, que desde su arranque, Verstappen defendi\u00f3 su posici\u00f3n y no hubo piloto que pudiera competirle por el primer puesto. En cambio, \u201cCheco\u201d present\u00f3 dificultades al perder la segunda posici\u00f3n. Esto, ya que el piloto de Ferrari, Charles Leclerc, lo super\u00f3. El piloto mexicano logr\u00f3 revertir la situaci\u00f3n en la vuelta [&hellip;]","og_url":"https:\/\/canal7slp.tv\/2023\/checo-perez-logra-el-segundo-lugar-en-el-gp-de-bahrein\/","og_site_name":"Canal 7 SLP - 2023","article_publisher":"https:\/\/www.facebook.com\/noticieroscanalsiete","article_published_time":"2023-03-05T20:51:52+00:00","og_image":[{"width":1110,"height":600,"url":"https:\/\/canal7slp.tv\/2023\/wp-content\/uploads\/2023\/03\/01-2.jpg","type":"image\/jpeg"}],"author":"Edici\u00f3n Web","twitter_card":"summary_large_image","twitter_creator":"@NOTICIEROS7","twitter_site":"@NOTICIEROS7","twitter_misc":{"Escrito por":"Edici\u00f3n Web","Tiempo de lectura":"1 minuto"},"schema":{"@context":"https:\/\/schema.org","@graph":[{"@type":"Article","@id":"https:\/\/canal7slp.tv\/2023\/checo-perez-logra-el-segundo-lugar-en-el-gp-de-bahrein\/#article","isPartOf":{"@id":"https:\/\/canal7slp.tv\/2023\/checo-perez-logra-el-segundo-lugar-en-el-gp-de-bahrein\/"},"author":{"name":"Edici\u00f3n Web","@id":"https:\/\/canal7slp.tv\/2023\/#\/schema\/person\/639c424e3584069003b11ae813915da6"},"headline":"\u201cCheco\u201d P\u00e9rez logra el segundo lugar en el GP de Bahr\u00e9in","datePublished":"2023-03-05T20:51:52+00:00","mainEntityOfPage":{"@id":"https:\/\/canal7slp.tv\/2023\/checo-perez-logra-el-segundo-lugar-en-el-gp-de-bahrein\/"},"wordCount":219,"publisher":{"@id":"https:\/\/canal7slp.tv\/2023\/#organization"},"image":{"@id":"https:\/\/canal7slp.tv\/2023\/checo-perez-logra-el-segundo-lugar-en-el-gp-de-bahrein\/#primaryimage"},"thumbnailUrl":"https:\/\/canal7slp.tv\/2023\/wp-content\/uploads\/2023\/03\/01-2.jpg","articleSection":["DEPORTES"],"inLanguage":"es"},{"@type":"WebPage","@id":"https:\/\/canal7slp.tv\/2023\/checo-perez-logra-el-segundo-lugar-en-el-gp-de-bahrein\/","url":"https:\/\/canal7slp.tv\/2023\/checo-perez-logra-el-segundo-lugar-en-el-gp-de-bahrein\/","name":"\u201cCheco\u201d P\u00e9rez logra el segundo lugar en el GP de Bahr\u00e9in - Canal 7 SLP - 2023","isPartOf":{"@id":"https:\/\/canal7slp.tv\/2023\/#website"},"primaryImageOfPage":{"@id":"https:\/\/canal7slp.tv\/2023\/checo-perez-logra-el-segundo-lugar-en-el-gp-de-bahrein\/#primaryimage"},"image":{"@id":"https:\/\/canal7slp.tv\/2023\/checo-perez-logra-el-segundo-lugar-en-el-gp-de-bahrein\/#primaryimage"},"thumbnailUrl":"https:\/\/canal7slp.tv\/2023\/wp-content\/uploads\/2023\/03\/01-2.jpg","datePublished":"2023-03-05T20:51:52+00:00","breadcrumb":{"@id":"https:\/\/canal7slp.tv\/2023\/checo-perez-logra-el-segundo-lugar-en-el-gp-de-bahrein\/#breadcrumb"},"inLanguage":"es","potentialAction":[{"@type":"ReadAction","target":["https:\/\/canal7slp.tv\/2023\/checo-perez-logra-el-segundo-lugar-en-el-gp-de-bahrein\/"]}]},{"@type":"ImageObject","inLanguage":"es","@id":"https:\/\/canal7slp.tv\/2023\/checo-perez-logra-el-segundo-lugar-en-el-gp-de-bahrein\/#primaryimage","url":"https:\/\/canal7slp.tv\/2023\/wp-content\/uploads\/2023\/03\/01-2.jpg","contentUrl":"https:\/\/canal7slp.tv\/2023\/wp-content\/uploads\/2023\/03\/01-2.jpg","width":1110,"height":600},{"@type":"BreadcrumbList","@id":"https:\/\/canal7slp.tv\/2023\/checo-perez-logra-el-segundo-lugar-en-el-gp-de-bahrein\/#breadcrumb","itemListElement":[{"@type":"ListItem","position":1,"name":"Portada","item":"https:\/\/canal7slp.tv\/2023\/"},{"@type":"ListItem","position":2,"name":"\u201cCheco\u201d P\u00e9rez logra el segundo lugar en el GP de Bahr\u00e9in"}]},{"@type":"WebSite","@id":"https:\/\/canal7slp.tv\/2023\/#website","url":"https:\/\/canal7slp.tv\/2023\/","name":"N7 - Noticieros Canal 7","description":"Somos Televisi\u00f3n","publisher":{"@id":"https:\/\/canal7slp.tv\/2023\/#organization"},"potentialAction":[{"@type":"SearchAction","target":{"@type":"EntryPoint","urlTemplate":"https:\/\/canal7slp.tv\/2023\/?s={search_term_string}"},"query-input":{"@type":"PropertyValueSpecification","valueRequired":true,"valueName":"search_term_string"}}],"inLanguage":"es"},{"@type":"Organization","@id":"https:\/\/canal7slp.tv\/2023\/#organization","name":"Noticieros Canal 7","url":"https:\/\/canal7slp.tv\/2023\/","logo":{"@type":"ImageObject","inLanguage":"es","@id":"https:\/\/canal7slp.tv\/2023\/#\/schema\/logo\/image\/","url":"https:\/\/canal7slp.tv\/2023\/wp-content\/uploads\/2021\/01\/logo-noticieros@2x.png","contentUrl":"https:\/\/canal7slp.tv\/2023\/wp-content\/uploads\/2021\/01\/logo-noticieros@2x.png","width":1017,"height":268,"caption":"Noticieros Canal 7"},"image":{"@id":"https:\/\/canal7slp.tv\/2023\/#\/schema\/logo\/image\/"},"sameAs":["https:\/\/www.facebook.com\/noticieroscanalsiete","https:\/\/x.com\/NOTICIEROS7","https:\/\/www.instagram.com\/canal7_slp","https:\/\/www.youtube.com\/channel\/UCliiYs-gP3JfJeqdPrNdd5A"]},{"@type":"Person","@id":"https:\/\/canal7slp.tv\/2023\/#\/schema\/person\/639c424e3584069003b11ae813915da6","name":"Edici\u00f3n Web","image":{"@type":"ImageObject","inLanguage":"es","@id":"https:\/\/secure.gravatar.com\/avatar\/eee448fc3f7164808013b816ba91ac7e43bbe82a70bebac296f8bc6f0addaa1a?s=96&d=mm&r=g","url":"https:\/\/secure.gravatar.com\/avatar\/eee448fc3f7164808013b816ba91ac7e43bbe82a70bebac296f8bc6f0addaa1a?s=96&d=mm&r=g","contentUrl":"https:\/\/secure.gravatar.com\/avatar\/eee448fc3f7164808013b816ba91ac7e43bbe82a70bebac296f8bc6f0addaa1a?s=96&d=mm&r=g","caption":"Edici\u00f3n Web"},"url":"https:\/\/canal7slp.tv\/2023\/author\/edicionweb\/"}]}},"_links":{"self":[{"href":"https:\/\/canal7slp.tv\/2023\/wp-json\/wp\/v2\/posts\/88938","targetHints":{"allow":["GET"]}}],"collection":[{"href":"https:\/\/canal7slp.tv\/2023\/wp-json\/wp\/v2\/posts"}],"about":[{"href":"https:\/\/canal7slp.tv\/2023\/wp-json\/wp\/v2\/types\/post"}],"author":[{"embeddable":true,"href":"https:\/\/canal7slp.tv\/2023\/wp-json\/wp\/v2\/users\/2"}],"replies":[{"embeddable":true,"href":"https:\/\/canal7slp.tv\/2023\/wp-json\/wp\/v2\/comments?post=88938"}],"version-history":[{"count":2,"href":"https:\/\/canal7slp.tv\/2023\/wp-json\/wp\/v2\/posts\/88938\/revisions"}],"predecessor-version":[{"id":88948,"href":"https:\/\/canal7slp.tv\/2023\/wp-json\/wp\/v2\/posts\/88938\/revisions\/88948"}],"wp:featuredmedia":[{"embeddable":true,"href":"https:\/\/canal7slp.tv\/2023\/wp-json\/wp\/v2\/media\/88953"}],"wp:attachment":[{"href":"https:\/\/canal7slp.tv\/2023\/wp-json\/wp\/v2\/media?parent=88938"}],"wp:term":[{"taxonomy":"category","embeddable":true,"href":"https:\/\/canal7slp.tv\/2023\/wp-json\/wp\/v2\/categories?post=88938"},{"taxonomy":"post_tag","embeddable":true,"href":"https:\/\/canal7slp.tv\/2023\/wp-json\/wp\/v2\/tags?post=88938"}],"curies":[{"name":"wp","href":"https:\/\/api.w.org\/{rel}","templated":true}]}}