{"id":88928,"date":"2023-03-04T19:43:14","date_gmt":"2023-03-05T01:43:14","guid":{"rendered":"https:\/\/canal7slp.tv\/2023\/?p=88928"},"modified":"2023-03-04T19:43:14","modified_gmt":"2023-03-05T01:43:14","slug":"hombre-de-81-anos-cayo-en-grieta-de-cinco-metros-de-profundidad","status":"publish","type":"post","link":"https:\/\/canal7slp.tv\/2023\/hombre-de-81-anos-cayo-en-grieta-de-cinco-metros-de-profundidad\/","title":{"rendered":"Hombre de 81 a\u00f1os cay\u00f3 en grieta de cinco metros de profundidad"},"content":{"rendered":"<p style=\"text-align: justify;\">Venado.- Un adulto mayor fue rescatado por elementos de Protecci\u00f3n Civil, luego de caer a una grieta.<\/p>\n<p style=\"text-align: justify;\">Los hechos se registraron en el municipio de Venado, donde se report\u00f3 la ca\u00edda de un hombre de 81 a\u00f1os de edad por una grieta, quien ya ten\u00eda alrededor de siete horas atrapado a m\u00e1s de cinco metros de profundidad.<\/p>\n<p style=\"text-align: justify;\">Al lugar arribaron elementos de Protecci\u00f3n Civil de Venado, Charcas y Moctezuma, adem\u00e1s de la Cruz Roja, quienes trabajaron alrededor de cinco horas debido a qu\u00e9 la grieta ten\u00eda cuarenta cent\u00edmetros de ancho, lo que hizo que el acceso al se\u00f1or identificado como Jes\u00fas, fuera m\u00e1s complejo.<\/p>\n<p style=\"text-align: justify;\">Las autoridades designaron a personal de complexi\u00f3n delgada y que tuviera experiencia en rescate para poder acceder a la persona, el cual, tras doce horas de estar atrapado, pudo ser socorrido de manera exitosa.<\/p>\n<p style=\"text-align: justify;\">El adulto mayor fue trasladado a la unidad hospitalaria para recibir atenci\u00f3n m\u00e9dica, siendo fue reportado como estable por las autoridades de salud.<\/p>\n<p>Por: Jes\u00fas Valencia<\/p>\n","protected":false},"excerpt":{"rendered":"<p>Venado.- Un adulto mayor fue rescatado por elementos de Protecci\u00f3n Civil, luego de caer a una grieta. Los hechos se registraron en el municipio de Venado, donde se report\u00f3 la ca\u00edda de un hombre de 81 a\u00f1os de edad por una grieta, quien ya ten\u00eda alrededor de siete horas atrapado a m\u00e1s de cinco metros de profundidad. Al lugar arribaron elementos de Protecci\u00f3n Civil de Venado, Charcas y Moctezuma, adem\u00e1s de la Cruz Roja, quienes trabajaron alrededor de cinco horas debido a qu\u00e9 la grieta ten\u00eda cuarenta cent\u00edmetros de ancho, lo que hizo que el acceso al se\u00f1or identificado como [&hellip;]<\/p>\n","protected":false},"author":2,"featured_media":88929,"comment_status":"closed","ping_status":"closed","sticky":false,"template":"","format":"video","meta":{"footnotes":""},"categories":[5,43],"tags":[],"class_list":["post-88928","post","type-post","status-publish","format-video","has-post-thumbnail","hentry","category-destacadas","category-interior","post_format-post-format-video","post--single"],"yoast_head":"<!-- This site is optimized with the Yoast SEO plugin v27.5 - https:\/\/yoast.com\/product\/yoast-seo-wordpress\/ -->\n<title>Hombre de 81 a\u00f1os cay\u00f3 en grieta de cinco metros de profundidad - Canal 7 SLP - 2023<\/title>\n<meta name=\"robots\" content=\"index, follow, max-snippet:-1, max-image-preview:large, max-video-preview:-1\" \/>\n<link rel=\"canonical\" href=\"https:\/\/canal7slp.tv\/2023\/hombre-de-81-anos-cayo-en-grieta-de-cinco-metros-de-profundidad\/\" \/>\n<meta property=\"og:locale\" content=\"es_ES\" \/>\n<meta property=\"og:type\" content=\"article\" \/>\n<meta property=\"og:title\" content=\"Hombre de 81 a\u00f1os cay\u00f3 en grieta de cinco metros de profundidad - Canal 7 SLP - 2023\" \/>\n<meta property=\"og:description\" content=\"Venado.- Un adulto mayor fue rescatado por elementos de Protecci\u00f3n Civil, luego de caer a una grieta. Los hechos se registraron en el municipio de Venado, donde se report\u00f3 la ca\u00edda de un hombre de 81 a\u00f1os de edad por una grieta, quien ya ten\u00eda alrededor de siete horas atrapado a m\u00e1s de cinco metros de profundidad. Al lugar arribaron elementos de Protecci\u00f3n Civil de Venado, Charcas y Moctezuma, adem\u00e1s de la Cruz Roja, quienes trabajaron alrededor de cinco horas debido a qu\u00e9 la grieta ten\u00eda cuarenta cent\u00edmetros de ancho, lo que hizo que el acceso al se\u00f1or identificado como [&hellip;]\" \/>\n<meta property=\"og:url\" content=\"https:\/\/canal7slp.tv\/2023\/hombre-de-81-anos-cayo-en-grieta-de-cinco-metros-de-profundidad\/\" \/>\n<meta property=\"og:site_name\" content=\"Canal 7 SLP - 2023\" \/>\n<meta property=\"article:publisher\" content=\"https:\/\/www.facebook.com\/noticieroscanalsiete\" \/>\n<meta property=\"article:published_time\" content=\"2023-03-05T01:43:14+00:00\" \/>\n<meta property=\"og:image\" content=\"https:\/\/canal7slp.tv\/2023\/wp-content\/uploads\/2023\/03\/Valencia05Rescate.jpg\" \/>\n\t<meta property=\"og:image:width\" content=\"909\" \/>\n\t<meta property=\"og:image:height\" content=\"500\" \/>\n\t<meta property=\"og:image:type\" content=\"image\/jpeg\" \/>\n<meta name=\"author\" content=\"Edici\u00f3n Web\" \/>\n<meta name=\"twitter:card\" content=\"summary_large_image\" \/>\n<meta name=\"twitter:creator\" content=\"@NOTICIEROS7\" \/>\n<meta name=\"twitter:site\" content=\"@NOTICIEROS7\" \/>\n<meta name=\"twitter:label1\" content=\"Escrito por\" \/>\n\t<meta name=\"twitter:data1\" content=\"Edici\u00f3n Web\" \/>\n\t<meta name=\"twitter:label2\" content=\"Tiempo de lectura\" \/>\n\t<meta name=\"twitter:data2\" content=\"1 minuto\" \/>\n<script type=\"application\/ld+json\" class=\"yoast-schema-graph\">{\"@context\":\"https:\\\/\\\/schema.org\",\"@graph\":[{\"@type\":\"Article\",\"@id\":\"https:\\\/\\\/canal7slp.tv\\\/2023\\\/hombre-de-81-anos-cayo-en-grieta-de-cinco-metros-de-profundidad\\\/#article\",\"isPartOf\":{\"@id\":\"https:\\\/\\\/canal7slp.tv\\\/2023\\\/hombre-de-81-anos-cayo-en-grieta-de-cinco-metros-de-profundidad\\\/\"},\"author\":{\"name\":\"Edici\u00f3n Web\",\"@id\":\"https:\\\/\\\/canal7slp.tv\\\/2023\\\/#\\\/schema\\\/person\\\/639c424e3584069003b11ae813915da6\"},\"headline\":\"Hombre de 81 a\u00f1os cay\u00f3 en grieta de cinco metros de profundidad\",\"datePublished\":\"2023-03-05T01:43:14+00:00\",\"mainEntityOfPage\":{\"@id\":\"https:\\\/\\\/canal7slp.tv\\\/2023\\\/hombre-de-81-anos-cayo-en-grieta-de-cinco-metros-de-profundidad\\\/\"},\"wordCount\":192,\"publisher\":{\"@id\":\"https:\\\/\\\/canal7slp.tv\\\/2023\\\/#organization\"},\"image\":{\"@id\":\"https:\\\/\\\/canal7slp.tv\\\/2023\\\/hombre-de-81-anos-cayo-en-grieta-de-cinco-metros-de-profundidad\\\/#primaryimage\"},\"thumbnailUrl\":\"https:\\\/\\\/canal7slp.tv\\\/2023\\\/wp-content\\\/uploads\\\/2023\\\/03\\\/Valencia05Rescate.jpg\",\"articleSection\":[\"DESTACADAS\",\"INTERIOR DEL ESTADO\"],\"inLanguage\":\"es\"},{\"@type\":\"WebPage\",\"@id\":\"https:\\\/\\\/canal7slp.tv\\\/2023\\\/hombre-de-81-anos-cayo-en-grieta-de-cinco-metros-de-profundidad\\\/\",\"url\":\"https:\\\/\\\/canal7slp.tv\\\/2023\\\/hombre-de-81-anos-cayo-en-grieta-de-cinco-metros-de-profundidad\\\/\",\"name\":\"Hombre de 81 a\u00f1os cay\u00f3 en grieta de cinco metros de profundidad - Canal 7 SLP - 2023\",\"isPartOf\":{\"@id\":\"https:\\\/\\\/canal7slp.tv\\\/2023\\\/#website\"},\"primaryImageOfPage\":{\"@id\":\"https:\\\/\\\/canal7slp.tv\\\/2023\\\/hombre-de-81-anos-cayo-en-grieta-de-cinco-metros-de-profundidad\\\/#primaryimage\"},\"image\":{\"@id\":\"https:\\\/\\\/canal7slp.tv\\\/2023\\\/hombre-de-81-anos-cayo-en-grieta-de-cinco-metros-de-profundidad\\\/#primaryimage\"},\"thumbnailUrl\":\"https:\\\/\\\/canal7slp.tv\\\/2023\\\/wp-content\\\/uploads\\\/2023\\\/03\\\/Valencia05Rescate.jpg\",\"datePublished\":\"2023-03-05T01:43:14+00:00\",\"breadcrumb\":{\"@id\":\"https:\\\/\\\/canal7slp.tv\\\/2023\\\/hombre-de-81-anos-cayo-en-grieta-de-cinco-metros-de-profundidad\\\/#breadcrumb\"},\"inLanguage\":\"es\",\"potentialAction\":[{\"@type\":\"ReadAction\",\"target\":[\"https:\\\/\\\/canal7slp.tv\\\/2023\\\/hombre-de-81-anos-cayo-en-grieta-de-cinco-metros-de-profundidad\\\/\"]}]},{\"@type\":\"ImageObject\",\"inLanguage\":\"es\",\"@id\":\"https:\\\/\\\/canal7slp.tv\\\/2023\\\/hombre-de-81-anos-cayo-en-grieta-de-cinco-metros-de-profundidad\\\/#primaryimage\",\"url\":\"https:\\\/\\\/canal7slp.tv\\\/2023\\\/wp-content\\\/uploads\\\/2023\\\/03\\\/Valencia05Rescate.jpg\",\"contentUrl\":\"https:\\\/\\\/canal7slp.tv\\\/2023\\\/wp-content\\\/uploads\\\/2023\\\/03\\\/Valencia05Rescate.jpg\",\"width\":909,\"height\":500},{\"@type\":\"BreadcrumbList\",\"@id\":\"https:\\\/\\\/canal7slp.tv\\\/2023\\\/hombre-de-81-anos-cayo-en-grieta-de-cinco-metros-de-profundidad\\\/#breadcrumb\",\"itemListElement\":[{\"@type\":\"ListItem\",\"position\":1,\"name\":\"Portada\",\"item\":\"https:\\\/\\\/canal7slp.tv\\\/2023\\\/\"},{\"@type\":\"ListItem\",\"position\":2,\"name\":\"Hombre de 81 a\u00f1os cay\u00f3 en grieta de cinco metros de profundidad\"}]},{\"@type\":\"WebSite\",\"@id\":\"https:\\\/\\\/canal7slp.tv\\\/2023\\\/#website\",\"url\":\"https:\\\/\\\/canal7slp.tv\\\/2023\\\/\",\"name\":\"N7 - Noticieros Canal 7\",\"description\":\"Somos Televisi\u00f3n\",\"publisher\":{\"@id\":\"https:\\\/\\\/canal7slp.tv\\\/2023\\\/#organization\"},\"potentialAction\":[{\"@type\":\"SearchAction\",\"target\":{\"@type\":\"EntryPoint\",\"urlTemplate\":\"https:\\\/\\\/canal7slp.tv\\\/2023\\\/?s={search_term_string}\"},\"query-input\":{\"@type\":\"PropertyValueSpecification\",\"valueRequired\":true,\"valueName\":\"search_term_string\"}}],\"inLanguage\":\"es\"},{\"@type\":\"Organization\",\"@id\":\"https:\\\/\\\/canal7slp.tv\\\/2023\\\/#organization\",\"name\":\"Noticieros Canal 7\",\"url\":\"https:\\\/\\\/canal7slp.tv\\\/2023\\\/\",\"logo\":{\"@type\":\"ImageObject\",\"inLanguage\":\"es\",\"@id\":\"https:\\\/\\\/canal7slp.tv\\\/2023\\\/#\\\/schema\\\/logo\\\/image\\\/\",\"url\":\"https:\\\/\\\/canal7slp.tv\\\/2023\\\/wp-content\\\/uploads\\\/2021\\\/01\\\/logo-noticieros@2x.png\",\"contentUrl\":\"https:\\\/\\\/canal7slp.tv\\\/2023\\\/wp-content\\\/uploads\\\/2021\\\/01\\\/logo-noticieros@2x.png\",\"width\":1017,\"height\":268,\"caption\":\"Noticieros Canal 7\"},\"image\":{\"@id\":\"https:\\\/\\\/canal7slp.tv\\\/2023\\\/#\\\/schema\\\/logo\\\/image\\\/\"},\"sameAs\":[\"https:\\\/\\\/www.facebook.com\\\/noticieroscanalsiete\",\"https:\\\/\\\/x.com\\\/NOTICIEROS7\",\"https:\\\/\\\/www.instagram.com\\\/canal7_slp\",\"https:\\\/\\\/www.youtube.com\\\/channel\\\/UCliiYs-gP3JfJeqdPrNdd5A\"]},{\"@type\":\"Person\",\"@id\":\"https:\\\/\\\/canal7slp.tv\\\/2023\\\/#\\\/schema\\\/person\\\/639c424e3584069003b11ae813915da6\",\"name\":\"Edici\u00f3n Web\",\"image\":{\"@type\":\"ImageObject\",\"inLanguage\":\"es\",\"@id\":\"https:\\\/\\\/secure.gravatar.com\\\/avatar\\\/eee448fc3f7164808013b816ba91ac7e43bbe82a70bebac296f8bc6f0addaa1a?s=96&d=mm&r=g\",\"url\":\"https:\\\/\\\/secure.gravatar.com\\\/avatar\\\/eee448fc3f7164808013b816ba91ac7e43bbe82a70bebac296f8bc6f0addaa1a?s=96&d=mm&r=g\",\"contentUrl\":\"https:\\\/\\\/secure.gravatar.com\\\/avatar\\\/eee448fc3f7164808013b816ba91ac7e43bbe82a70bebac296f8bc6f0addaa1a?s=96&d=mm&r=g\",\"caption\":\"Edici\u00f3n Web\"},\"url\":\"https:\\\/\\\/canal7slp.tv\\\/2023\\\/author\\\/edicionweb\\\/\"}]}<\/script>\n<!-- \/ Yoast SEO plugin. -->","yoast_head_json":{"title":"Hombre de 81 a\u00f1os cay\u00f3 en grieta de cinco metros de profundidad - Canal 7 SLP - 2023","robots":{"index":"index","follow":"follow","max-snippet":"max-snippet:-1","max-image-preview":"max-image-preview:large","max-video-preview":"max-video-preview:-1"},"canonical":"https:\/\/canal7slp.tv\/2023\/hombre-de-81-anos-cayo-en-grieta-de-cinco-metros-de-profundidad\/","og_locale":"es_ES","og_type":"article","og_title":"Hombre de 81 a\u00f1os cay\u00f3 en grieta de cinco metros de profundidad - Canal 7 SLP - 2023","og_description":"Venado.- Un adulto mayor fue rescatado por elementos de Protecci\u00f3n Civil, luego de caer a una grieta. Los hechos se registraron en el municipio de Venado, donde se report\u00f3 la ca\u00edda de un hombre de 81 a\u00f1os de edad por una grieta, quien ya ten\u00eda alrededor de siete horas atrapado a m\u00e1s de cinco metros de profundidad. Al lugar arribaron elementos de Protecci\u00f3n Civil de Venado, Charcas y Moctezuma, adem\u00e1s de la Cruz Roja, quienes trabajaron alrededor de cinco horas debido a qu\u00e9 la grieta ten\u00eda cuarenta cent\u00edmetros de ancho, lo que hizo que el acceso al se\u00f1or identificado como [&hellip;]","og_url":"https:\/\/canal7slp.tv\/2023\/hombre-de-81-anos-cayo-en-grieta-de-cinco-metros-de-profundidad\/","og_site_name":"Canal 7 SLP - 2023","article_publisher":"https:\/\/www.facebook.com\/noticieroscanalsiete","article_published_time":"2023-03-05T01:43:14+00:00","og_image":[{"width":909,"height":500,"url":"https:\/\/canal7slp.tv\/2023\/wp-content\/uploads\/2023\/03\/Valencia05Rescate.jpg","type":"image\/jpeg"}],"author":"Edici\u00f3n Web","twitter_card":"summary_large_image","twitter_creator":"@NOTICIEROS7","twitter_site":"@NOTICIEROS7","twitter_misc":{"Escrito por":"Edici\u00f3n Web","Tiempo de lectura":"1 minuto"},"schema":{"@context":"https:\/\/schema.org","@graph":[{"@type":"Article","@id":"https:\/\/canal7slp.tv\/2023\/hombre-de-81-anos-cayo-en-grieta-de-cinco-metros-de-profundidad\/#article","isPartOf":{"@id":"https:\/\/canal7slp.tv\/2023\/hombre-de-81-anos-cayo-en-grieta-de-cinco-metros-de-profundidad\/"},"author":{"name":"Edici\u00f3n Web","@id":"https:\/\/canal7slp.tv\/2023\/#\/schema\/person\/639c424e3584069003b11ae813915da6"},"headline":"Hombre de 81 a\u00f1os cay\u00f3 en grieta de cinco metros de profundidad","datePublished":"2023-03-05T01:43:14+00:00","mainEntityOfPage":{"@id":"https:\/\/canal7slp.tv\/2023\/hombre-de-81-anos-cayo-en-grieta-de-cinco-metros-de-profundidad\/"},"wordCount":192,"publisher":{"@id":"https:\/\/canal7slp.tv\/2023\/#organization"},"image":{"@id":"https:\/\/canal7slp.tv\/2023\/hombre-de-81-anos-cayo-en-grieta-de-cinco-metros-de-profundidad\/#primaryimage"},"thumbnailUrl":"https:\/\/canal7slp.tv\/2023\/wp-content\/uploads\/2023\/03\/Valencia05Rescate.jpg","articleSection":["DESTACADAS","INTERIOR DEL ESTADO"],"inLanguage":"es"},{"@type":"WebPage","@id":"https:\/\/canal7slp.tv\/2023\/hombre-de-81-anos-cayo-en-grieta-de-cinco-metros-de-profundidad\/","url":"https:\/\/canal7slp.tv\/2023\/hombre-de-81-anos-cayo-en-grieta-de-cinco-metros-de-profundidad\/","name":"Hombre de 81 a\u00f1os cay\u00f3 en grieta de cinco metros de profundidad - Canal 7 SLP - 2023","isPartOf":{"@id":"https:\/\/canal7slp.tv\/2023\/#website"},"primaryImageOfPage":{"@id":"https:\/\/canal7slp.tv\/2023\/hombre-de-81-anos-cayo-en-grieta-de-cinco-metros-de-profundidad\/#primaryimage"},"image":{"@id":"https:\/\/canal7slp.tv\/2023\/hombre-de-81-anos-cayo-en-grieta-de-cinco-metros-de-profundidad\/#primaryimage"},"thumbnailUrl":"https:\/\/canal7slp.tv\/2023\/wp-content\/uploads\/2023\/03\/Valencia05Rescate.jpg","datePublished":"2023-03-05T01:43:14+00:00","breadcrumb":{"@id":"https:\/\/canal7slp.tv\/2023\/hombre-de-81-anos-cayo-en-grieta-de-cinco-metros-de-profundidad\/#breadcrumb"},"inLanguage":"es","potentialAction":[{"@type":"ReadAction","target":["https:\/\/canal7slp.tv\/2023\/hombre-de-81-anos-cayo-en-grieta-de-cinco-metros-de-profundidad\/"]}]},{"@type":"ImageObject","inLanguage":"es","@id":"https:\/\/canal7slp.tv\/2023\/hombre-de-81-anos-cayo-en-grieta-de-cinco-metros-de-profundidad\/#primaryimage","url":"https:\/\/canal7slp.tv\/2023\/wp-content\/uploads\/2023\/03\/Valencia05Rescate.jpg","contentUrl":"https:\/\/canal7slp.tv\/2023\/wp-content\/uploads\/2023\/03\/Valencia05Rescate.jpg","width":909,"height":500},{"@type":"BreadcrumbList","@id":"https:\/\/canal7slp.tv\/2023\/hombre-de-81-anos-cayo-en-grieta-de-cinco-metros-de-profundidad\/#breadcrumb","itemListElement":[{"@type":"ListItem","position":1,"name":"Portada","item":"https:\/\/canal7slp.tv\/2023\/"},{"@type":"ListItem","position":2,"name":"Hombre de 81 a\u00f1os cay\u00f3 en grieta de cinco metros de profundidad"}]},{"@type":"WebSite","@id":"https:\/\/canal7slp.tv\/2023\/#website","url":"https:\/\/canal7slp.tv\/2023\/","name":"N7 - Noticieros Canal 7","description":"Somos Televisi\u00f3n","publisher":{"@id":"https:\/\/canal7slp.tv\/2023\/#organization"},"potentialAction":[{"@type":"SearchAction","target":{"@type":"EntryPoint","urlTemplate":"https:\/\/canal7slp.tv\/2023\/?s={search_term_string}"},"query-input":{"@type":"PropertyValueSpecification","valueRequired":true,"valueName":"search_term_string"}}],"inLanguage":"es"},{"@type":"Organization","@id":"https:\/\/canal7slp.tv\/2023\/#organization","name":"Noticieros Canal 7","url":"https:\/\/canal7slp.tv\/2023\/","logo":{"@type":"ImageObject","inLanguage":"es","@id":"https:\/\/canal7slp.tv\/2023\/#\/schema\/logo\/image\/","url":"https:\/\/canal7slp.tv\/2023\/wp-content\/uploads\/2021\/01\/logo-noticieros@2x.png","contentUrl":"https:\/\/canal7slp.tv\/2023\/wp-content\/uploads\/2021\/01\/logo-noticieros@2x.png","width":1017,"height":268,"caption":"Noticieros Canal 7"},"image":{"@id":"https:\/\/canal7slp.tv\/2023\/#\/schema\/logo\/image\/"},"sameAs":["https:\/\/www.facebook.com\/noticieroscanalsiete","https:\/\/x.com\/NOTICIEROS7","https:\/\/www.instagram.com\/canal7_slp","https:\/\/www.youtube.com\/channel\/UCliiYs-gP3JfJeqdPrNdd5A"]},{"@type":"Person","@id":"https:\/\/canal7slp.tv\/2023\/#\/schema\/person\/639c424e3584069003b11ae813915da6","name":"Edici\u00f3n Web","image":{"@type":"ImageObject","inLanguage":"es","@id":"https:\/\/secure.gravatar.com\/avatar\/eee448fc3f7164808013b816ba91ac7e43bbe82a70bebac296f8bc6f0addaa1a?s=96&d=mm&r=g","url":"https:\/\/secure.gravatar.com\/avatar\/eee448fc3f7164808013b816ba91ac7e43bbe82a70bebac296f8bc6f0addaa1a?s=96&d=mm&r=g","contentUrl":"https:\/\/secure.gravatar.com\/avatar\/eee448fc3f7164808013b816ba91ac7e43bbe82a70bebac296f8bc6f0addaa1a?s=96&d=mm&r=g","caption":"Edici\u00f3n Web"},"url":"https:\/\/canal7slp.tv\/2023\/author\/edicionweb\/"}]}},"_links":{"self":[{"href":"https:\/\/canal7slp.tv\/2023\/wp-json\/wp\/v2\/posts\/88928","targetHints":{"allow":["GET"]}}],"collection":[{"href":"https:\/\/canal7slp.tv\/2023\/wp-json\/wp\/v2\/posts"}],"about":[{"href":"https:\/\/canal7slp.tv\/2023\/wp-json\/wp\/v2\/types\/post"}],"author":[{"embeddable":true,"href":"https:\/\/canal7slp.tv\/2023\/wp-json\/wp\/v2\/users\/2"}],"replies":[{"embeddable":true,"href":"https:\/\/canal7slp.tv\/2023\/wp-json\/wp\/v2\/comments?post=88928"}],"version-history":[{"count":1,"href":"https:\/\/canal7slp.tv\/2023\/wp-json\/wp\/v2\/posts\/88928\/revisions"}],"predecessor-version":[{"id":88931,"href":"https:\/\/canal7slp.tv\/2023\/wp-json\/wp\/v2\/posts\/88928\/revisions\/88931"}],"wp:featuredmedia":[{"embeddable":true,"href":"https:\/\/canal7slp.tv\/2023\/wp-json\/wp\/v2\/media\/88929"}],"wp:attachment":[{"href":"https:\/\/canal7slp.tv\/2023\/wp-json\/wp\/v2\/media?parent=88928"}],"wp:term":[{"taxonomy":"category","embeddable":true,"href":"https:\/\/canal7slp.tv\/2023\/wp-json\/wp\/v2\/categories?post=88928"},{"taxonomy":"post_tag","embeddable":true,"href":"https:\/\/canal7slp.tv\/2023\/wp-json\/wp\/v2\/tags?post=88928"}],"curies":[{"name":"wp","href":"https:\/\/api.w.org\/{rel}","templated":true}]}}