{"id":88918,"date":"2023-03-05T17:07:09","date_gmt":"2023-03-05T23:07:09","guid":{"rendered":"https:\/\/canal7slp.tv\/2023\/?p=88918"},"modified":"2023-03-05T17:07:09","modified_gmt":"2023-03-05T23:07:09","slug":"asegura-cea-que-en-abril-concluira-proyecto-de-entubado-de-desechos-de-escalerillas","status":"publish","type":"post","link":"https:\/\/canal7slp.tv\/2023\/asegura-cea-que-en-abril-concluira-proyecto-de-entubado-de-desechos-de-escalerillas\/","title":{"rendered":"Asegura CEA que en abril concluir\u00e1 proyecto de entubado de desechos de Escalerillas"},"content":{"rendered":"<ul>\n<li>Con ello proyectan autoridades que deje de crecer el lirio acu\u00e1tico que cubre el agua de la presa San Jos\u00e9.<\/li>\n<\/ul>\n<p style=\"text-align: justify;\">SLP.- Las p\u00e9simas condiciones en las que se encuentra el agua del vaso captador de la presa de San Jos\u00e9 en la capital de San Luis Potos\u00ed, no sucumbir\u00e1n hasta que no se logre concretar el proyecto de drenaje en la comunidad de Escalerillas.<\/p>\n<p style=\"text-align: justify;\">El director de la Comisi\u00f3n Estatal del Agua, Benjam\u00edn P\u00e9rez \u00c1lvarez, refiri\u00f3 que a la fecha existe una obra en ejecuci\u00f3n para conducir los desechos de habitantes de Escalerillas a una planta tratadora, con esta medida se pretende evitar el crecimiento del tan da\u00f1ino lirio.<\/p>\n<p style=\"text-align: justify;\">\u201cEstamos trabajando porque es una obra que se encuentra en ejecuci\u00f3n (\u2026) en eliminar la fuente principal que es que esas descargas sean tratadas en una planta que ya se construy\u00f3\u201d.<\/p>\n<p style=\"text-align: justify;\">P\u00e9rez \u00c1lvarez explic\u00f3 que el proyecto de mejora en la comunidad al sur de la capital, const\u00f3 de tres fases; en la primera se edific\u00f3 la planta potabilizadora, en segunda instancia la planta tratadora y actualmente se est\u00e1 por culminar la l\u00ednea de conducci\u00f3n, agua y drenaje.<\/p>\n<p style=\"text-align: justify;\">\u201cTerminando esta tercera parte de las obras, pudi\u00e9ramos estar en condiciones de mitigar o eliminar la fuente que es el origen de la contaminaci\u00f3n\u201d.<\/p>\n<p style=\"text-align: justify;\">Despu\u00e9s de que las aguas residuales sean tratadas, se verter\u00e1n al vaso captador de abastecimiento.<\/p>\n<p style=\"text-align: justify;\">\u201cUna vez tratadas si es verterlas al \u00e1rea de captaci\u00f3n o de abastecimiento y que no lleguen con coliformes que provocan la proliferaci\u00f3n del lirio\u201d.<\/p>\n<p style=\"text-align: justify;\">Ser\u00e1 hasta el mes de abril cuando se concluya la mejora en la red de drenaje de Escalerillas y por ende para la proliferaci\u00f3n de la planta.<\/p>\n<p>Por: Juan Carlos Contreras<\/p>\n","protected":false},"excerpt":{"rendered":"<p>Con ello proyectan autoridades que deje de crecer el lirio acu\u00e1tico que cubre el agua de la presa San Jos\u00e9. SLP.- Las p\u00e9simas condiciones en las que se encuentra el agua del vaso captador de la presa de San Jos\u00e9 en la capital de San Luis Potos\u00ed, no sucumbir\u00e1n hasta que no se logre concretar el proyecto de drenaje en la comunidad de Escalerillas. El director de la Comisi\u00f3n Estatal del Agua, Benjam\u00edn P\u00e9rez \u00c1lvarez, refiri\u00f3 que a la fecha existe una obra en ejecuci\u00f3n para conducir los desechos de habitantes de Escalerillas a una planta tratadora, con esta medida [&hellip;]<\/p>\n","protected":false},"author":2,"featured_media":88970,"comment_status":"closed","ping_status":"closed","sticky":false,"template":"","format":"video","meta":{"footnotes":""},"categories":[5,45],"tags":[],"class_list":["post-88918","post","type-post","status-publish","format-video","has-post-thumbnail","hentry","category-destacadas","category-localesyregionales","post_format-post-format-video","post--single"],"yoast_head":"<!-- This site is optimized with the Yoast SEO plugin v27.5 - https:\/\/yoast.com\/product\/yoast-seo-wordpress\/ -->\n<title>Asegura CEA que en abril concluir\u00e1 proyecto de entubado de desechos de Escalerillas - Canal 7 SLP - 2023<\/title>\n<meta name=\"robots\" content=\"index, follow, max-snippet:-1, max-image-preview:large, max-video-preview:-1\" \/>\n<link rel=\"canonical\" href=\"https:\/\/canal7slp.tv\/2023\/asegura-cea-que-en-abril-concluira-proyecto-de-entubado-de-desechos-de-escalerillas\/\" \/>\n<meta property=\"og:locale\" content=\"es_ES\" \/>\n<meta property=\"og:type\" content=\"article\" \/>\n<meta property=\"og:title\" content=\"Asegura CEA que en abril concluir\u00e1 proyecto de entubado de desechos de Escalerillas - Canal 7 SLP - 2023\" \/>\n<meta property=\"og:description\" content=\"Con ello proyectan autoridades que deje de crecer el lirio acu\u00e1tico que cubre el agua de la presa San Jos\u00e9. SLP.- Las p\u00e9simas condiciones en las que se encuentra el agua del vaso captador de la presa de San Jos\u00e9 en la capital de San Luis Potos\u00ed, no sucumbir\u00e1n hasta que no se logre concretar el proyecto de drenaje en la comunidad de Escalerillas. El director de la Comisi\u00f3n Estatal del Agua, Benjam\u00edn P\u00e9rez \u00c1lvarez, refiri\u00f3 que a la fecha existe una obra en ejecuci\u00f3n para conducir los desechos de habitantes de Escalerillas a una planta tratadora, con esta medida [&hellip;]\" \/>\n<meta property=\"og:url\" content=\"https:\/\/canal7slp.tv\/2023\/asegura-cea-que-en-abril-concluira-proyecto-de-entubado-de-desechos-de-escalerillas\/\" \/>\n<meta property=\"og:site_name\" content=\"Canal 7 SLP - 2023\" \/>\n<meta property=\"article:publisher\" content=\"https:\/\/www.facebook.com\/noticieroscanalsiete\" \/>\n<meta property=\"article:published_time\" content=\"2023-03-05T23:07:09+00:00\" \/>\n<meta property=\"og:image\" content=\"https:\/\/canal7slp.tv\/2023\/wp-content\/uploads\/2023\/03\/Poky0Cea-2.jpg\" \/>\n\t<meta property=\"og:image:width\" content=\"888\" \/>\n\t<meta property=\"og:image:height\" content=\"500\" \/>\n\t<meta property=\"og:image:type\" content=\"image\/jpeg\" \/>\n<meta name=\"author\" content=\"Edici\u00f3n Web\" \/>\n<meta name=\"twitter:card\" content=\"summary_large_image\" \/>\n<meta name=\"twitter:creator\" content=\"@NOTICIEROS7\" \/>\n<meta name=\"twitter:site\" content=\"@NOTICIEROS7\" \/>\n<meta name=\"twitter:label1\" content=\"Escrito por\" \/>\n\t<meta name=\"twitter:data1\" content=\"Edici\u00f3n Web\" \/>\n\t<meta name=\"twitter:label2\" content=\"Tiempo de lectura\" \/>\n\t<meta name=\"twitter:data2\" content=\"2 minutos\" \/>\n<script type=\"application\/ld+json\" class=\"yoast-schema-graph\">{\"@context\":\"https:\\\/\\\/schema.org\",\"@graph\":[{\"@type\":\"Article\",\"@id\":\"https:\\\/\\\/canal7slp.tv\\\/2023\\\/asegura-cea-que-en-abril-concluira-proyecto-de-entubado-de-desechos-de-escalerillas\\\/#article\",\"isPartOf\":{\"@id\":\"https:\\\/\\\/canal7slp.tv\\\/2023\\\/asegura-cea-que-en-abril-concluira-proyecto-de-entubado-de-desechos-de-escalerillas\\\/\"},\"author\":{\"name\":\"Edici\u00f3n Web\",\"@id\":\"https:\\\/\\\/canal7slp.tv\\\/2023\\\/#\\\/schema\\\/person\\\/639c424e3584069003b11ae813915da6\"},\"headline\":\"Asegura CEA que en abril concluir\u00e1 proyecto de entubado de desechos de Escalerillas\",\"datePublished\":\"2023-03-05T23:07:09+00:00\",\"mainEntityOfPage\":{\"@id\":\"https:\\\/\\\/canal7slp.tv\\\/2023\\\/asegura-cea-que-en-abril-concluira-proyecto-de-entubado-de-desechos-de-escalerillas\\\/\"},\"wordCount\":314,\"publisher\":{\"@id\":\"https:\\\/\\\/canal7slp.tv\\\/2023\\\/#organization\"},\"image\":{\"@id\":\"https:\\\/\\\/canal7slp.tv\\\/2023\\\/asegura-cea-que-en-abril-concluira-proyecto-de-entubado-de-desechos-de-escalerillas\\\/#primaryimage\"},\"thumbnailUrl\":\"https:\\\/\\\/canal7slp.tv\\\/2023\\\/wp-content\\\/uploads\\\/2023\\\/03\\\/Poky0Cea-2.jpg\",\"articleSection\":[\"DESTACADAS\",\"LOCALES Y REGIONALES\"],\"inLanguage\":\"es\"},{\"@type\":\"WebPage\",\"@id\":\"https:\\\/\\\/canal7slp.tv\\\/2023\\\/asegura-cea-que-en-abril-concluira-proyecto-de-entubado-de-desechos-de-escalerillas\\\/\",\"url\":\"https:\\\/\\\/canal7slp.tv\\\/2023\\\/asegura-cea-que-en-abril-concluira-proyecto-de-entubado-de-desechos-de-escalerillas\\\/\",\"name\":\"Asegura CEA que en abril concluir\u00e1 proyecto de entubado de desechos de Escalerillas - Canal 7 SLP - 2023\",\"isPartOf\":{\"@id\":\"https:\\\/\\\/canal7slp.tv\\\/2023\\\/#website\"},\"primaryImageOfPage\":{\"@id\":\"https:\\\/\\\/canal7slp.tv\\\/2023\\\/asegura-cea-que-en-abril-concluira-proyecto-de-entubado-de-desechos-de-escalerillas\\\/#primaryimage\"},\"image\":{\"@id\":\"https:\\\/\\\/canal7slp.tv\\\/2023\\\/asegura-cea-que-en-abril-concluira-proyecto-de-entubado-de-desechos-de-escalerillas\\\/#primaryimage\"},\"thumbnailUrl\":\"https:\\\/\\\/canal7slp.tv\\\/2023\\\/wp-content\\\/uploads\\\/2023\\\/03\\\/Poky0Cea-2.jpg\",\"datePublished\":\"2023-03-05T23:07:09+00:00\",\"breadcrumb\":{\"@id\":\"https:\\\/\\\/canal7slp.tv\\\/2023\\\/asegura-cea-que-en-abril-concluira-proyecto-de-entubado-de-desechos-de-escalerillas\\\/#breadcrumb\"},\"inLanguage\":\"es\",\"potentialAction\":[{\"@type\":\"ReadAction\",\"target\":[\"https:\\\/\\\/canal7slp.tv\\\/2023\\\/asegura-cea-que-en-abril-concluira-proyecto-de-entubado-de-desechos-de-escalerillas\\\/\"]}]},{\"@type\":\"ImageObject\",\"inLanguage\":\"es\",\"@id\":\"https:\\\/\\\/canal7slp.tv\\\/2023\\\/asegura-cea-que-en-abril-concluira-proyecto-de-entubado-de-desechos-de-escalerillas\\\/#primaryimage\",\"url\":\"https:\\\/\\\/canal7slp.tv\\\/2023\\\/wp-content\\\/uploads\\\/2023\\\/03\\\/Poky0Cea-2.jpg\",\"contentUrl\":\"https:\\\/\\\/canal7slp.tv\\\/2023\\\/wp-content\\\/uploads\\\/2023\\\/03\\\/Poky0Cea-2.jpg\",\"width\":888,\"height\":500},{\"@type\":\"BreadcrumbList\",\"@id\":\"https:\\\/\\\/canal7slp.tv\\\/2023\\\/asegura-cea-que-en-abril-concluira-proyecto-de-entubado-de-desechos-de-escalerillas\\\/#breadcrumb\",\"itemListElement\":[{\"@type\":\"ListItem\",\"position\":1,\"name\":\"Portada\",\"item\":\"https:\\\/\\\/canal7slp.tv\\\/2023\\\/\"},{\"@type\":\"ListItem\",\"position\":2,\"name\":\"Asegura CEA que en abril concluir\u00e1 proyecto de entubado de desechos de Escalerillas\"}]},{\"@type\":\"WebSite\",\"@id\":\"https:\\\/\\\/canal7slp.tv\\\/2023\\\/#website\",\"url\":\"https:\\\/\\\/canal7slp.tv\\\/2023\\\/\",\"name\":\"N7 - Noticieros Canal 7\",\"description\":\"Somos Televisi\u00f3n\",\"publisher\":{\"@id\":\"https:\\\/\\\/canal7slp.tv\\\/2023\\\/#organization\"},\"potentialAction\":[{\"@type\":\"SearchAction\",\"target\":{\"@type\":\"EntryPoint\",\"urlTemplate\":\"https:\\\/\\\/canal7slp.tv\\\/2023\\\/?s={search_term_string}\"},\"query-input\":{\"@type\":\"PropertyValueSpecification\",\"valueRequired\":true,\"valueName\":\"search_term_string\"}}],\"inLanguage\":\"es\"},{\"@type\":\"Organization\",\"@id\":\"https:\\\/\\\/canal7slp.tv\\\/2023\\\/#organization\",\"name\":\"Noticieros Canal 7\",\"url\":\"https:\\\/\\\/canal7slp.tv\\\/2023\\\/\",\"logo\":{\"@type\":\"ImageObject\",\"inLanguage\":\"es\",\"@id\":\"https:\\\/\\\/canal7slp.tv\\\/2023\\\/#\\\/schema\\\/logo\\\/image\\\/\",\"url\":\"https:\\\/\\\/canal7slp.tv\\\/2023\\\/wp-content\\\/uploads\\\/2021\\\/01\\\/logo-noticieros@2x.png\",\"contentUrl\":\"https:\\\/\\\/canal7slp.tv\\\/2023\\\/wp-content\\\/uploads\\\/2021\\\/01\\\/logo-noticieros@2x.png\",\"width\":1017,\"height\":268,\"caption\":\"Noticieros Canal 7\"},\"image\":{\"@id\":\"https:\\\/\\\/canal7slp.tv\\\/2023\\\/#\\\/schema\\\/logo\\\/image\\\/\"},\"sameAs\":[\"https:\\\/\\\/www.facebook.com\\\/noticieroscanalsiete\",\"https:\\\/\\\/x.com\\\/NOTICIEROS7\",\"https:\\\/\\\/www.instagram.com\\\/canal7_slp\",\"https:\\\/\\\/www.youtube.com\\\/channel\\\/UCliiYs-gP3JfJeqdPrNdd5A\"]},{\"@type\":\"Person\",\"@id\":\"https:\\\/\\\/canal7slp.tv\\\/2023\\\/#\\\/schema\\\/person\\\/639c424e3584069003b11ae813915da6\",\"name\":\"Edici\u00f3n Web\",\"image\":{\"@type\":\"ImageObject\",\"inLanguage\":\"es\",\"@id\":\"https:\\\/\\\/secure.gravatar.com\\\/avatar\\\/eee448fc3f7164808013b816ba91ac7e43bbe82a70bebac296f8bc6f0addaa1a?s=96&d=mm&r=g\",\"url\":\"https:\\\/\\\/secure.gravatar.com\\\/avatar\\\/eee448fc3f7164808013b816ba91ac7e43bbe82a70bebac296f8bc6f0addaa1a?s=96&d=mm&r=g\",\"contentUrl\":\"https:\\\/\\\/secure.gravatar.com\\\/avatar\\\/eee448fc3f7164808013b816ba91ac7e43bbe82a70bebac296f8bc6f0addaa1a?s=96&d=mm&r=g\",\"caption\":\"Edici\u00f3n Web\"},\"url\":\"https:\\\/\\\/canal7slp.tv\\\/2023\\\/author\\\/edicionweb\\\/\"}]}<\/script>\n<!-- \/ Yoast SEO plugin. -->","yoast_head_json":{"title":"Asegura CEA que en abril concluir\u00e1 proyecto de entubado de desechos de Escalerillas - Canal 7 SLP - 2023","robots":{"index":"index","follow":"follow","max-snippet":"max-snippet:-1","max-image-preview":"max-image-preview:large","max-video-preview":"max-video-preview:-1"},"canonical":"https:\/\/canal7slp.tv\/2023\/asegura-cea-que-en-abril-concluira-proyecto-de-entubado-de-desechos-de-escalerillas\/","og_locale":"es_ES","og_type":"article","og_title":"Asegura CEA que en abril concluir\u00e1 proyecto de entubado de desechos de Escalerillas - Canal 7 SLP - 2023","og_description":"Con ello proyectan autoridades que deje de crecer el lirio acu\u00e1tico que cubre el agua de la presa San Jos\u00e9. SLP.- Las p\u00e9simas condiciones en las que se encuentra el agua del vaso captador de la presa de San Jos\u00e9 en la capital de San Luis Potos\u00ed, no sucumbir\u00e1n hasta que no se logre concretar el proyecto de drenaje en la comunidad de Escalerillas. El director de la Comisi\u00f3n Estatal del Agua, Benjam\u00edn P\u00e9rez \u00c1lvarez, refiri\u00f3 que a la fecha existe una obra en ejecuci\u00f3n para conducir los desechos de habitantes de Escalerillas a una planta tratadora, con esta medida [&hellip;]","og_url":"https:\/\/canal7slp.tv\/2023\/asegura-cea-que-en-abril-concluira-proyecto-de-entubado-de-desechos-de-escalerillas\/","og_site_name":"Canal 7 SLP - 2023","article_publisher":"https:\/\/www.facebook.com\/noticieroscanalsiete","article_published_time":"2023-03-05T23:07:09+00:00","og_image":[{"width":888,"height":500,"url":"https:\/\/canal7slp.tv\/2023\/wp-content\/uploads\/2023\/03\/Poky0Cea-2.jpg","type":"image\/jpeg"}],"author":"Edici\u00f3n Web","twitter_card":"summary_large_image","twitter_creator":"@NOTICIEROS7","twitter_site":"@NOTICIEROS7","twitter_misc":{"Escrito por":"Edici\u00f3n Web","Tiempo de lectura":"2 minutos"},"schema":{"@context":"https:\/\/schema.org","@graph":[{"@type":"Article","@id":"https:\/\/canal7slp.tv\/2023\/asegura-cea-que-en-abril-concluira-proyecto-de-entubado-de-desechos-de-escalerillas\/#article","isPartOf":{"@id":"https:\/\/canal7slp.tv\/2023\/asegura-cea-que-en-abril-concluira-proyecto-de-entubado-de-desechos-de-escalerillas\/"},"author":{"name":"Edici\u00f3n Web","@id":"https:\/\/canal7slp.tv\/2023\/#\/schema\/person\/639c424e3584069003b11ae813915da6"},"headline":"Asegura CEA que en abril concluir\u00e1 proyecto de entubado de desechos de Escalerillas","datePublished":"2023-03-05T23:07:09+00:00","mainEntityOfPage":{"@id":"https:\/\/canal7slp.tv\/2023\/asegura-cea-que-en-abril-concluira-proyecto-de-entubado-de-desechos-de-escalerillas\/"},"wordCount":314,"publisher":{"@id":"https:\/\/canal7slp.tv\/2023\/#organization"},"image":{"@id":"https:\/\/canal7slp.tv\/2023\/asegura-cea-que-en-abril-concluira-proyecto-de-entubado-de-desechos-de-escalerillas\/#primaryimage"},"thumbnailUrl":"https:\/\/canal7slp.tv\/2023\/wp-content\/uploads\/2023\/03\/Poky0Cea-2.jpg","articleSection":["DESTACADAS","LOCALES Y REGIONALES"],"inLanguage":"es"},{"@type":"WebPage","@id":"https:\/\/canal7slp.tv\/2023\/asegura-cea-que-en-abril-concluira-proyecto-de-entubado-de-desechos-de-escalerillas\/","url":"https:\/\/canal7slp.tv\/2023\/asegura-cea-que-en-abril-concluira-proyecto-de-entubado-de-desechos-de-escalerillas\/","name":"Asegura CEA que en abril concluir\u00e1 proyecto de entubado de desechos de Escalerillas - Canal 7 SLP - 2023","isPartOf":{"@id":"https:\/\/canal7slp.tv\/2023\/#website"},"primaryImageOfPage":{"@id":"https:\/\/canal7slp.tv\/2023\/asegura-cea-que-en-abril-concluira-proyecto-de-entubado-de-desechos-de-escalerillas\/#primaryimage"},"image":{"@id":"https:\/\/canal7slp.tv\/2023\/asegura-cea-que-en-abril-concluira-proyecto-de-entubado-de-desechos-de-escalerillas\/#primaryimage"},"thumbnailUrl":"https:\/\/canal7slp.tv\/2023\/wp-content\/uploads\/2023\/03\/Poky0Cea-2.jpg","datePublished":"2023-03-05T23:07:09+00:00","breadcrumb":{"@id":"https:\/\/canal7slp.tv\/2023\/asegura-cea-que-en-abril-concluira-proyecto-de-entubado-de-desechos-de-escalerillas\/#breadcrumb"},"inLanguage":"es","potentialAction":[{"@type":"ReadAction","target":["https:\/\/canal7slp.tv\/2023\/asegura-cea-que-en-abril-concluira-proyecto-de-entubado-de-desechos-de-escalerillas\/"]}]},{"@type":"ImageObject","inLanguage":"es","@id":"https:\/\/canal7slp.tv\/2023\/asegura-cea-que-en-abril-concluira-proyecto-de-entubado-de-desechos-de-escalerillas\/#primaryimage","url":"https:\/\/canal7slp.tv\/2023\/wp-content\/uploads\/2023\/03\/Poky0Cea-2.jpg","contentUrl":"https:\/\/canal7slp.tv\/2023\/wp-content\/uploads\/2023\/03\/Poky0Cea-2.jpg","width":888,"height":500},{"@type":"BreadcrumbList","@id":"https:\/\/canal7slp.tv\/2023\/asegura-cea-que-en-abril-concluira-proyecto-de-entubado-de-desechos-de-escalerillas\/#breadcrumb","itemListElement":[{"@type":"ListItem","position":1,"name":"Portada","item":"https:\/\/canal7slp.tv\/2023\/"},{"@type":"ListItem","position":2,"name":"Asegura CEA que en abril concluir\u00e1 proyecto de entubado de desechos de Escalerillas"}]},{"@type":"WebSite","@id":"https:\/\/canal7slp.tv\/2023\/#website","url":"https:\/\/canal7slp.tv\/2023\/","name":"N7 - Noticieros Canal 7","description":"Somos Televisi\u00f3n","publisher":{"@id":"https:\/\/canal7slp.tv\/2023\/#organization"},"potentialAction":[{"@type":"SearchAction","target":{"@type":"EntryPoint","urlTemplate":"https:\/\/canal7slp.tv\/2023\/?s={search_term_string}"},"query-input":{"@type":"PropertyValueSpecification","valueRequired":true,"valueName":"search_term_string"}}],"inLanguage":"es"},{"@type":"Organization","@id":"https:\/\/canal7slp.tv\/2023\/#organization","name":"Noticieros Canal 7","url":"https:\/\/canal7slp.tv\/2023\/","logo":{"@type":"ImageObject","inLanguage":"es","@id":"https:\/\/canal7slp.tv\/2023\/#\/schema\/logo\/image\/","url":"https:\/\/canal7slp.tv\/2023\/wp-content\/uploads\/2021\/01\/logo-noticieros@2x.png","contentUrl":"https:\/\/canal7slp.tv\/2023\/wp-content\/uploads\/2021\/01\/logo-noticieros@2x.png","width":1017,"height":268,"caption":"Noticieros Canal 7"},"image":{"@id":"https:\/\/canal7slp.tv\/2023\/#\/schema\/logo\/image\/"},"sameAs":["https:\/\/www.facebook.com\/noticieroscanalsiete","https:\/\/x.com\/NOTICIEROS7","https:\/\/www.instagram.com\/canal7_slp","https:\/\/www.youtube.com\/channel\/UCliiYs-gP3JfJeqdPrNdd5A"]},{"@type":"Person","@id":"https:\/\/canal7slp.tv\/2023\/#\/schema\/person\/639c424e3584069003b11ae813915da6","name":"Edici\u00f3n Web","image":{"@type":"ImageObject","inLanguage":"es","@id":"https:\/\/secure.gravatar.com\/avatar\/eee448fc3f7164808013b816ba91ac7e43bbe82a70bebac296f8bc6f0addaa1a?s=96&d=mm&r=g","url":"https:\/\/secure.gravatar.com\/avatar\/eee448fc3f7164808013b816ba91ac7e43bbe82a70bebac296f8bc6f0addaa1a?s=96&d=mm&r=g","contentUrl":"https:\/\/secure.gravatar.com\/avatar\/eee448fc3f7164808013b816ba91ac7e43bbe82a70bebac296f8bc6f0addaa1a?s=96&d=mm&r=g","caption":"Edici\u00f3n Web"},"url":"https:\/\/canal7slp.tv\/2023\/author\/edicionweb\/"}]}},"_links":{"self":[{"href":"https:\/\/canal7slp.tv\/2023\/wp-json\/wp\/v2\/posts\/88918","targetHints":{"allow":["GET"]}}],"collection":[{"href":"https:\/\/canal7slp.tv\/2023\/wp-json\/wp\/v2\/posts"}],"about":[{"href":"https:\/\/canal7slp.tv\/2023\/wp-json\/wp\/v2\/types\/post"}],"author":[{"embeddable":true,"href":"https:\/\/canal7slp.tv\/2023\/wp-json\/wp\/v2\/users\/2"}],"replies":[{"embeddable":true,"href":"https:\/\/canal7slp.tv\/2023\/wp-json\/wp\/v2\/comments?post=88918"}],"version-history":[{"count":2,"href":"https:\/\/canal7slp.tv\/2023\/wp-json\/wp\/v2\/posts\/88918\/revisions"}],"predecessor-version":[{"id":88971,"href":"https:\/\/canal7slp.tv\/2023\/wp-json\/wp\/v2\/posts\/88918\/revisions\/88971"}],"wp:featuredmedia":[{"embeddable":true,"href":"https:\/\/canal7slp.tv\/2023\/wp-json\/wp\/v2\/media\/88970"}],"wp:attachment":[{"href":"https:\/\/canal7slp.tv\/2023\/wp-json\/wp\/v2\/media?parent=88918"}],"wp:term":[{"taxonomy":"category","embeddable":true,"href":"https:\/\/canal7slp.tv\/2023\/wp-json\/wp\/v2\/categories?post=88918"},{"taxonomy":"post_tag","embeddable":true,"href":"https:\/\/canal7slp.tv\/2023\/wp-json\/wp\/v2\/tags?post=88918"}],"curies":[{"name":"wp","href":"https:\/\/api.w.org\/{rel}","templated":true}]}}