{"id":88893,"date":"2023-03-04T18:05:10","date_gmt":"2023-03-05T00:05:10","guid":{"rendered":"https:\/\/canal7slp.tv\/2023\/?p=88893"},"modified":"2023-03-04T18:05:10","modified_gmt":"2023-03-05T00:05:10","slug":"en-menos-de-48-horas-dos-mujeres-policias-fueron-asesinadas-en-colima","status":"publish","type":"post","link":"https:\/\/canal7slp.tv\/2023\/en-menos-de-48-horas-dos-mujeres-policias-fueron-asesinadas-en-colima\/","title":{"rendered":"En menos de 48 horas, dos mujeres polic\u00edas fueron asesinadas en Colima"},"content":{"rendered":"<p style=\"text-align: justify;\">Colima.- Autoridades informaron que en menos de 48 horas, dos mujeres pertenecientes a la Polic\u00eda Estatal Preventiva (PEP) fueron asesinadas.<\/p>\n<p style=\"text-align: justify;\">El primer homicidio se registr\u00f3 la noche del 1 de marzo en la colonia Nuevo Milenio 4. Cabe se\u00f1alar que la oficial se encontraba en su d\u00eda de descanso cuando fue agredida.<\/p>\n<p style=\"text-align: justify;\">El segundo asesinato se present\u00ed durante la ma\u00f1ana del 3 de marzo en la colonia Santa Amalia. Durante este atentado, un menor de edad resulto herido.<\/p>\n<p style=\"text-align: justify;\">Por su parte, la gobernadora Indira Vizca\u00edno Silva instruy\u00f3 a la Secretar\u00eda de Seguridad P\u00fablica (SSP) brindar todo el apoyo necesario a las familias de las v\u00edctimas, por lo que se iniciaron los tr\u00e1mites administrativos para cumplir con los derechos que la ley les otorga.<\/p>\n<p style=\"text-align: justify;\">Asimismo, se detall\u00f3 que la SSP trabaja en coordinaci\u00f3n con la Fiscal\u00eda General del Estado (FGE), a fin de que se lleven a cabo, de manera expedita y eficaz, las investigaciones que permitan la detenci\u00f3n y castigo de los responsables.<\/p>\n<p style=\"text-align: justify;\">Cabe se\u00f1alar que en lo que va del 2023, 6 elementos de corporaciones de seguridad en Colima han sido asesinados.<\/p>\n","protected":false},"excerpt":{"rendered":"<p>Colima.- Autoridades informaron que en menos de 48 horas, dos mujeres pertenecientes a la Polic\u00eda Estatal Preventiva (PEP) fueron asesinadas. El primer homicidio se registr\u00f3 la noche del 1 de marzo en la colonia Nuevo Milenio 4. Cabe se\u00f1alar que la oficial se encontraba en su d\u00eda de descanso cuando fue agredida. El segundo asesinato se present\u00ed durante la ma\u00f1ana del 3 de marzo en la colonia Santa Amalia. Durante este atentado, un menor de edad resulto herido. Por su parte, la gobernadora Indira Vizca\u00edno Silva instruy\u00f3 a la Secretar\u00eda de Seguridad P\u00fablica (SSP) brindar todo el apoyo necesario a [&hellip;]<\/p>\n","protected":false},"author":2,"featured_media":88905,"comment_status":"closed","ping_status":"closed","sticky":false,"template":"","format":"standard","meta":{"footnotes":""},"categories":[46],"tags":[],"class_list":["post-88893","post","type-post","status-publish","format-standard","has-post-thumbnail","hentry","category-nacional","post--single"],"yoast_head":"<!-- This site is optimized with the Yoast SEO plugin v27.5 - https:\/\/yoast.com\/product\/yoast-seo-wordpress\/ -->\n<title>En menos de 48 horas, dos mujeres polic\u00edas fueron asesinadas en Colima - Canal 7 SLP - 2023<\/title>\n<meta name=\"robots\" content=\"index, follow, max-snippet:-1, max-image-preview:large, max-video-preview:-1\" \/>\n<link rel=\"canonical\" href=\"https:\/\/canal7slp.tv\/2023\/en-menos-de-48-horas-dos-mujeres-policias-fueron-asesinadas-en-colima\/\" \/>\n<meta property=\"og:locale\" content=\"es_ES\" \/>\n<meta property=\"og:type\" content=\"article\" \/>\n<meta property=\"og:title\" content=\"En menos de 48 horas, dos mujeres polic\u00edas fueron asesinadas en Colima - Canal 7 SLP - 2023\" \/>\n<meta property=\"og:description\" content=\"Colima.- Autoridades informaron que en menos de 48 horas, dos mujeres pertenecientes a la Polic\u00eda Estatal Preventiva (PEP) fueron asesinadas. El primer homicidio se registr\u00f3 la noche del 1 de marzo en la colonia Nuevo Milenio 4. Cabe se\u00f1alar que la oficial se encontraba en su d\u00eda de descanso cuando fue agredida. El segundo asesinato se present\u00ed durante la ma\u00f1ana del 3 de marzo en la colonia Santa Amalia. Durante este atentado, un menor de edad resulto herido. Por su parte, la gobernadora Indira Vizca\u00edno Silva instruy\u00f3 a la Secretar\u00eda de Seguridad P\u00fablica (SSP) brindar todo el apoyo necesario a [&hellip;]\" \/>\n<meta property=\"og:url\" content=\"https:\/\/canal7slp.tv\/2023\/en-menos-de-48-horas-dos-mujeres-policias-fueron-asesinadas-en-colima\/\" \/>\n<meta property=\"og:site_name\" content=\"Canal 7 SLP - 2023\" \/>\n<meta property=\"article:publisher\" content=\"https:\/\/www.facebook.com\/noticieroscanalsiete\" \/>\n<meta property=\"article:published_time\" content=\"2023-03-05T00:05:10+00:00\" \/>\n<meta property=\"og:image\" content=\"https:\/\/canal7slp.tv\/2023\/wp-content\/uploads\/2023\/03\/02-3.jpg\" \/>\n\t<meta property=\"og:image:width\" content=\"600\" \/>\n\t<meta property=\"og:image:height\" content=\"370\" \/>\n\t<meta property=\"og:image:type\" content=\"image\/jpeg\" \/>\n<meta name=\"author\" content=\"Edici\u00f3n Web\" \/>\n<meta name=\"twitter:card\" content=\"summary_large_image\" \/>\n<meta name=\"twitter:creator\" content=\"@NOTICIEROS7\" \/>\n<meta name=\"twitter:site\" content=\"@NOTICIEROS7\" \/>\n<meta name=\"twitter:label1\" content=\"Escrito por\" \/>\n\t<meta name=\"twitter:data1\" content=\"Edici\u00f3n Web\" \/>\n\t<meta name=\"twitter:label2\" content=\"Tiempo de lectura\" \/>\n\t<meta name=\"twitter:data2\" content=\"1 minuto\" \/>\n<script type=\"application\/ld+json\" class=\"yoast-schema-graph\">{\"@context\":\"https:\\\/\\\/schema.org\",\"@graph\":[{\"@type\":\"Article\",\"@id\":\"https:\\\/\\\/canal7slp.tv\\\/2023\\\/en-menos-de-48-horas-dos-mujeres-policias-fueron-asesinadas-en-colima\\\/#article\",\"isPartOf\":{\"@id\":\"https:\\\/\\\/canal7slp.tv\\\/2023\\\/en-menos-de-48-horas-dos-mujeres-policias-fueron-asesinadas-en-colima\\\/\"},\"author\":{\"name\":\"Edici\u00f3n Web\",\"@id\":\"https:\\\/\\\/canal7slp.tv\\\/2023\\\/#\\\/schema\\\/person\\\/639c424e3584069003b11ae813915da6\"},\"headline\":\"En menos de 48 horas, dos mujeres polic\u00edas fueron asesinadas en Colima\",\"datePublished\":\"2023-03-05T00:05:10+00:00\",\"mainEntityOfPage\":{\"@id\":\"https:\\\/\\\/canal7slp.tv\\\/2023\\\/en-menos-de-48-horas-dos-mujeres-policias-fueron-asesinadas-en-colima\\\/\"},\"wordCount\":203,\"publisher\":{\"@id\":\"https:\\\/\\\/canal7slp.tv\\\/2023\\\/#organization\"},\"image\":{\"@id\":\"https:\\\/\\\/canal7slp.tv\\\/2023\\\/en-menos-de-48-horas-dos-mujeres-policias-fueron-asesinadas-en-colima\\\/#primaryimage\"},\"thumbnailUrl\":\"https:\\\/\\\/canal7slp.tv\\\/2023\\\/wp-content\\\/uploads\\\/2023\\\/03\\\/02-3.jpg\",\"articleSection\":[\"NACIONALES\"],\"inLanguage\":\"es\"},{\"@type\":\"WebPage\",\"@id\":\"https:\\\/\\\/canal7slp.tv\\\/2023\\\/en-menos-de-48-horas-dos-mujeres-policias-fueron-asesinadas-en-colima\\\/\",\"url\":\"https:\\\/\\\/canal7slp.tv\\\/2023\\\/en-menos-de-48-horas-dos-mujeres-policias-fueron-asesinadas-en-colima\\\/\",\"name\":\"En menos de 48 horas, dos mujeres polic\u00edas fueron asesinadas en Colima - Canal 7 SLP - 2023\",\"isPartOf\":{\"@id\":\"https:\\\/\\\/canal7slp.tv\\\/2023\\\/#website\"},\"primaryImageOfPage\":{\"@id\":\"https:\\\/\\\/canal7slp.tv\\\/2023\\\/en-menos-de-48-horas-dos-mujeres-policias-fueron-asesinadas-en-colima\\\/#primaryimage\"},\"image\":{\"@id\":\"https:\\\/\\\/canal7slp.tv\\\/2023\\\/en-menos-de-48-horas-dos-mujeres-policias-fueron-asesinadas-en-colima\\\/#primaryimage\"},\"thumbnailUrl\":\"https:\\\/\\\/canal7slp.tv\\\/2023\\\/wp-content\\\/uploads\\\/2023\\\/03\\\/02-3.jpg\",\"datePublished\":\"2023-03-05T00:05:10+00:00\",\"breadcrumb\":{\"@id\":\"https:\\\/\\\/canal7slp.tv\\\/2023\\\/en-menos-de-48-horas-dos-mujeres-policias-fueron-asesinadas-en-colima\\\/#breadcrumb\"},\"inLanguage\":\"es\",\"potentialAction\":[{\"@type\":\"ReadAction\",\"target\":[\"https:\\\/\\\/canal7slp.tv\\\/2023\\\/en-menos-de-48-horas-dos-mujeres-policias-fueron-asesinadas-en-colima\\\/\"]}]},{\"@type\":\"ImageObject\",\"inLanguage\":\"es\",\"@id\":\"https:\\\/\\\/canal7slp.tv\\\/2023\\\/en-menos-de-48-horas-dos-mujeres-policias-fueron-asesinadas-en-colima\\\/#primaryimage\",\"url\":\"https:\\\/\\\/canal7slp.tv\\\/2023\\\/wp-content\\\/uploads\\\/2023\\\/03\\\/02-3.jpg\",\"contentUrl\":\"https:\\\/\\\/canal7slp.tv\\\/2023\\\/wp-content\\\/uploads\\\/2023\\\/03\\\/02-3.jpg\",\"width\":600,\"height\":370},{\"@type\":\"BreadcrumbList\",\"@id\":\"https:\\\/\\\/canal7slp.tv\\\/2023\\\/en-menos-de-48-horas-dos-mujeres-policias-fueron-asesinadas-en-colima\\\/#breadcrumb\",\"itemListElement\":[{\"@type\":\"ListItem\",\"position\":1,\"name\":\"Portada\",\"item\":\"https:\\\/\\\/canal7slp.tv\\\/2023\\\/\"},{\"@type\":\"ListItem\",\"position\":2,\"name\":\"En menos de 48 horas, dos mujeres polic\u00edas fueron asesinadas en Colima\"}]},{\"@type\":\"WebSite\",\"@id\":\"https:\\\/\\\/canal7slp.tv\\\/2023\\\/#website\",\"url\":\"https:\\\/\\\/canal7slp.tv\\\/2023\\\/\",\"name\":\"N7 - Noticieros Canal 7\",\"description\":\"Somos Televisi\u00f3n\",\"publisher\":{\"@id\":\"https:\\\/\\\/canal7slp.tv\\\/2023\\\/#organization\"},\"potentialAction\":[{\"@type\":\"SearchAction\",\"target\":{\"@type\":\"EntryPoint\",\"urlTemplate\":\"https:\\\/\\\/canal7slp.tv\\\/2023\\\/?s={search_term_string}\"},\"query-input\":{\"@type\":\"PropertyValueSpecification\",\"valueRequired\":true,\"valueName\":\"search_term_string\"}}],\"inLanguage\":\"es\"},{\"@type\":\"Organization\",\"@id\":\"https:\\\/\\\/canal7slp.tv\\\/2023\\\/#organization\",\"name\":\"Noticieros Canal 7\",\"url\":\"https:\\\/\\\/canal7slp.tv\\\/2023\\\/\",\"logo\":{\"@type\":\"ImageObject\",\"inLanguage\":\"es\",\"@id\":\"https:\\\/\\\/canal7slp.tv\\\/2023\\\/#\\\/schema\\\/logo\\\/image\\\/\",\"url\":\"https:\\\/\\\/canal7slp.tv\\\/2023\\\/wp-content\\\/uploads\\\/2021\\\/01\\\/logo-noticieros@2x.png\",\"contentUrl\":\"https:\\\/\\\/canal7slp.tv\\\/2023\\\/wp-content\\\/uploads\\\/2021\\\/01\\\/logo-noticieros@2x.png\",\"width\":1017,\"height\":268,\"caption\":\"Noticieros Canal 7\"},\"image\":{\"@id\":\"https:\\\/\\\/canal7slp.tv\\\/2023\\\/#\\\/schema\\\/logo\\\/image\\\/\"},\"sameAs\":[\"https:\\\/\\\/www.facebook.com\\\/noticieroscanalsiete\",\"https:\\\/\\\/x.com\\\/NOTICIEROS7\",\"https:\\\/\\\/www.instagram.com\\\/canal7_slp\",\"https:\\\/\\\/www.youtube.com\\\/channel\\\/UCliiYs-gP3JfJeqdPrNdd5A\"]},{\"@type\":\"Person\",\"@id\":\"https:\\\/\\\/canal7slp.tv\\\/2023\\\/#\\\/schema\\\/person\\\/639c424e3584069003b11ae813915da6\",\"name\":\"Edici\u00f3n Web\",\"image\":{\"@type\":\"ImageObject\",\"inLanguage\":\"es\",\"@id\":\"https:\\\/\\\/secure.gravatar.com\\\/avatar\\\/eee448fc3f7164808013b816ba91ac7e43bbe82a70bebac296f8bc6f0addaa1a?s=96&d=mm&r=g\",\"url\":\"https:\\\/\\\/secure.gravatar.com\\\/avatar\\\/eee448fc3f7164808013b816ba91ac7e43bbe82a70bebac296f8bc6f0addaa1a?s=96&d=mm&r=g\",\"contentUrl\":\"https:\\\/\\\/secure.gravatar.com\\\/avatar\\\/eee448fc3f7164808013b816ba91ac7e43bbe82a70bebac296f8bc6f0addaa1a?s=96&d=mm&r=g\",\"caption\":\"Edici\u00f3n Web\"},\"url\":\"https:\\\/\\\/canal7slp.tv\\\/2023\\\/author\\\/edicionweb\\\/\"}]}<\/script>\n<!-- \/ Yoast SEO plugin. -->","yoast_head_json":{"title":"En menos de 48 horas, dos mujeres polic\u00edas fueron asesinadas en Colima - Canal 7 SLP - 2023","robots":{"index":"index","follow":"follow","max-snippet":"max-snippet:-1","max-image-preview":"max-image-preview:large","max-video-preview":"max-video-preview:-1"},"canonical":"https:\/\/canal7slp.tv\/2023\/en-menos-de-48-horas-dos-mujeres-policias-fueron-asesinadas-en-colima\/","og_locale":"es_ES","og_type":"article","og_title":"En menos de 48 horas, dos mujeres polic\u00edas fueron asesinadas en Colima - Canal 7 SLP - 2023","og_description":"Colima.- Autoridades informaron que en menos de 48 horas, dos mujeres pertenecientes a la Polic\u00eda Estatal Preventiva (PEP) fueron asesinadas. El primer homicidio se registr\u00f3 la noche del 1 de marzo en la colonia Nuevo Milenio 4. Cabe se\u00f1alar que la oficial se encontraba en su d\u00eda de descanso cuando fue agredida. El segundo asesinato se present\u00ed durante la ma\u00f1ana del 3 de marzo en la colonia Santa Amalia. Durante este atentado, un menor de edad resulto herido. Por su parte, la gobernadora Indira Vizca\u00edno Silva instruy\u00f3 a la Secretar\u00eda de Seguridad P\u00fablica (SSP) brindar todo el apoyo necesario a [&hellip;]","og_url":"https:\/\/canal7slp.tv\/2023\/en-menos-de-48-horas-dos-mujeres-policias-fueron-asesinadas-en-colima\/","og_site_name":"Canal 7 SLP - 2023","article_publisher":"https:\/\/www.facebook.com\/noticieroscanalsiete","article_published_time":"2023-03-05T00:05:10+00:00","og_image":[{"width":600,"height":370,"url":"https:\/\/canal7slp.tv\/2023\/wp-content\/uploads\/2023\/03\/02-3.jpg","type":"image\/jpeg"}],"author":"Edici\u00f3n Web","twitter_card":"summary_large_image","twitter_creator":"@NOTICIEROS7","twitter_site":"@NOTICIEROS7","twitter_misc":{"Escrito por":"Edici\u00f3n Web","Tiempo de lectura":"1 minuto"},"schema":{"@context":"https:\/\/schema.org","@graph":[{"@type":"Article","@id":"https:\/\/canal7slp.tv\/2023\/en-menos-de-48-horas-dos-mujeres-policias-fueron-asesinadas-en-colima\/#article","isPartOf":{"@id":"https:\/\/canal7slp.tv\/2023\/en-menos-de-48-horas-dos-mujeres-policias-fueron-asesinadas-en-colima\/"},"author":{"name":"Edici\u00f3n Web","@id":"https:\/\/canal7slp.tv\/2023\/#\/schema\/person\/639c424e3584069003b11ae813915da6"},"headline":"En menos de 48 horas, dos mujeres polic\u00edas fueron asesinadas en Colima","datePublished":"2023-03-05T00:05:10+00:00","mainEntityOfPage":{"@id":"https:\/\/canal7slp.tv\/2023\/en-menos-de-48-horas-dos-mujeres-policias-fueron-asesinadas-en-colima\/"},"wordCount":203,"publisher":{"@id":"https:\/\/canal7slp.tv\/2023\/#organization"},"image":{"@id":"https:\/\/canal7slp.tv\/2023\/en-menos-de-48-horas-dos-mujeres-policias-fueron-asesinadas-en-colima\/#primaryimage"},"thumbnailUrl":"https:\/\/canal7slp.tv\/2023\/wp-content\/uploads\/2023\/03\/02-3.jpg","articleSection":["NACIONALES"],"inLanguage":"es"},{"@type":"WebPage","@id":"https:\/\/canal7slp.tv\/2023\/en-menos-de-48-horas-dos-mujeres-policias-fueron-asesinadas-en-colima\/","url":"https:\/\/canal7slp.tv\/2023\/en-menos-de-48-horas-dos-mujeres-policias-fueron-asesinadas-en-colima\/","name":"En menos de 48 horas, dos mujeres polic\u00edas fueron asesinadas en Colima - Canal 7 SLP - 2023","isPartOf":{"@id":"https:\/\/canal7slp.tv\/2023\/#website"},"primaryImageOfPage":{"@id":"https:\/\/canal7slp.tv\/2023\/en-menos-de-48-horas-dos-mujeres-policias-fueron-asesinadas-en-colima\/#primaryimage"},"image":{"@id":"https:\/\/canal7slp.tv\/2023\/en-menos-de-48-horas-dos-mujeres-policias-fueron-asesinadas-en-colima\/#primaryimage"},"thumbnailUrl":"https:\/\/canal7slp.tv\/2023\/wp-content\/uploads\/2023\/03\/02-3.jpg","datePublished":"2023-03-05T00:05:10+00:00","breadcrumb":{"@id":"https:\/\/canal7slp.tv\/2023\/en-menos-de-48-horas-dos-mujeres-policias-fueron-asesinadas-en-colima\/#breadcrumb"},"inLanguage":"es","potentialAction":[{"@type":"ReadAction","target":["https:\/\/canal7slp.tv\/2023\/en-menos-de-48-horas-dos-mujeres-policias-fueron-asesinadas-en-colima\/"]}]},{"@type":"ImageObject","inLanguage":"es","@id":"https:\/\/canal7slp.tv\/2023\/en-menos-de-48-horas-dos-mujeres-policias-fueron-asesinadas-en-colima\/#primaryimage","url":"https:\/\/canal7slp.tv\/2023\/wp-content\/uploads\/2023\/03\/02-3.jpg","contentUrl":"https:\/\/canal7slp.tv\/2023\/wp-content\/uploads\/2023\/03\/02-3.jpg","width":600,"height":370},{"@type":"BreadcrumbList","@id":"https:\/\/canal7slp.tv\/2023\/en-menos-de-48-horas-dos-mujeres-policias-fueron-asesinadas-en-colima\/#breadcrumb","itemListElement":[{"@type":"ListItem","position":1,"name":"Portada","item":"https:\/\/canal7slp.tv\/2023\/"},{"@type":"ListItem","position":2,"name":"En menos de 48 horas, dos mujeres polic\u00edas fueron asesinadas en Colima"}]},{"@type":"WebSite","@id":"https:\/\/canal7slp.tv\/2023\/#website","url":"https:\/\/canal7slp.tv\/2023\/","name":"N7 - Noticieros Canal 7","description":"Somos Televisi\u00f3n","publisher":{"@id":"https:\/\/canal7slp.tv\/2023\/#organization"},"potentialAction":[{"@type":"SearchAction","target":{"@type":"EntryPoint","urlTemplate":"https:\/\/canal7slp.tv\/2023\/?s={search_term_string}"},"query-input":{"@type":"PropertyValueSpecification","valueRequired":true,"valueName":"search_term_string"}}],"inLanguage":"es"},{"@type":"Organization","@id":"https:\/\/canal7slp.tv\/2023\/#organization","name":"Noticieros Canal 7","url":"https:\/\/canal7slp.tv\/2023\/","logo":{"@type":"ImageObject","inLanguage":"es","@id":"https:\/\/canal7slp.tv\/2023\/#\/schema\/logo\/image\/","url":"https:\/\/canal7slp.tv\/2023\/wp-content\/uploads\/2021\/01\/logo-noticieros@2x.png","contentUrl":"https:\/\/canal7slp.tv\/2023\/wp-content\/uploads\/2021\/01\/logo-noticieros@2x.png","width":1017,"height":268,"caption":"Noticieros Canal 7"},"image":{"@id":"https:\/\/canal7slp.tv\/2023\/#\/schema\/logo\/image\/"},"sameAs":["https:\/\/www.facebook.com\/noticieroscanalsiete","https:\/\/x.com\/NOTICIEROS7","https:\/\/www.instagram.com\/canal7_slp","https:\/\/www.youtube.com\/channel\/UCliiYs-gP3JfJeqdPrNdd5A"]},{"@type":"Person","@id":"https:\/\/canal7slp.tv\/2023\/#\/schema\/person\/639c424e3584069003b11ae813915da6","name":"Edici\u00f3n Web","image":{"@type":"ImageObject","inLanguage":"es","@id":"https:\/\/secure.gravatar.com\/avatar\/eee448fc3f7164808013b816ba91ac7e43bbe82a70bebac296f8bc6f0addaa1a?s=96&d=mm&r=g","url":"https:\/\/secure.gravatar.com\/avatar\/eee448fc3f7164808013b816ba91ac7e43bbe82a70bebac296f8bc6f0addaa1a?s=96&d=mm&r=g","contentUrl":"https:\/\/secure.gravatar.com\/avatar\/eee448fc3f7164808013b816ba91ac7e43bbe82a70bebac296f8bc6f0addaa1a?s=96&d=mm&r=g","caption":"Edici\u00f3n Web"},"url":"https:\/\/canal7slp.tv\/2023\/author\/edicionweb\/"}]}},"_links":{"self":[{"href":"https:\/\/canal7slp.tv\/2023\/wp-json\/wp\/v2\/posts\/88893","targetHints":{"allow":["GET"]}}],"collection":[{"href":"https:\/\/canal7slp.tv\/2023\/wp-json\/wp\/v2\/posts"}],"about":[{"href":"https:\/\/canal7slp.tv\/2023\/wp-json\/wp\/v2\/types\/post"}],"author":[{"embeddable":true,"href":"https:\/\/canal7slp.tv\/2023\/wp-json\/wp\/v2\/users\/2"}],"replies":[{"embeddable":true,"href":"https:\/\/canal7slp.tv\/2023\/wp-json\/wp\/v2\/comments?post=88893"}],"version-history":[{"count":2,"href":"https:\/\/canal7slp.tv\/2023\/wp-json\/wp\/v2\/posts\/88893\/revisions"}],"predecessor-version":[{"id":88911,"href":"https:\/\/canal7slp.tv\/2023\/wp-json\/wp\/v2\/posts\/88893\/revisions\/88911"}],"wp:featuredmedia":[{"embeddable":true,"href":"https:\/\/canal7slp.tv\/2023\/wp-json\/wp\/v2\/media\/88905"}],"wp:attachment":[{"href":"https:\/\/canal7slp.tv\/2023\/wp-json\/wp\/v2\/media?parent=88893"}],"wp:term":[{"taxonomy":"category","embeddable":true,"href":"https:\/\/canal7slp.tv\/2023\/wp-json\/wp\/v2\/categories?post=88893"},{"taxonomy":"post_tag","embeddable":true,"href":"https:\/\/canal7slp.tv\/2023\/wp-json\/wp\/v2\/tags?post=88893"}],"curies":[{"name":"wp","href":"https:\/\/api.w.org\/{rel}","templated":true}]}}