{"id":88892,"date":"2023-03-04T18:05:08","date_gmt":"2023-03-05T00:05:08","guid":{"rendered":"https:\/\/canal7slp.tv\/2023\/?p=88892"},"modified":"2023-03-04T18:05:08","modified_gmt":"2023-03-05T00:05:08","slug":"mas-de-200-personas-son-asesinadas-en-los-primeros-dias-de-marzo","status":"publish","type":"post","link":"https:\/\/canal7slp.tv\/2023\/mas-de-200-personas-son-asesinadas-en-los-primeros-dias-de-marzo\/","title":{"rendered":"M\u00e1s de 200 personas son asesinadas en los primeros d\u00edas de marzo"},"content":{"rendered":"<p style=\"text-align: justify;\">M\u00e9xico.- La Secretar\u00eda de Seguridad y Protecci\u00f3n Ciudadana (SSPC), inform\u00f3 que se registraron al menos 211 asesinatos durante los tres primeros d\u00edas de marzo.<\/p>\n<p style=\"text-align: justify;\">De acuerdo con el reporte del conteo diario de la SSPC, la mayor\u00eda de las v\u00edctimas se registraron en:<\/p>\n<ul style=\"text-align: justify;\">\n<li>Guanajuato 29<\/li>\n<li>Morelos 18<\/li>\n<li>Chihuahua 15<\/li>\n<li>Michoac\u00e1n 15<\/li>\n<li>Zacatecas 14<\/li>\n<li>Baja California 12<\/li>\n<li>Nuevo Le\u00f3n 12<\/li>\n<li>Sonora 11<\/li>\n<\/ul>\n<p style=\"text-align: justify;\">Cabe se\u00f1alar que el 3 de marzo, se registraron dos enfrentamientos entre presuntos grupos de la delincuencia organizada que operan en Matamoros, Tamaulipas.<\/p>\n<p style=\"text-align: justify;\">Debido a esto, el consulado de Estados Unidos en Matamoros emiti\u00f3 una alerta a los ciudadanos estadounidenses de no viajar a dicha entidad.<\/p>\n","protected":false},"excerpt":{"rendered":"<p>M\u00e9xico.- La Secretar\u00eda de Seguridad y Protecci\u00f3n Ciudadana (SSPC), inform\u00f3 que se registraron al menos 211 asesinatos durante los tres primeros d\u00edas de marzo. De acuerdo con el reporte del conteo diario de la SSPC, la mayor\u00eda de las v\u00edctimas se registraron en: Guanajuato 29 Morelos 18 Chihuahua 15 Michoac\u00e1n 15 Zacatecas 14 Baja California 12 Nuevo Le\u00f3n 12 Sonora 11 Cabe se\u00f1alar que el 3 de marzo, se registraron dos enfrentamientos entre presuntos grupos de la delincuencia organizada que operan en Matamoros, Tamaulipas. Debido a esto, el consulado de Estados Unidos en Matamoros emiti\u00f3 una alerta a los ciudadanos [&hellip;]<\/p>\n","protected":false},"author":2,"featured_media":88904,"comment_status":"closed","ping_status":"closed","sticky":false,"template":"","format":"standard","meta":{"footnotes":""},"categories":[46],"tags":[],"class_list":["post-88892","post","type-post","status-publish","format-standard","has-post-thumbnail","hentry","category-nacional","post--single"],"yoast_head":"<!-- This site is optimized with the Yoast SEO plugin v27.5 - https:\/\/yoast.com\/product\/yoast-seo-wordpress\/ -->\n<title>M\u00e1s de 200 personas son asesinadas en los primeros d\u00edas de marzo - Canal 7 SLP - 2023<\/title>\n<meta name=\"robots\" content=\"index, follow, max-snippet:-1, max-image-preview:large, max-video-preview:-1\" \/>\n<link rel=\"canonical\" href=\"https:\/\/canal7slp.tv\/2023\/mas-de-200-personas-son-asesinadas-en-los-primeros-dias-de-marzo\/\" \/>\n<meta property=\"og:locale\" content=\"es_ES\" \/>\n<meta property=\"og:type\" content=\"article\" \/>\n<meta property=\"og:title\" content=\"M\u00e1s de 200 personas son asesinadas en los primeros d\u00edas de marzo - Canal 7 SLP - 2023\" \/>\n<meta property=\"og:description\" content=\"M\u00e9xico.- La Secretar\u00eda de Seguridad y Protecci\u00f3n Ciudadana (SSPC), inform\u00f3 que se registraron al menos 211 asesinatos durante los tres primeros d\u00edas de marzo. De acuerdo con el reporte del conteo diario de la SSPC, la mayor\u00eda de las v\u00edctimas se registraron en: Guanajuato 29 Morelos 18 Chihuahua 15 Michoac\u00e1n 15 Zacatecas 14 Baja California 12 Nuevo Le\u00f3n 12 Sonora 11 Cabe se\u00f1alar que el 3 de marzo, se registraron dos enfrentamientos entre presuntos grupos de la delincuencia organizada que operan en Matamoros, Tamaulipas. Debido a esto, el consulado de Estados Unidos en Matamoros emiti\u00f3 una alerta a los ciudadanos [&hellip;]\" \/>\n<meta property=\"og:url\" content=\"https:\/\/canal7slp.tv\/2023\/mas-de-200-personas-son-asesinadas-en-los-primeros-dias-de-marzo\/\" \/>\n<meta property=\"og:site_name\" content=\"Canal 7 SLP - 2023\" \/>\n<meta property=\"article:publisher\" content=\"https:\/\/www.facebook.com\/noticieroscanalsiete\" \/>\n<meta property=\"article:published_time\" content=\"2023-03-05T00:05:08+00:00\" \/>\n<meta property=\"og:image\" content=\"https:\/\/canal7slp.tv\/2023\/wp-content\/uploads\/2023\/03\/01-1.jpg\" \/>\n\t<meta property=\"og:image:width\" content=\"1140\" \/>\n\t<meta property=\"og:image:height\" content=\"712\" \/>\n\t<meta property=\"og:image:type\" content=\"image\/jpeg\" \/>\n<meta name=\"author\" content=\"Edici\u00f3n Web\" \/>\n<meta name=\"twitter:card\" content=\"summary_large_image\" \/>\n<meta name=\"twitter:creator\" content=\"@NOTICIEROS7\" \/>\n<meta name=\"twitter:site\" content=\"@NOTICIEROS7\" \/>\n<meta name=\"twitter:label1\" content=\"Escrito por\" \/>\n\t<meta name=\"twitter:data1\" content=\"Edici\u00f3n Web\" \/>\n\t<meta name=\"twitter:label2\" content=\"Tiempo de lectura\" \/>\n\t<meta name=\"twitter:data2\" content=\"1 minuto\" \/>\n<script type=\"application\/ld+json\" class=\"yoast-schema-graph\">{\"@context\":\"https:\\\/\\\/schema.org\",\"@graph\":[{\"@type\":\"Article\",\"@id\":\"https:\\\/\\\/canal7slp.tv\\\/2023\\\/mas-de-200-personas-son-asesinadas-en-los-primeros-dias-de-marzo\\\/#article\",\"isPartOf\":{\"@id\":\"https:\\\/\\\/canal7slp.tv\\\/2023\\\/mas-de-200-personas-son-asesinadas-en-los-primeros-dias-de-marzo\\\/\"},\"author\":{\"name\":\"Edici\u00f3n Web\",\"@id\":\"https:\\\/\\\/canal7slp.tv\\\/2023\\\/#\\\/schema\\\/person\\\/639c424e3584069003b11ae813915da6\"},\"headline\":\"M\u00e1s de 200 personas son asesinadas en los primeros d\u00edas de marzo\",\"datePublished\":\"2023-03-05T00:05:08+00:00\",\"mainEntityOfPage\":{\"@id\":\"https:\\\/\\\/canal7slp.tv\\\/2023\\\/mas-de-200-personas-son-asesinadas-en-los-primeros-dias-de-marzo\\\/\"},\"wordCount\":120,\"publisher\":{\"@id\":\"https:\\\/\\\/canal7slp.tv\\\/2023\\\/#organization\"},\"image\":{\"@id\":\"https:\\\/\\\/canal7slp.tv\\\/2023\\\/mas-de-200-personas-son-asesinadas-en-los-primeros-dias-de-marzo\\\/#primaryimage\"},\"thumbnailUrl\":\"https:\\\/\\\/canal7slp.tv\\\/2023\\\/wp-content\\\/uploads\\\/2023\\\/03\\\/01-1.jpg\",\"articleSection\":[\"NACIONALES\"],\"inLanguage\":\"es\"},{\"@type\":\"WebPage\",\"@id\":\"https:\\\/\\\/canal7slp.tv\\\/2023\\\/mas-de-200-personas-son-asesinadas-en-los-primeros-dias-de-marzo\\\/\",\"url\":\"https:\\\/\\\/canal7slp.tv\\\/2023\\\/mas-de-200-personas-son-asesinadas-en-los-primeros-dias-de-marzo\\\/\",\"name\":\"M\u00e1s de 200 personas son asesinadas en los primeros d\u00edas de marzo - Canal 7 SLP - 2023\",\"isPartOf\":{\"@id\":\"https:\\\/\\\/canal7slp.tv\\\/2023\\\/#website\"},\"primaryImageOfPage\":{\"@id\":\"https:\\\/\\\/canal7slp.tv\\\/2023\\\/mas-de-200-personas-son-asesinadas-en-los-primeros-dias-de-marzo\\\/#primaryimage\"},\"image\":{\"@id\":\"https:\\\/\\\/canal7slp.tv\\\/2023\\\/mas-de-200-personas-son-asesinadas-en-los-primeros-dias-de-marzo\\\/#primaryimage\"},\"thumbnailUrl\":\"https:\\\/\\\/canal7slp.tv\\\/2023\\\/wp-content\\\/uploads\\\/2023\\\/03\\\/01-1.jpg\",\"datePublished\":\"2023-03-05T00:05:08+00:00\",\"breadcrumb\":{\"@id\":\"https:\\\/\\\/canal7slp.tv\\\/2023\\\/mas-de-200-personas-son-asesinadas-en-los-primeros-dias-de-marzo\\\/#breadcrumb\"},\"inLanguage\":\"es\",\"potentialAction\":[{\"@type\":\"ReadAction\",\"target\":[\"https:\\\/\\\/canal7slp.tv\\\/2023\\\/mas-de-200-personas-son-asesinadas-en-los-primeros-dias-de-marzo\\\/\"]}]},{\"@type\":\"ImageObject\",\"inLanguage\":\"es\",\"@id\":\"https:\\\/\\\/canal7slp.tv\\\/2023\\\/mas-de-200-personas-son-asesinadas-en-los-primeros-dias-de-marzo\\\/#primaryimage\",\"url\":\"https:\\\/\\\/canal7slp.tv\\\/2023\\\/wp-content\\\/uploads\\\/2023\\\/03\\\/01-1.jpg\",\"contentUrl\":\"https:\\\/\\\/canal7slp.tv\\\/2023\\\/wp-content\\\/uploads\\\/2023\\\/03\\\/01-1.jpg\",\"width\":1140,\"height\":712},{\"@type\":\"BreadcrumbList\",\"@id\":\"https:\\\/\\\/canal7slp.tv\\\/2023\\\/mas-de-200-personas-son-asesinadas-en-los-primeros-dias-de-marzo\\\/#breadcrumb\",\"itemListElement\":[{\"@type\":\"ListItem\",\"position\":1,\"name\":\"Portada\",\"item\":\"https:\\\/\\\/canal7slp.tv\\\/2023\\\/\"},{\"@type\":\"ListItem\",\"position\":2,\"name\":\"M\u00e1s de 200 personas son asesinadas en los primeros d\u00edas de marzo\"}]},{\"@type\":\"WebSite\",\"@id\":\"https:\\\/\\\/canal7slp.tv\\\/2023\\\/#website\",\"url\":\"https:\\\/\\\/canal7slp.tv\\\/2023\\\/\",\"name\":\"N7 - Noticieros Canal 7\",\"description\":\"Somos Televisi\u00f3n\",\"publisher\":{\"@id\":\"https:\\\/\\\/canal7slp.tv\\\/2023\\\/#organization\"},\"potentialAction\":[{\"@type\":\"SearchAction\",\"target\":{\"@type\":\"EntryPoint\",\"urlTemplate\":\"https:\\\/\\\/canal7slp.tv\\\/2023\\\/?s={search_term_string}\"},\"query-input\":{\"@type\":\"PropertyValueSpecification\",\"valueRequired\":true,\"valueName\":\"search_term_string\"}}],\"inLanguage\":\"es\"},{\"@type\":\"Organization\",\"@id\":\"https:\\\/\\\/canal7slp.tv\\\/2023\\\/#organization\",\"name\":\"Noticieros Canal 7\",\"url\":\"https:\\\/\\\/canal7slp.tv\\\/2023\\\/\",\"logo\":{\"@type\":\"ImageObject\",\"inLanguage\":\"es\",\"@id\":\"https:\\\/\\\/canal7slp.tv\\\/2023\\\/#\\\/schema\\\/logo\\\/image\\\/\",\"url\":\"https:\\\/\\\/canal7slp.tv\\\/2023\\\/wp-content\\\/uploads\\\/2021\\\/01\\\/logo-noticieros@2x.png\",\"contentUrl\":\"https:\\\/\\\/canal7slp.tv\\\/2023\\\/wp-content\\\/uploads\\\/2021\\\/01\\\/logo-noticieros@2x.png\",\"width\":1017,\"height\":268,\"caption\":\"Noticieros Canal 7\"},\"image\":{\"@id\":\"https:\\\/\\\/canal7slp.tv\\\/2023\\\/#\\\/schema\\\/logo\\\/image\\\/\"},\"sameAs\":[\"https:\\\/\\\/www.facebook.com\\\/noticieroscanalsiete\",\"https:\\\/\\\/x.com\\\/NOTICIEROS7\",\"https:\\\/\\\/www.instagram.com\\\/canal7_slp\",\"https:\\\/\\\/www.youtube.com\\\/channel\\\/UCliiYs-gP3JfJeqdPrNdd5A\"]},{\"@type\":\"Person\",\"@id\":\"https:\\\/\\\/canal7slp.tv\\\/2023\\\/#\\\/schema\\\/person\\\/639c424e3584069003b11ae813915da6\",\"name\":\"Edici\u00f3n Web\",\"image\":{\"@type\":\"ImageObject\",\"inLanguage\":\"es\",\"@id\":\"https:\\\/\\\/secure.gravatar.com\\\/avatar\\\/eee448fc3f7164808013b816ba91ac7e43bbe82a70bebac296f8bc6f0addaa1a?s=96&d=mm&r=g\",\"url\":\"https:\\\/\\\/secure.gravatar.com\\\/avatar\\\/eee448fc3f7164808013b816ba91ac7e43bbe82a70bebac296f8bc6f0addaa1a?s=96&d=mm&r=g\",\"contentUrl\":\"https:\\\/\\\/secure.gravatar.com\\\/avatar\\\/eee448fc3f7164808013b816ba91ac7e43bbe82a70bebac296f8bc6f0addaa1a?s=96&d=mm&r=g\",\"caption\":\"Edici\u00f3n Web\"},\"url\":\"https:\\\/\\\/canal7slp.tv\\\/2023\\\/author\\\/edicionweb\\\/\"}]}<\/script>\n<!-- \/ Yoast SEO plugin. -->","yoast_head_json":{"title":"M\u00e1s de 200 personas son asesinadas en los primeros d\u00edas de marzo - Canal 7 SLP - 2023","robots":{"index":"index","follow":"follow","max-snippet":"max-snippet:-1","max-image-preview":"max-image-preview:large","max-video-preview":"max-video-preview:-1"},"canonical":"https:\/\/canal7slp.tv\/2023\/mas-de-200-personas-son-asesinadas-en-los-primeros-dias-de-marzo\/","og_locale":"es_ES","og_type":"article","og_title":"M\u00e1s de 200 personas son asesinadas en los primeros d\u00edas de marzo - Canal 7 SLP - 2023","og_description":"M\u00e9xico.- La Secretar\u00eda de Seguridad y Protecci\u00f3n Ciudadana (SSPC), inform\u00f3 que se registraron al menos 211 asesinatos durante los tres primeros d\u00edas de marzo. De acuerdo con el reporte del conteo diario de la SSPC, la mayor\u00eda de las v\u00edctimas se registraron en: Guanajuato 29 Morelos 18 Chihuahua 15 Michoac\u00e1n 15 Zacatecas 14 Baja California 12 Nuevo Le\u00f3n 12 Sonora 11 Cabe se\u00f1alar que el 3 de marzo, se registraron dos enfrentamientos entre presuntos grupos de la delincuencia organizada que operan en Matamoros, Tamaulipas. Debido a esto, el consulado de Estados Unidos en Matamoros emiti\u00f3 una alerta a los ciudadanos [&hellip;]","og_url":"https:\/\/canal7slp.tv\/2023\/mas-de-200-personas-son-asesinadas-en-los-primeros-dias-de-marzo\/","og_site_name":"Canal 7 SLP - 2023","article_publisher":"https:\/\/www.facebook.com\/noticieroscanalsiete","article_published_time":"2023-03-05T00:05:08+00:00","og_image":[{"width":1140,"height":712,"url":"https:\/\/canal7slp.tv\/2023\/wp-content\/uploads\/2023\/03\/01-1.jpg","type":"image\/jpeg"}],"author":"Edici\u00f3n Web","twitter_card":"summary_large_image","twitter_creator":"@NOTICIEROS7","twitter_site":"@NOTICIEROS7","twitter_misc":{"Escrito por":"Edici\u00f3n Web","Tiempo de lectura":"1 minuto"},"schema":{"@context":"https:\/\/schema.org","@graph":[{"@type":"Article","@id":"https:\/\/canal7slp.tv\/2023\/mas-de-200-personas-son-asesinadas-en-los-primeros-dias-de-marzo\/#article","isPartOf":{"@id":"https:\/\/canal7slp.tv\/2023\/mas-de-200-personas-son-asesinadas-en-los-primeros-dias-de-marzo\/"},"author":{"name":"Edici\u00f3n Web","@id":"https:\/\/canal7slp.tv\/2023\/#\/schema\/person\/639c424e3584069003b11ae813915da6"},"headline":"M\u00e1s de 200 personas son asesinadas en los primeros d\u00edas de marzo","datePublished":"2023-03-05T00:05:08+00:00","mainEntityOfPage":{"@id":"https:\/\/canal7slp.tv\/2023\/mas-de-200-personas-son-asesinadas-en-los-primeros-dias-de-marzo\/"},"wordCount":120,"publisher":{"@id":"https:\/\/canal7slp.tv\/2023\/#organization"},"image":{"@id":"https:\/\/canal7slp.tv\/2023\/mas-de-200-personas-son-asesinadas-en-los-primeros-dias-de-marzo\/#primaryimage"},"thumbnailUrl":"https:\/\/canal7slp.tv\/2023\/wp-content\/uploads\/2023\/03\/01-1.jpg","articleSection":["NACIONALES"],"inLanguage":"es"},{"@type":"WebPage","@id":"https:\/\/canal7slp.tv\/2023\/mas-de-200-personas-son-asesinadas-en-los-primeros-dias-de-marzo\/","url":"https:\/\/canal7slp.tv\/2023\/mas-de-200-personas-son-asesinadas-en-los-primeros-dias-de-marzo\/","name":"M\u00e1s de 200 personas son asesinadas en los primeros d\u00edas de marzo - Canal 7 SLP - 2023","isPartOf":{"@id":"https:\/\/canal7slp.tv\/2023\/#website"},"primaryImageOfPage":{"@id":"https:\/\/canal7slp.tv\/2023\/mas-de-200-personas-son-asesinadas-en-los-primeros-dias-de-marzo\/#primaryimage"},"image":{"@id":"https:\/\/canal7slp.tv\/2023\/mas-de-200-personas-son-asesinadas-en-los-primeros-dias-de-marzo\/#primaryimage"},"thumbnailUrl":"https:\/\/canal7slp.tv\/2023\/wp-content\/uploads\/2023\/03\/01-1.jpg","datePublished":"2023-03-05T00:05:08+00:00","breadcrumb":{"@id":"https:\/\/canal7slp.tv\/2023\/mas-de-200-personas-son-asesinadas-en-los-primeros-dias-de-marzo\/#breadcrumb"},"inLanguage":"es","potentialAction":[{"@type":"ReadAction","target":["https:\/\/canal7slp.tv\/2023\/mas-de-200-personas-son-asesinadas-en-los-primeros-dias-de-marzo\/"]}]},{"@type":"ImageObject","inLanguage":"es","@id":"https:\/\/canal7slp.tv\/2023\/mas-de-200-personas-son-asesinadas-en-los-primeros-dias-de-marzo\/#primaryimage","url":"https:\/\/canal7slp.tv\/2023\/wp-content\/uploads\/2023\/03\/01-1.jpg","contentUrl":"https:\/\/canal7slp.tv\/2023\/wp-content\/uploads\/2023\/03\/01-1.jpg","width":1140,"height":712},{"@type":"BreadcrumbList","@id":"https:\/\/canal7slp.tv\/2023\/mas-de-200-personas-son-asesinadas-en-los-primeros-dias-de-marzo\/#breadcrumb","itemListElement":[{"@type":"ListItem","position":1,"name":"Portada","item":"https:\/\/canal7slp.tv\/2023\/"},{"@type":"ListItem","position":2,"name":"M\u00e1s de 200 personas son asesinadas en los primeros d\u00edas de marzo"}]},{"@type":"WebSite","@id":"https:\/\/canal7slp.tv\/2023\/#website","url":"https:\/\/canal7slp.tv\/2023\/","name":"N7 - Noticieros Canal 7","description":"Somos Televisi\u00f3n","publisher":{"@id":"https:\/\/canal7slp.tv\/2023\/#organization"},"potentialAction":[{"@type":"SearchAction","target":{"@type":"EntryPoint","urlTemplate":"https:\/\/canal7slp.tv\/2023\/?s={search_term_string}"},"query-input":{"@type":"PropertyValueSpecification","valueRequired":true,"valueName":"search_term_string"}}],"inLanguage":"es"},{"@type":"Organization","@id":"https:\/\/canal7slp.tv\/2023\/#organization","name":"Noticieros Canal 7","url":"https:\/\/canal7slp.tv\/2023\/","logo":{"@type":"ImageObject","inLanguage":"es","@id":"https:\/\/canal7slp.tv\/2023\/#\/schema\/logo\/image\/","url":"https:\/\/canal7slp.tv\/2023\/wp-content\/uploads\/2021\/01\/logo-noticieros@2x.png","contentUrl":"https:\/\/canal7slp.tv\/2023\/wp-content\/uploads\/2021\/01\/logo-noticieros@2x.png","width":1017,"height":268,"caption":"Noticieros Canal 7"},"image":{"@id":"https:\/\/canal7slp.tv\/2023\/#\/schema\/logo\/image\/"},"sameAs":["https:\/\/www.facebook.com\/noticieroscanalsiete","https:\/\/x.com\/NOTICIEROS7","https:\/\/www.instagram.com\/canal7_slp","https:\/\/www.youtube.com\/channel\/UCliiYs-gP3JfJeqdPrNdd5A"]},{"@type":"Person","@id":"https:\/\/canal7slp.tv\/2023\/#\/schema\/person\/639c424e3584069003b11ae813915da6","name":"Edici\u00f3n Web","image":{"@type":"ImageObject","inLanguage":"es","@id":"https:\/\/secure.gravatar.com\/avatar\/eee448fc3f7164808013b816ba91ac7e43bbe82a70bebac296f8bc6f0addaa1a?s=96&d=mm&r=g","url":"https:\/\/secure.gravatar.com\/avatar\/eee448fc3f7164808013b816ba91ac7e43bbe82a70bebac296f8bc6f0addaa1a?s=96&d=mm&r=g","contentUrl":"https:\/\/secure.gravatar.com\/avatar\/eee448fc3f7164808013b816ba91ac7e43bbe82a70bebac296f8bc6f0addaa1a?s=96&d=mm&r=g","caption":"Edici\u00f3n Web"},"url":"https:\/\/canal7slp.tv\/2023\/author\/edicionweb\/"}]}},"_links":{"self":[{"href":"https:\/\/canal7slp.tv\/2023\/wp-json\/wp\/v2\/posts\/88892","targetHints":{"allow":["GET"]}}],"collection":[{"href":"https:\/\/canal7slp.tv\/2023\/wp-json\/wp\/v2\/posts"}],"about":[{"href":"https:\/\/canal7slp.tv\/2023\/wp-json\/wp\/v2\/types\/post"}],"author":[{"embeddable":true,"href":"https:\/\/canal7slp.tv\/2023\/wp-json\/wp\/v2\/users\/2"}],"replies":[{"embeddable":true,"href":"https:\/\/canal7slp.tv\/2023\/wp-json\/wp\/v2\/comments?post=88892"}],"version-history":[{"count":2,"href":"https:\/\/canal7slp.tv\/2023\/wp-json\/wp\/v2\/posts\/88892\/revisions"}],"predecessor-version":[{"id":88910,"href":"https:\/\/canal7slp.tv\/2023\/wp-json\/wp\/v2\/posts\/88892\/revisions\/88910"}],"wp:featuredmedia":[{"embeddable":true,"href":"https:\/\/canal7slp.tv\/2023\/wp-json\/wp\/v2\/media\/88904"}],"wp:attachment":[{"href":"https:\/\/canal7slp.tv\/2023\/wp-json\/wp\/v2\/media?parent=88892"}],"wp:term":[{"taxonomy":"category","embeddable":true,"href":"https:\/\/canal7slp.tv\/2023\/wp-json\/wp\/v2\/categories?post=88892"},{"taxonomy":"post_tag","embeddable":true,"href":"https:\/\/canal7slp.tv\/2023\/wp-json\/wp\/v2\/tags?post=88892"}],"curies":[{"name":"wp","href":"https:\/\/api.w.org\/{rel}","templated":true}]}}