{"id":88594,"date":"2023-03-01T16:46:52","date_gmt":"2023-03-01T22:46:52","guid":{"rendered":"https:\/\/canal7slp.tv\/2023\/?p=88594"},"modified":"2023-03-01T16:46:52","modified_gmt":"2023-03-01T22:46:52","slug":"con-magistral-concierto-cineteca-alameda-conmemoro-su-aniversario-82","status":"publish","type":"post","link":"https:\/\/canal7slp.tv\/2023\/con-magistral-concierto-cineteca-alameda-conmemoro-su-aniversario-82\/","title":{"rendered":"Con magistral concierto, Cineteca Alameda conmemor\u00f3 su aniversario 82"},"content":{"rendered":"<ul style=\"text-align: justify;\">\n<li>La Secretar\u00eda de Cultura tendr\u00e1 una nueva fecha, debido a la excelente respuesta de los asistentes.<\/li>\n<\/ul>\n<p style=\"text-align: justify;\">SLP.- M\u00e1s de mil 300 personas acudieron al Concierto Sinf\u00f3nico para celebrar el aniversario 82 de Cineteca Alameda, en el que la Orquesta Sinf\u00f3nica de San Luis Potos\u00ed interpret\u00f3 magistralmente temas musicales de pel\u00edculas emblem\u00e1ticas a nivel mundial como \u201cHarry Potter\u201d, \u201cE.T. el extraterrestre\u201d, \u201cMisi\u00f3n Imposible\u201d, \u201cPiratas del Caribe\u201d, \u201cJurassic Park\u201d adem\u00e1s \u00e9xitos de Disney entre otros.<\/p>\n<p style=\"text-align: justify;\">Por tal motivo, la Secretar\u00eda de Cultura pronto dar\u00e1 a conocer una nueva fecha para que el p\u00fablico no se quede sin disfrutar de esta magn\u00edfica presentaci\u00f3n.<\/p>\n<p style=\"text-align: justify;\">La secretaria de Cultura, Elizabeth Torres M\u00e9ndez, se\u00f1al\u00f3 que es de gran inter\u00e9s para la actual administraci\u00f3n, facilitar estos espacios.<\/p>\n<p style=\"text-align: justify;\">Record\u00f3 la vocaci\u00f3n hist\u00f3rica del recinto que hace 82 a\u00f1os, particularmente un 27 de febrero de 1941, proyect\u00f3 la primera pel\u00edcula y este 2023 se celebr\u00f3 con un gran p\u00fablico y concierto.<\/p>\n<p style=\"text-align: justify;\">Elizabeth Torres M\u00e9ndez, estuvo acompa\u00f1ada del secretario de Educaci\u00f3n de Gobierno del Estado, Juan Carlos Torres Cedillo as\u00ed como del director de Cineteca Alameda, Aldo Javier Patl\u00e1n Rodr\u00edguez.<\/p>\n<p style=\"text-align: justify;\">El concierto ofrecido por la Orquesta Sinf\u00f3nica de San Luis Potos\u00ed bajo la direcci\u00f3n del Mtro. Julio de Santiago Castillo, cimbr\u00f3 al p\u00fablico que abarrot\u00f3 las instalaciones de Cineteca Alameda, y as\u00ed durante m\u00e1s de hora y media, disfrutaron de una noche de gala, en la que la m\u00fasica se combin\u00f3 con las proyecciones de pel\u00edculas.<\/p>\n<p style=\"text-align: justify;\">Pr\u00f3ximamente se anunciar\u00e1 nueva fecha para este concierto, que tambi\u00e9n ser\u00e1 gratuito, principalmente para aquellas personas que no pudieron disfrutarlo en esta ocasi\u00f3n.<\/p>\n<p style=\"text-align: justify;\">Por: Paulina Rodr\u00edguez<\/p>\n","protected":false},"excerpt":{"rendered":"<p>La Secretar\u00eda de Cultura tendr\u00e1 una nueva fecha, debido a la excelente respuesta de los asistentes. SLP.- M\u00e1s de mil 300 personas acudieron al Concierto Sinf\u00f3nico para celebrar el aniversario 82 de Cineteca Alameda, en el que la Orquesta Sinf\u00f3nica de San Luis Potos\u00ed interpret\u00f3 magistralmente temas musicales de pel\u00edculas emblem\u00e1ticas a nivel mundial como \u201cHarry Potter\u201d, \u201cE.T. el extraterrestre\u201d, \u201cMisi\u00f3n Imposible\u201d, \u201cPiratas del Caribe\u201d, \u201cJurassic Park\u201d adem\u00e1s \u00e9xitos de Disney entre otros. Por tal motivo, la Secretar\u00eda de Cultura pronto dar\u00e1 a conocer una nueva fecha para que el p\u00fablico no se quede sin disfrutar de esta magn\u00edfica presentaci\u00f3n. [&hellip;]<\/p>\n","protected":false},"author":2,"featured_media":88596,"comment_status":"closed","ping_status":"closed","sticky":false,"template":"","format":"video","meta":{"footnotes":""},"categories":[5,510,45],"tags":[],"class_list":["post-88594","post","type-post","status-publish","format-video","has-post-thumbnail","hentry","category-destacadas","category-gobedoslp","category-localesyregionales","post_format-post-format-video","post--single"],"yoast_head":"<!-- This site is optimized with the Yoast SEO plugin v27.5 - https:\/\/yoast.com\/product\/yoast-seo-wordpress\/ -->\n<title>Con magistral concierto, Cineteca Alameda conmemor\u00f3 su aniversario 82 - Canal 7 SLP - 2023<\/title>\n<meta name=\"robots\" content=\"index, follow, max-snippet:-1, max-image-preview:large, max-video-preview:-1\" \/>\n<link rel=\"canonical\" href=\"https:\/\/canal7slp.tv\/2023\/con-magistral-concierto-cineteca-alameda-conmemoro-su-aniversario-82\/\" \/>\n<meta property=\"og:locale\" content=\"es_ES\" \/>\n<meta property=\"og:type\" content=\"article\" \/>\n<meta property=\"og:title\" content=\"Con magistral concierto, Cineteca Alameda conmemor\u00f3 su aniversario 82 - Canal 7 SLP - 2023\" \/>\n<meta property=\"og:description\" content=\"La Secretar\u00eda de Cultura tendr\u00e1 una nueva fecha, debido a la excelente respuesta de los asistentes. SLP.- M\u00e1s de mil 300 personas acudieron al Concierto Sinf\u00f3nico para celebrar el aniversario 82 de Cineteca Alameda, en el que la Orquesta Sinf\u00f3nica de San Luis Potos\u00ed interpret\u00f3 magistralmente temas musicales de pel\u00edculas emblem\u00e1ticas a nivel mundial como \u201cHarry Potter\u201d, \u201cE.T. el extraterrestre\u201d, \u201cMisi\u00f3n Imposible\u201d, \u201cPiratas del Caribe\u201d, \u201cJurassic Park\u201d adem\u00e1s \u00e9xitos de Disney entre otros. Por tal motivo, la Secretar\u00eda de Cultura pronto dar\u00e1 a conocer una nueva fecha para que el p\u00fablico no se quede sin disfrutar de esta magn\u00edfica presentaci\u00f3n. [&hellip;]\" \/>\n<meta property=\"og:url\" content=\"https:\/\/canal7slp.tv\/2023\/con-magistral-concierto-cineteca-alameda-conmemoro-su-aniversario-82\/\" \/>\n<meta property=\"og:site_name\" content=\"Canal 7 SLP - 2023\" \/>\n<meta property=\"article:publisher\" content=\"https:\/\/www.facebook.com\/noticieroscanalsiete\" \/>\n<meta property=\"article:published_time\" content=\"2023-03-01T22:46:52+00:00\" \/>\n<meta property=\"og:image\" content=\"https:\/\/canal7slp.tv\/2023\/wp-content\/uploads\/2023\/03\/Pau0Cultura.jpg\" \/>\n\t<meta property=\"og:image:width\" content=\"888\" \/>\n\t<meta property=\"og:image:height\" content=\"500\" \/>\n\t<meta property=\"og:image:type\" content=\"image\/jpeg\" \/>\n<meta name=\"author\" content=\"Edici\u00f3n Web\" \/>\n<meta name=\"twitter:card\" content=\"summary_large_image\" \/>\n<meta name=\"twitter:creator\" content=\"@NOTICIEROS7\" \/>\n<meta name=\"twitter:site\" content=\"@NOTICIEROS7\" \/>\n<meta name=\"twitter:label1\" content=\"Escrito por\" \/>\n\t<meta name=\"twitter:data1\" content=\"Edici\u00f3n Web\" \/>\n\t<meta name=\"twitter:label2\" content=\"Tiempo de lectura\" \/>\n\t<meta name=\"twitter:data2\" content=\"2 minutos\" \/>\n<script type=\"application\/ld+json\" class=\"yoast-schema-graph\">{\"@context\":\"https:\\\/\\\/schema.org\",\"@graph\":[{\"@type\":\"Article\",\"@id\":\"https:\\\/\\\/canal7slp.tv\\\/2023\\\/con-magistral-concierto-cineteca-alameda-conmemoro-su-aniversario-82\\\/#article\",\"isPartOf\":{\"@id\":\"https:\\\/\\\/canal7slp.tv\\\/2023\\\/con-magistral-concierto-cineteca-alameda-conmemoro-su-aniversario-82\\\/\"},\"author\":{\"name\":\"Edici\u00f3n Web\",\"@id\":\"https:\\\/\\\/canal7slp.tv\\\/2023\\\/#\\\/schema\\\/person\\\/639c424e3584069003b11ae813915da6\"},\"headline\":\"Con magistral concierto, Cineteca Alameda conmemor\u00f3 su aniversario 82\",\"datePublished\":\"2023-03-01T22:46:52+00:00\",\"mainEntityOfPage\":{\"@id\":\"https:\\\/\\\/canal7slp.tv\\\/2023\\\/con-magistral-concierto-cineteca-alameda-conmemoro-su-aniversario-82\\\/\"},\"wordCount\":302,\"publisher\":{\"@id\":\"https:\\\/\\\/canal7slp.tv\\\/2023\\\/#organization\"},\"image\":{\"@id\":\"https:\\\/\\\/canal7slp.tv\\\/2023\\\/con-magistral-concierto-cineteca-alameda-conmemoro-su-aniversario-82\\\/#primaryimage\"},\"thumbnailUrl\":\"https:\\\/\\\/canal7slp.tv\\\/2023\\\/wp-content\\\/uploads\\\/2023\\\/03\\\/Pau0Cultura.jpg\",\"articleSection\":[\"DESTACADAS\",\"GOBEDOSLP\",\"LOCALES Y REGIONALES\"],\"inLanguage\":\"es\"},{\"@type\":\"WebPage\",\"@id\":\"https:\\\/\\\/canal7slp.tv\\\/2023\\\/con-magistral-concierto-cineteca-alameda-conmemoro-su-aniversario-82\\\/\",\"url\":\"https:\\\/\\\/canal7slp.tv\\\/2023\\\/con-magistral-concierto-cineteca-alameda-conmemoro-su-aniversario-82\\\/\",\"name\":\"Con magistral concierto, Cineteca Alameda conmemor\u00f3 su aniversario 82 - Canal 7 SLP - 2023\",\"isPartOf\":{\"@id\":\"https:\\\/\\\/canal7slp.tv\\\/2023\\\/#website\"},\"primaryImageOfPage\":{\"@id\":\"https:\\\/\\\/canal7slp.tv\\\/2023\\\/con-magistral-concierto-cineteca-alameda-conmemoro-su-aniversario-82\\\/#primaryimage\"},\"image\":{\"@id\":\"https:\\\/\\\/canal7slp.tv\\\/2023\\\/con-magistral-concierto-cineteca-alameda-conmemoro-su-aniversario-82\\\/#primaryimage\"},\"thumbnailUrl\":\"https:\\\/\\\/canal7slp.tv\\\/2023\\\/wp-content\\\/uploads\\\/2023\\\/03\\\/Pau0Cultura.jpg\",\"datePublished\":\"2023-03-01T22:46:52+00:00\",\"breadcrumb\":{\"@id\":\"https:\\\/\\\/canal7slp.tv\\\/2023\\\/con-magistral-concierto-cineteca-alameda-conmemoro-su-aniversario-82\\\/#breadcrumb\"},\"inLanguage\":\"es\",\"potentialAction\":[{\"@type\":\"ReadAction\",\"target\":[\"https:\\\/\\\/canal7slp.tv\\\/2023\\\/con-magistral-concierto-cineteca-alameda-conmemoro-su-aniversario-82\\\/\"]}]},{\"@type\":\"ImageObject\",\"inLanguage\":\"es\",\"@id\":\"https:\\\/\\\/canal7slp.tv\\\/2023\\\/con-magistral-concierto-cineteca-alameda-conmemoro-su-aniversario-82\\\/#primaryimage\",\"url\":\"https:\\\/\\\/canal7slp.tv\\\/2023\\\/wp-content\\\/uploads\\\/2023\\\/03\\\/Pau0Cultura.jpg\",\"contentUrl\":\"https:\\\/\\\/canal7slp.tv\\\/2023\\\/wp-content\\\/uploads\\\/2023\\\/03\\\/Pau0Cultura.jpg\",\"width\":888,\"height\":500},{\"@type\":\"BreadcrumbList\",\"@id\":\"https:\\\/\\\/canal7slp.tv\\\/2023\\\/con-magistral-concierto-cineteca-alameda-conmemoro-su-aniversario-82\\\/#breadcrumb\",\"itemListElement\":[{\"@type\":\"ListItem\",\"position\":1,\"name\":\"Portada\",\"item\":\"https:\\\/\\\/canal7slp.tv\\\/2023\\\/\"},{\"@type\":\"ListItem\",\"position\":2,\"name\":\"Con magistral concierto, Cineteca Alameda conmemor\u00f3 su aniversario 82\"}]},{\"@type\":\"WebSite\",\"@id\":\"https:\\\/\\\/canal7slp.tv\\\/2023\\\/#website\",\"url\":\"https:\\\/\\\/canal7slp.tv\\\/2023\\\/\",\"name\":\"N7 - Noticieros Canal 7\",\"description\":\"Somos Televisi\u00f3n\",\"publisher\":{\"@id\":\"https:\\\/\\\/canal7slp.tv\\\/2023\\\/#organization\"},\"potentialAction\":[{\"@type\":\"SearchAction\",\"target\":{\"@type\":\"EntryPoint\",\"urlTemplate\":\"https:\\\/\\\/canal7slp.tv\\\/2023\\\/?s={search_term_string}\"},\"query-input\":{\"@type\":\"PropertyValueSpecification\",\"valueRequired\":true,\"valueName\":\"search_term_string\"}}],\"inLanguage\":\"es\"},{\"@type\":\"Organization\",\"@id\":\"https:\\\/\\\/canal7slp.tv\\\/2023\\\/#organization\",\"name\":\"Noticieros Canal 7\",\"url\":\"https:\\\/\\\/canal7slp.tv\\\/2023\\\/\",\"logo\":{\"@type\":\"ImageObject\",\"inLanguage\":\"es\",\"@id\":\"https:\\\/\\\/canal7slp.tv\\\/2023\\\/#\\\/schema\\\/logo\\\/image\\\/\",\"url\":\"https:\\\/\\\/canal7slp.tv\\\/2023\\\/wp-content\\\/uploads\\\/2021\\\/01\\\/logo-noticieros@2x.png\",\"contentUrl\":\"https:\\\/\\\/canal7slp.tv\\\/2023\\\/wp-content\\\/uploads\\\/2021\\\/01\\\/logo-noticieros@2x.png\",\"width\":1017,\"height\":268,\"caption\":\"Noticieros Canal 7\"},\"image\":{\"@id\":\"https:\\\/\\\/canal7slp.tv\\\/2023\\\/#\\\/schema\\\/logo\\\/image\\\/\"},\"sameAs\":[\"https:\\\/\\\/www.facebook.com\\\/noticieroscanalsiete\",\"https:\\\/\\\/x.com\\\/NOTICIEROS7\",\"https:\\\/\\\/www.instagram.com\\\/canal7_slp\",\"https:\\\/\\\/www.youtube.com\\\/channel\\\/UCliiYs-gP3JfJeqdPrNdd5A\"]},{\"@type\":\"Person\",\"@id\":\"https:\\\/\\\/canal7slp.tv\\\/2023\\\/#\\\/schema\\\/person\\\/639c424e3584069003b11ae813915da6\",\"name\":\"Edici\u00f3n Web\",\"image\":{\"@type\":\"ImageObject\",\"inLanguage\":\"es\",\"@id\":\"https:\\\/\\\/secure.gravatar.com\\\/avatar\\\/eee448fc3f7164808013b816ba91ac7e43bbe82a70bebac296f8bc6f0addaa1a?s=96&d=mm&r=g\",\"url\":\"https:\\\/\\\/secure.gravatar.com\\\/avatar\\\/eee448fc3f7164808013b816ba91ac7e43bbe82a70bebac296f8bc6f0addaa1a?s=96&d=mm&r=g\",\"contentUrl\":\"https:\\\/\\\/secure.gravatar.com\\\/avatar\\\/eee448fc3f7164808013b816ba91ac7e43bbe82a70bebac296f8bc6f0addaa1a?s=96&d=mm&r=g\",\"caption\":\"Edici\u00f3n Web\"},\"url\":\"https:\\\/\\\/canal7slp.tv\\\/2023\\\/author\\\/edicionweb\\\/\"}]}<\/script>\n<!-- \/ Yoast SEO plugin. -->","yoast_head_json":{"title":"Con magistral concierto, Cineteca Alameda conmemor\u00f3 su aniversario 82 - Canal 7 SLP - 2023","robots":{"index":"index","follow":"follow","max-snippet":"max-snippet:-1","max-image-preview":"max-image-preview:large","max-video-preview":"max-video-preview:-1"},"canonical":"https:\/\/canal7slp.tv\/2023\/con-magistral-concierto-cineteca-alameda-conmemoro-su-aniversario-82\/","og_locale":"es_ES","og_type":"article","og_title":"Con magistral concierto, Cineteca Alameda conmemor\u00f3 su aniversario 82 - Canal 7 SLP - 2023","og_description":"La Secretar\u00eda de Cultura tendr\u00e1 una nueva fecha, debido a la excelente respuesta de los asistentes. SLP.- M\u00e1s de mil 300 personas acudieron al Concierto Sinf\u00f3nico para celebrar el aniversario 82 de Cineteca Alameda, en el que la Orquesta Sinf\u00f3nica de San Luis Potos\u00ed interpret\u00f3 magistralmente temas musicales de pel\u00edculas emblem\u00e1ticas a nivel mundial como \u201cHarry Potter\u201d, \u201cE.T. el extraterrestre\u201d, \u201cMisi\u00f3n Imposible\u201d, \u201cPiratas del Caribe\u201d, \u201cJurassic Park\u201d adem\u00e1s \u00e9xitos de Disney entre otros. Por tal motivo, la Secretar\u00eda de Cultura pronto dar\u00e1 a conocer una nueva fecha para que el p\u00fablico no se quede sin disfrutar de esta magn\u00edfica presentaci\u00f3n. [&hellip;]","og_url":"https:\/\/canal7slp.tv\/2023\/con-magistral-concierto-cineteca-alameda-conmemoro-su-aniversario-82\/","og_site_name":"Canal 7 SLP - 2023","article_publisher":"https:\/\/www.facebook.com\/noticieroscanalsiete","article_published_time":"2023-03-01T22:46:52+00:00","og_image":[{"width":888,"height":500,"url":"https:\/\/canal7slp.tv\/2023\/wp-content\/uploads\/2023\/03\/Pau0Cultura.jpg","type":"image\/jpeg"}],"author":"Edici\u00f3n Web","twitter_card":"summary_large_image","twitter_creator":"@NOTICIEROS7","twitter_site":"@NOTICIEROS7","twitter_misc":{"Escrito por":"Edici\u00f3n Web","Tiempo de lectura":"2 minutos"},"schema":{"@context":"https:\/\/schema.org","@graph":[{"@type":"Article","@id":"https:\/\/canal7slp.tv\/2023\/con-magistral-concierto-cineteca-alameda-conmemoro-su-aniversario-82\/#article","isPartOf":{"@id":"https:\/\/canal7slp.tv\/2023\/con-magistral-concierto-cineteca-alameda-conmemoro-su-aniversario-82\/"},"author":{"name":"Edici\u00f3n Web","@id":"https:\/\/canal7slp.tv\/2023\/#\/schema\/person\/639c424e3584069003b11ae813915da6"},"headline":"Con magistral concierto, Cineteca Alameda conmemor\u00f3 su aniversario 82","datePublished":"2023-03-01T22:46:52+00:00","mainEntityOfPage":{"@id":"https:\/\/canal7slp.tv\/2023\/con-magistral-concierto-cineteca-alameda-conmemoro-su-aniversario-82\/"},"wordCount":302,"publisher":{"@id":"https:\/\/canal7slp.tv\/2023\/#organization"},"image":{"@id":"https:\/\/canal7slp.tv\/2023\/con-magistral-concierto-cineteca-alameda-conmemoro-su-aniversario-82\/#primaryimage"},"thumbnailUrl":"https:\/\/canal7slp.tv\/2023\/wp-content\/uploads\/2023\/03\/Pau0Cultura.jpg","articleSection":["DESTACADAS","GOBEDOSLP","LOCALES Y REGIONALES"],"inLanguage":"es"},{"@type":"WebPage","@id":"https:\/\/canal7slp.tv\/2023\/con-magistral-concierto-cineteca-alameda-conmemoro-su-aniversario-82\/","url":"https:\/\/canal7slp.tv\/2023\/con-magistral-concierto-cineteca-alameda-conmemoro-su-aniversario-82\/","name":"Con magistral concierto, Cineteca Alameda conmemor\u00f3 su aniversario 82 - Canal 7 SLP - 2023","isPartOf":{"@id":"https:\/\/canal7slp.tv\/2023\/#website"},"primaryImageOfPage":{"@id":"https:\/\/canal7slp.tv\/2023\/con-magistral-concierto-cineteca-alameda-conmemoro-su-aniversario-82\/#primaryimage"},"image":{"@id":"https:\/\/canal7slp.tv\/2023\/con-magistral-concierto-cineteca-alameda-conmemoro-su-aniversario-82\/#primaryimage"},"thumbnailUrl":"https:\/\/canal7slp.tv\/2023\/wp-content\/uploads\/2023\/03\/Pau0Cultura.jpg","datePublished":"2023-03-01T22:46:52+00:00","breadcrumb":{"@id":"https:\/\/canal7slp.tv\/2023\/con-magistral-concierto-cineteca-alameda-conmemoro-su-aniversario-82\/#breadcrumb"},"inLanguage":"es","potentialAction":[{"@type":"ReadAction","target":["https:\/\/canal7slp.tv\/2023\/con-magistral-concierto-cineteca-alameda-conmemoro-su-aniversario-82\/"]}]},{"@type":"ImageObject","inLanguage":"es","@id":"https:\/\/canal7slp.tv\/2023\/con-magistral-concierto-cineteca-alameda-conmemoro-su-aniversario-82\/#primaryimage","url":"https:\/\/canal7slp.tv\/2023\/wp-content\/uploads\/2023\/03\/Pau0Cultura.jpg","contentUrl":"https:\/\/canal7slp.tv\/2023\/wp-content\/uploads\/2023\/03\/Pau0Cultura.jpg","width":888,"height":500},{"@type":"BreadcrumbList","@id":"https:\/\/canal7slp.tv\/2023\/con-magistral-concierto-cineteca-alameda-conmemoro-su-aniversario-82\/#breadcrumb","itemListElement":[{"@type":"ListItem","position":1,"name":"Portada","item":"https:\/\/canal7slp.tv\/2023\/"},{"@type":"ListItem","position":2,"name":"Con magistral concierto, Cineteca Alameda conmemor\u00f3 su aniversario 82"}]},{"@type":"WebSite","@id":"https:\/\/canal7slp.tv\/2023\/#website","url":"https:\/\/canal7slp.tv\/2023\/","name":"N7 - Noticieros Canal 7","description":"Somos Televisi\u00f3n","publisher":{"@id":"https:\/\/canal7slp.tv\/2023\/#organization"},"potentialAction":[{"@type":"SearchAction","target":{"@type":"EntryPoint","urlTemplate":"https:\/\/canal7slp.tv\/2023\/?s={search_term_string}"},"query-input":{"@type":"PropertyValueSpecification","valueRequired":true,"valueName":"search_term_string"}}],"inLanguage":"es"},{"@type":"Organization","@id":"https:\/\/canal7slp.tv\/2023\/#organization","name":"Noticieros Canal 7","url":"https:\/\/canal7slp.tv\/2023\/","logo":{"@type":"ImageObject","inLanguage":"es","@id":"https:\/\/canal7slp.tv\/2023\/#\/schema\/logo\/image\/","url":"https:\/\/canal7slp.tv\/2023\/wp-content\/uploads\/2021\/01\/logo-noticieros@2x.png","contentUrl":"https:\/\/canal7slp.tv\/2023\/wp-content\/uploads\/2021\/01\/logo-noticieros@2x.png","width":1017,"height":268,"caption":"Noticieros Canal 7"},"image":{"@id":"https:\/\/canal7slp.tv\/2023\/#\/schema\/logo\/image\/"},"sameAs":["https:\/\/www.facebook.com\/noticieroscanalsiete","https:\/\/x.com\/NOTICIEROS7","https:\/\/www.instagram.com\/canal7_slp","https:\/\/www.youtube.com\/channel\/UCliiYs-gP3JfJeqdPrNdd5A"]},{"@type":"Person","@id":"https:\/\/canal7slp.tv\/2023\/#\/schema\/person\/639c424e3584069003b11ae813915da6","name":"Edici\u00f3n Web","image":{"@type":"ImageObject","inLanguage":"es","@id":"https:\/\/secure.gravatar.com\/avatar\/eee448fc3f7164808013b816ba91ac7e43bbe82a70bebac296f8bc6f0addaa1a?s=96&d=mm&r=g","url":"https:\/\/secure.gravatar.com\/avatar\/eee448fc3f7164808013b816ba91ac7e43bbe82a70bebac296f8bc6f0addaa1a?s=96&d=mm&r=g","contentUrl":"https:\/\/secure.gravatar.com\/avatar\/eee448fc3f7164808013b816ba91ac7e43bbe82a70bebac296f8bc6f0addaa1a?s=96&d=mm&r=g","caption":"Edici\u00f3n Web"},"url":"https:\/\/canal7slp.tv\/2023\/author\/edicionweb\/"}]}},"_links":{"self":[{"href":"https:\/\/canal7slp.tv\/2023\/wp-json\/wp\/v2\/posts\/88594","targetHints":{"allow":["GET"]}}],"collection":[{"href":"https:\/\/canal7slp.tv\/2023\/wp-json\/wp\/v2\/posts"}],"about":[{"href":"https:\/\/canal7slp.tv\/2023\/wp-json\/wp\/v2\/types\/post"}],"author":[{"embeddable":true,"href":"https:\/\/canal7slp.tv\/2023\/wp-json\/wp\/v2\/users\/2"}],"replies":[{"embeddable":true,"href":"https:\/\/canal7slp.tv\/2023\/wp-json\/wp\/v2\/comments?post=88594"}],"version-history":[{"count":1,"href":"https:\/\/canal7slp.tv\/2023\/wp-json\/wp\/v2\/posts\/88594\/revisions"}],"predecessor-version":[{"id":88595,"href":"https:\/\/canal7slp.tv\/2023\/wp-json\/wp\/v2\/posts\/88594\/revisions\/88595"}],"wp:featuredmedia":[{"embeddable":true,"href":"https:\/\/canal7slp.tv\/2023\/wp-json\/wp\/v2\/media\/88596"}],"wp:attachment":[{"href":"https:\/\/canal7slp.tv\/2023\/wp-json\/wp\/v2\/media?parent=88594"}],"wp:term":[{"taxonomy":"category","embeddable":true,"href":"https:\/\/canal7slp.tv\/2023\/wp-json\/wp\/v2\/categories?post=88594"},{"taxonomy":"post_tag","embeddable":true,"href":"https:\/\/canal7slp.tv\/2023\/wp-json\/wp\/v2\/tags?post=88594"}],"curies":[{"name":"wp","href":"https:\/\/api.w.org\/{rel}","templated":true}]}}