{"id":88221,"date":"2023-02-25T12:39:21","date_gmt":"2023-02-25T18:39:21","guid":{"rendered":"https:\/\/canal7slp.tv\/2023\/?p=88221"},"modified":"2023-02-25T12:39:21","modified_gmt":"2023-02-25T18:39:21","slug":"realiza-foro-de-agricultura-ganaderia-y-agua-grupo-que-apoya-a-marcelo-ebrard","status":"publish","type":"post","link":"https:\/\/canal7slp.tv\/2023\/realiza-foro-de-agricultura-ganaderia-y-agua-grupo-que-apoya-a-marcelo-ebrard\/","title":{"rendered":"Realiza foro de agricultura, ganader\u00eda y agua; grupo que apoya a Marcelo Ebrard"},"content":{"rendered":"<p style=\"text-align: justify;\">Matehuala.- Tras llevarse a cabo el foro de agricultura, ganader\u00eda y agua, denominado Di\u00e1logos por el futuro en apoyo a Marcelo Ebrard, el promotor del movimiento, Ariel Ch\u00e1vez Reyna, mencion\u00f3 la importancia de llevar a cabo este tipo de reuniones en toda la regi\u00f3n.<\/p>\n<p style=\"text-align: justify;\">\u201cSe trata de que la gente pueda tener acceso a opinar y que pueda influir en los temas que tienen que ver en la regi\u00f3n para que en su momento los gobiernos puedan tomar en cuenta esas opiniones, es la gente la que puede detectar el problema y c\u00f3mo resolverlo\u201d, dijo.<\/p>\n<p style=\"text-align: justify;\">Ch\u00e1vez Reyna, coment\u00f3 que Marcelo Ebrard representa la continuidad de los proyectos que al d\u00eda de hoy encabeza el Presidente de la Rep\u00fablica, Andr\u00e9s Manuel L\u00f3pez Obrador, \u201cpor esa raz\u00f3n y porque tiene el conocimiento y la trayectoria, creo que mucho se ha criticado de que el gobierno actual dice que por el bien de todos primero los pobres, porque efectivamente hay una gran desigualdad en este pa\u00eds, originada por gobiernos anteriores\u201d.<\/p>\n<p style=\"text-align: justify;\">El dirigente de Di\u00e1logos Progresistas, afirm\u00f3 que la Presa La Maroma, es uno de los temas m\u00e1s relevantes que deben argumentarse en estos espacios, ya que es momento de que se planee c\u00f3mo van a dotar de agua a Matehuala en los pr\u00f3ximos a\u00f1os, \u201ces necesario, la presa se construy\u00f3 pensando en el abastecimiento de agua para la poblaci\u00f3n de Matehuala, hay n\u00facleos de pobladores que la quieren para el riego, habr\u00eda que generar las condiciones para que se pueda utilizar para las dos cosas\u201d.<\/p>\n<p>Por: Jes\u00fas Valencia<\/p>\n","protected":false},"excerpt":{"rendered":"<p>Matehuala.- Tras llevarse a cabo el foro de agricultura, ganader\u00eda y agua, denominado Di\u00e1logos por el futuro en apoyo a Marcelo Ebrard, el promotor del movimiento, Ariel Ch\u00e1vez Reyna, mencion\u00f3 la importancia de llevar a cabo este tipo de reuniones en toda la regi\u00f3n. \u201cSe trata de que la gente pueda tener acceso a opinar y que pueda influir en los temas que tienen que ver en la regi\u00f3n para que en su momento los gobiernos puedan tomar en cuenta esas opiniones, es la gente la que puede detectar el problema y c\u00f3mo resolverlo\u201d, dijo. Ch\u00e1vez Reyna, coment\u00f3 que Marcelo [&hellip;]<\/p>\n","protected":false},"author":2,"featured_media":88222,"comment_status":"closed","ping_status":"closed","sticky":false,"template":"","format":"video","meta":{"footnotes":""},"categories":[5,43],"tags":[],"class_list":["post-88221","post","type-post","status-publish","format-video","has-post-thumbnail","hentry","category-destacadas","category-interior","post_format-post-format-video","post--single"],"yoast_head":"<!-- This site is optimized with the Yoast SEO plugin v27.5 - https:\/\/yoast.com\/product\/yoast-seo-wordpress\/ -->\n<title>Realiza foro de agricultura, ganader\u00eda y agua; grupo que apoya a Marcelo Ebrard - Canal 7 SLP - 2023<\/title>\n<meta name=\"robots\" content=\"index, follow, max-snippet:-1, max-image-preview:large, max-video-preview:-1\" \/>\n<link rel=\"canonical\" href=\"https:\/\/canal7slp.tv\/2023\/realiza-foro-de-agricultura-ganaderia-y-agua-grupo-que-apoya-a-marcelo-ebrard\/\" \/>\n<meta property=\"og:locale\" content=\"es_ES\" \/>\n<meta property=\"og:type\" content=\"article\" \/>\n<meta property=\"og:title\" content=\"Realiza foro de agricultura, ganader\u00eda y agua; grupo que apoya a Marcelo Ebrard - Canal 7 SLP - 2023\" \/>\n<meta property=\"og:description\" content=\"Matehuala.- Tras llevarse a cabo el foro de agricultura, ganader\u00eda y agua, denominado Di\u00e1logos por el futuro en apoyo a Marcelo Ebrard, el promotor del movimiento, Ariel Ch\u00e1vez Reyna, mencion\u00f3 la importancia de llevar a cabo este tipo de reuniones en toda la regi\u00f3n. \u201cSe trata de que la gente pueda tener acceso a opinar y que pueda influir en los temas que tienen que ver en la regi\u00f3n para que en su momento los gobiernos puedan tomar en cuenta esas opiniones, es la gente la que puede detectar el problema y c\u00f3mo resolverlo\u201d, dijo. Ch\u00e1vez Reyna, coment\u00f3 que Marcelo [&hellip;]\" \/>\n<meta property=\"og:url\" content=\"https:\/\/canal7slp.tv\/2023\/realiza-foro-de-agricultura-ganaderia-y-agua-grupo-que-apoya-a-marcelo-ebrard\/\" \/>\n<meta property=\"og:site_name\" content=\"Canal 7 SLP - 2023\" \/>\n<meta property=\"article:publisher\" content=\"https:\/\/www.facebook.com\/noticieroscanalsiete\" \/>\n<meta property=\"article:published_time\" content=\"2023-02-25T18:39:21+00:00\" \/>\n<meta property=\"og:image\" content=\"https:\/\/canal7slp.tv\/2023\/wp-content\/uploads\/2023\/02\/Valencia03Foro.jpg\" \/>\n\t<meta property=\"og:image:width\" content=\"909\" \/>\n\t<meta property=\"og:image:height\" content=\"500\" \/>\n\t<meta property=\"og:image:type\" content=\"image\/jpeg\" \/>\n<meta name=\"author\" content=\"Edici\u00f3n Web\" \/>\n<meta name=\"twitter:card\" content=\"summary_large_image\" \/>\n<meta name=\"twitter:creator\" content=\"@NOTICIEROS7\" \/>\n<meta name=\"twitter:site\" content=\"@NOTICIEROS7\" \/>\n<meta name=\"twitter:label1\" content=\"Escrito por\" \/>\n\t<meta name=\"twitter:data1\" content=\"Edici\u00f3n Web\" \/>\n\t<meta name=\"twitter:label2\" content=\"Tiempo de lectura\" \/>\n\t<meta name=\"twitter:data2\" content=\"2 minutos\" \/>\n<script type=\"application\/ld+json\" class=\"yoast-schema-graph\">{\"@context\":\"https:\\\/\\\/schema.org\",\"@graph\":[{\"@type\":\"Article\",\"@id\":\"https:\\\/\\\/canal7slp.tv\\\/2023\\\/realiza-foro-de-agricultura-ganaderia-y-agua-grupo-que-apoya-a-marcelo-ebrard\\\/#article\",\"isPartOf\":{\"@id\":\"https:\\\/\\\/canal7slp.tv\\\/2023\\\/realiza-foro-de-agricultura-ganaderia-y-agua-grupo-que-apoya-a-marcelo-ebrard\\\/\"},\"author\":{\"name\":\"Edici\u00f3n Web\",\"@id\":\"https:\\\/\\\/canal7slp.tv\\\/2023\\\/#\\\/schema\\\/person\\\/639c424e3584069003b11ae813915da6\"},\"headline\":\"Realiza foro de agricultura, ganader\u00eda y agua; grupo que apoya a Marcelo Ebrard\",\"datePublished\":\"2023-02-25T18:39:21+00:00\",\"mainEntityOfPage\":{\"@id\":\"https:\\\/\\\/canal7slp.tv\\\/2023\\\/realiza-foro-de-agricultura-ganaderia-y-agua-grupo-que-apoya-a-marcelo-ebrard\\\/\"},\"wordCount\":292,\"publisher\":{\"@id\":\"https:\\\/\\\/canal7slp.tv\\\/2023\\\/#organization\"},\"image\":{\"@id\":\"https:\\\/\\\/canal7slp.tv\\\/2023\\\/realiza-foro-de-agricultura-ganaderia-y-agua-grupo-que-apoya-a-marcelo-ebrard\\\/#primaryimage\"},\"thumbnailUrl\":\"https:\\\/\\\/canal7slp.tv\\\/2023\\\/wp-content\\\/uploads\\\/2023\\\/02\\\/Valencia03Foro.jpg\",\"articleSection\":[\"DESTACADAS\",\"INTERIOR DEL ESTADO\"],\"inLanguage\":\"es\"},{\"@type\":\"WebPage\",\"@id\":\"https:\\\/\\\/canal7slp.tv\\\/2023\\\/realiza-foro-de-agricultura-ganaderia-y-agua-grupo-que-apoya-a-marcelo-ebrard\\\/\",\"url\":\"https:\\\/\\\/canal7slp.tv\\\/2023\\\/realiza-foro-de-agricultura-ganaderia-y-agua-grupo-que-apoya-a-marcelo-ebrard\\\/\",\"name\":\"Realiza foro de agricultura, ganader\u00eda y agua; grupo que apoya a Marcelo Ebrard - Canal 7 SLP - 2023\",\"isPartOf\":{\"@id\":\"https:\\\/\\\/canal7slp.tv\\\/2023\\\/#website\"},\"primaryImageOfPage\":{\"@id\":\"https:\\\/\\\/canal7slp.tv\\\/2023\\\/realiza-foro-de-agricultura-ganaderia-y-agua-grupo-que-apoya-a-marcelo-ebrard\\\/#primaryimage\"},\"image\":{\"@id\":\"https:\\\/\\\/canal7slp.tv\\\/2023\\\/realiza-foro-de-agricultura-ganaderia-y-agua-grupo-que-apoya-a-marcelo-ebrard\\\/#primaryimage\"},\"thumbnailUrl\":\"https:\\\/\\\/canal7slp.tv\\\/2023\\\/wp-content\\\/uploads\\\/2023\\\/02\\\/Valencia03Foro.jpg\",\"datePublished\":\"2023-02-25T18:39:21+00:00\",\"breadcrumb\":{\"@id\":\"https:\\\/\\\/canal7slp.tv\\\/2023\\\/realiza-foro-de-agricultura-ganaderia-y-agua-grupo-que-apoya-a-marcelo-ebrard\\\/#breadcrumb\"},\"inLanguage\":\"es\",\"potentialAction\":[{\"@type\":\"ReadAction\",\"target\":[\"https:\\\/\\\/canal7slp.tv\\\/2023\\\/realiza-foro-de-agricultura-ganaderia-y-agua-grupo-que-apoya-a-marcelo-ebrard\\\/\"]}]},{\"@type\":\"ImageObject\",\"inLanguage\":\"es\",\"@id\":\"https:\\\/\\\/canal7slp.tv\\\/2023\\\/realiza-foro-de-agricultura-ganaderia-y-agua-grupo-que-apoya-a-marcelo-ebrard\\\/#primaryimage\",\"url\":\"https:\\\/\\\/canal7slp.tv\\\/2023\\\/wp-content\\\/uploads\\\/2023\\\/02\\\/Valencia03Foro.jpg\",\"contentUrl\":\"https:\\\/\\\/canal7slp.tv\\\/2023\\\/wp-content\\\/uploads\\\/2023\\\/02\\\/Valencia03Foro.jpg\",\"width\":909,\"height\":500},{\"@type\":\"BreadcrumbList\",\"@id\":\"https:\\\/\\\/canal7slp.tv\\\/2023\\\/realiza-foro-de-agricultura-ganaderia-y-agua-grupo-que-apoya-a-marcelo-ebrard\\\/#breadcrumb\",\"itemListElement\":[{\"@type\":\"ListItem\",\"position\":1,\"name\":\"Portada\",\"item\":\"https:\\\/\\\/canal7slp.tv\\\/2023\\\/\"},{\"@type\":\"ListItem\",\"position\":2,\"name\":\"Realiza foro de agricultura, ganader\u00eda y agua; grupo que apoya a Marcelo Ebrard\"}]},{\"@type\":\"WebSite\",\"@id\":\"https:\\\/\\\/canal7slp.tv\\\/2023\\\/#website\",\"url\":\"https:\\\/\\\/canal7slp.tv\\\/2023\\\/\",\"name\":\"N7 - Noticieros Canal 7\",\"description\":\"Somos Televisi\u00f3n\",\"publisher\":{\"@id\":\"https:\\\/\\\/canal7slp.tv\\\/2023\\\/#organization\"},\"potentialAction\":[{\"@type\":\"SearchAction\",\"target\":{\"@type\":\"EntryPoint\",\"urlTemplate\":\"https:\\\/\\\/canal7slp.tv\\\/2023\\\/?s={search_term_string}\"},\"query-input\":{\"@type\":\"PropertyValueSpecification\",\"valueRequired\":true,\"valueName\":\"search_term_string\"}}],\"inLanguage\":\"es\"},{\"@type\":\"Organization\",\"@id\":\"https:\\\/\\\/canal7slp.tv\\\/2023\\\/#organization\",\"name\":\"Noticieros Canal 7\",\"url\":\"https:\\\/\\\/canal7slp.tv\\\/2023\\\/\",\"logo\":{\"@type\":\"ImageObject\",\"inLanguage\":\"es\",\"@id\":\"https:\\\/\\\/canal7slp.tv\\\/2023\\\/#\\\/schema\\\/logo\\\/image\\\/\",\"url\":\"https:\\\/\\\/canal7slp.tv\\\/2023\\\/wp-content\\\/uploads\\\/2021\\\/01\\\/logo-noticieros@2x.png\",\"contentUrl\":\"https:\\\/\\\/canal7slp.tv\\\/2023\\\/wp-content\\\/uploads\\\/2021\\\/01\\\/logo-noticieros@2x.png\",\"width\":1017,\"height\":268,\"caption\":\"Noticieros Canal 7\"},\"image\":{\"@id\":\"https:\\\/\\\/canal7slp.tv\\\/2023\\\/#\\\/schema\\\/logo\\\/image\\\/\"},\"sameAs\":[\"https:\\\/\\\/www.facebook.com\\\/noticieroscanalsiete\",\"https:\\\/\\\/x.com\\\/NOTICIEROS7\",\"https:\\\/\\\/www.instagram.com\\\/canal7_slp\",\"https:\\\/\\\/www.youtube.com\\\/channel\\\/UCliiYs-gP3JfJeqdPrNdd5A\"]},{\"@type\":\"Person\",\"@id\":\"https:\\\/\\\/canal7slp.tv\\\/2023\\\/#\\\/schema\\\/person\\\/639c424e3584069003b11ae813915da6\",\"name\":\"Edici\u00f3n Web\",\"image\":{\"@type\":\"ImageObject\",\"inLanguage\":\"es\",\"@id\":\"https:\\\/\\\/secure.gravatar.com\\\/avatar\\\/eee448fc3f7164808013b816ba91ac7e43bbe82a70bebac296f8bc6f0addaa1a?s=96&d=mm&r=g\",\"url\":\"https:\\\/\\\/secure.gravatar.com\\\/avatar\\\/eee448fc3f7164808013b816ba91ac7e43bbe82a70bebac296f8bc6f0addaa1a?s=96&d=mm&r=g\",\"contentUrl\":\"https:\\\/\\\/secure.gravatar.com\\\/avatar\\\/eee448fc3f7164808013b816ba91ac7e43bbe82a70bebac296f8bc6f0addaa1a?s=96&d=mm&r=g\",\"caption\":\"Edici\u00f3n Web\"},\"url\":\"https:\\\/\\\/canal7slp.tv\\\/2023\\\/author\\\/edicionweb\\\/\"}]}<\/script>\n<!-- \/ Yoast SEO plugin. -->","yoast_head_json":{"title":"Realiza foro de agricultura, ganader\u00eda y agua; grupo que apoya a Marcelo Ebrard - Canal 7 SLP - 2023","robots":{"index":"index","follow":"follow","max-snippet":"max-snippet:-1","max-image-preview":"max-image-preview:large","max-video-preview":"max-video-preview:-1"},"canonical":"https:\/\/canal7slp.tv\/2023\/realiza-foro-de-agricultura-ganaderia-y-agua-grupo-que-apoya-a-marcelo-ebrard\/","og_locale":"es_ES","og_type":"article","og_title":"Realiza foro de agricultura, ganader\u00eda y agua; grupo que apoya a Marcelo Ebrard - Canal 7 SLP - 2023","og_description":"Matehuala.- Tras llevarse a cabo el foro de agricultura, ganader\u00eda y agua, denominado Di\u00e1logos por el futuro en apoyo a Marcelo Ebrard, el promotor del movimiento, Ariel Ch\u00e1vez Reyna, mencion\u00f3 la importancia de llevar a cabo este tipo de reuniones en toda la regi\u00f3n. \u201cSe trata de que la gente pueda tener acceso a opinar y que pueda influir en los temas que tienen que ver en la regi\u00f3n para que en su momento los gobiernos puedan tomar en cuenta esas opiniones, es la gente la que puede detectar el problema y c\u00f3mo resolverlo\u201d, dijo. Ch\u00e1vez Reyna, coment\u00f3 que Marcelo [&hellip;]","og_url":"https:\/\/canal7slp.tv\/2023\/realiza-foro-de-agricultura-ganaderia-y-agua-grupo-que-apoya-a-marcelo-ebrard\/","og_site_name":"Canal 7 SLP - 2023","article_publisher":"https:\/\/www.facebook.com\/noticieroscanalsiete","article_published_time":"2023-02-25T18:39:21+00:00","og_image":[{"width":909,"height":500,"url":"https:\/\/canal7slp.tv\/2023\/wp-content\/uploads\/2023\/02\/Valencia03Foro.jpg","type":"image\/jpeg"}],"author":"Edici\u00f3n Web","twitter_card":"summary_large_image","twitter_creator":"@NOTICIEROS7","twitter_site":"@NOTICIEROS7","twitter_misc":{"Escrito por":"Edici\u00f3n Web","Tiempo de lectura":"2 minutos"},"schema":{"@context":"https:\/\/schema.org","@graph":[{"@type":"Article","@id":"https:\/\/canal7slp.tv\/2023\/realiza-foro-de-agricultura-ganaderia-y-agua-grupo-que-apoya-a-marcelo-ebrard\/#article","isPartOf":{"@id":"https:\/\/canal7slp.tv\/2023\/realiza-foro-de-agricultura-ganaderia-y-agua-grupo-que-apoya-a-marcelo-ebrard\/"},"author":{"name":"Edici\u00f3n Web","@id":"https:\/\/canal7slp.tv\/2023\/#\/schema\/person\/639c424e3584069003b11ae813915da6"},"headline":"Realiza foro de agricultura, ganader\u00eda y agua; grupo que apoya a Marcelo Ebrard","datePublished":"2023-02-25T18:39:21+00:00","mainEntityOfPage":{"@id":"https:\/\/canal7slp.tv\/2023\/realiza-foro-de-agricultura-ganaderia-y-agua-grupo-que-apoya-a-marcelo-ebrard\/"},"wordCount":292,"publisher":{"@id":"https:\/\/canal7slp.tv\/2023\/#organization"},"image":{"@id":"https:\/\/canal7slp.tv\/2023\/realiza-foro-de-agricultura-ganaderia-y-agua-grupo-que-apoya-a-marcelo-ebrard\/#primaryimage"},"thumbnailUrl":"https:\/\/canal7slp.tv\/2023\/wp-content\/uploads\/2023\/02\/Valencia03Foro.jpg","articleSection":["DESTACADAS","INTERIOR DEL ESTADO"],"inLanguage":"es"},{"@type":"WebPage","@id":"https:\/\/canal7slp.tv\/2023\/realiza-foro-de-agricultura-ganaderia-y-agua-grupo-que-apoya-a-marcelo-ebrard\/","url":"https:\/\/canal7slp.tv\/2023\/realiza-foro-de-agricultura-ganaderia-y-agua-grupo-que-apoya-a-marcelo-ebrard\/","name":"Realiza foro de agricultura, ganader\u00eda y agua; grupo que apoya a Marcelo Ebrard - Canal 7 SLP - 2023","isPartOf":{"@id":"https:\/\/canal7slp.tv\/2023\/#website"},"primaryImageOfPage":{"@id":"https:\/\/canal7slp.tv\/2023\/realiza-foro-de-agricultura-ganaderia-y-agua-grupo-que-apoya-a-marcelo-ebrard\/#primaryimage"},"image":{"@id":"https:\/\/canal7slp.tv\/2023\/realiza-foro-de-agricultura-ganaderia-y-agua-grupo-que-apoya-a-marcelo-ebrard\/#primaryimage"},"thumbnailUrl":"https:\/\/canal7slp.tv\/2023\/wp-content\/uploads\/2023\/02\/Valencia03Foro.jpg","datePublished":"2023-02-25T18:39:21+00:00","breadcrumb":{"@id":"https:\/\/canal7slp.tv\/2023\/realiza-foro-de-agricultura-ganaderia-y-agua-grupo-que-apoya-a-marcelo-ebrard\/#breadcrumb"},"inLanguage":"es","potentialAction":[{"@type":"ReadAction","target":["https:\/\/canal7slp.tv\/2023\/realiza-foro-de-agricultura-ganaderia-y-agua-grupo-que-apoya-a-marcelo-ebrard\/"]}]},{"@type":"ImageObject","inLanguage":"es","@id":"https:\/\/canal7slp.tv\/2023\/realiza-foro-de-agricultura-ganaderia-y-agua-grupo-que-apoya-a-marcelo-ebrard\/#primaryimage","url":"https:\/\/canal7slp.tv\/2023\/wp-content\/uploads\/2023\/02\/Valencia03Foro.jpg","contentUrl":"https:\/\/canal7slp.tv\/2023\/wp-content\/uploads\/2023\/02\/Valencia03Foro.jpg","width":909,"height":500},{"@type":"BreadcrumbList","@id":"https:\/\/canal7slp.tv\/2023\/realiza-foro-de-agricultura-ganaderia-y-agua-grupo-que-apoya-a-marcelo-ebrard\/#breadcrumb","itemListElement":[{"@type":"ListItem","position":1,"name":"Portada","item":"https:\/\/canal7slp.tv\/2023\/"},{"@type":"ListItem","position":2,"name":"Realiza foro de agricultura, ganader\u00eda y agua; grupo que apoya a Marcelo Ebrard"}]},{"@type":"WebSite","@id":"https:\/\/canal7slp.tv\/2023\/#website","url":"https:\/\/canal7slp.tv\/2023\/","name":"N7 - Noticieros Canal 7","description":"Somos Televisi\u00f3n","publisher":{"@id":"https:\/\/canal7slp.tv\/2023\/#organization"},"potentialAction":[{"@type":"SearchAction","target":{"@type":"EntryPoint","urlTemplate":"https:\/\/canal7slp.tv\/2023\/?s={search_term_string}"},"query-input":{"@type":"PropertyValueSpecification","valueRequired":true,"valueName":"search_term_string"}}],"inLanguage":"es"},{"@type":"Organization","@id":"https:\/\/canal7slp.tv\/2023\/#organization","name":"Noticieros Canal 7","url":"https:\/\/canal7slp.tv\/2023\/","logo":{"@type":"ImageObject","inLanguage":"es","@id":"https:\/\/canal7slp.tv\/2023\/#\/schema\/logo\/image\/","url":"https:\/\/canal7slp.tv\/2023\/wp-content\/uploads\/2021\/01\/logo-noticieros@2x.png","contentUrl":"https:\/\/canal7slp.tv\/2023\/wp-content\/uploads\/2021\/01\/logo-noticieros@2x.png","width":1017,"height":268,"caption":"Noticieros Canal 7"},"image":{"@id":"https:\/\/canal7slp.tv\/2023\/#\/schema\/logo\/image\/"},"sameAs":["https:\/\/www.facebook.com\/noticieroscanalsiete","https:\/\/x.com\/NOTICIEROS7","https:\/\/www.instagram.com\/canal7_slp","https:\/\/www.youtube.com\/channel\/UCliiYs-gP3JfJeqdPrNdd5A"]},{"@type":"Person","@id":"https:\/\/canal7slp.tv\/2023\/#\/schema\/person\/639c424e3584069003b11ae813915da6","name":"Edici\u00f3n Web","image":{"@type":"ImageObject","inLanguage":"es","@id":"https:\/\/secure.gravatar.com\/avatar\/eee448fc3f7164808013b816ba91ac7e43bbe82a70bebac296f8bc6f0addaa1a?s=96&d=mm&r=g","url":"https:\/\/secure.gravatar.com\/avatar\/eee448fc3f7164808013b816ba91ac7e43bbe82a70bebac296f8bc6f0addaa1a?s=96&d=mm&r=g","contentUrl":"https:\/\/secure.gravatar.com\/avatar\/eee448fc3f7164808013b816ba91ac7e43bbe82a70bebac296f8bc6f0addaa1a?s=96&d=mm&r=g","caption":"Edici\u00f3n Web"},"url":"https:\/\/canal7slp.tv\/2023\/author\/edicionweb\/"}]}},"_links":{"self":[{"href":"https:\/\/canal7slp.tv\/2023\/wp-json\/wp\/v2\/posts\/88221","targetHints":{"allow":["GET"]}}],"collection":[{"href":"https:\/\/canal7slp.tv\/2023\/wp-json\/wp\/v2\/posts"}],"about":[{"href":"https:\/\/canal7slp.tv\/2023\/wp-json\/wp\/v2\/types\/post"}],"author":[{"embeddable":true,"href":"https:\/\/canal7slp.tv\/2023\/wp-json\/wp\/v2\/users\/2"}],"replies":[{"embeddable":true,"href":"https:\/\/canal7slp.tv\/2023\/wp-json\/wp\/v2\/comments?post=88221"}],"version-history":[{"count":2,"href":"https:\/\/canal7slp.tv\/2023\/wp-json\/wp\/v2\/posts\/88221\/revisions"}],"predecessor-version":[{"id":88224,"href":"https:\/\/canal7slp.tv\/2023\/wp-json\/wp\/v2\/posts\/88221\/revisions\/88224"}],"wp:featuredmedia":[{"embeddable":true,"href":"https:\/\/canal7slp.tv\/2023\/wp-json\/wp\/v2\/media\/88222"}],"wp:attachment":[{"href":"https:\/\/canal7slp.tv\/2023\/wp-json\/wp\/v2\/media?parent=88221"}],"wp:term":[{"taxonomy":"category","embeddable":true,"href":"https:\/\/canal7slp.tv\/2023\/wp-json\/wp\/v2\/categories?post=88221"},{"taxonomy":"post_tag","embeddable":true,"href":"https:\/\/canal7slp.tv\/2023\/wp-json\/wp\/v2\/tags?post=88221"}],"curies":[{"name":"wp","href":"https:\/\/api.w.org\/{rel}","templated":true}]}}