{"id":88218,"date":"2023-02-25T12:31:13","date_gmt":"2023-02-25T18:31:13","guid":{"rendered":"https:\/\/canal7slp.tv\/2023\/?p=88218"},"modified":"2023-02-25T12:31:13","modified_gmt":"2023-02-25T18:31:13","slug":"niega-titular-de-sapsam-que-se-piense-contraer-deuda-millonaria-a-traves-de-un-credito","status":"publish","type":"post","link":"https:\/\/canal7slp.tv\/2023\/niega-titular-de-sapsam-que-se-piense-contraer-deuda-millonaria-a-traves-de-un-credito\/","title":{"rendered":"Niega titular de SAPSAM que se piense contraer deuda millonaria a trav\u00e9s de un cr\u00e9dito"},"content":{"rendered":"<p style=\"text-align: justify;\">Matehuala.- Luego de que el miembro del consejo consultivo de Sapsam, Ricardo \u00c1lvarez, denunciara que el sistema operador de agua potable, pretende pedir un cr\u00e9dito a trav\u00e9s del Sifide lo cual podr\u00eda dejar una deuda millonaria en el sistema, Juan Carlos P\u00e9rez, director del organismo, coment\u00f3 al respecto.<\/p>\n<p style=\"text-align: justify;\">\u201cNo mira, la finalidad de que el organismo tenga un proyecto de infraestructura a largo plazo, consiste en que se pueda tener posibles fuentes de financiamiento alternas, nosotros estamos impedidos por la ley para ir a solicitar un cr\u00e9dito al Sfide o a cualquier banco\u201d, dijo.<\/p>\n<p style=\"text-align: justify;\">P\u00e9rez Mendoza, afirm\u00f3 que el organismo pudiera acceder a un cr\u00e9dito, tendr\u00eda que ser avalado por varias instancias gubernamentales, \u201cno es que Juan Carlos vaya y solicite un cr\u00e9dito y se lo vayan a otorgar y se lo den, nosotros no tenemos ning\u00fan cr\u00e9dito contratado, porque la ley de disciplina financiera y las nuevas adecuaciones no te lo permiten\u201d.<\/p>\n<p style=\"text-align: justify;\">Al final, asegur\u00f3 que los proyectos que actualmente mantiene Sapsam, son realizados de manera autosuficiente, \u201cla parte de las condiciones crediticias o lo que se pueda generar a largo plazo, este es un proyecto de energ\u00edas renovables y que se ve\u00eda como un organismo para el organismo y no en detrimento del mismo, contratando un cr\u00e9dito, es totalmente falso\u201d.<\/p>\n<p>Por: Jes\u00fas Valencia<\/p>\n","protected":false},"excerpt":{"rendered":"<p>Matehuala.- Luego de que el miembro del consejo consultivo de Sapsam, Ricardo \u00c1lvarez, denunciara que el sistema operador de agua potable, pretende pedir un cr\u00e9dito a trav\u00e9s del Sifide lo cual podr\u00eda dejar una deuda millonaria en el sistema, Juan Carlos P\u00e9rez, director del organismo, coment\u00f3 al respecto. \u201cNo mira, la finalidad de que el organismo tenga un proyecto de infraestructura a largo plazo, consiste en que se pueda tener posibles fuentes de financiamiento alternas, nosotros estamos impedidos por la ley para ir a solicitar un cr\u00e9dito al Sfide o a cualquier banco\u201d, dijo. P\u00e9rez Mendoza, afirm\u00f3 que el organismo [&hellip;]<\/p>\n","protected":false},"author":2,"featured_media":88219,"comment_status":"closed","ping_status":"closed","sticky":false,"template":"","format":"video","meta":{"footnotes":""},"categories":[5,43],"tags":[],"class_list":["post-88218","post","type-post","status-publish","format-video","has-post-thumbnail","hentry","category-destacadas","category-interior","post_format-post-format-video","post--single"],"yoast_head":"<!-- This site is optimized with the Yoast SEO plugin v27.5 - https:\/\/yoast.com\/product\/yoast-seo-wordpress\/ -->\n<title>Niega titular de SAPSAM que se piense contraer deuda millonaria a trav\u00e9s de un cr\u00e9dito - Canal 7 SLP - 2023<\/title>\n<meta name=\"robots\" content=\"index, follow, max-snippet:-1, max-image-preview:large, max-video-preview:-1\" \/>\n<link rel=\"canonical\" href=\"https:\/\/canal7slp.tv\/2023\/niega-titular-de-sapsam-que-se-piense-contraer-deuda-millonaria-a-traves-de-un-credito\/\" \/>\n<meta property=\"og:locale\" content=\"es_ES\" \/>\n<meta property=\"og:type\" content=\"article\" \/>\n<meta property=\"og:title\" content=\"Niega titular de SAPSAM que se piense contraer deuda millonaria a trav\u00e9s de un cr\u00e9dito - Canal 7 SLP - 2023\" \/>\n<meta property=\"og:description\" content=\"Matehuala.- Luego de que el miembro del consejo consultivo de Sapsam, Ricardo \u00c1lvarez, denunciara que el sistema operador de agua potable, pretende pedir un cr\u00e9dito a trav\u00e9s del Sifide lo cual podr\u00eda dejar una deuda millonaria en el sistema, Juan Carlos P\u00e9rez, director del organismo, coment\u00f3 al respecto. \u201cNo mira, la finalidad de que el organismo tenga un proyecto de infraestructura a largo plazo, consiste en que se pueda tener posibles fuentes de financiamiento alternas, nosotros estamos impedidos por la ley para ir a solicitar un cr\u00e9dito al Sfide o a cualquier banco\u201d, dijo. P\u00e9rez Mendoza, afirm\u00f3 que el organismo [&hellip;]\" \/>\n<meta property=\"og:url\" content=\"https:\/\/canal7slp.tv\/2023\/niega-titular-de-sapsam-que-se-piense-contraer-deuda-millonaria-a-traves-de-un-credito\/\" \/>\n<meta property=\"og:site_name\" content=\"Canal 7 SLP - 2023\" \/>\n<meta property=\"article:publisher\" content=\"https:\/\/www.facebook.com\/noticieroscanalsiete\" \/>\n<meta property=\"article:published_time\" content=\"2023-02-25T18:31:13+00:00\" \/>\n<meta property=\"og:image\" content=\"https:\/\/canal7slp.tv\/2023\/wp-content\/uploads\/2023\/02\/Valencia02Sapsam.jpg\" \/>\n\t<meta property=\"og:image:width\" content=\"909\" \/>\n\t<meta property=\"og:image:height\" content=\"500\" \/>\n\t<meta property=\"og:image:type\" content=\"image\/jpeg\" \/>\n<meta name=\"author\" content=\"Edici\u00f3n Web\" \/>\n<meta name=\"twitter:card\" content=\"summary_large_image\" \/>\n<meta name=\"twitter:creator\" content=\"@NOTICIEROS7\" \/>\n<meta name=\"twitter:site\" content=\"@NOTICIEROS7\" \/>\n<meta name=\"twitter:label1\" content=\"Escrito por\" \/>\n\t<meta name=\"twitter:data1\" content=\"Edici\u00f3n Web\" \/>\n\t<meta name=\"twitter:label2\" content=\"Tiempo de lectura\" \/>\n\t<meta name=\"twitter:data2\" content=\"1 minuto\" \/>\n<script type=\"application\/ld+json\" class=\"yoast-schema-graph\">{\"@context\":\"https:\\\/\\\/schema.org\",\"@graph\":[{\"@type\":\"Article\",\"@id\":\"https:\\\/\\\/canal7slp.tv\\\/2023\\\/niega-titular-de-sapsam-que-se-piense-contraer-deuda-millonaria-a-traves-de-un-credito\\\/#article\",\"isPartOf\":{\"@id\":\"https:\\\/\\\/canal7slp.tv\\\/2023\\\/niega-titular-de-sapsam-que-se-piense-contraer-deuda-millonaria-a-traves-de-un-credito\\\/\"},\"author\":{\"name\":\"Edici\u00f3n Web\",\"@id\":\"https:\\\/\\\/canal7slp.tv\\\/2023\\\/#\\\/schema\\\/person\\\/639c424e3584069003b11ae813915da6\"},\"headline\":\"Niega titular de SAPSAM que se piense contraer deuda millonaria a trav\u00e9s de un cr\u00e9dito\",\"datePublished\":\"2023-02-25T18:31:13+00:00\",\"mainEntityOfPage\":{\"@id\":\"https:\\\/\\\/canal7slp.tv\\\/2023\\\/niega-titular-de-sapsam-que-se-piense-contraer-deuda-millonaria-a-traves-de-un-credito\\\/\"},\"wordCount\":248,\"publisher\":{\"@id\":\"https:\\\/\\\/canal7slp.tv\\\/2023\\\/#organization\"},\"image\":{\"@id\":\"https:\\\/\\\/canal7slp.tv\\\/2023\\\/niega-titular-de-sapsam-que-se-piense-contraer-deuda-millonaria-a-traves-de-un-credito\\\/#primaryimage\"},\"thumbnailUrl\":\"https:\\\/\\\/canal7slp.tv\\\/2023\\\/wp-content\\\/uploads\\\/2023\\\/02\\\/Valencia02Sapsam.jpg\",\"articleSection\":[\"DESTACADAS\",\"INTERIOR DEL ESTADO\"],\"inLanguage\":\"es\"},{\"@type\":\"WebPage\",\"@id\":\"https:\\\/\\\/canal7slp.tv\\\/2023\\\/niega-titular-de-sapsam-que-se-piense-contraer-deuda-millonaria-a-traves-de-un-credito\\\/\",\"url\":\"https:\\\/\\\/canal7slp.tv\\\/2023\\\/niega-titular-de-sapsam-que-se-piense-contraer-deuda-millonaria-a-traves-de-un-credito\\\/\",\"name\":\"Niega titular de SAPSAM que se piense contraer deuda millonaria a trav\u00e9s de un cr\u00e9dito - Canal 7 SLP - 2023\",\"isPartOf\":{\"@id\":\"https:\\\/\\\/canal7slp.tv\\\/2023\\\/#website\"},\"primaryImageOfPage\":{\"@id\":\"https:\\\/\\\/canal7slp.tv\\\/2023\\\/niega-titular-de-sapsam-que-se-piense-contraer-deuda-millonaria-a-traves-de-un-credito\\\/#primaryimage\"},\"image\":{\"@id\":\"https:\\\/\\\/canal7slp.tv\\\/2023\\\/niega-titular-de-sapsam-que-se-piense-contraer-deuda-millonaria-a-traves-de-un-credito\\\/#primaryimage\"},\"thumbnailUrl\":\"https:\\\/\\\/canal7slp.tv\\\/2023\\\/wp-content\\\/uploads\\\/2023\\\/02\\\/Valencia02Sapsam.jpg\",\"datePublished\":\"2023-02-25T18:31:13+00:00\",\"breadcrumb\":{\"@id\":\"https:\\\/\\\/canal7slp.tv\\\/2023\\\/niega-titular-de-sapsam-que-se-piense-contraer-deuda-millonaria-a-traves-de-un-credito\\\/#breadcrumb\"},\"inLanguage\":\"es\",\"potentialAction\":[{\"@type\":\"ReadAction\",\"target\":[\"https:\\\/\\\/canal7slp.tv\\\/2023\\\/niega-titular-de-sapsam-que-se-piense-contraer-deuda-millonaria-a-traves-de-un-credito\\\/\"]}]},{\"@type\":\"ImageObject\",\"inLanguage\":\"es\",\"@id\":\"https:\\\/\\\/canal7slp.tv\\\/2023\\\/niega-titular-de-sapsam-que-se-piense-contraer-deuda-millonaria-a-traves-de-un-credito\\\/#primaryimage\",\"url\":\"https:\\\/\\\/canal7slp.tv\\\/2023\\\/wp-content\\\/uploads\\\/2023\\\/02\\\/Valencia02Sapsam.jpg\",\"contentUrl\":\"https:\\\/\\\/canal7slp.tv\\\/2023\\\/wp-content\\\/uploads\\\/2023\\\/02\\\/Valencia02Sapsam.jpg\",\"width\":909,\"height\":500},{\"@type\":\"BreadcrumbList\",\"@id\":\"https:\\\/\\\/canal7slp.tv\\\/2023\\\/niega-titular-de-sapsam-que-se-piense-contraer-deuda-millonaria-a-traves-de-un-credito\\\/#breadcrumb\",\"itemListElement\":[{\"@type\":\"ListItem\",\"position\":1,\"name\":\"Portada\",\"item\":\"https:\\\/\\\/canal7slp.tv\\\/2023\\\/\"},{\"@type\":\"ListItem\",\"position\":2,\"name\":\"Niega titular de SAPSAM que se piense contraer deuda millonaria a trav\u00e9s de un cr\u00e9dito\"}]},{\"@type\":\"WebSite\",\"@id\":\"https:\\\/\\\/canal7slp.tv\\\/2023\\\/#website\",\"url\":\"https:\\\/\\\/canal7slp.tv\\\/2023\\\/\",\"name\":\"N7 - Noticieros Canal 7\",\"description\":\"Somos Televisi\u00f3n\",\"publisher\":{\"@id\":\"https:\\\/\\\/canal7slp.tv\\\/2023\\\/#organization\"},\"potentialAction\":[{\"@type\":\"SearchAction\",\"target\":{\"@type\":\"EntryPoint\",\"urlTemplate\":\"https:\\\/\\\/canal7slp.tv\\\/2023\\\/?s={search_term_string}\"},\"query-input\":{\"@type\":\"PropertyValueSpecification\",\"valueRequired\":true,\"valueName\":\"search_term_string\"}}],\"inLanguage\":\"es\"},{\"@type\":\"Organization\",\"@id\":\"https:\\\/\\\/canal7slp.tv\\\/2023\\\/#organization\",\"name\":\"Noticieros Canal 7\",\"url\":\"https:\\\/\\\/canal7slp.tv\\\/2023\\\/\",\"logo\":{\"@type\":\"ImageObject\",\"inLanguage\":\"es\",\"@id\":\"https:\\\/\\\/canal7slp.tv\\\/2023\\\/#\\\/schema\\\/logo\\\/image\\\/\",\"url\":\"https:\\\/\\\/canal7slp.tv\\\/2023\\\/wp-content\\\/uploads\\\/2021\\\/01\\\/logo-noticieros@2x.png\",\"contentUrl\":\"https:\\\/\\\/canal7slp.tv\\\/2023\\\/wp-content\\\/uploads\\\/2021\\\/01\\\/logo-noticieros@2x.png\",\"width\":1017,\"height\":268,\"caption\":\"Noticieros Canal 7\"},\"image\":{\"@id\":\"https:\\\/\\\/canal7slp.tv\\\/2023\\\/#\\\/schema\\\/logo\\\/image\\\/\"},\"sameAs\":[\"https:\\\/\\\/www.facebook.com\\\/noticieroscanalsiete\",\"https:\\\/\\\/x.com\\\/NOTICIEROS7\",\"https:\\\/\\\/www.instagram.com\\\/canal7_slp\",\"https:\\\/\\\/www.youtube.com\\\/channel\\\/UCliiYs-gP3JfJeqdPrNdd5A\"]},{\"@type\":\"Person\",\"@id\":\"https:\\\/\\\/canal7slp.tv\\\/2023\\\/#\\\/schema\\\/person\\\/639c424e3584069003b11ae813915da6\",\"name\":\"Edici\u00f3n Web\",\"image\":{\"@type\":\"ImageObject\",\"inLanguage\":\"es\",\"@id\":\"https:\\\/\\\/secure.gravatar.com\\\/avatar\\\/eee448fc3f7164808013b816ba91ac7e43bbe82a70bebac296f8bc6f0addaa1a?s=96&d=mm&r=g\",\"url\":\"https:\\\/\\\/secure.gravatar.com\\\/avatar\\\/eee448fc3f7164808013b816ba91ac7e43bbe82a70bebac296f8bc6f0addaa1a?s=96&d=mm&r=g\",\"contentUrl\":\"https:\\\/\\\/secure.gravatar.com\\\/avatar\\\/eee448fc3f7164808013b816ba91ac7e43bbe82a70bebac296f8bc6f0addaa1a?s=96&d=mm&r=g\",\"caption\":\"Edici\u00f3n Web\"},\"url\":\"https:\\\/\\\/canal7slp.tv\\\/2023\\\/author\\\/edicionweb\\\/\"}]}<\/script>\n<!-- \/ Yoast SEO plugin. -->","yoast_head_json":{"title":"Niega titular de SAPSAM que se piense contraer deuda millonaria a trav\u00e9s de un cr\u00e9dito - Canal 7 SLP - 2023","robots":{"index":"index","follow":"follow","max-snippet":"max-snippet:-1","max-image-preview":"max-image-preview:large","max-video-preview":"max-video-preview:-1"},"canonical":"https:\/\/canal7slp.tv\/2023\/niega-titular-de-sapsam-que-se-piense-contraer-deuda-millonaria-a-traves-de-un-credito\/","og_locale":"es_ES","og_type":"article","og_title":"Niega titular de SAPSAM que se piense contraer deuda millonaria a trav\u00e9s de un cr\u00e9dito - Canal 7 SLP - 2023","og_description":"Matehuala.- Luego de que el miembro del consejo consultivo de Sapsam, Ricardo \u00c1lvarez, denunciara que el sistema operador de agua potable, pretende pedir un cr\u00e9dito a trav\u00e9s del Sifide lo cual podr\u00eda dejar una deuda millonaria en el sistema, Juan Carlos P\u00e9rez, director del organismo, coment\u00f3 al respecto. \u201cNo mira, la finalidad de que el organismo tenga un proyecto de infraestructura a largo plazo, consiste en que se pueda tener posibles fuentes de financiamiento alternas, nosotros estamos impedidos por la ley para ir a solicitar un cr\u00e9dito al Sfide o a cualquier banco\u201d, dijo. P\u00e9rez Mendoza, afirm\u00f3 que el organismo [&hellip;]","og_url":"https:\/\/canal7slp.tv\/2023\/niega-titular-de-sapsam-que-se-piense-contraer-deuda-millonaria-a-traves-de-un-credito\/","og_site_name":"Canal 7 SLP - 2023","article_publisher":"https:\/\/www.facebook.com\/noticieroscanalsiete","article_published_time":"2023-02-25T18:31:13+00:00","og_image":[{"width":909,"height":500,"url":"https:\/\/canal7slp.tv\/2023\/wp-content\/uploads\/2023\/02\/Valencia02Sapsam.jpg","type":"image\/jpeg"}],"author":"Edici\u00f3n Web","twitter_card":"summary_large_image","twitter_creator":"@NOTICIEROS7","twitter_site":"@NOTICIEROS7","twitter_misc":{"Escrito por":"Edici\u00f3n Web","Tiempo de lectura":"1 minuto"},"schema":{"@context":"https:\/\/schema.org","@graph":[{"@type":"Article","@id":"https:\/\/canal7slp.tv\/2023\/niega-titular-de-sapsam-que-se-piense-contraer-deuda-millonaria-a-traves-de-un-credito\/#article","isPartOf":{"@id":"https:\/\/canal7slp.tv\/2023\/niega-titular-de-sapsam-que-se-piense-contraer-deuda-millonaria-a-traves-de-un-credito\/"},"author":{"name":"Edici\u00f3n Web","@id":"https:\/\/canal7slp.tv\/2023\/#\/schema\/person\/639c424e3584069003b11ae813915da6"},"headline":"Niega titular de SAPSAM que se piense contraer deuda millonaria a trav\u00e9s de un cr\u00e9dito","datePublished":"2023-02-25T18:31:13+00:00","mainEntityOfPage":{"@id":"https:\/\/canal7slp.tv\/2023\/niega-titular-de-sapsam-que-se-piense-contraer-deuda-millonaria-a-traves-de-un-credito\/"},"wordCount":248,"publisher":{"@id":"https:\/\/canal7slp.tv\/2023\/#organization"},"image":{"@id":"https:\/\/canal7slp.tv\/2023\/niega-titular-de-sapsam-que-se-piense-contraer-deuda-millonaria-a-traves-de-un-credito\/#primaryimage"},"thumbnailUrl":"https:\/\/canal7slp.tv\/2023\/wp-content\/uploads\/2023\/02\/Valencia02Sapsam.jpg","articleSection":["DESTACADAS","INTERIOR DEL ESTADO"],"inLanguage":"es"},{"@type":"WebPage","@id":"https:\/\/canal7slp.tv\/2023\/niega-titular-de-sapsam-que-se-piense-contraer-deuda-millonaria-a-traves-de-un-credito\/","url":"https:\/\/canal7slp.tv\/2023\/niega-titular-de-sapsam-que-se-piense-contraer-deuda-millonaria-a-traves-de-un-credito\/","name":"Niega titular de SAPSAM que se piense contraer deuda millonaria a trav\u00e9s de un cr\u00e9dito - Canal 7 SLP - 2023","isPartOf":{"@id":"https:\/\/canal7slp.tv\/2023\/#website"},"primaryImageOfPage":{"@id":"https:\/\/canal7slp.tv\/2023\/niega-titular-de-sapsam-que-se-piense-contraer-deuda-millonaria-a-traves-de-un-credito\/#primaryimage"},"image":{"@id":"https:\/\/canal7slp.tv\/2023\/niega-titular-de-sapsam-que-se-piense-contraer-deuda-millonaria-a-traves-de-un-credito\/#primaryimage"},"thumbnailUrl":"https:\/\/canal7slp.tv\/2023\/wp-content\/uploads\/2023\/02\/Valencia02Sapsam.jpg","datePublished":"2023-02-25T18:31:13+00:00","breadcrumb":{"@id":"https:\/\/canal7slp.tv\/2023\/niega-titular-de-sapsam-que-se-piense-contraer-deuda-millonaria-a-traves-de-un-credito\/#breadcrumb"},"inLanguage":"es","potentialAction":[{"@type":"ReadAction","target":["https:\/\/canal7slp.tv\/2023\/niega-titular-de-sapsam-que-se-piense-contraer-deuda-millonaria-a-traves-de-un-credito\/"]}]},{"@type":"ImageObject","inLanguage":"es","@id":"https:\/\/canal7slp.tv\/2023\/niega-titular-de-sapsam-que-se-piense-contraer-deuda-millonaria-a-traves-de-un-credito\/#primaryimage","url":"https:\/\/canal7slp.tv\/2023\/wp-content\/uploads\/2023\/02\/Valencia02Sapsam.jpg","contentUrl":"https:\/\/canal7slp.tv\/2023\/wp-content\/uploads\/2023\/02\/Valencia02Sapsam.jpg","width":909,"height":500},{"@type":"BreadcrumbList","@id":"https:\/\/canal7slp.tv\/2023\/niega-titular-de-sapsam-que-se-piense-contraer-deuda-millonaria-a-traves-de-un-credito\/#breadcrumb","itemListElement":[{"@type":"ListItem","position":1,"name":"Portada","item":"https:\/\/canal7slp.tv\/2023\/"},{"@type":"ListItem","position":2,"name":"Niega titular de SAPSAM que se piense contraer deuda millonaria a trav\u00e9s de un cr\u00e9dito"}]},{"@type":"WebSite","@id":"https:\/\/canal7slp.tv\/2023\/#website","url":"https:\/\/canal7slp.tv\/2023\/","name":"N7 - Noticieros Canal 7","description":"Somos Televisi\u00f3n","publisher":{"@id":"https:\/\/canal7slp.tv\/2023\/#organization"},"potentialAction":[{"@type":"SearchAction","target":{"@type":"EntryPoint","urlTemplate":"https:\/\/canal7slp.tv\/2023\/?s={search_term_string}"},"query-input":{"@type":"PropertyValueSpecification","valueRequired":true,"valueName":"search_term_string"}}],"inLanguage":"es"},{"@type":"Organization","@id":"https:\/\/canal7slp.tv\/2023\/#organization","name":"Noticieros Canal 7","url":"https:\/\/canal7slp.tv\/2023\/","logo":{"@type":"ImageObject","inLanguage":"es","@id":"https:\/\/canal7slp.tv\/2023\/#\/schema\/logo\/image\/","url":"https:\/\/canal7slp.tv\/2023\/wp-content\/uploads\/2021\/01\/logo-noticieros@2x.png","contentUrl":"https:\/\/canal7slp.tv\/2023\/wp-content\/uploads\/2021\/01\/logo-noticieros@2x.png","width":1017,"height":268,"caption":"Noticieros Canal 7"},"image":{"@id":"https:\/\/canal7slp.tv\/2023\/#\/schema\/logo\/image\/"},"sameAs":["https:\/\/www.facebook.com\/noticieroscanalsiete","https:\/\/x.com\/NOTICIEROS7","https:\/\/www.instagram.com\/canal7_slp","https:\/\/www.youtube.com\/channel\/UCliiYs-gP3JfJeqdPrNdd5A"]},{"@type":"Person","@id":"https:\/\/canal7slp.tv\/2023\/#\/schema\/person\/639c424e3584069003b11ae813915da6","name":"Edici\u00f3n Web","image":{"@type":"ImageObject","inLanguage":"es","@id":"https:\/\/secure.gravatar.com\/avatar\/eee448fc3f7164808013b816ba91ac7e43bbe82a70bebac296f8bc6f0addaa1a?s=96&d=mm&r=g","url":"https:\/\/secure.gravatar.com\/avatar\/eee448fc3f7164808013b816ba91ac7e43bbe82a70bebac296f8bc6f0addaa1a?s=96&d=mm&r=g","contentUrl":"https:\/\/secure.gravatar.com\/avatar\/eee448fc3f7164808013b816ba91ac7e43bbe82a70bebac296f8bc6f0addaa1a?s=96&d=mm&r=g","caption":"Edici\u00f3n Web"},"url":"https:\/\/canal7slp.tv\/2023\/author\/edicionweb\/"}]}},"_links":{"self":[{"href":"https:\/\/canal7slp.tv\/2023\/wp-json\/wp\/v2\/posts\/88218","targetHints":{"allow":["GET"]}}],"collection":[{"href":"https:\/\/canal7slp.tv\/2023\/wp-json\/wp\/v2\/posts"}],"about":[{"href":"https:\/\/canal7slp.tv\/2023\/wp-json\/wp\/v2\/types\/post"}],"author":[{"embeddable":true,"href":"https:\/\/canal7slp.tv\/2023\/wp-json\/wp\/v2\/users\/2"}],"replies":[{"embeddable":true,"href":"https:\/\/canal7slp.tv\/2023\/wp-json\/wp\/v2\/comments?post=88218"}],"version-history":[{"count":1,"href":"https:\/\/canal7slp.tv\/2023\/wp-json\/wp\/v2\/posts\/88218\/revisions"}],"predecessor-version":[{"id":88220,"href":"https:\/\/canal7slp.tv\/2023\/wp-json\/wp\/v2\/posts\/88218\/revisions\/88220"}],"wp:featuredmedia":[{"embeddable":true,"href":"https:\/\/canal7slp.tv\/2023\/wp-json\/wp\/v2\/media\/88219"}],"wp:attachment":[{"href":"https:\/\/canal7slp.tv\/2023\/wp-json\/wp\/v2\/media?parent=88218"}],"wp:term":[{"taxonomy":"category","embeddable":true,"href":"https:\/\/canal7slp.tv\/2023\/wp-json\/wp\/v2\/categories?post=88218"},{"taxonomy":"post_tag","embeddable":true,"href":"https:\/\/canal7slp.tv\/2023\/wp-json\/wp\/v2\/tags?post=88218"}],"curies":[{"name":"wp","href":"https:\/\/api.w.org\/{rel}","templated":true}]}}