{"id":88214,"date":"2023-02-25T12:21:36","date_gmt":"2023-02-25T18:21:36","guid":{"rendered":"https:\/\/canal7slp.tv\/2023\/?p=88214"},"modified":"2023-02-25T12:21:36","modified_gmt":"2023-02-25T18:21:36","slug":"lamenta-delegado-de-cultura-la-cancelacion-del-carnaval-de-matehuala","status":"publish","type":"post","link":"https:\/\/canal7slp.tv\/2023\/lamenta-delegado-de-cultura-la-cancelacion-del-carnaval-de-matehuala\/","title":{"rendered":"Lamenta delegado de cultura la cancelaci\u00f3n del Carnaval de Matehuala"},"content":{"rendered":"<p style=\"text-align: justify;\">Matehuala.- En conferencia de prensa, el Delegado de la Secretar\u00eda de Cultura en la zona Altiplano, Juan Carlos Gonz\u00e1lez Islas, mencion\u00f3 que el carnaval que fue cancelado en el municipio de Matehuala, era una actividad independiente al Gobierno del Estado.<\/p>\n<p style=\"text-align: justify;\">\u201cLamentamos mucho que se haya cancelado, no sabemos cu\u00e1les fueron los motivos, sin embargo, lo lamentamos como cualquier actividad art\u00edstica y cultural que se cancele en beneficio de la ciudadan\u00eda, no tenemos de manera directa ninguna responsabilidad, si as\u00ed fuese, hubi\u00e9ramos hecho lo posible para que la ciudadan\u00eda pudiese disfrutar esta actividad\u201d, dijo.<\/p>\n<p style=\"text-align: justify;\">\u00a0Gonz\u00e1lez Islas espera que las cancelaciones de eventos art\u00edsticos no se vuelvan algo cotidiano en el municipio, \u201ctenemos que trabajar, planear, como funcionarios p\u00fablicos tenemos el gran compromiso de seguir impulsando las tradiciones y esperamos que en la medida de lo posible sumemos esfuerzos para que esto ya no vuelva a suceder\u201d.<\/p>\n<p style=\"text-align: justify;\">El delegado mencion\u00f3 que no fue informado de los motivos por los cuales se cancel\u00f3 el carnaval, \u201csolamente tenemos el comunicado donde dec\u00eda que las condiciones no fueron propicias, no sabemos a qu\u00e9 se refiere, si no tuvieron respuesta, regularmente se ofrec\u00eda un premio o est\u00edmulo al mejor carro aleg\u00f3rico, no vimos una convocatoria que ofreciera un aliciente, desconocemos muchas cosas, as\u00ed que solamente podemos lamentar que no se haya realizado el carnaval\u201d.<\/p>\n<p>Por: Jes\u00fas Valencia<\/p>\n","protected":false},"excerpt":{"rendered":"<p>Matehuala.- En conferencia de prensa, el Delegado de la Secretar\u00eda de Cultura en la zona Altiplano, Juan Carlos Gonz\u00e1lez Islas, mencion\u00f3 que el carnaval que fue cancelado en el municipio de Matehuala, era una actividad independiente al Gobierno del Estado. \u201cLamentamos mucho que se haya cancelado, no sabemos cu\u00e1les fueron los motivos, sin embargo, lo lamentamos como cualquier actividad art\u00edstica y cultural que se cancele en beneficio de la ciudadan\u00eda, no tenemos de manera directa ninguna responsabilidad, si as\u00ed fuese, hubi\u00e9ramos hecho lo posible para que la ciudadan\u00eda pudiese disfrutar esta actividad\u201d, dijo. \u00a0Gonz\u00e1lez Islas espera que las cancelaciones de [&hellip;]<\/p>\n","protected":false},"author":2,"featured_media":88215,"comment_status":"closed","ping_status":"closed","sticky":false,"template":"","format":"video","meta":{"footnotes":""},"categories":[5,43],"tags":[],"class_list":["post-88214","post","type-post","status-publish","format-video","has-post-thumbnail","hentry","category-destacadas","category-interior","post_format-post-format-video","post--single"],"yoast_head":"<!-- This site is optimized with the Yoast SEO plugin v27.5 - https:\/\/yoast.com\/product\/yoast-seo-wordpress\/ -->\n<title>Lamenta delegado de cultura la cancelaci\u00f3n del Carnaval de Matehuala - Canal 7 SLP - 2023<\/title>\n<meta name=\"robots\" content=\"index, follow, max-snippet:-1, max-image-preview:large, max-video-preview:-1\" \/>\n<link rel=\"canonical\" href=\"https:\/\/canal7slp.tv\/2023\/lamenta-delegado-de-cultura-la-cancelacion-del-carnaval-de-matehuala\/\" \/>\n<meta property=\"og:locale\" content=\"es_ES\" \/>\n<meta property=\"og:type\" content=\"article\" \/>\n<meta property=\"og:title\" content=\"Lamenta delegado de cultura la cancelaci\u00f3n del Carnaval de Matehuala - Canal 7 SLP - 2023\" \/>\n<meta property=\"og:description\" content=\"Matehuala.- En conferencia de prensa, el Delegado de la Secretar\u00eda de Cultura en la zona Altiplano, Juan Carlos Gonz\u00e1lez Islas, mencion\u00f3 que el carnaval que fue cancelado en el municipio de Matehuala, era una actividad independiente al Gobierno del Estado. \u201cLamentamos mucho que se haya cancelado, no sabemos cu\u00e1les fueron los motivos, sin embargo, lo lamentamos como cualquier actividad art\u00edstica y cultural que se cancele en beneficio de la ciudadan\u00eda, no tenemos de manera directa ninguna responsabilidad, si as\u00ed fuese, hubi\u00e9ramos hecho lo posible para que la ciudadan\u00eda pudiese disfrutar esta actividad\u201d, dijo. \u00a0Gonz\u00e1lez Islas espera que las cancelaciones de [&hellip;]\" \/>\n<meta property=\"og:url\" content=\"https:\/\/canal7slp.tv\/2023\/lamenta-delegado-de-cultura-la-cancelacion-del-carnaval-de-matehuala\/\" \/>\n<meta property=\"og:site_name\" content=\"Canal 7 SLP - 2023\" \/>\n<meta property=\"article:publisher\" content=\"https:\/\/www.facebook.com\/noticieroscanalsiete\" \/>\n<meta property=\"article:published_time\" content=\"2023-02-25T18:21:36+00:00\" \/>\n<meta property=\"og:image\" content=\"https:\/\/canal7slp.tv\/2023\/wp-content\/uploads\/2023\/02\/Valencia01Carnaval.jpg\" \/>\n\t<meta property=\"og:image:width\" content=\"909\" \/>\n\t<meta property=\"og:image:height\" content=\"500\" \/>\n\t<meta property=\"og:image:type\" content=\"image\/jpeg\" \/>\n<meta name=\"author\" content=\"Edici\u00f3n Web\" \/>\n<meta name=\"twitter:card\" content=\"summary_large_image\" \/>\n<meta name=\"twitter:creator\" content=\"@NOTICIEROS7\" \/>\n<meta name=\"twitter:site\" content=\"@NOTICIEROS7\" \/>\n<meta name=\"twitter:label1\" content=\"Escrito por\" \/>\n\t<meta name=\"twitter:data1\" content=\"Edici\u00f3n Web\" \/>\n\t<meta name=\"twitter:label2\" content=\"Tiempo de lectura\" \/>\n\t<meta name=\"twitter:data2\" content=\"2 minutos\" \/>\n<script type=\"application\/ld+json\" class=\"yoast-schema-graph\">{\"@context\":\"https:\\\/\\\/schema.org\",\"@graph\":[{\"@type\":\"Article\",\"@id\":\"https:\\\/\\\/canal7slp.tv\\\/2023\\\/lamenta-delegado-de-cultura-la-cancelacion-del-carnaval-de-matehuala\\\/#article\",\"isPartOf\":{\"@id\":\"https:\\\/\\\/canal7slp.tv\\\/2023\\\/lamenta-delegado-de-cultura-la-cancelacion-del-carnaval-de-matehuala\\\/\"},\"author\":{\"name\":\"Edici\u00f3n Web\",\"@id\":\"https:\\\/\\\/canal7slp.tv\\\/2023\\\/#\\\/schema\\\/person\\\/639c424e3584069003b11ae813915da6\"},\"headline\":\"Lamenta delegado de cultura la cancelaci\u00f3n del Carnaval de Matehuala\",\"datePublished\":\"2023-02-25T18:21:36+00:00\",\"mainEntityOfPage\":{\"@id\":\"https:\\\/\\\/canal7slp.tv\\\/2023\\\/lamenta-delegado-de-cultura-la-cancelacion-del-carnaval-de-matehuala\\\/\"},\"wordCount\":248,\"publisher\":{\"@id\":\"https:\\\/\\\/canal7slp.tv\\\/2023\\\/#organization\"},\"image\":{\"@id\":\"https:\\\/\\\/canal7slp.tv\\\/2023\\\/lamenta-delegado-de-cultura-la-cancelacion-del-carnaval-de-matehuala\\\/#primaryimage\"},\"thumbnailUrl\":\"https:\\\/\\\/canal7slp.tv\\\/2023\\\/wp-content\\\/uploads\\\/2023\\\/02\\\/Valencia01Carnaval.jpg\",\"articleSection\":[\"DESTACADAS\",\"INTERIOR DEL ESTADO\"],\"inLanguage\":\"es\"},{\"@type\":\"WebPage\",\"@id\":\"https:\\\/\\\/canal7slp.tv\\\/2023\\\/lamenta-delegado-de-cultura-la-cancelacion-del-carnaval-de-matehuala\\\/\",\"url\":\"https:\\\/\\\/canal7slp.tv\\\/2023\\\/lamenta-delegado-de-cultura-la-cancelacion-del-carnaval-de-matehuala\\\/\",\"name\":\"Lamenta delegado de cultura la cancelaci\u00f3n del Carnaval de Matehuala - Canal 7 SLP - 2023\",\"isPartOf\":{\"@id\":\"https:\\\/\\\/canal7slp.tv\\\/2023\\\/#website\"},\"primaryImageOfPage\":{\"@id\":\"https:\\\/\\\/canal7slp.tv\\\/2023\\\/lamenta-delegado-de-cultura-la-cancelacion-del-carnaval-de-matehuala\\\/#primaryimage\"},\"image\":{\"@id\":\"https:\\\/\\\/canal7slp.tv\\\/2023\\\/lamenta-delegado-de-cultura-la-cancelacion-del-carnaval-de-matehuala\\\/#primaryimage\"},\"thumbnailUrl\":\"https:\\\/\\\/canal7slp.tv\\\/2023\\\/wp-content\\\/uploads\\\/2023\\\/02\\\/Valencia01Carnaval.jpg\",\"datePublished\":\"2023-02-25T18:21:36+00:00\",\"breadcrumb\":{\"@id\":\"https:\\\/\\\/canal7slp.tv\\\/2023\\\/lamenta-delegado-de-cultura-la-cancelacion-del-carnaval-de-matehuala\\\/#breadcrumb\"},\"inLanguage\":\"es\",\"potentialAction\":[{\"@type\":\"ReadAction\",\"target\":[\"https:\\\/\\\/canal7slp.tv\\\/2023\\\/lamenta-delegado-de-cultura-la-cancelacion-del-carnaval-de-matehuala\\\/\"]}]},{\"@type\":\"ImageObject\",\"inLanguage\":\"es\",\"@id\":\"https:\\\/\\\/canal7slp.tv\\\/2023\\\/lamenta-delegado-de-cultura-la-cancelacion-del-carnaval-de-matehuala\\\/#primaryimage\",\"url\":\"https:\\\/\\\/canal7slp.tv\\\/2023\\\/wp-content\\\/uploads\\\/2023\\\/02\\\/Valencia01Carnaval.jpg\",\"contentUrl\":\"https:\\\/\\\/canal7slp.tv\\\/2023\\\/wp-content\\\/uploads\\\/2023\\\/02\\\/Valencia01Carnaval.jpg\",\"width\":909,\"height\":500},{\"@type\":\"BreadcrumbList\",\"@id\":\"https:\\\/\\\/canal7slp.tv\\\/2023\\\/lamenta-delegado-de-cultura-la-cancelacion-del-carnaval-de-matehuala\\\/#breadcrumb\",\"itemListElement\":[{\"@type\":\"ListItem\",\"position\":1,\"name\":\"Portada\",\"item\":\"https:\\\/\\\/canal7slp.tv\\\/2023\\\/\"},{\"@type\":\"ListItem\",\"position\":2,\"name\":\"Lamenta delegado de cultura la cancelaci\u00f3n del Carnaval de Matehuala\"}]},{\"@type\":\"WebSite\",\"@id\":\"https:\\\/\\\/canal7slp.tv\\\/2023\\\/#website\",\"url\":\"https:\\\/\\\/canal7slp.tv\\\/2023\\\/\",\"name\":\"N7 - Noticieros Canal 7\",\"description\":\"Somos Televisi\u00f3n\",\"publisher\":{\"@id\":\"https:\\\/\\\/canal7slp.tv\\\/2023\\\/#organization\"},\"potentialAction\":[{\"@type\":\"SearchAction\",\"target\":{\"@type\":\"EntryPoint\",\"urlTemplate\":\"https:\\\/\\\/canal7slp.tv\\\/2023\\\/?s={search_term_string}\"},\"query-input\":{\"@type\":\"PropertyValueSpecification\",\"valueRequired\":true,\"valueName\":\"search_term_string\"}}],\"inLanguage\":\"es\"},{\"@type\":\"Organization\",\"@id\":\"https:\\\/\\\/canal7slp.tv\\\/2023\\\/#organization\",\"name\":\"Noticieros Canal 7\",\"url\":\"https:\\\/\\\/canal7slp.tv\\\/2023\\\/\",\"logo\":{\"@type\":\"ImageObject\",\"inLanguage\":\"es\",\"@id\":\"https:\\\/\\\/canal7slp.tv\\\/2023\\\/#\\\/schema\\\/logo\\\/image\\\/\",\"url\":\"https:\\\/\\\/canal7slp.tv\\\/2023\\\/wp-content\\\/uploads\\\/2021\\\/01\\\/logo-noticieros@2x.png\",\"contentUrl\":\"https:\\\/\\\/canal7slp.tv\\\/2023\\\/wp-content\\\/uploads\\\/2021\\\/01\\\/logo-noticieros@2x.png\",\"width\":1017,\"height\":268,\"caption\":\"Noticieros Canal 7\"},\"image\":{\"@id\":\"https:\\\/\\\/canal7slp.tv\\\/2023\\\/#\\\/schema\\\/logo\\\/image\\\/\"},\"sameAs\":[\"https:\\\/\\\/www.facebook.com\\\/noticieroscanalsiete\",\"https:\\\/\\\/x.com\\\/NOTICIEROS7\",\"https:\\\/\\\/www.instagram.com\\\/canal7_slp\",\"https:\\\/\\\/www.youtube.com\\\/channel\\\/UCliiYs-gP3JfJeqdPrNdd5A\"]},{\"@type\":\"Person\",\"@id\":\"https:\\\/\\\/canal7slp.tv\\\/2023\\\/#\\\/schema\\\/person\\\/639c424e3584069003b11ae813915da6\",\"name\":\"Edici\u00f3n Web\",\"image\":{\"@type\":\"ImageObject\",\"inLanguage\":\"es\",\"@id\":\"https:\\\/\\\/secure.gravatar.com\\\/avatar\\\/eee448fc3f7164808013b816ba91ac7e43bbe82a70bebac296f8bc6f0addaa1a?s=96&d=mm&r=g\",\"url\":\"https:\\\/\\\/secure.gravatar.com\\\/avatar\\\/eee448fc3f7164808013b816ba91ac7e43bbe82a70bebac296f8bc6f0addaa1a?s=96&d=mm&r=g\",\"contentUrl\":\"https:\\\/\\\/secure.gravatar.com\\\/avatar\\\/eee448fc3f7164808013b816ba91ac7e43bbe82a70bebac296f8bc6f0addaa1a?s=96&d=mm&r=g\",\"caption\":\"Edici\u00f3n Web\"},\"url\":\"https:\\\/\\\/canal7slp.tv\\\/2023\\\/author\\\/edicionweb\\\/\"}]}<\/script>\n<!-- \/ Yoast SEO plugin. -->","yoast_head_json":{"title":"Lamenta delegado de cultura la cancelaci\u00f3n del Carnaval de Matehuala - Canal 7 SLP - 2023","robots":{"index":"index","follow":"follow","max-snippet":"max-snippet:-1","max-image-preview":"max-image-preview:large","max-video-preview":"max-video-preview:-1"},"canonical":"https:\/\/canal7slp.tv\/2023\/lamenta-delegado-de-cultura-la-cancelacion-del-carnaval-de-matehuala\/","og_locale":"es_ES","og_type":"article","og_title":"Lamenta delegado de cultura la cancelaci\u00f3n del Carnaval de Matehuala - Canal 7 SLP - 2023","og_description":"Matehuala.- En conferencia de prensa, el Delegado de la Secretar\u00eda de Cultura en la zona Altiplano, Juan Carlos Gonz\u00e1lez Islas, mencion\u00f3 que el carnaval que fue cancelado en el municipio de Matehuala, era una actividad independiente al Gobierno del Estado. \u201cLamentamos mucho que se haya cancelado, no sabemos cu\u00e1les fueron los motivos, sin embargo, lo lamentamos como cualquier actividad art\u00edstica y cultural que se cancele en beneficio de la ciudadan\u00eda, no tenemos de manera directa ninguna responsabilidad, si as\u00ed fuese, hubi\u00e9ramos hecho lo posible para que la ciudadan\u00eda pudiese disfrutar esta actividad\u201d, dijo. \u00a0Gonz\u00e1lez Islas espera que las cancelaciones de [&hellip;]","og_url":"https:\/\/canal7slp.tv\/2023\/lamenta-delegado-de-cultura-la-cancelacion-del-carnaval-de-matehuala\/","og_site_name":"Canal 7 SLP - 2023","article_publisher":"https:\/\/www.facebook.com\/noticieroscanalsiete","article_published_time":"2023-02-25T18:21:36+00:00","og_image":[{"width":909,"height":500,"url":"https:\/\/canal7slp.tv\/2023\/wp-content\/uploads\/2023\/02\/Valencia01Carnaval.jpg","type":"image\/jpeg"}],"author":"Edici\u00f3n Web","twitter_card":"summary_large_image","twitter_creator":"@NOTICIEROS7","twitter_site":"@NOTICIEROS7","twitter_misc":{"Escrito por":"Edici\u00f3n Web","Tiempo de lectura":"2 minutos"},"schema":{"@context":"https:\/\/schema.org","@graph":[{"@type":"Article","@id":"https:\/\/canal7slp.tv\/2023\/lamenta-delegado-de-cultura-la-cancelacion-del-carnaval-de-matehuala\/#article","isPartOf":{"@id":"https:\/\/canal7slp.tv\/2023\/lamenta-delegado-de-cultura-la-cancelacion-del-carnaval-de-matehuala\/"},"author":{"name":"Edici\u00f3n Web","@id":"https:\/\/canal7slp.tv\/2023\/#\/schema\/person\/639c424e3584069003b11ae813915da6"},"headline":"Lamenta delegado de cultura la cancelaci\u00f3n del Carnaval de Matehuala","datePublished":"2023-02-25T18:21:36+00:00","mainEntityOfPage":{"@id":"https:\/\/canal7slp.tv\/2023\/lamenta-delegado-de-cultura-la-cancelacion-del-carnaval-de-matehuala\/"},"wordCount":248,"publisher":{"@id":"https:\/\/canal7slp.tv\/2023\/#organization"},"image":{"@id":"https:\/\/canal7slp.tv\/2023\/lamenta-delegado-de-cultura-la-cancelacion-del-carnaval-de-matehuala\/#primaryimage"},"thumbnailUrl":"https:\/\/canal7slp.tv\/2023\/wp-content\/uploads\/2023\/02\/Valencia01Carnaval.jpg","articleSection":["DESTACADAS","INTERIOR DEL ESTADO"],"inLanguage":"es"},{"@type":"WebPage","@id":"https:\/\/canal7slp.tv\/2023\/lamenta-delegado-de-cultura-la-cancelacion-del-carnaval-de-matehuala\/","url":"https:\/\/canal7slp.tv\/2023\/lamenta-delegado-de-cultura-la-cancelacion-del-carnaval-de-matehuala\/","name":"Lamenta delegado de cultura la cancelaci\u00f3n del Carnaval de Matehuala - Canal 7 SLP - 2023","isPartOf":{"@id":"https:\/\/canal7slp.tv\/2023\/#website"},"primaryImageOfPage":{"@id":"https:\/\/canal7slp.tv\/2023\/lamenta-delegado-de-cultura-la-cancelacion-del-carnaval-de-matehuala\/#primaryimage"},"image":{"@id":"https:\/\/canal7slp.tv\/2023\/lamenta-delegado-de-cultura-la-cancelacion-del-carnaval-de-matehuala\/#primaryimage"},"thumbnailUrl":"https:\/\/canal7slp.tv\/2023\/wp-content\/uploads\/2023\/02\/Valencia01Carnaval.jpg","datePublished":"2023-02-25T18:21:36+00:00","breadcrumb":{"@id":"https:\/\/canal7slp.tv\/2023\/lamenta-delegado-de-cultura-la-cancelacion-del-carnaval-de-matehuala\/#breadcrumb"},"inLanguage":"es","potentialAction":[{"@type":"ReadAction","target":["https:\/\/canal7slp.tv\/2023\/lamenta-delegado-de-cultura-la-cancelacion-del-carnaval-de-matehuala\/"]}]},{"@type":"ImageObject","inLanguage":"es","@id":"https:\/\/canal7slp.tv\/2023\/lamenta-delegado-de-cultura-la-cancelacion-del-carnaval-de-matehuala\/#primaryimage","url":"https:\/\/canal7slp.tv\/2023\/wp-content\/uploads\/2023\/02\/Valencia01Carnaval.jpg","contentUrl":"https:\/\/canal7slp.tv\/2023\/wp-content\/uploads\/2023\/02\/Valencia01Carnaval.jpg","width":909,"height":500},{"@type":"BreadcrumbList","@id":"https:\/\/canal7slp.tv\/2023\/lamenta-delegado-de-cultura-la-cancelacion-del-carnaval-de-matehuala\/#breadcrumb","itemListElement":[{"@type":"ListItem","position":1,"name":"Portada","item":"https:\/\/canal7slp.tv\/2023\/"},{"@type":"ListItem","position":2,"name":"Lamenta delegado de cultura la cancelaci\u00f3n del Carnaval de Matehuala"}]},{"@type":"WebSite","@id":"https:\/\/canal7slp.tv\/2023\/#website","url":"https:\/\/canal7slp.tv\/2023\/","name":"N7 - Noticieros Canal 7","description":"Somos Televisi\u00f3n","publisher":{"@id":"https:\/\/canal7slp.tv\/2023\/#organization"},"potentialAction":[{"@type":"SearchAction","target":{"@type":"EntryPoint","urlTemplate":"https:\/\/canal7slp.tv\/2023\/?s={search_term_string}"},"query-input":{"@type":"PropertyValueSpecification","valueRequired":true,"valueName":"search_term_string"}}],"inLanguage":"es"},{"@type":"Organization","@id":"https:\/\/canal7slp.tv\/2023\/#organization","name":"Noticieros Canal 7","url":"https:\/\/canal7slp.tv\/2023\/","logo":{"@type":"ImageObject","inLanguage":"es","@id":"https:\/\/canal7slp.tv\/2023\/#\/schema\/logo\/image\/","url":"https:\/\/canal7slp.tv\/2023\/wp-content\/uploads\/2021\/01\/logo-noticieros@2x.png","contentUrl":"https:\/\/canal7slp.tv\/2023\/wp-content\/uploads\/2021\/01\/logo-noticieros@2x.png","width":1017,"height":268,"caption":"Noticieros Canal 7"},"image":{"@id":"https:\/\/canal7slp.tv\/2023\/#\/schema\/logo\/image\/"},"sameAs":["https:\/\/www.facebook.com\/noticieroscanalsiete","https:\/\/x.com\/NOTICIEROS7","https:\/\/www.instagram.com\/canal7_slp","https:\/\/www.youtube.com\/channel\/UCliiYs-gP3JfJeqdPrNdd5A"]},{"@type":"Person","@id":"https:\/\/canal7slp.tv\/2023\/#\/schema\/person\/639c424e3584069003b11ae813915da6","name":"Edici\u00f3n Web","image":{"@type":"ImageObject","inLanguage":"es","@id":"https:\/\/secure.gravatar.com\/avatar\/eee448fc3f7164808013b816ba91ac7e43bbe82a70bebac296f8bc6f0addaa1a?s=96&d=mm&r=g","url":"https:\/\/secure.gravatar.com\/avatar\/eee448fc3f7164808013b816ba91ac7e43bbe82a70bebac296f8bc6f0addaa1a?s=96&d=mm&r=g","contentUrl":"https:\/\/secure.gravatar.com\/avatar\/eee448fc3f7164808013b816ba91ac7e43bbe82a70bebac296f8bc6f0addaa1a?s=96&d=mm&r=g","caption":"Edici\u00f3n Web"},"url":"https:\/\/canal7slp.tv\/2023\/author\/edicionweb\/"}]}},"_links":{"self":[{"href":"https:\/\/canal7slp.tv\/2023\/wp-json\/wp\/v2\/posts\/88214","targetHints":{"allow":["GET"]}}],"collection":[{"href":"https:\/\/canal7slp.tv\/2023\/wp-json\/wp\/v2\/posts"}],"about":[{"href":"https:\/\/canal7slp.tv\/2023\/wp-json\/wp\/v2\/types\/post"}],"author":[{"embeddable":true,"href":"https:\/\/canal7slp.tv\/2023\/wp-json\/wp\/v2\/users\/2"}],"replies":[{"embeddable":true,"href":"https:\/\/canal7slp.tv\/2023\/wp-json\/wp\/v2\/comments?post=88214"}],"version-history":[{"count":1,"href":"https:\/\/canal7slp.tv\/2023\/wp-json\/wp\/v2\/posts\/88214\/revisions"}],"predecessor-version":[{"id":88217,"href":"https:\/\/canal7slp.tv\/2023\/wp-json\/wp\/v2\/posts\/88214\/revisions\/88217"}],"wp:featuredmedia":[{"embeddable":true,"href":"https:\/\/canal7slp.tv\/2023\/wp-json\/wp\/v2\/media\/88215"}],"wp:attachment":[{"href":"https:\/\/canal7slp.tv\/2023\/wp-json\/wp\/v2\/media?parent=88214"}],"wp:term":[{"taxonomy":"category","embeddable":true,"href":"https:\/\/canal7slp.tv\/2023\/wp-json\/wp\/v2\/categories?post=88214"},{"taxonomy":"post_tag","embeddable":true,"href":"https:\/\/canal7slp.tv\/2023\/wp-json\/wp\/v2\/tags?post=88214"}],"curies":[{"name":"wp","href":"https:\/\/api.w.org\/{rel}","templated":true}]}}