{"id":88198,"date":"2023-02-24T18:19:14","date_gmt":"2023-02-25T00:19:14","guid":{"rendered":"https:\/\/canal7slp.tv\/2023\/?p=88198"},"modified":"2023-02-24T18:19:14","modified_gmt":"2023-02-25T00:19:14","slug":"confia-titular-de-sedeco-en-la-posible-instalacion-de-tesla-en-slp","status":"publish","type":"post","link":"https:\/\/canal7slp.tv\/2023\/confia-titular-de-sedeco-en-la-posible-instalacion-de-tesla-en-slp\/","title":{"rendered":"Conf\u00eda titular de SEDECO en la posible instalaci\u00f3n de Tesla en SLP"},"content":{"rendered":"<p style=\"text-align: justify;\">SLP.- Al revelar que desde hace meses que se involucr\u00f3 en el tema de traer a la empresa norteamericana TESLA el secretario de Desarrollo Econ\u00f3mico del gobierno del estado Juan Carlos Valladares Eichelmann, insisti\u00f3 en que San Luis Potos\u00ed re\u00fane todas las condiciones para que se instale en la entidad potosina.<\/p>\n<p style=\"text-align: justify;\">Record\u00f3 que con este tipo de empresas como BMW tambi\u00e9n llegan empresas sat\u00e9lite y cadenas de proveedur\u00eda que detonan el crecimiento econ\u00f3mico y por ende, la generaci\u00f3n de empleos.<\/p>\n<p style=\"text-align: justify;\">El titular de SEDECO dijo no saber si esta empresa norteamericana buscar\u00eda otras opciones en M\u00e9xico luego de que se habl\u00f3 de la ciudad de Monterrey.<\/p>\n<p style=\"text-align: justify;\">En este contexto, record\u00f3 que TESLA estuvo analizando en que entidades tendr\u00eda las condiciones \u00f3ptimas para instalarse al decir tambi\u00e9n que la oportunidad sigue vigente, para que esta empresa voltee sus ojos a San Luis Potos\u00ed.<\/p>\n<p>Por: Claudio Ibarra<\/p>\n","protected":false},"excerpt":{"rendered":"<p>SLP.- Al revelar que desde hace meses que se involucr\u00f3 en el tema de traer a la empresa norteamericana TESLA el secretario de Desarrollo Econ\u00f3mico del gobierno del estado Juan Carlos Valladares Eichelmann, insisti\u00f3 en que San Luis Potos\u00ed re\u00fane todas las condiciones para que se instale en la entidad potosina. Record\u00f3 que con este tipo de empresas como BMW tambi\u00e9n llegan empresas sat\u00e9lite y cadenas de proveedur\u00eda que detonan el crecimiento econ\u00f3mico y por ende, la generaci\u00f3n de empleos. El titular de SEDECO dijo no saber si esta empresa norteamericana buscar\u00eda otras opciones en M\u00e9xico luego de que se [&hellip;]<\/p>\n","protected":false},"author":2,"featured_media":88200,"comment_status":"closed","ping_status":"closed","sticky":false,"template":"","format":"video","meta":{"footnotes":""},"categories":[5,45],"tags":[],"class_list":["post-88198","post","type-post","status-publish","format-video","has-post-thumbnail","hentry","category-destacadas","category-localesyregionales","post_format-post-format-video","post--single"],"yoast_head":"<!-- This site is optimized with the Yoast SEO plugin v27.5 - https:\/\/yoast.com\/product\/yoast-seo-wordpress\/ -->\n<title>Conf\u00eda titular de SEDECO en la posible instalaci\u00f3n de Tesla en SLP - Canal 7 SLP - 2023<\/title>\n<meta name=\"robots\" content=\"index, follow, max-snippet:-1, max-image-preview:large, max-video-preview:-1\" \/>\n<link rel=\"canonical\" href=\"https:\/\/canal7slp.tv\/2023\/confia-titular-de-sedeco-en-la-posible-instalacion-de-tesla-en-slp\/\" \/>\n<meta property=\"og:locale\" content=\"es_ES\" \/>\n<meta property=\"og:type\" content=\"article\" \/>\n<meta property=\"og:title\" content=\"Conf\u00eda titular de SEDECO en la posible instalaci\u00f3n de Tesla en SLP - Canal 7 SLP - 2023\" \/>\n<meta property=\"og:description\" content=\"SLP.- Al revelar que desde hace meses que se involucr\u00f3 en el tema de traer a la empresa norteamericana TESLA el secretario de Desarrollo Econ\u00f3mico del gobierno del estado Juan Carlos Valladares Eichelmann, insisti\u00f3 en que San Luis Potos\u00ed re\u00fane todas las condiciones para que se instale en la entidad potosina. Record\u00f3 que con este tipo de empresas como BMW tambi\u00e9n llegan empresas sat\u00e9lite y cadenas de proveedur\u00eda que detonan el crecimiento econ\u00f3mico y por ende, la generaci\u00f3n de empleos. El titular de SEDECO dijo no saber si esta empresa norteamericana buscar\u00eda otras opciones en M\u00e9xico luego de que se [&hellip;]\" \/>\n<meta property=\"og:url\" content=\"https:\/\/canal7slp.tv\/2023\/confia-titular-de-sedeco-en-la-posible-instalacion-de-tesla-en-slp\/\" \/>\n<meta property=\"og:site_name\" content=\"Canal 7 SLP - 2023\" \/>\n<meta property=\"article:publisher\" content=\"https:\/\/www.facebook.com\/noticieroscanalsiete\" \/>\n<meta property=\"article:published_time\" content=\"2023-02-25T00:19:14+00:00\" \/>\n<meta property=\"og:image\" content=\"https:\/\/canal7slp.tv\/2023\/wp-content\/uploads\/2023\/02\/Claudio04Tesla.jpg\" \/>\n\t<meta property=\"og:image:width\" content=\"888\" \/>\n\t<meta property=\"og:image:height\" content=\"500\" \/>\n\t<meta property=\"og:image:type\" content=\"image\/jpeg\" \/>\n<meta name=\"author\" content=\"Edici\u00f3n Web\" \/>\n<meta name=\"twitter:card\" content=\"summary_large_image\" \/>\n<meta name=\"twitter:creator\" content=\"@NOTICIEROS7\" \/>\n<meta name=\"twitter:site\" content=\"@NOTICIEROS7\" \/>\n<meta name=\"twitter:label1\" content=\"Escrito por\" \/>\n\t<meta name=\"twitter:data1\" content=\"Edici\u00f3n Web\" \/>\n\t<meta name=\"twitter:label2\" content=\"Tiempo de lectura\" \/>\n\t<meta name=\"twitter:data2\" content=\"1 minuto\" \/>\n<script type=\"application\/ld+json\" class=\"yoast-schema-graph\">{\"@context\":\"https:\\\/\\\/schema.org\",\"@graph\":[{\"@type\":\"Article\",\"@id\":\"https:\\\/\\\/canal7slp.tv\\\/2023\\\/confia-titular-de-sedeco-en-la-posible-instalacion-de-tesla-en-slp\\\/#article\",\"isPartOf\":{\"@id\":\"https:\\\/\\\/canal7slp.tv\\\/2023\\\/confia-titular-de-sedeco-en-la-posible-instalacion-de-tesla-en-slp\\\/\"},\"author\":{\"name\":\"Edici\u00f3n Web\",\"@id\":\"https:\\\/\\\/canal7slp.tv\\\/2023\\\/#\\\/schema\\\/person\\\/639c424e3584069003b11ae813915da6\"},\"headline\":\"Conf\u00eda titular de SEDECO en la posible instalaci\u00f3n de Tesla en SLP\",\"datePublished\":\"2023-02-25T00:19:14+00:00\",\"mainEntityOfPage\":{\"@id\":\"https:\\\/\\\/canal7slp.tv\\\/2023\\\/confia-titular-de-sedeco-en-la-posible-instalacion-de-tesla-en-slp\\\/\"},\"wordCount\":171,\"publisher\":{\"@id\":\"https:\\\/\\\/canal7slp.tv\\\/2023\\\/#organization\"},\"image\":{\"@id\":\"https:\\\/\\\/canal7slp.tv\\\/2023\\\/confia-titular-de-sedeco-en-la-posible-instalacion-de-tesla-en-slp\\\/#primaryimage\"},\"thumbnailUrl\":\"https:\\\/\\\/canal7slp.tv\\\/2023\\\/wp-content\\\/uploads\\\/2023\\\/02\\\/Claudio04Tesla.jpg\",\"articleSection\":[\"DESTACADAS\",\"LOCALES Y REGIONALES\"],\"inLanguage\":\"es\"},{\"@type\":\"WebPage\",\"@id\":\"https:\\\/\\\/canal7slp.tv\\\/2023\\\/confia-titular-de-sedeco-en-la-posible-instalacion-de-tesla-en-slp\\\/\",\"url\":\"https:\\\/\\\/canal7slp.tv\\\/2023\\\/confia-titular-de-sedeco-en-la-posible-instalacion-de-tesla-en-slp\\\/\",\"name\":\"Conf\u00eda titular de SEDECO en la posible instalaci\u00f3n de Tesla en SLP - Canal 7 SLP - 2023\",\"isPartOf\":{\"@id\":\"https:\\\/\\\/canal7slp.tv\\\/2023\\\/#website\"},\"primaryImageOfPage\":{\"@id\":\"https:\\\/\\\/canal7slp.tv\\\/2023\\\/confia-titular-de-sedeco-en-la-posible-instalacion-de-tesla-en-slp\\\/#primaryimage\"},\"image\":{\"@id\":\"https:\\\/\\\/canal7slp.tv\\\/2023\\\/confia-titular-de-sedeco-en-la-posible-instalacion-de-tesla-en-slp\\\/#primaryimage\"},\"thumbnailUrl\":\"https:\\\/\\\/canal7slp.tv\\\/2023\\\/wp-content\\\/uploads\\\/2023\\\/02\\\/Claudio04Tesla.jpg\",\"datePublished\":\"2023-02-25T00:19:14+00:00\",\"breadcrumb\":{\"@id\":\"https:\\\/\\\/canal7slp.tv\\\/2023\\\/confia-titular-de-sedeco-en-la-posible-instalacion-de-tesla-en-slp\\\/#breadcrumb\"},\"inLanguage\":\"es\",\"potentialAction\":[{\"@type\":\"ReadAction\",\"target\":[\"https:\\\/\\\/canal7slp.tv\\\/2023\\\/confia-titular-de-sedeco-en-la-posible-instalacion-de-tesla-en-slp\\\/\"]}]},{\"@type\":\"ImageObject\",\"inLanguage\":\"es\",\"@id\":\"https:\\\/\\\/canal7slp.tv\\\/2023\\\/confia-titular-de-sedeco-en-la-posible-instalacion-de-tesla-en-slp\\\/#primaryimage\",\"url\":\"https:\\\/\\\/canal7slp.tv\\\/2023\\\/wp-content\\\/uploads\\\/2023\\\/02\\\/Claudio04Tesla.jpg\",\"contentUrl\":\"https:\\\/\\\/canal7slp.tv\\\/2023\\\/wp-content\\\/uploads\\\/2023\\\/02\\\/Claudio04Tesla.jpg\",\"width\":888,\"height\":500},{\"@type\":\"BreadcrumbList\",\"@id\":\"https:\\\/\\\/canal7slp.tv\\\/2023\\\/confia-titular-de-sedeco-en-la-posible-instalacion-de-tesla-en-slp\\\/#breadcrumb\",\"itemListElement\":[{\"@type\":\"ListItem\",\"position\":1,\"name\":\"Portada\",\"item\":\"https:\\\/\\\/canal7slp.tv\\\/2023\\\/\"},{\"@type\":\"ListItem\",\"position\":2,\"name\":\"Conf\u00eda titular de SEDECO en la posible instalaci\u00f3n de Tesla en SLP\"}]},{\"@type\":\"WebSite\",\"@id\":\"https:\\\/\\\/canal7slp.tv\\\/2023\\\/#website\",\"url\":\"https:\\\/\\\/canal7slp.tv\\\/2023\\\/\",\"name\":\"N7 - Noticieros Canal 7\",\"description\":\"Somos Televisi\u00f3n\",\"publisher\":{\"@id\":\"https:\\\/\\\/canal7slp.tv\\\/2023\\\/#organization\"},\"potentialAction\":[{\"@type\":\"SearchAction\",\"target\":{\"@type\":\"EntryPoint\",\"urlTemplate\":\"https:\\\/\\\/canal7slp.tv\\\/2023\\\/?s={search_term_string}\"},\"query-input\":{\"@type\":\"PropertyValueSpecification\",\"valueRequired\":true,\"valueName\":\"search_term_string\"}}],\"inLanguage\":\"es\"},{\"@type\":\"Organization\",\"@id\":\"https:\\\/\\\/canal7slp.tv\\\/2023\\\/#organization\",\"name\":\"Noticieros Canal 7\",\"url\":\"https:\\\/\\\/canal7slp.tv\\\/2023\\\/\",\"logo\":{\"@type\":\"ImageObject\",\"inLanguage\":\"es\",\"@id\":\"https:\\\/\\\/canal7slp.tv\\\/2023\\\/#\\\/schema\\\/logo\\\/image\\\/\",\"url\":\"https:\\\/\\\/canal7slp.tv\\\/2023\\\/wp-content\\\/uploads\\\/2021\\\/01\\\/logo-noticieros@2x.png\",\"contentUrl\":\"https:\\\/\\\/canal7slp.tv\\\/2023\\\/wp-content\\\/uploads\\\/2021\\\/01\\\/logo-noticieros@2x.png\",\"width\":1017,\"height\":268,\"caption\":\"Noticieros Canal 7\"},\"image\":{\"@id\":\"https:\\\/\\\/canal7slp.tv\\\/2023\\\/#\\\/schema\\\/logo\\\/image\\\/\"},\"sameAs\":[\"https:\\\/\\\/www.facebook.com\\\/noticieroscanalsiete\",\"https:\\\/\\\/x.com\\\/NOTICIEROS7\",\"https:\\\/\\\/www.instagram.com\\\/canal7_slp\",\"https:\\\/\\\/www.youtube.com\\\/channel\\\/UCliiYs-gP3JfJeqdPrNdd5A\"]},{\"@type\":\"Person\",\"@id\":\"https:\\\/\\\/canal7slp.tv\\\/2023\\\/#\\\/schema\\\/person\\\/639c424e3584069003b11ae813915da6\",\"name\":\"Edici\u00f3n Web\",\"image\":{\"@type\":\"ImageObject\",\"inLanguage\":\"es\",\"@id\":\"https:\\\/\\\/secure.gravatar.com\\\/avatar\\\/eee448fc3f7164808013b816ba91ac7e43bbe82a70bebac296f8bc6f0addaa1a?s=96&d=mm&r=g\",\"url\":\"https:\\\/\\\/secure.gravatar.com\\\/avatar\\\/eee448fc3f7164808013b816ba91ac7e43bbe82a70bebac296f8bc6f0addaa1a?s=96&d=mm&r=g\",\"contentUrl\":\"https:\\\/\\\/secure.gravatar.com\\\/avatar\\\/eee448fc3f7164808013b816ba91ac7e43bbe82a70bebac296f8bc6f0addaa1a?s=96&d=mm&r=g\",\"caption\":\"Edici\u00f3n Web\"},\"url\":\"https:\\\/\\\/canal7slp.tv\\\/2023\\\/author\\\/edicionweb\\\/\"}]}<\/script>\n<!-- \/ Yoast SEO plugin. -->","yoast_head_json":{"title":"Conf\u00eda titular de SEDECO en la posible instalaci\u00f3n de Tesla en SLP - Canal 7 SLP - 2023","robots":{"index":"index","follow":"follow","max-snippet":"max-snippet:-1","max-image-preview":"max-image-preview:large","max-video-preview":"max-video-preview:-1"},"canonical":"https:\/\/canal7slp.tv\/2023\/confia-titular-de-sedeco-en-la-posible-instalacion-de-tesla-en-slp\/","og_locale":"es_ES","og_type":"article","og_title":"Conf\u00eda titular de SEDECO en la posible instalaci\u00f3n de Tesla en SLP - Canal 7 SLP - 2023","og_description":"SLP.- Al revelar que desde hace meses que se involucr\u00f3 en el tema de traer a la empresa norteamericana TESLA el secretario de Desarrollo Econ\u00f3mico del gobierno del estado Juan Carlos Valladares Eichelmann, insisti\u00f3 en que San Luis Potos\u00ed re\u00fane todas las condiciones para que se instale en la entidad potosina. Record\u00f3 que con este tipo de empresas como BMW tambi\u00e9n llegan empresas sat\u00e9lite y cadenas de proveedur\u00eda que detonan el crecimiento econ\u00f3mico y por ende, la generaci\u00f3n de empleos. El titular de SEDECO dijo no saber si esta empresa norteamericana buscar\u00eda otras opciones en M\u00e9xico luego de que se [&hellip;]","og_url":"https:\/\/canal7slp.tv\/2023\/confia-titular-de-sedeco-en-la-posible-instalacion-de-tesla-en-slp\/","og_site_name":"Canal 7 SLP - 2023","article_publisher":"https:\/\/www.facebook.com\/noticieroscanalsiete","article_published_time":"2023-02-25T00:19:14+00:00","og_image":[{"width":888,"height":500,"url":"https:\/\/canal7slp.tv\/2023\/wp-content\/uploads\/2023\/02\/Claudio04Tesla.jpg","type":"image\/jpeg"}],"author":"Edici\u00f3n Web","twitter_card":"summary_large_image","twitter_creator":"@NOTICIEROS7","twitter_site":"@NOTICIEROS7","twitter_misc":{"Escrito por":"Edici\u00f3n Web","Tiempo de lectura":"1 minuto"},"schema":{"@context":"https:\/\/schema.org","@graph":[{"@type":"Article","@id":"https:\/\/canal7slp.tv\/2023\/confia-titular-de-sedeco-en-la-posible-instalacion-de-tesla-en-slp\/#article","isPartOf":{"@id":"https:\/\/canal7slp.tv\/2023\/confia-titular-de-sedeco-en-la-posible-instalacion-de-tesla-en-slp\/"},"author":{"name":"Edici\u00f3n Web","@id":"https:\/\/canal7slp.tv\/2023\/#\/schema\/person\/639c424e3584069003b11ae813915da6"},"headline":"Conf\u00eda titular de SEDECO en la posible instalaci\u00f3n de Tesla en SLP","datePublished":"2023-02-25T00:19:14+00:00","mainEntityOfPage":{"@id":"https:\/\/canal7slp.tv\/2023\/confia-titular-de-sedeco-en-la-posible-instalacion-de-tesla-en-slp\/"},"wordCount":171,"publisher":{"@id":"https:\/\/canal7slp.tv\/2023\/#organization"},"image":{"@id":"https:\/\/canal7slp.tv\/2023\/confia-titular-de-sedeco-en-la-posible-instalacion-de-tesla-en-slp\/#primaryimage"},"thumbnailUrl":"https:\/\/canal7slp.tv\/2023\/wp-content\/uploads\/2023\/02\/Claudio04Tesla.jpg","articleSection":["DESTACADAS","LOCALES Y REGIONALES"],"inLanguage":"es"},{"@type":"WebPage","@id":"https:\/\/canal7slp.tv\/2023\/confia-titular-de-sedeco-en-la-posible-instalacion-de-tesla-en-slp\/","url":"https:\/\/canal7slp.tv\/2023\/confia-titular-de-sedeco-en-la-posible-instalacion-de-tesla-en-slp\/","name":"Conf\u00eda titular de SEDECO en la posible instalaci\u00f3n de Tesla en SLP - Canal 7 SLP - 2023","isPartOf":{"@id":"https:\/\/canal7slp.tv\/2023\/#website"},"primaryImageOfPage":{"@id":"https:\/\/canal7slp.tv\/2023\/confia-titular-de-sedeco-en-la-posible-instalacion-de-tesla-en-slp\/#primaryimage"},"image":{"@id":"https:\/\/canal7slp.tv\/2023\/confia-titular-de-sedeco-en-la-posible-instalacion-de-tesla-en-slp\/#primaryimage"},"thumbnailUrl":"https:\/\/canal7slp.tv\/2023\/wp-content\/uploads\/2023\/02\/Claudio04Tesla.jpg","datePublished":"2023-02-25T00:19:14+00:00","breadcrumb":{"@id":"https:\/\/canal7slp.tv\/2023\/confia-titular-de-sedeco-en-la-posible-instalacion-de-tesla-en-slp\/#breadcrumb"},"inLanguage":"es","potentialAction":[{"@type":"ReadAction","target":["https:\/\/canal7slp.tv\/2023\/confia-titular-de-sedeco-en-la-posible-instalacion-de-tesla-en-slp\/"]}]},{"@type":"ImageObject","inLanguage":"es","@id":"https:\/\/canal7slp.tv\/2023\/confia-titular-de-sedeco-en-la-posible-instalacion-de-tesla-en-slp\/#primaryimage","url":"https:\/\/canal7slp.tv\/2023\/wp-content\/uploads\/2023\/02\/Claudio04Tesla.jpg","contentUrl":"https:\/\/canal7slp.tv\/2023\/wp-content\/uploads\/2023\/02\/Claudio04Tesla.jpg","width":888,"height":500},{"@type":"BreadcrumbList","@id":"https:\/\/canal7slp.tv\/2023\/confia-titular-de-sedeco-en-la-posible-instalacion-de-tesla-en-slp\/#breadcrumb","itemListElement":[{"@type":"ListItem","position":1,"name":"Portada","item":"https:\/\/canal7slp.tv\/2023\/"},{"@type":"ListItem","position":2,"name":"Conf\u00eda titular de SEDECO en la posible instalaci\u00f3n de Tesla en SLP"}]},{"@type":"WebSite","@id":"https:\/\/canal7slp.tv\/2023\/#website","url":"https:\/\/canal7slp.tv\/2023\/","name":"N7 - Noticieros Canal 7","description":"Somos Televisi\u00f3n","publisher":{"@id":"https:\/\/canal7slp.tv\/2023\/#organization"},"potentialAction":[{"@type":"SearchAction","target":{"@type":"EntryPoint","urlTemplate":"https:\/\/canal7slp.tv\/2023\/?s={search_term_string}"},"query-input":{"@type":"PropertyValueSpecification","valueRequired":true,"valueName":"search_term_string"}}],"inLanguage":"es"},{"@type":"Organization","@id":"https:\/\/canal7slp.tv\/2023\/#organization","name":"Noticieros Canal 7","url":"https:\/\/canal7slp.tv\/2023\/","logo":{"@type":"ImageObject","inLanguage":"es","@id":"https:\/\/canal7slp.tv\/2023\/#\/schema\/logo\/image\/","url":"https:\/\/canal7slp.tv\/2023\/wp-content\/uploads\/2021\/01\/logo-noticieros@2x.png","contentUrl":"https:\/\/canal7slp.tv\/2023\/wp-content\/uploads\/2021\/01\/logo-noticieros@2x.png","width":1017,"height":268,"caption":"Noticieros Canal 7"},"image":{"@id":"https:\/\/canal7slp.tv\/2023\/#\/schema\/logo\/image\/"},"sameAs":["https:\/\/www.facebook.com\/noticieroscanalsiete","https:\/\/x.com\/NOTICIEROS7","https:\/\/www.instagram.com\/canal7_slp","https:\/\/www.youtube.com\/channel\/UCliiYs-gP3JfJeqdPrNdd5A"]},{"@type":"Person","@id":"https:\/\/canal7slp.tv\/2023\/#\/schema\/person\/639c424e3584069003b11ae813915da6","name":"Edici\u00f3n Web","image":{"@type":"ImageObject","inLanguage":"es","@id":"https:\/\/secure.gravatar.com\/avatar\/eee448fc3f7164808013b816ba91ac7e43bbe82a70bebac296f8bc6f0addaa1a?s=96&d=mm&r=g","url":"https:\/\/secure.gravatar.com\/avatar\/eee448fc3f7164808013b816ba91ac7e43bbe82a70bebac296f8bc6f0addaa1a?s=96&d=mm&r=g","contentUrl":"https:\/\/secure.gravatar.com\/avatar\/eee448fc3f7164808013b816ba91ac7e43bbe82a70bebac296f8bc6f0addaa1a?s=96&d=mm&r=g","caption":"Edici\u00f3n Web"},"url":"https:\/\/canal7slp.tv\/2023\/author\/edicionweb\/"}]}},"_links":{"self":[{"href":"https:\/\/canal7slp.tv\/2023\/wp-json\/wp\/v2\/posts\/88198","targetHints":{"allow":["GET"]}}],"collection":[{"href":"https:\/\/canal7slp.tv\/2023\/wp-json\/wp\/v2\/posts"}],"about":[{"href":"https:\/\/canal7slp.tv\/2023\/wp-json\/wp\/v2\/types\/post"}],"author":[{"embeddable":true,"href":"https:\/\/canal7slp.tv\/2023\/wp-json\/wp\/v2\/users\/2"}],"replies":[{"embeddable":true,"href":"https:\/\/canal7slp.tv\/2023\/wp-json\/wp\/v2\/comments?post=88198"}],"version-history":[{"count":1,"href":"https:\/\/canal7slp.tv\/2023\/wp-json\/wp\/v2\/posts\/88198\/revisions"}],"predecessor-version":[{"id":88201,"href":"https:\/\/canal7slp.tv\/2023\/wp-json\/wp\/v2\/posts\/88198\/revisions\/88201"}],"wp:featuredmedia":[{"embeddable":true,"href":"https:\/\/canal7slp.tv\/2023\/wp-json\/wp\/v2\/media\/88200"}],"wp:attachment":[{"href":"https:\/\/canal7slp.tv\/2023\/wp-json\/wp\/v2\/media?parent=88198"}],"wp:term":[{"taxonomy":"category","embeddable":true,"href":"https:\/\/canal7slp.tv\/2023\/wp-json\/wp\/v2\/categories?post=88198"},{"taxonomy":"post_tag","embeddable":true,"href":"https:\/\/canal7slp.tv\/2023\/wp-json\/wp\/v2\/tags?post=88198"}],"curies":[{"name":"wp","href":"https:\/\/api.w.org\/{rel}","templated":true}]}}