{"id":88194,"date":"2023-02-24T18:11:14","date_gmt":"2023-02-25T00:11:14","guid":{"rendered":"https:\/\/canal7slp.tv\/2023\/?p=88194"},"modified":"2023-02-24T18:11:33","modified_gmt":"2023-02-25T00:11:33","slug":"gobierno-presento-terna-para-elegir-fiscal-especializado-en-delitos-electorales","status":"publish","type":"post","link":"https:\/\/canal7slp.tv\/2023\/gobierno-presento-terna-para-elegir-fiscal-especializado-en-delitos-electorales\/","title":{"rendered":"Gobierno present\u00f3 terna para elegir Fiscal Especializado en Delitos Electorales"},"content":{"rendered":"<p style=\"text-align: justify;\">SLP.- Luego de la renuncia el pasado 9 de Febrero de Javier Montalvo P\u00e9rez como Fiscal Especializado en Delitos Electorales el secretario general de Gobierno Jos\u00e9 Guadalupe Torres S\u00e1nchez, afirm\u00f3 que ya se present\u00f3 una terna al Congreso del Estado para suplir al ahora exfuncionario quien renunci\u00f3 por motivos personales.<\/p>\n<p style=\"text-align: justify;\">En otro tema el funcionario estatal dio a conocer que la pr\u00f3xima semana estar\u00e1 en San Luis Potos\u00ed el titular de Aeropuertos y Servicios Auxiliares, para definir lo relativo a la ampliaci\u00f3n del aeropuerto de Tamu\u00edn, y las negociaciones que se mantienen con el due\u00f1o de los terrenos aleda\u00f1os para la extensi\u00f3n de la pista.<\/p>\n<p style=\"text-align: justify;\">Asimismo, Torres S\u00e1nchez habl\u00f3 sobre la movilizaci\u00f3n de elementos de la Guardia Nacional al mediod\u00eda de este jueves sobre la carretera a Rioverde, en donde fueron agredidos elementos de la Guardia Civil Estatal luego de una persecuci\u00f3n en contra de civiles armados.<\/p>\n<p style=\"text-align: justify;\">Por: Claudio Ibarra<\/p>\n","protected":false},"excerpt":{"rendered":"<p>SLP.- Luego de la renuncia el pasado 9 de Febrero de Javier Montalvo P\u00e9rez como Fiscal Especializado en Delitos Electorales el secretario general de Gobierno Jos\u00e9 Guadalupe Torres S\u00e1nchez, afirm\u00f3 que ya se present\u00f3 una terna al Congreso del Estado para suplir al ahora exfuncionario quien renunci\u00f3 por motivos personales. En otro tema el funcionario estatal dio a conocer que la pr\u00f3xima semana estar\u00e1 en San Luis Potos\u00ed el titular de Aeropuertos y Servicios Auxiliares, para definir lo relativo a la ampliaci\u00f3n del aeropuerto de Tamu\u00edn, y las negociaciones que se mantienen con el due\u00f1o de los terrenos aleda\u00f1os para [&hellip;]<\/p>\n","protected":false},"author":2,"featured_media":88196,"comment_status":"closed","ping_status":"closed","sticky":false,"template":"","format":"video","meta":{"footnotes":""},"categories":[5,510,45],"tags":[],"class_list":["post-88194","post","type-post","status-publish","format-video","has-post-thumbnail","hentry","category-destacadas","category-gobedoslp","category-localesyregionales","post_format-post-format-video","post--single"],"yoast_head":"<!-- This site is optimized with the Yoast SEO plugin v27.5 - https:\/\/yoast.com\/product\/yoast-seo-wordpress\/ -->\n<title>Gobierno present\u00f3 terna para elegir Fiscal Especializado en Delitos Electorales - Canal 7 SLP - 2023<\/title>\n<meta name=\"robots\" content=\"index, follow, max-snippet:-1, max-image-preview:large, max-video-preview:-1\" \/>\n<link rel=\"canonical\" href=\"https:\/\/canal7slp.tv\/2023\/gobierno-presento-terna-para-elegir-fiscal-especializado-en-delitos-electorales\/\" \/>\n<meta property=\"og:locale\" content=\"es_ES\" \/>\n<meta property=\"og:type\" content=\"article\" \/>\n<meta property=\"og:title\" content=\"Gobierno present\u00f3 terna para elegir Fiscal Especializado en Delitos Electorales - Canal 7 SLP - 2023\" \/>\n<meta property=\"og:description\" content=\"SLP.- Luego de la renuncia el pasado 9 de Febrero de Javier Montalvo P\u00e9rez como Fiscal Especializado en Delitos Electorales el secretario general de Gobierno Jos\u00e9 Guadalupe Torres S\u00e1nchez, afirm\u00f3 que ya se present\u00f3 una terna al Congreso del Estado para suplir al ahora exfuncionario quien renunci\u00f3 por motivos personales. En otro tema el funcionario estatal dio a conocer que la pr\u00f3xima semana estar\u00e1 en San Luis Potos\u00ed el titular de Aeropuertos y Servicios Auxiliares, para definir lo relativo a la ampliaci\u00f3n del aeropuerto de Tamu\u00edn, y las negociaciones que se mantienen con el due\u00f1o de los terrenos aleda\u00f1os para [&hellip;]\" \/>\n<meta property=\"og:url\" content=\"https:\/\/canal7slp.tv\/2023\/gobierno-presento-terna-para-elegir-fiscal-especializado-en-delitos-electorales\/\" \/>\n<meta property=\"og:site_name\" content=\"Canal 7 SLP - 2023\" \/>\n<meta property=\"article:publisher\" content=\"https:\/\/www.facebook.com\/noticieroscanalsiete\" \/>\n<meta property=\"article:published_time\" content=\"2023-02-25T00:11:14+00:00\" \/>\n<meta property=\"article:modified_time\" content=\"2023-02-25T00:11:33+00:00\" \/>\n<meta property=\"og:image\" content=\"https:\/\/canal7slp.tv\/2023\/wp-content\/uploads\/2023\/02\/Claudio03Terna.jpg\" \/>\n\t<meta property=\"og:image:width\" content=\"888\" \/>\n\t<meta property=\"og:image:height\" content=\"500\" \/>\n\t<meta property=\"og:image:type\" content=\"image\/jpeg\" \/>\n<meta name=\"author\" content=\"Edici\u00f3n Web\" \/>\n<meta name=\"twitter:card\" content=\"summary_large_image\" \/>\n<meta name=\"twitter:creator\" content=\"@NOTICIEROS7\" \/>\n<meta name=\"twitter:site\" content=\"@NOTICIEROS7\" \/>\n<meta name=\"twitter:label1\" content=\"Escrito por\" \/>\n\t<meta name=\"twitter:data1\" content=\"Edici\u00f3n Web\" \/>\n\t<meta name=\"twitter:label2\" content=\"Tiempo de lectura\" \/>\n\t<meta name=\"twitter:data2\" content=\"1 minuto\" \/>\n<script type=\"application\/ld+json\" class=\"yoast-schema-graph\">{\"@context\":\"https:\\\/\\\/schema.org\",\"@graph\":[{\"@type\":\"Article\",\"@id\":\"https:\\\/\\\/canal7slp.tv\\\/2023\\\/gobierno-presento-terna-para-elegir-fiscal-especializado-en-delitos-electorales\\\/#article\",\"isPartOf\":{\"@id\":\"https:\\\/\\\/canal7slp.tv\\\/2023\\\/gobierno-presento-terna-para-elegir-fiscal-especializado-en-delitos-electorales\\\/\"},\"author\":{\"name\":\"Edici\u00f3n Web\",\"@id\":\"https:\\\/\\\/canal7slp.tv\\\/2023\\\/#\\\/schema\\\/person\\\/639c424e3584069003b11ae813915da6\"},\"headline\":\"Gobierno present\u00f3 terna para elegir Fiscal Especializado en Delitos Electorales\",\"datePublished\":\"2023-02-25T00:11:14+00:00\",\"dateModified\":\"2023-02-25T00:11:33+00:00\",\"mainEntityOfPage\":{\"@id\":\"https:\\\/\\\/canal7slp.tv\\\/2023\\\/gobierno-presento-terna-para-elegir-fiscal-especializado-en-delitos-electorales\\\/\"},\"wordCount\":172,\"publisher\":{\"@id\":\"https:\\\/\\\/canal7slp.tv\\\/2023\\\/#organization\"},\"image\":{\"@id\":\"https:\\\/\\\/canal7slp.tv\\\/2023\\\/gobierno-presento-terna-para-elegir-fiscal-especializado-en-delitos-electorales\\\/#primaryimage\"},\"thumbnailUrl\":\"https:\\\/\\\/canal7slp.tv\\\/2023\\\/wp-content\\\/uploads\\\/2023\\\/02\\\/Claudio03Terna.jpg\",\"articleSection\":[\"DESTACADAS\",\"GOBEDOSLP\",\"LOCALES Y REGIONALES\"],\"inLanguage\":\"es\"},{\"@type\":\"WebPage\",\"@id\":\"https:\\\/\\\/canal7slp.tv\\\/2023\\\/gobierno-presento-terna-para-elegir-fiscal-especializado-en-delitos-electorales\\\/\",\"url\":\"https:\\\/\\\/canal7slp.tv\\\/2023\\\/gobierno-presento-terna-para-elegir-fiscal-especializado-en-delitos-electorales\\\/\",\"name\":\"Gobierno present\u00f3 terna para elegir Fiscal Especializado en Delitos Electorales - Canal 7 SLP - 2023\",\"isPartOf\":{\"@id\":\"https:\\\/\\\/canal7slp.tv\\\/2023\\\/#website\"},\"primaryImageOfPage\":{\"@id\":\"https:\\\/\\\/canal7slp.tv\\\/2023\\\/gobierno-presento-terna-para-elegir-fiscal-especializado-en-delitos-electorales\\\/#primaryimage\"},\"image\":{\"@id\":\"https:\\\/\\\/canal7slp.tv\\\/2023\\\/gobierno-presento-terna-para-elegir-fiscal-especializado-en-delitos-electorales\\\/#primaryimage\"},\"thumbnailUrl\":\"https:\\\/\\\/canal7slp.tv\\\/2023\\\/wp-content\\\/uploads\\\/2023\\\/02\\\/Claudio03Terna.jpg\",\"datePublished\":\"2023-02-25T00:11:14+00:00\",\"dateModified\":\"2023-02-25T00:11:33+00:00\",\"breadcrumb\":{\"@id\":\"https:\\\/\\\/canal7slp.tv\\\/2023\\\/gobierno-presento-terna-para-elegir-fiscal-especializado-en-delitos-electorales\\\/#breadcrumb\"},\"inLanguage\":\"es\",\"potentialAction\":[{\"@type\":\"ReadAction\",\"target\":[\"https:\\\/\\\/canal7slp.tv\\\/2023\\\/gobierno-presento-terna-para-elegir-fiscal-especializado-en-delitos-electorales\\\/\"]}]},{\"@type\":\"ImageObject\",\"inLanguage\":\"es\",\"@id\":\"https:\\\/\\\/canal7slp.tv\\\/2023\\\/gobierno-presento-terna-para-elegir-fiscal-especializado-en-delitos-electorales\\\/#primaryimage\",\"url\":\"https:\\\/\\\/canal7slp.tv\\\/2023\\\/wp-content\\\/uploads\\\/2023\\\/02\\\/Claudio03Terna.jpg\",\"contentUrl\":\"https:\\\/\\\/canal7slp.tv\\\/2023\\\/wp-content\\\/uploads\\\/2023\\\/02\\\/Claudio03Terna.jpg\",\"width\":888,\"height\":500},{\"@type\":\"BreadcrumbList\",\"@id\":\"https:\\\/\\\/canal7slp.tv\\\/2023\\\/gobierno-presento-terna-para-elegir-fiscal-especializado-en-delitos-electorales\\\/#breadcrumb\",\"itemListElement\":[{\"@type\":\"ListItem\",\"position\":1,\"name\":\"Portada\",\"item\":\"https:\\\/\\\/canal7slp.tv\\\/2023\\\/\"},{\"@type\":\"ListItem\",\"position\":2,\"name\":\"Gobierno present\u00f3 terna para elegir Fiscal Especializado en Delitos Electorales\"}]},{\"@type\":\"WebSite\",\"@id\":\"https:\\\/\\\/canal7slp.tv\\\/2023\\\/#website\",\"url\":\"https:\\\/\\\/canal7slp.tv\\\/2023\\\/\",\"name\":\"N7 - Noticieros Canal 7\",\"description\":\"Somos Televisi\u00f3n\",\"publisher\":{\"@id\":\"https:\\\/\\\/canal7slp.tv\\\/2023\\\/#organization\"},\"potentialAction\":[{\"@type\":\"SearchAction\",\"target\":{\"@type\":\"EntryPoint\",\"urlTemplate\":\"https:\\\/\\\/canal7slp.tv\\\/2023\\\/?s={search_term_string}\"},\"query-input\":{\"@type\":\"PropertyValueSpecification\",\"valueRequired\":true,\"valueName\":\"search_term_string\"}}],\"inLanguage\":\"es\"},{\"@type\":\"Organization\",\"@id\":\"https:\\\/\\\/canal7slp.tv\\\/2023\\\/#organization\",\"name\":\"Noticieros Canal 7\",\"url\":\"https:\\\/\\\/canal7slp.tv\\\/2023\\\/\",\"logo\":{\"@type\":\"ImageObject\",\"inLanguage\":\"es\",\"@id\":\"https:\\\/\\\/canal7slp.tv\\\/2023\\\/#\\\/schema\\\/logo\\\/image\\\/\",\"url\":\"https:\\\/\\\/canal7slp.tv\\\/2023\\\/wp-content\\\/uploads\\\/2021\\\/01\\\/logo-noticieros@2x.png\",\"contentUrl\":\"https:\\\/\\\/canal7slp.tv\\\/2023\\\/wp-content\\\/uploads\\\/2021\\\/01\\\/logo-noticieros@2x.png\",\"width\":1017,\"height\":268,\"caption\":\"Noticieros Canal 7\"},\"image\":{\"@id\":\"https:\\\/\\\/canal7slp.tv\\\/2023\\\/#\\\/schema\\\/logo\\\/image\\\/\"},\"sameAs\":[\"https:\\\/\\\/www.facebook.com\\\/noticieroscanalsiete\",\"https:\\\/\\\/x.com\\\/NOTICIEROS7\",\"https:\\\/\\\/www.instagram.com\\\/canal7_slp\",\"https:\\\/\\\/www.youtube.com\\\/channel\\\/UCliiYs-gP3JfJeqdPrNdd5A\"]},{\"@type\":\"Person\",\"@id\":\"https:\\\/\\\/canal7slp.tv\\\/2023\\\/#\\\/schema\\\/person\\\/639c424e3584069003b11ae813915da6\",\"name\":\"Edici\u00f3n Web\",\"image\":{\"@type\":\"ImageObject\",\"inLanguage\":\"es\",\"@id\":\"https:\\\/\\\/secure.gravatar.com\\\/avatar\\\/eee448fc3f7164808013b816ba91ac7e43bbe82a70bebac296f8bc6f0addaa1a?s=96&d=mm&r=g\",\"url\":\"https:\\\/\\\/secure.gravatar.com\\\/avatar\\\/eee448fc3f7164808013b816ba91ac7e43bbe82a70bebac296f8bc6f0addaa1a?s=96&d=mm&r=g\",\"contentUrl\":\"https:\\\/\\\/secure.gravatar.com\\\/avatar\\\/eee448fc3f7164808013b816ba91ac7e43bbe82a70bebac296f8bc6f0addaa1a?s=96&d=mm&r=g\",\"caption\":\"Edici\u00f3n Web\"},\"url\":\"https:\\\/\\\/canal7slp.tv\\\/2023\\\/author\\\/edicionweb\\\/\"}]}<\/script>\n<!-- \/ Yoast SEO plugin. -->","yoast_head_json":{"title":"Gobierno present\u00f3 terna para elegir Fiscal Especializado en Delitos Electorales - Canal 7 SLP - 2023","robots":{"index":"index","follow":"follow","max-snippet":"max-snippet:-1","max-image-preview":"max-image-preview:large","max-video-preview":"max-video-preview:-1"},"canonical":"https:\/\/canal7slp.tv\/2023\/gobierno-presento-terna-para-elegir-fiscal-especializado-en-delitos-electorales\/","og_locale":"es_ES","og_type":"article","og_title":"Gobierno present\u00f3 terna para elegir Fiscal Especializado en Delitos Electorales - Canal 7 SLP - 2023","og_description":"SLP.- Luego de la renuncia el pasado 9 de Febrero de Javier Montalvo P\u00e9rez como Fiscal Especializado en Delitos Electorales el secretario general de Gobierno Jos\u00e9 Guadalupe Torres S\u00e1nchez, afirm\u00f3 que ya se present\u00f3 una terna al Congreso del Estado para suplir al ahora exfuncionario quien renunci\u00f3 por motivos personales. En otro tema el funcionario estatal dio a conocer que la pr\u00f3xima semana estar\u00e1 en San Luis Potos\u00ed el titular de Aeropuertos y Servicios Auxiliares, para definir lo relativo a la ampliaci\u00f3n del aeropuerto de Tamu\u00edn, y las negociaciones que se mantienen con el due\u00f1o de los terrenos aleda\u00f1os para [&hellip;]","og_url":"https:\/\/canal7slp.tv\/2023\/gobierno-presento-terna-para-elegir-fiscal-especializado-en-delitos-electorales\/","og_site_name":"Canal 7 SLP - 2023","article_publisher":"https:\/\/www.facebook.com\/noticieroscanalsiete","article_published_time":"2023-02-25T00:11:14+00:00","article_modified_time":"2023-02-25T00:11:33+00:00","og_image":[{"width":888,"height":500,"url":"https:\/\/canal7slp.tv\/2023\/wp-content\/uploads\/2023\/02\/Claudio03Terna.jpg","type":"image\/jpeg"}],"author":"Edici\u00f3n Web","twitter_card":"summary_large_image","twitter_creator":"@NOTICIEROS7","twitter_site":"@NOTICIEROS7","twitter_misc":{"Escrito por":"Edici\u00f3n Web","Tiempo de lectura":"1 minuto"},"schema":{"@context":"https:\/\/schema.org","@graph":[{"@type":"Article","@id":"https:\/\/canal7slp.tv\/2023\/gobierno-presento-terna-para-elegir-fiscal-especializado-en-delitos-electorales\/#article","isPartOf":{"@id":"https:\/\/canal7slp.tv\/2023\/gobierno-presento-terna-para-elegir-fiscal-especializado-en-delitos-electorales\/"},"author":{"name":"Edici\u00f3n Web","@id":"https:\/\/canal7slp.tv\/2023\/#\/schema\/person\/639c424e3584069003b11ae813915da6"},"headline":"Gobierno present\u00f3 terna para elegir Fiscal Especializado en Delitos Electorales","datePublished":"2023-02-25T00:11:14+00:00","dateModified":"2023-02-25T00:11:33+00:00","mainEntityOfPage":{"@id":"https:\/\/canal7slp.tv\/2023\/gobierno-presento-terna-para-elegir-fiscal-especializado-en-delitos-electorales\/"},"wordCount":172,"publisher":{"@id":"https:\/\/canal7slp.tv\/2023\/#organization"},"image":{"@id":"https:\/\/canal7slp.tv\/2023\/gobierno-presento-terna-para-elegir-fiscal-especializado-en-delitos-electorales\/#primaryimage"},"thumbnailUrl":"https:\/\/canal7slp.tv\/2023\/wp-content\/uploads\/2023\/02\/Claudio03Terna.jpg","articleSection":["DESTACADAS","GOBEDOSLP","LOCALES Y REGIONALES"],"inLanguage":"es"},{"@type":"WebPage","@id":"https:\/\/canal7slp.tv\/2023\/gobierno-presento-terna-para-elegir-fiscal-especializado-en-delitos-electorales\/","url":"https:\/\/canal7slp.tv\/2023\/gobierno-presento-terna-para-elegir-fiscal-especializado-en-delitos-electorales\/","name":"Gobierno present\u00f3 terna para elegir Fiscal Especializado en Delitos Electorales - Canal 7 SLP - 2023","isPartOf":{"@id":"https:\/\/canal7slp.tv\/2023\/#website"},"primaryImageOfPage":{"@id":"https:\/\/canal7slp.tv\/2023\/gobierno-presento-terna-para-elegir-fiscal-especializado-en-delitos-electorales\/#primaryimage"},"image":{"@id":"https:\/\/canal7slp.tv\/2023\/gobierno-presento-terna-para-elegir-fiscal-especializado-en-delitos-electorales\/#primaryimage"},"thumbnailUrl":"https:\/\/canal7slp.tv\/2023\/wp-content\/uploads\/2023\/02\/Claudio03Terna.jpg","datePublished":"2023-02-25T00:11:14+00:00","dateModified":"2023-02-25T00:11:33+00:00","breadcrumb":{"@id":"https:\/\/canal7slp.tv\/2023\/gobierno-presento-terna-para-elegir-fiscal-especializado-en-delitos-electorales\/#breadcrumb"},"inLanguage":"es","potentialAction":[{"@type":"ReadAction","target":["https:\/\/canal7slp.tv\/2023\/gobierno-presento-terna-para-elegir-fiscal-especializado-en-delitos-electorales\/"]}]},{"@type":"ImageObject","inLanguage":"es","@id":"https:\/\/canal7slp.tv\/2023\/gobierno-presento-terna-para-elegir-fiscal-especializado-en-delitos-electorales\/#primaryimage","url":"https:\/\/canal7slp.tv\/2023\/wp-content\/uploads\/2023\/02\/Claudio03Terna.jpg","contentUrl":"https:\/\/canal7slp.tv\/2023\/wp-content\/uploads\/2023\/02\/Claudio03Terna.jpg","width":888,"height":500},{"@type":"BreadcrumbList","@id":"https:\/\/canal7slp.tv\/2023\/gobierno-presento-terna-para-elegir-fiscal-especializado-en-delitos-electorales\/#breadcrumb","itemListElement":[{"@type":"ListItem","position":1,"name":"Portada","item":"https:\/\/canal7slp.tv\/2023\/"},{"@type":"ListItem","position":2,"name":"Gobierno present\u00f3 terna para elegir Fiscal Especializado en Delitos Electorales"}]},{"@type":"WebSite","@id":"https:\/\/canal7slp.tv\/2023\/#website","url":"https:\/\/canal7slp.tv\/2023\/","name":"N7 - Noticieros Canal 7","description":"Somos Televisi\u00f3n","publisher":{"@id":"https:\/\/canal7slp.tv\/2023\/#organization"},"potentialAction":[{"@type":"SearchAction","target":{"@type":"EntryPoint","urlTemplate":"https:\/\/canal7slp.tv\/2023\/?s={search_term_string}"},"query-input":{"@type":"PropertyValueSpecification","valueRequired":true,"valueName":"search_term_string"}}],"inLanguage":"es"},{"@type":"Organization","@id":"https:\/\/canal7slp.tv\/2023\/#organization","name":"Noticieros Canal 7","url":"https:\/\/canal7slp.tv\/2023\/","logo":{"@type":"ImageObject","inLanguage":"es","@id":"https:\/\/canal7slp.tv\/2023\/#\/schema\/logo\/image\/","url":"https:\/\/canal7slp.tv\/2023\/wp-content\/uploads\/2021\/01\/logo-noticieros@2x.png","contentUrl":"https:\/\/canal7slp.tv\/2023\/wp-content\/uploads\/2021\/01\/logo-noticieros@2x.png","width":1017,"height":268,"caption":"Noticieros Canal 7"},"image":{"@id":"https:\/\/canal7slp.tv\/2023\/#\/schema\/logo\/image\/"},"sameAs":["https:\/\/www.facebook.com\/noticieroscanalsiete","https:\/\/x.com\/NOTICIEROS7","https:\/\/www.instagram.com\/canal7_slp","https:\/\/www.youtube.com\/channel\/UCliiYs-gP3JfJeqdPrNdd5A"]},{"@type":"Person","@id":"https:\/\/canal7slp.tv\/2023\/#\/schema\/person\/639c424e3584069003b11ae813915da6","name":"Edici\u00f3n Web","image":{"@type":"ImageObject","inLanguage":"es","@id":"https:\/\/secure.gravatar.com\/avatar\/eee448fc3f7164808013b816ba91ac7e43bbe82a70bebac296f8bc6f0addaa1a?s=96&d=mm&r=g","url":"https:\/\/secure.gravatar.com\/avatar\/eee448fc3f7164808013b816ba91ac7e43bbe82a70bebac296f8bc6f0addaa1a?s=96&d=mm&r=g","contentUrl":"https:\/\/secure.gravatar.com\/avatar\/eee448fc3f7164808013b816ba91ac7e43bbe82a70bebac296f8bc6f0addaa1a?s=96&d=mm&r=g","caption":"Edici\u00f3n Web"},"url":"https:\/\/canal7slp.tv\/2023\/author\/edicionweb\/"}]}},"_links":{"self":[{"href":"https:\/\/canal7slp.tv\/2023\/wp-json\/wp\/v2\/posts\/88194","targetHints":{"allow":["GET"]}}],"collection":[{"href":"https:\/\/canal7slp.tv\/2023\/wp-json\/wp\/v2\/posts"}],"about":[{"href":"https:\/\/canal7slp.tv\/2023\/wp-json\/wp\/v2\/types\/post"}],"author":[{"embeddable":true,"href":"https:\/\/canal7slp.tv\/2023\/wp-json\/wp\/v2\/users\/2"}],"replies":[{"embeddable":true,"href":"https:\/\/canal7slp.tv\/2023\/wp-json\/wp\/v2\/comments?post=88194"}],"version-history":[{"count":1,"href":"https:\/\/canal7slp.tv\/2023\/wp-json\/wp\/v2\/posts\/88194\/revisions"}],"predecessor-version":[{"id":88197,"href":"https:\/\/canal7slp.tv\/2023\/wp-json\/wp\/v2\/posts\/88194\/revisions\/88197"}],"wp:featuredmedia":[{"embeddable":true,"href":"https:\/\/canal7slp.tv\/2023\/wp-json\/wp\/v2\/media\/88196"}],"wp:attachment":[{"href":"https:\/\/canal7slp.tv\/2023\/wp-json\/wp\/v2\/media?parent=88194"}],"wp:term":[{"taxonomy":"category","embeddable":true,"href":"https:\/\/canal7slp.tv\/2023\/wp-json\/wp\/v2\/categories?post=88194"},{"taxonomy":"post_tag","embeddable":true,"href":"https:\/\/canal7slp.tv\/2023\/wp-json\/wp\/v2\/tags?post=88194"}],"curies":[{"name":"wp","href":"https:\/\/api.w.org\/{rel}","templated":true}]}}