{"id":88191,"date":"2023-02-24T17:57:09","date_gmt":"2023-02-24T23:57:09","guid":{"rendered":"https:\/\/canal7slp.tv\/2023\/?p=88191"},"modified":"2023-02-24T17:57:09","modified_gmt":"2023-02-24T23:57:09","slug":"amparo-contra-cancelacion-del-imss-a-burocratas-es-temporal-asegura-gallardo","status":"publish","type":"post","link":"https:\/\/canal7slp.tv\/2023\/amparo-contra-cancelacion-del-imss-a-burocratas-es-temporal-asegura-gallardo\/","title":{"rendered":"Amparo contra cancelaci\u00f3n del IMSS a bur\u00f3cratas, es temporal; asegura Gallardo"},"content":{"rendered":"<p style=\"text-align: justify;\">SLP.- Luego de que hiciera p\u00fablico en redes sociales una segunda evaluaci\u00f3n de funcionarios del gabinete estatal el gobernador Ricardo Gallardo Cardona, afirm\u00f3 que \u00e9stas continuar\u00e1n al decir que antes solo se evaluaban dos dependencias, una de ellas, la secretar\u00eda general de gobierno.<\/p>\n<p style=\"text-align: justify;\">Al informar que este proceso lo realiza la secretar\u00eda t\u00e9cnica del gabinete el mandatario estatal dijo tambi\u00e9n que adem\u00e1s de transparentar la funci\u00f3n p\u00fablica, estas calificaciones tienen dos prop\u00f3sitos.<\/p>\n<p style=\"text-align: justify;\">Cabe se\u00f1alar que en esta segunda evaluaci\u00f3n se advierte que la secretar\u00eda de Ecolog\u00eda y Gesti\u00f3n Ambiental nuevamente obtuvo calificaciones bajas aunque en la anterior, sali\u00f3 reprobada.<\/p>\n<p style=\"text-align: justify;\">Asimismo, de 42 dependencias estatales evaluadas 23 de ellas aparecen en sem\u00e1foro amarillo, es decir, con rendimiento medio en tanto que en sem\u00e1foro naranja \u00f3 rendimiento bajo fueron cuatro: direcci\u00f3n de Pensiones, Consejo de Patrimonios y \u00c1reas del Centro Hist\u00f3rico, Promotora del Estado y la SEGAM.<\/p>\n<p style=\"text-align: justify;\">En otro tema Gallardo Cardona habl\u00f3 de la inconformidad de los integrantes del Sindicato \u00danico de Trabajadores al Servicio del Gobierno del Estado \u00f3 sindicato mayoritario, quienes lograron un amparo para que no se les cancele el servicio m\u00e9dico del IMSS.<\/p>\n<p style=\"text-align: justify;\">Al respecto, el mandatario estatal afirm\u00f3 que este amparo es temporal y en cuanto a la intenci\u00f3n de los trabajadores de pelear tambi\u00e9n el servicio m\u00e9dico particular, as\u00ed calific\u00f3 Gallardo Cardona la advertencia de los trabajadores bur\u00f3cratas.<\/p>\n<p style=\"text-align: justify;\">Por \u00faltimo, el gobernador del estado toc\u00f3 el tema del aeropuerto de Tamu\u00edn al informar que siguen las negociaciones con el due\u00f1o de los terrenos aleda\u00f1os para su ampliaci\u00f3n.<\/p>\n<p style=\"text-align: justify;\">Sin embargo, afirm\u00f3 que de no llegarse a un acuerdo su administraci\u00f3n podr\u00eda hacer uso de la facultad de expropiarlos por causa de utilidad p\u00fablica, como lo prev\u00e9 la ley.<\/p>\n<p style=\"text-align: justify;\">\nPor: Claudio Ibarra<\/p>\n","protected":false},"excerpt":{"rendered":"<p>SLP.- Luego de que hiciera p\u00fablico en redes sociales una segunda evaluaci\u00f3n de funcionarios del gabinete estatal el gobernador Ricardo Gallardo Cardona, afirm\u00f3 que \u00e9stas continuar\u00e1n al decir que antes solo se evaluaban dos dependencias, una de ellas, la secretar\u00eda general de gobierno. Al informar que este proceso lo realiza la secretar\u00eda t\u00e9cnica del gabinete el mandatario estatal dijo tambi\u00e9n que adem\u00e1s de transparentar la funci\u00f3n p\u00fablica, estas calificaciones tienen dos prop\u00f3sitos. Cabe se\u00f1alar que en esta segunda evaluaci\u00f3n se advierte que la secretar\u00eda de Ecolog\u00eda y Gesti\u00f3n Ambiental nuevamente obtuvo calificaciones bajas aunque en la anterior, sali\u00f3 reprobada. Asimismo, [&hellip;]<\/p>\n","protected":false},"author":2,"featured_media":88192,"comment_status":"closed","ping_status":"closed","sticky":false,"template":"","format":"video","meta":{"footnotes":""},"categories":[5,45],"tags":[],"class_list":["post-88191","post","type-post","status-publish","format-video","has-post-thumbnail","hentry","category-destacadas","category-localesyregionales","post_format-post-format-video","post--single"],"yoast_head":"<!-- This site is optimized with the Yoast SEO plugin v27.5 - https:\/\/yoast.com\/product\/yoast-seo-wordpress\/ -->\n<title>Amparo contra cancelaci\u00f3n del IMSS a bur\u00f3cratas, es temporal; asegura Gallardo - Canal 7 SLP - 2023<\/title>\n<meta name=\"robots\" content=\"index, follow, max-snippet:-1, max-image-preview:large, max-video-preview:-1\" \/>\n<link rel=\"canonical\" href=\"https:\/\/canal7slp.tv\/2023\/amparo-contra-cancelacion-del-imss-a-burocratas-es-temporal-asegura-gallardo\/\" \/>\n<meta property=\"og:locale\" content=\"es_ES\" \/>\n<meta property=\"og:type\" content=\"article\" \/>\n<meta property=\"og:title\" content=\"Amparo contra cancelaci\u00f3n del IMSS a bur\u00f3cratas, es temporal; asegura Gallardo - Canal 7 SLP - 2023\" \/>\n<meta property=\"og:description\" content=\"SLP.- Luego de que hiciera p\u00fablico en redes sociales una segunda evaluaci\u00f3n de funcionarios del gabinete estatal el gobernador Ricardo Gallardo Cardona, afirm\u00f3 que \u00e9stas continuar\u00e1n al decir que antes solo se evaluaban dos dependencias, una de ellas, la secretar\u00eda general de gobierno. Al informar que este proceso lo realiza la secretar\u00eda t\u00e9cnica del gabinete el mandatario estatal dijo tambi\u00e9n que adem\u00e1s de transparentar la funci\u00f3n p\u00fablica, estas calificaciones tienen dos prop\u00f3sitos. Cabe se\u00f1alar que en esta segunda evaluaci\u00f3n se advierte que la secretar\u00eda de Ecolog\u00eda y Gesti\u00f3n Ambiental nuevamente obtuvo calificaciones bajas aunque en la anterior, sali\u00f3 reprobada. Asimismo, [&hellip;]\" \/>\n<meta property=\"og:url\" content=\"https:\/\/canal7slp.tv\/2023\/amparo-contra-cancelacion-del-imss-a-burocratas-es-temporal-asegura-gallardo\/\" \/>\n<meta property=\"og:site_name\" content=\"Canal 7 SLP - 2023\" \/>\n<meta property=\"article:publisher\" content=\"https:\/\/www.facebook.com\/noticieroscanalsiete\" \/>\n<meta property=\"article:published_time\" content=\"2023-02-24T23:57:09+00:00\" \/>\n<meta property=\"og:image\" content=\"https:\/\/canal7slp.tv\/2023\/wp-content\/uploads\/2023\/02\/Claudio02Cinicos.jpg\" \/>\n\t<meta property=\"og:image:width\" content=\"888\" \/>\n\t<meta property=\"og:image:height\" content=\"500\" \/>\n\t<meta property=\"og:image:type\" content=\"image\/jpeg\" \/>\n<meta name=\"author\" content=\"Edici\u00f3n Web\" \/>\n<meta name=\"twitter:card\" content=\"summary_large_image\" \/>\n<meta name=\"twitter:creator\" content=\"@NOTICIEROS7\" \/>\n<meta name=\"twitter:site\" content=\"@NOTICIEROS7\" \/>\n<meta name=\"twitter:label1\" content=\"Escrito por\" \/>\n\t<meta name=\"twitter:data1\" content=\"Edici\u00f3n Web\" \/>\n\t<meta name=\"twitter:label2\" content=\"Tiempo de lectura\" \/>\n\t<meta name=\"twitter:data2\" content=\"2 minutos\" \/>\n<script type=\"application\/ld+json\" class=\"yoast-schema-graph\">{\"@context\":\"https:\\\/\\\/schema.org\",\"@graph\":[{\"@type\":\"Article\",\"@id\":\"https:\\\/\\\/canal7slp.tv\\\/2023\\\/amparo-contra-cancelacion-del-imss-a-burocratas-es-temporal-asegura-gallardo\\\/#article\",\"isPartOf\":{\"@id\":\"https:\\\/\\\/canal7slp.tv\\\/2023\\\/amparo-contra-cancelacion-del-imss-a-burocratas-es-temporal-asegura-gallardo\\\/\"},\"author\":{\"name\":\"Edici\u00f3n Web\",\"@id\":\"https:\\\/\\\/canal7slp.tv\\\/2023\\\/#\\\/schema\\\/person\\\/639c424e3584069003b11ae813915da6\"},\"headline\":\"Amparo contra cancelaci\u00f3n del IMSS a bur\u00f3cratas, es temporal; asegura Gallardo\",\"datePublished\":\"2023-02-24T23:57:09+00:00\",\"mainEntityOfPage\":{\"@id\":\"https:\\\/\\\/canal7slp.tv\\\/2023\\\/amparo-contra-cancelacion-del-imss-a-burocratas-es-temporal-asegura-gallardo\\\/\"},\"wordCount\":327,\"publisher\":{\"@id\":\"https:\\\/\\\/canal7slp.tv\\\/2023\\\/#organization\"},\"image\":{\"@id\":\"https:\\\/\\\/canal7slp.tv\\\/2023\\\/amparo-contra-cancelacion-del-imss-a-burocratas-es-temporal-asegura-gallardo\\\/#primaryimage\"},\"thumbnailUrl\":\"https:\\\/\\\/canal7slp.tv\\\/2023\\\/wp-content\\\/uploads\\\/2023\\\/02\\\/Claudio02Cinicos.jpg\",\"articleSection\":[\"DESTACADAS\",\"LOCALES Y REGIONALES\"],\"inLanguage\":\"es\"},{\"@type\":\"WebPage\",\"@id\":\"https:\\\/\\\/canal7slp.tv\\\/2023\\\/amparo-contra-cancelacion-del-imss-a-burocratas-es-temporal-asegura-gallardo\\\/\",\"url\":\"https:\\\/\\\/canal7slp.tv\\\/2023\\\/amparo-contra-cancelacion-del-imss-a-burocratas-es-temporal-asegura-gallardo\\\/\",\"name\":\"Amparo contra cancelaci\u00f3n del IMSS a bur\u00f3cratas, es temporal; asegura Gallardo - Canal 7 SLP - 2023\",\"isPartOf\":{\"@id\":\"https:\\\/\\\/canal7slp.tv\\\/2023\\\/#website\"},\"primaryImageOfPage\":{\"@id\":\"https:\\\/\\\/canal7slp.tv\\\/2023\\\/amparo-contra-cancelacion-del-imss-a-burocratas-es-temporal-asegura-gallardo\\\/#primaryimage\"},\"image\":{\"@id\":\"https:\\\/\\\/canal7slp.tv\\\/2023\\\/amparo-contra-cancelacion-del-imss-a-burocratas-es-temporal-asegura-gallardo\\\/#primaryimage\"},\"thumbnailUrl\":\"https:\\\/\\\/canal7slp.tv\\\/2023\\\/wp-content\\\/uploads\\\/2023\\\/02\\\/Claudio02Cinicos.jpg\",\"datePublished\":\"2023-02-24T23:57:09+00:00\",\"breadcrumb\":{\"@id\":\"https:\\\/\\\/canal7slp.tv\\\/2023\\\/amparo-contra-cancelacion-del-imss-a-burocratas-es-temporal-asegura-gallardo\\\/#breadcrumb\"},\"inLanguage\":\"es\",\"potentialAction\":[{\"@type\":\"ReadAction\",\"target\":[\"https:\\\/\\\/canal7slp.tv\\\/2023\\\/amparo-contra-cancelacion-del-imss-a-burocratas-es-temporal-asegura-gallardo\\\/\"]}]},{\"@type\":\"ImageObject\",\"inLanguage\":\"es\",\"@id\":\"https:\\\/\\\/canal7slp.tv\\\/2023\\\/amparo-contra-cancelacion-del-imss-a-burocratas-es-temporal-asegura-gallardo\\\/#primaryimage\",\"url\":\"https:\\\/\\\/canal7slp.tv\\\/2023\\\/wp-content\\\/uploads\\\/2023\\\/02\\\/Claudio02Cinicos.jpg\",\"contentUrl\":\"https:\\\/\\\/canal7slp.tv\\\/2023\\\/wp-content\\\/uploads\\\/2023\\\/02\\\/Claudio02Cinicos.jpg\",\"width\":888,\"height\":500},{\"@type\":\"BreadcrumbList\",\"@id\":\"https:\\\/\\\/canal7slp.tv\\\/2023\\\/amparo-contra-cancelacion-del-imss-a-burocratas-es-temporal-asegura-gallardo\\\/#breadcrumb\",\"itemListElement\":[{\"@type\":\"ListItem\",\"position\":1,\"name\":\"Portada\",\"item\":\"https:\\\/\\\/canal7slp.tv\\\/2023\\\/\"},{\"@type\":\"ListItem\",\"position\":2,\"name\":\"Amparo contra cancelaci\u00f3n del IMSS a bur\u00f3cratas, es temporal; asegura Gallardo\"}]},{\"@type\":\"WebSite\",\"@id\":\"https:\\\/\\\/canal7slp.tv\\\/2023\\\/#website\",\"url\":\"https:\\\/\\\/canal7slp.tv\\\/2023\\\/\",\"name\":\"N7 - Noticieros Canal 7\",\"description\":\"Somos Televisi\u00f3n\",\"publisher\":{\"@id\":\"https:\\\/\\\/canal7slp.tv\\\/2023\\\/#organization\"},\"potentialAction\":[{\"@type\":\"SearchAction\",\"target\":{\"@type\":\"EntryPoint\",\"urlTemplate\":\"https:\\\/\\\/canal7slp.tv\\\/2023\\\/?s={search_term_string}\"},\"query-input\":{\"@type\":\"PropertyValueSpecification\",\"valueRequired\":true,\"valueName\":\"search_term_string\"}}],\"inLanguage\":\"es\"},{\"@type\":\"Organization\",\"@id\":\"https:\\\/\\\/canal7slp.tv\\\/2023\\\/#organization\",\"name\":\"Noticieros Canal 7\",\"url\":\"https:\\\/\\\/canal7slp.tv\\\/2023\\\/\",\"logo\":{\"@type\":\"ImageObject\",\"inLanguage\":\"es\",\"@id\":\"https:\\\/\\\/canal7slp.tv\\\/2023\\\/#\\\/schema\\\/logo\\\/image\\\/\",\"url\":\"https:\\\/\\\/canal7slp.tv\\\/2023\\\/wp-content\\\/uploads\\\/2021\\\/01\\\/logo-noticieros@2x.png\",\"contentUrl\":\"https:\\\/\\\/canal7slp.tv\\\/2023\\\/wp-content\\\/uploads\\\/2021\\\/01\\\/logo-noticieros@2x.png\",\"width\":1017,\"height\":268,\"caption\":\"Noticieros Canal 7\"},\"image\":{\"@id\":\"https:\\\/\\\/canal7slp.tv\\\/2023\\\/#\\\/schema\\\/logo\\\/image\\\/\"},\"sameAs\":[\"https:\\\/\\\/www.facebook.com\\\/noticieroscanalsiete\",\"https:\\\/\\\/x.com\\\/NOTICIEROS7\",\"https:\\\/\\\/www.instagram.com\\\/canal7_slp\",\"https:\\\/\\\/www.youtube.com\\\/channel\\\/UCliiYs-gP3JfJeqdPrNdd5A\"]},{\"@type\":\"Person\",\"@id\":\"https:\\\/\\\/canal7slp.tv\\\/2023\\\/#\\\/schema\\\/person\\\/639c424e3584069003b11ae813915da6\",\"name\":\"Edici\u00f3n Web\",\"image\":{\"@type\":\"ImageObject\",\"inLanguage\":\"es\",\"@id\":\"https:\\\/\\\/secure.gravatar.com\\\/avatar\\\/eee448fc3f7164808013b816ba91ac7e43bbe82a70bebac296f8bc6f0addaa1a?s=96&d=mm&r=g\",\"url\":\"https:\\\/\\\/secure.gravatar.com\\\/avatar\\\/eee448fc3f7164808013b816ba91ac7e43bbe82a70bebac296f8bc6f0addaa1a?s=96&d=mm&r=g\",\"contentUrl\":\"https:\\\/\\\/secure.gravatar.com\\\/avatar\\\/eee448fc3f7164808013b816ba91ac7e43bbe82a70bebac296f8bc6f0addaa1a?s=96&d=mm&r=g\",\"caption\":\"Edici\u00f3n Web\"},\"url\":\"https:\\\/\\\/canal7slp.tv\\\/2023\\\/author\\\/edicionweb\\\/\"}]}<\/script>\n<!-- \/ Yoast SEO plugin. -->","yoast_head_json":{"title":"Amparo contra cancelaci\u00f3n del IMSS a bur\u00f3cratas, es temporal; asegura Gallardo - Canal 7 SLP - 2023","robots":{"index":"index","follow":"follow","max-snippet":"max-snippet:-1","max-image-preview":"max-image-preview:large","max-video-preview":"max-video-preview:-1"},"canonical":"https:\/\/canal7slp.tv\/2023\/amparo-contra-cancelacion-del-imss-a-burocratas-es-temporal-asegura-gallardo\/","og_locale":"es_ES","og_type":"article","og_title":"Amparo contra cancelaci\u00f3n del IMSS a bur\u00f3cratas, es temporal; asegura Gallardo - Canal 7 SLP - 2023","og_description":"SLP.- Luego de que hiciera p\u00fablico en redes sociales una segunda evaluaci\u00f3n de funcionarios del gabinete estatal el gobernador Ricardo Gallardo Cardona, afirm\u00f3 que \u00e9stas continuar\u00e1n al decir que antes solo se evaluaban dos dependencias, una de ellas, la secretar\u00eda general de gobierno. Al informar que este proceso lo realiza la secretar\u00eda t\u00e9cnica del gabinete el mandatario estatal dijo tambi\u00e9n que adem\u00e1s de transparentar la funci\u00f3n p\u00fablica, estas calificaciones tienen dos prop\u00f3sitos. Cabe se\u00f1alar que en esta segunda evaluaci\u00f3n se advierte que la secretar\u00eda de Ecolog\u00eda y Gesti\u00f3n Ambiental nuevamente obtuvo calificaciones bajas aunque en la anterior, sali\u00f3 reprobada. Asimismo, [&hellip;]","og_url":"https:\/\/canal7slp.tv\/2023\/amparo-contra-cancelacion-del-imss-a-burocratas-es-temporal-asegura-gallardo\/","og_site_name":"Canal 7 SLP - 2023","article_publisher":"https:\/\/www.facebook.com\/noticieroscanalsiete","article_published_time":"2023-02-24T23:57:09+00:00","og_image":[{"width":888,"height":500,"url":"https:\/\/canal7slp.tv\/2023\/wp-content\/uploads\/2023\/02\/Claudio02Cinicos.jpg","type":"image\/jpeg"}],"author":"Edici\u00f3n Web","twitter_card":"summary_large_image","twitter_creator":"@NOTICIEROS7","twitter_site":"@NOTICIEROS7","twitter_misc":{"Escrito por":"Edici\u00f3n Web","Tiempo de lectura":"2 minutos"},"schema":{"@context":"https:\/\/schema.org","@graph":[{"@type":"Article","@id":"https:\/\/canal7slp.tv\/2023\/amparo-contra-cancelacion-del-imss-a-burocratas-es-temporal-asegura-gallardo\/#article","isPartOf":{"@id":"https:\/\/canal7slp.tv\/2023\/amparo-contra-cancelacion-del-imss-a-burocratas-es-temporal-asegura-gallardo\/"},"author":{"name":"Edici\u00f3n Web","@id":"https:\/\/canal7slp.tv\/2023\/#\/schema\/person\/639c424e3584069003b11ae813915da6"},"headline":"Amparo contra cancelaci\u00f3n del IMSS a bur\u00f3cratas, es temporal; asegura Gallardo","datePublished":"2023-02-24T23:57:09+00:00","mainEntityOfPage":{"@id":"https:\/\/canal7slp.tv\/2023\/amparo-contra-cancelacion-del-imss-a-burocratas-es-temporal-asegura-gallardo\/"},"wordCount":327,"publisher":{"@id":"https:\/\/canal7slp.tv\/2023\/#organization"},"image":{"@id":"https:\/\/canal7slp.tv\/2023\/amparo-contra-cancelacion-del-imss-a-burocratas-es-temporal-asegura-gallardo\/#primaryimage"},"thumbnailUrl":"https:\/\/canal7slp.tv\/2023\/wp-content\/uploads\/2023\/02\/Claudio02Cinicos.jpg","articleSection":["DESTACADAS","LOCALES Y REGIONALES"],"inLanguage":"es"},{"@type":"WebPage","@id":"https:\/\/canal7slp.tv\/2023\/amparo-contra-cancelacion-del-imss-a-burocratas-es-temporal-asegura-gallardo\/","url":"https:\/\/canal7slp.tv\/2023\/amparo-contra-cancelacion-del-imss-a-burocratas-es-temporal-asegura-gallardo\/","name":"Amparo contra cancelaci\u00f3n del IMSS a bur\u00f3cratas, es temporal; asegura Gallardo - Canal 7 SLP - 2023","isPartOf":{"@id":"https:\/\/canal7slp.tv\/2023\/#website"},"primaryImageOfPage":{"@id":"https:\/\/canal7slp.tv\/2023\/amparo-contra-cancelacion-del-imss-a-burocratas-es-temporal-asegura-gallardo\/#primaryimage"},"image":{"@id":"https:\/\/canal7slp.tv\/2023\/amparo-contra-cancelacion-del-imss-a-burocratas-es-temporal-asegura-gallardo\/#primaryimage"},"thumbnailUrl":"https:\/\/canal7slp.tv\/2023\/wp-content\/uploads\/2023\/02\/Claudio02Cinicos.jpg","datePublished":"2023-02-24T23:57:09+00:00","breadcrumb":{"@id":"https:\/\/canal7slp.tv\/2023\/amparo-contra-cancelacion-del-imss-a-burocratas-es-temporal-asegura-gallardo\/#breadcrumb"},"inLanguage":"es","potentialAction":[{"@type":"ReadAction","target":["https:\/\/canal7slp.tv\/2023\/amparo-contra-cancelacion-del-imss-a-burocratas-es-temporal-asegura-gallardo\/"]}]},{"@type":"ImageObject","inLanguage":"es","@id":"https:\/\/canal7slp.tv\/2023\/amparo-contra-cancelacion-del-imss-a-burocratas-es-temporal-asegura-gallardo\/#primaryimage","url":"https:\/\/canal7slp.tv\/2023\/wp-content\/uploads\/2023\/02\/Claudio02Cinicos.jpg","contentUrl":"https:\/\/canal7slp.tv\/2023\/wp-content\/uploads\/2023\/02\/Claudio02Cinicos.jpg","width":888,"height":500},{"@type":"BreadcrumbList","@id":"https:\/\/canal7slp.tv\/2023\/amparo-contra-cancelacion-del-imss-a-burocratas-es-temporal-asegura-gallardo\/#breadcrumb","itemListElement":[{"@type":"ListItem","position":1,"name":"Portada","item":"https:\/\/canal7slp.tv\/2023\/"},{"@type":"ListItem","position":2,"name":"Amparo contra cancelaci\u00f3n del IMSS a bur\u00f3cratas, es temporal; asegura Gallardo"}]},{"@type":"WebSite","@id":"https:\/\/canal7slp.tv\/2023\/#website","url":"https:\/\/canal7slp.tv\/2023\/","name":"N7 - Noticieros Canal 7","description":"Somos Televisi\u00f3n","publisher":{"@id":"https:\/\/canal7slp.tv\/2023\/#organization"},"potentialAction":[{"@type":"SearchAction","target":{"@type":"EntryPoint","urlTemplate":"https:\/\/canal7slp.tv\/2023\/?s={search_term_string}"},"query-input":{"@type":"PropertyValueSpecification","valueRequired":true,"valueName":"search_term_string"}}],"inLanguage":"es"},{"@type":"Organization","@id":"https:\/\/canal7slp.tv\/2023\/#organization","name":"Noticieros Canal 7","url":"https:\/\/canal7slp.tv\/2023\/","logo":{"@type":"ImageObject","inLanguage":"es","@id":"https:\/\/canal7slp.tv\/2023\/#\/schema\/logo\/image\/","url":"https:\/\/canal7slp.tv\/2023\/wp-content\/uploads\/2021\/01\/logo-noticieros@2x.png","contentUrl":"https:\/\/canal7slp.tv\/2023\/wp-content\/uploads\/2021\/01\/logo-noticieros@2x.png","width":1017,"height":268,"caption":"Noticieros Canal 7"},"image":{"@id":"https:\/\/canal7slp.tv\/2023\/#\/schema\/logo\/image\/"},"sameAs":["https:\/\/www.facebook.com\/noticieroscanalsiete","https:\/\/x.com\/NOTICIEROS7","https:\/\/www.instagram.com\/canal7_slp","https:\/\/www.youtube.com\/channel\/UCliiYs-gP3JfJeqdPrNdd5A"]},{"@type":"Person","@id":"https:\/\/canal7slp.tv\/2023\/#\/schema\/person\/639c424e3584069003b11ae813915da6","name":"Edici\u00f3n Web","image":{"@type":"ImageObject","inLanguage":"es","@id":"https:\/\/secure.gravatar.com\/avatar\/eee448fc3f7164808013b816ba91ac7e43bbe82a70bebac296f8bc6f0addaa1a?s=96&d=mm&r=g","url":"https:\/\/secure.gravatar.com\/avatar\/eee448fc3f7164808013b816ba91ac7e43bbe82a70bebac296f8bc6f0addaa1a?s=96&d=mm&r=g","contentUrl":"https:\/\/secure.gravatar.com\/avatar\/eee448fc3f7164808013b816ba91ac7e43bbe82a70bebac296f8bc6f0addaa1a?s=96&d=mm&r=g","caption":"Edici\u00f3n Web"},"url":"https:\/\/canal7slp.tv\/2023\/author\/edicionweb\/"}]}},"_links":{"self":[{"href":"https:\/\/canal7slp.tv\/2023\/wp-json\/wp\/v2\/posts\/88191","targetHints":{"allow":["GET"]}}],"collection":[{"href":"https:\/\/canal7slp.tv\/2023\/wp-json\/wp\/v2\/posts"}],"about":[{"href":"https:\/\/canal7slp.tv\/2023\/wp-json\/wp\/v2\/types\/post"}],"author":[{"embeddable":true,"href":"https:\/\/canal7slp.tv\/2023\/wp-json\/wp\/v2\/users\/2"}],"replies":[{"embeddable":true,"href":"https:\/\/canal7slp.tv\/2023\/wp-json\/wp\/v2\/comments?post=88191"}],"version-history":[{"count":1,"href":"https:\/\/canal7slp.tv\/2023\/wp-json\/wp\/v2\/posts\/88191\/revisions"}],"predecessor-version":[{"id":88193,"href":"https:\/\/canal7slp.tv\/2023\/wp-json\/wp\/v2\/posts\/88191\/revisions\/88193"}],"wp:featuredmedia":[{"embeddable":true,"href":"https:\/\/canal7slp.tv\/2023\/wp-json\/wp\/v2\/media\/88192"}],"wp:attachment":[{"href":"https:\/\/canal7slp.tv\/2023\/wp-json\/wp\/v2\/media?parent=88191"}],"wp:term":[{"taxonomy":"category","embeddable":true,"href":"https:\/\/canal7slp.tv\/2023\/wp-json\/wp\/v2\/categories?post=88191"},{"taxonomy":"post_tag","embeddable":true,"href":"https:\/\/canal7slp.tv\/2023\/wp-json\/wp\/v2\/tags?post=88191"}],"curies":[{"name":"wp","href":"https:\/\/api.w.org\/{rel}","templated":true}]}}