{"id":88186,"date":"2023-02-24T17:50:57","date_gmt":"2023-02-24T23:50:57","guid":{"rendered":"https:\/\/canal7slp.tv\/2023\/?p=88186"},"modified":"2023-02-24T17:50:57","modified_gmt":"2023-02-24T23:50:57","slug":"cientos-de-estudiantes-de-tercer-grado-de-primaria-hicieron-juramento-al-labaro-patrio","status":"publish","type":"post","link":"https:\/\/canal7slp.tv\/2023\/cientos-de-estudiantes-de-tercer-grado-de-primaria-hicieron-juramento-al-labaro-patrio\/","title":{"rendered":"Cientos de estudiantes de tercer grado de primaria hicieron juramento al l\u00e1baro patrio"},"content":{"rendered":"<ul>\n<li style=\"text-align: justify;\">En Plaza Fundadores fue efectuado el compromiso simb\u00f3lico con la patria<\/li>\n<\/ul>\n<p style=\"text-align: justify;\">SLP.- Este viernes 24 de Febrero D\u00eda de la Bandera cientos de ni\u00f1os del tercer grado de primaria realizaron el juramento al l\u00e1baro patrio en un acto c\u00edvico realizado en la Plaza de los Fundadores.<\/p>\n<p style=\"text-align: justify;\">En este acto c\u00edvico se entregaron tambi\u00e9n de manera simb\u00f3lica los nuevos l\u00e1baros para planteles del sistema educativo estatal siendo recibidas de manera simb\u00f3lica por dos instituciones representativas.<\/p>\n<p style=\"text-align: justify;\">En su mensaje, el gobernador del estado afirm\u00f3 que la Bandera Nacional es el m\u00e1s grande emblema de los mexicanos por la que se luch\u00f3 en la Guerra de Independencia y en la Revoluci\u00f3n Mexicana.<\/p>\n<p style=\"text-align: justify;\">Dijo tambi\u00e9n que el l\u00e1baro patrio debe verse como un s\u00edmbolo de protecci\u00f3n pero tambi\u00e9n como un s\u00edmbolo de paz, amor y generosidad.<\/p>\n<p style=\"text-align: justify;\">Por: Claudio Ibarra<\/p>\n","protected":false},"excerpt":{"rendered":"<p>En Plaza Fundadores fue efectuado el compromiso simb\u00f3lico con la patria SLP.- Este viernes 24 de Febrero D\u00eda de la Bandera cientos de ni\u00f1os del tercer grado de primaria realizaron el juramento al l\u00e1baro patrio en un acto c\u00edvico realizado en la Plaza de los Fundadores. En este acto c\u00edvico se entregaron tambi\u00e9n de manera simb\u00f3lica los nuevos l\u00e1baros para planteles del sistema educativo estatal siendo recibidas de manera simb\u00f3lica por dos instituciones representativas. En su mensaje, el gobernador del estado afirm\u00f3 que la Bandera Nacional es el m\u00e1s grande emblema de los mexicanos por la que se luch\u00f3 en [&hellip;]<\/p>\n","protected":false},"author":2,"featured_media":88188,"comment_status":"closed","ping_status":"closed","sticky":false,"template":"","format":"video","meta":{"footnotes":""},"categories":[5,45],"tags":[],"class_list":["post-88186","post","type-post","status-publish","format-video","has-post-thumbnail","hentry","category-destacadas","category-localesyregionales","post_format-post-format-video","post--single"],"yoast_head":"<!-- This site is optimized with the Yoast SEO plugin v27.5 - https:\/\/yoast.com\/product\/yoast-seo-wordpress\/ -->\n<title>Cientos de estudiantes de tercer grado de primaria hicieron juramento al l\u00e1baro patrio - Canal 7 SLP - 2023<\/title>\n<meta name=\"robots\" content=\"index, follow, max-snippet:-1, max-image-preview:large, max-video-preview:-1\" \/>\n<link rel=\"canonical\" href=\"https:\/\/canal7slp.tv\/2023\/cientos-de-estudiantes-de-tercer-grado-de-primaria-hicieron-juramento-al-labaro-patrio\/\" \/>\n<meta property=\"og:locale\" content=\"es_ES\" \/>\n<meta property=\"og:type\" content=\"article\" \/>\n<meta property=\"og:title\" content=\"Cientos de estudiantes de tercer grado de primaria hicieron juramento al l\u00e1baro patrio - Canal 7 SLP - 2023\" \/>\n<meta property=\"og:description\" content=\"En Plaza Fundadores fue efectuado el compromiso simb\u00f3lico con la patria SLP.- Este viernes 24 de Febrero D\u00eda de la Bandera cientos de ni\u00f1os del tercer grado de primaria realizaron el juramento al l\u00e1baro patrio en un acto c\u00edvico realizado en la Plaza de los Fundadores. En este acto c\u00edvico se entregaron tambi\u00e9n de manera simb\u00f3lica los nuevos l\u00e1baros para planteles del sistema educativo estatal siendo recibidas de manera simb\u00f3lica por dos instituciones representativas. En su mensaje, el gobernador del estado afirm\u00f3 que la Bandera Nacional es el m\u00e1s grande emblema de los mexicanos por la que se luch\u00f3 en [&hellip;]\" \/>\n<meta property=\"og:url\" content=\"https:\/\/canal7slp.tv\/2023\/cientos-de-estudiantes-de-tercer-grado-de-primaria-hicieron-juramento-al-labaro-patrio\/\" \/>\n<meta property=\"og:site_name\" content=\"Canal 7 SLP - 2023\" \/>\n<meta property=\"article:publisher\" content=\"https:\/\/www.facebook.com\/noticieroscanalsiete\" \/>\n<meta property=\"article:published_time\" content=\"2023-02-24T23:50:57+00:00\" \/>\n<meta property=\"og:image\" content=\"https:\/\/canal7slp.tv\/2023\/wp-content\/uploads\/2023\/02\/Claudio01Bandera.jpg\" \/>\n\t<meta property=\"og:image:width\" content=\"888\" \/>\n\t<meta property=\"og:image:height\" content=\"500\" \/>\n\t<meta property=\"og:image:type\" content=\"image\/jpeg\" \/>\n<meta name=\"author\" content=\"Edici\u00f3n Web\" \/>\n<meta name=\"twitter:card\" content=\"summary_large_image\" \/>\n<meta name=\"twitter:creator\" content=\"@NOTICIEROS7\" \/>\n<meta name=\"twitter:site\" content=\"@NOTICIEROS7\" \/>\n<meta name=\"twitter:label1\" content=\"Escrito por\" \/>\n\t<meta name=\"twitter:data1\" content=\"Edici\u00f3n Web\" \/>\n\t<meta name=\"twitter:label2\" content=\"Tiempo de lectura\" \/>\n\t<meta name=\"twitter:data2\" content=\"1 minuto\" \/>\n<script type=\"application\/ld+json\" class=\"yoast-schema-graph\">{\"@context\":\"https:\\\/\\\/schema.org\",\"@graph\":[{\"@type\":\"Article\",\"@id\":\"https:\\\/\\\/canal7slp.tv\\\/2023\\\/cientos-de-estudiantes-de-tercer-grado-de-primaria-hicieron-juramento-al-labaro-patrio\\\/#article\",\"isPartOf\":{\"@id\":\"https:\\\/\\\/canal7slp.tv\\\/2023\\\/cientos-de-estudiantes-de-tercer-grado-de-primaria-hicieron-juramento-al-labaro-patrio\\\/\"},\"author\":{\"name\":\"Edici\u00f3n Web\",\"@id\":\"https:\\\/\\\/canal7slp.tv\\\/2023\\\/#\\\/schema\\\/person\\\/639c424e3584069003b11ae813915da6\"},\"headline\":\"Cientos de estudiantes de tercer grado de primaria hicieron juramento al l\u00e1baro patrio\",\"datePublished\":\"2023-02-24T23:50:57+00:00\",\"mainEntityOfPage\":{\"@id\":\"https:\\\/\\\/canal7slp.tv\\\/2023\\\/cientos-de-estudiantes-de-tercer-grado-de-primaria-hicieron-juramento-al-labaro-patrio\\\/\"},\"wordCount\":167,\"publisher\":{\"@id\":\"https:\\\/\\\/canal7slp.tv\\\/2023\\\/#organization\"},\"image\":{\"@id\":\"https:\\\/\\\/canal7slp.tv\\\/2023\\\/cientos-de-estudiantes-de-tercer-grado-de-primaria-hicieron-juramento-al-labaro-patrio\\\/#primaryimage\"},\"thumbnailUrl\":\"https:\\\/\\\/canal7slp.tv\\\/2023\\\/wp-content\\\/uploads\\\/2023\\\/02\\\/Claudio01Bandera.jpg\",\"articleSection\":[\"DESTACADAS\",\"LOCALES Y REGIONALES\"],\"inLanguage\":\"es\"},{\"@type\":\"WebPage\",\"@id\":\"https:\\\/\\\/canal7slp.tv\\\/2023\\\/cientos-de-estudiantes-de-tercer-grado-de-primaria-hicieron-juramento-al-labaro-patrio\\\/\",\"url\":\"https:\\\/\\\/canal7slp.tv\\\/2023\\\/cientos-de-estudiantes-de-tercer-grado-de-primaria-hicieron-juramento-al-labaro-patrio\\\/\",\"name\":\"Cientos de estudiantes de tercer grado de primaria hicieron juramento al l\u00e1baro patrio - Canal 7 SLP - 2023\",\"isPartOf\":{\"@id\":\"https:\\\/\\\/canal7slp.tv\\\/2023\\\/#website\"},\"primaryImageOfPage\":{\"@id\":\"https:\\\/\\\/canal7slp.tv\\\/2023\\\/cientos-de-estudiantes-de-tercer-grado-de-primaria-hicieron-juramento-al-labaro-patrio\\\/#primaryimage\"},\"image\":{\"@id\":\"https:\\\/\\\/canal7slp.tv\\\/2023\\\/cientos-de-estudiantes-de-tercer-grado-de-primaria-hicieron-juramento-al-labaro-patrio\\\/#primaryimage\"},\"thumbnailUrl\":\"https:\\\/\\\/canal7slp.tv\\\/2023\\\/wp-content\\\/uploads\\\/2023\\\/02\\\/Claudio01Bandera.jpg\",\"datePublished\":\"2023-02-24T23:50:57+00:00\",\"breadcrumb\":{\"@id\":\"https:\\\/\\\/canal7slp.tv\\\/2023\\\/cientos-de-estudiantes-de-tercer-grado-de-primaria-hicieron-juramento-al-labaro-patrio\\\/#breadcrumb\"},\"inLanguage\":\"es\",\"potentialAction\":[{\"@type\":\"ReadAction\",\"target\":[\"https:\\\/\\\/canal7slp.tv\\\/2023\\\/cientos-de-estudiantes-de-tercer-grado-de-primaria-hicieron-juramento-al-labaro-patrio\\\/\"]}]},{\"@type\":\"ImageObject\",\"inLanguage\":\"es\",\"@id\":\"https:\\\/\\\/canal7slp.tv\\\/2023\\\/cientos-de-estudiantes-de-tercer-grado-de-primaria-hicieron-juramento-al-labaro-patrio\\\/#primaryimage\",\"url\":\"https:\\\/\\\/canal7slp.tv\\\/2023\\\/wp-content\\\/uploads\\\/2023\\\/02\\\/Claudio01Bandera.jpg\",\"contentUrl\":\"https:\\\/\\\/canal7slp.tv\\\/2023\\\/wp-content\\\/uploads\\\/2023\\\/02\\\/Claudio01Bandera.jpg\",\"width\":888,\"height\":500},{\"@type\":\"BreadcrumbList\",\"@id\":\"https:\\\/\\\/canal7slp.tv\\\/2023\\\/cientos-de-estudiantes-de-tercer-grado-de-primaria-hicieron-juramento-al-labaro-patrio\\\/#breadcrumb\",\"itemListElement\":[{\"@type\":\"ListItem\",\"position\":1,\"name\":\"Portada\",\"item\":\"https:\\\/\\\/canal7slp.tv\\\/2023\\\/\"},{\"@type\":\"ListItem\",\"position\":2,\"name\":\"Cientos de estudiantes de tercer grado de primaria hicieron juramento al l\u00e1baro patrio\"}]},{\"@type\":\"WebSite\",\"@id\":\"https:\\\/\\\/canal7slp.tv\\\/2023\\\/#website\",\"url\":\"https:\\\/\\\/canal7slp.tv\\\/2023\\\/\",\"name\":\"N7 - Noticieros Canal 7\",\"description\":\"Somos Televisi\u00f3n\",\"publisher\":{\"@id\":\"https:\\\/\\\/canal7slp.tv\\\/2023\\\/#organization\"},\"potentialAction\":[{\"@type\":\"SearchAction\",\"target\":{\"@type\":\"EntryPoint\",\"urlTemplate\":\"https:\\\/\\\/canal7slp.tv\\\/2023\\\/?s={search_term_string}\"},\"query-input\":{\"@type\":\"PropertyValueSpecification\",\"valueRequired\":true,\"valueName\":\"search_term_string\"}}],\"inLanguage\":\"es\"},{\"@type\":\"Organization\",\"@id\":\"https:\\\/\\\/canal7slp.tv\\\/2023\\\/#organization\",\"name\":\"Noticieros Canal 7\",\"url\":\"https:\\\/\\\/canal7slp.tv\\\/2023\\\/\",\"logo\":{\"@type\":\"ImageObject\",\"inLanguage\":\"es\",\"@id\":\"https:\\\/\\\/canal7slp.tv\\\/2023\\\/#\\\/schema\\\/logo\\\/image\\\/\",\"url\":\"https:\\\/\\\/canal7slp.tv\\\/2023\\\/wp-content\\\/uploads\\\/2021\\\/01\\\/logo-noticieros@2x.png\",\"contentUrl\":\"https:\\\/\\\/canal7slp.tv\\\/2023\\\/wp-content\\\/uploads\\\/2021\\\/01\\\/logo-noticieros@2x.png\",\"width\":1017,\"height\":268,\"caption\":\"Noticieros Canal 7\"},\"image\":{\"@id\":\"https:\\\/\\\/canal7slp.tv\\\/2023\\\/#\\\/schema\\\/logo\\\/image\\\/\"},\"sameAs\":[\"https:\\\/\\\/www.facebook.com\\\/noticieroscanalsiete\",\"https:\\\/\\\/x.com\\\/NOTICIEROS7\",\"https:\\\/\\\/www.instagram.com\\\/canal7_slp\",\"https:\\\/\\\/www.youtube.com\\\/channel\\\/UCliiYs-gP3JfJeqdPrNdd5A\"]},{\"@type\":\"Person\",\"@id\":\"https:\\\/\\\/canal7slp.tv\\\/2023\\\/#\\\/schema\\\/person\\\/639c424e3584069003b11ae813915da6\",\"name\":\"Edici\u00f3n Web\",\"image\":{\"@type\":\"ImageObject\",\"inLanguage\":\"es\",\"@id\":\"https:\\\/\\\/secure.gravatar.com\\\/avatar\\\/eee448fc3f7164808013b816ba91ac7e43bbe82a70bebac296f8bc6f0addaa1a?s=96&d=mm&r=g\",\"url\":\"https:\\\/\\\/secure.gravatar.com\\\/avatar\\\/eee448fc3f7164808013b816ba91ac7e43bbe82a70bebac296f8bc6f0addaa1a?s=96&d=mm&r=g\",\"contentUrl\":\"https:\\\/\\\/secure.gravatar.com\\\/avatar\\\/eee448fc3f7164808013b816ba91ac7e43bbe82a70bebac296f8bc6f0addaa1a?s=96&d=mm&r=g\",\"caption\":\"Edici\u00f3n Web\"},\"url\":\"https:\\\/\\\/canal7slp.tv\\\/2023\\\/author\\\/edicionweb\\\/\"}]}<\/script>\n<!-- \/ Yoast SEO plugin. -->","yoast_head_json":{"title":"Cientos de estudiantes de tercer grado de primaria hicieron juramento al l\u00e1baro patrio - Canal 7 SLP - 2023","robots":{"index":"index","follow":"follow","max-snippet":"max-snippet:-1","max-image-preview":"max-image-preview:large","max-video-preview":"max-video-preview:-1"},"canonical":"https:\/\/canal7slp.tv\/2023\/cientos-de-estudiantes-de-tercer-grado-de-primaria-hicieron-juramento-al-labaro-patrio\/","og_locale":"es_ES","og_type":"article","og_title":"Cientos de estudiantes de tercer grado de primaria hicieron juramento al l\u00e1baro patrio - Canal 7 SLP - 2023","og_description":"En Plaza Fundadores fue efectuado el compromiso simb\u00f3lico con la patria SLP.- Este viernes 24 de Febrero D\u00eda de la Bandera cientos de ni\u00f1os del tercer grado de primaria realizaron el juramento al l\u00e1baro patrio en un acto c\u00edvico realizado en la Plaza de los Fundadores. En este acto c\u00edvico se entregaron tambi\u00e9n de manera simb\u00f3lica los nuevos l\u00e1baros para planteles del sistema educativo estatal siendo recibidas de manera simb\u00f3lica por dos instituciones representativas. En su mensaje, el gobernador del estado afirm\u00f3 que la Bandera Nacional es el m\u00e1s grande emblema de los mexicanos por la que se luch\u00f3 en [&hellip;]","og_url":"https:\/\/canal7slp.tv\/2023\/cientos-de-estudiantes-de-tercer-grado-de-primaria-hicieron-juramento-al-labaro-patrio\/","og_site_name":"Canal 7 SLP - 2023","article_publisher":"https:\/\/www.facebook.com\/noticieroscanalsiete","article_published_time":"2023-02-24T23:50:57+00:00","og_image":[{"width":888,"height":500,"url":"https:\/\/canal7slp.tv\/2023\/wp-content\/uploads\/2023\/02\/Claudio01Bandera.jpg","type":"image\/jpeg"}],"author":"Edici\u00f3n Web","twitter_card":"summary_large_image","twitter_creator":"@NOTICIEROS7","twitter_site":"@NOTICIEROS7","twitter_misc":{"Escrito por":"Edici\u00f3n Web","Tiempo de lectura":"1 minuto"},"schema":{"@context":"https:\/\/schema.org","@graph":[{"@type":"Article","@id":"https:\/\/canal7slp.tv\/2023\/cientos-de-estudiantes-de-tercer-grado-de-primaria-hicieron-juramento-al-labaro-patrio\/#article","isPartOf":{"@id":"https:\/\/canal7slp.tv\/2023\/cientos-de-estudiantes-de-tercer-grado-de-primaria-hicieron-juramento-al-labaro-patrio\/"},"author":{"name":"Edici\u00f3n Web","@id":"https:\/\/canal7slp.tv\/2023\/#\/schema\/person\/639c424e3584069003b11ae813915da6"},"headline":"Cientos de estudiantes de tercer grado de primaria hicieron juramento al l\u00e1baro patrio","datePublished":"2023-02-24T23:50:57+00:00","mainEntityOfPage":{"@id":"https:\/\/canal7slp.tv\/2023\/cientos-de-estudiantes-de-tercer-grado-de-primaria-hicieron-juramento-al-labaro-patrio\/"},"wordCount":167,"publisher":{"@id":"https:\/\/canal7slp.tv\/2023\/#organization"},"image":{"@id":"https:\/\/canal7slp.tv\/2023\/cientos-de-estudiantes-de-tercer-grado-de-primaria-hicieron-juramento-al-labaro-patrio\/#primaryimage"},"thumbnailUrl":"https:\/\/canal7slp.tv\/2023\/wp-content\/uploads\/2023\/02\/Claudio01Bandera.jpg","articleSection":["DESTACADAS","LOCALES Y REGIONALES"],"inLanguage":"es"},{"@type":"WebPage","@id":"https:\/\/canal7slp.tv\/2023\/cientos-de-estudiantes-de-tercer-grado-de-primaria-hicieron-juramento-al-labaro-patrio\/","url":"https:\/\/canal7slp.tv\/2023\/cientos-de-estudiantes-de-tercer-grado-de-primaria-hicieron-juramento-al-labaro-patrio\/","name":"Cientos de estudiantes de tercer grado de primaria hicieron juramento al l\u00e1baro patrio - Canal 7 SLP - 2023","isPartOf":{"@id":"https:\/\/canal7slp.tv\/2023\/#website"},"primaryImageOfPage":{"@id":"https:\/\/canal7slp.tv\/2023\/cientos-de-estudiantes-de-tercer-grado-de-primaria-hicieron-juramento-al-labaro-patrio\/#primaryimage"},"image":{"@id":"https:\/\/canal7slp.tv\/2023\/cientos-de-estudiantes-de-tercer-grado-de-primaria-hicieron-juramento-al-labaro-patrio\/#primaryimage"},"thumbnailUrl":"https:\/\/canal7slp.tv\/2023\/wp-content\/uploads\/2023\/02\/Claudio01Bandera.jpg","datePublished":"2023-02-24T23:50:57+00:00","breadcrumb":{"@id":"https:\/\/canal7slp.tv\/2023\/cientos-de-estudiantes-de-tercer-grado-de-primaria-hicieron-juramento-al-labaro-patrio\/#breadcrumb"},"inLanguage":"es","potentialAction":[{"@type":"ReadAction","target":["https:\/\/canal7slp.tv\/2023\/cientos-de-estudiantes-de-tercer-grado-de-primaria-hicieron-juramento-al-labaro-patrio\/"]}]},{"@type":"ImageObject","inLanguage":"es","@id":"https:\/\/canal7slp.tv\/2023\/cientos-de-estudiantes-de-tercer-grado-de-primaria-hicieron-juramento-al-labaro-patrio\/#primaryimage","url":"https:\/\/canal7slp.tv\/2023\/wp-content\/uploads\/2023\/02\/Claudio01Bandera.jpg","contentUrl":"https:\/\/canal7slp.tv\/2023\/wp-content\/uploads\/2023\/02\/Claudio01Bandera.jpg","width":888,"height":500},{"@type":"BreadcrumbList","@id":"https:\/\/canal7slp.tv\/2023\/cientos-de-estudiantes-de-tercer-grado-de-primaria-hicieron-juramento-al-labaro-patrio\/#breadcrumb","itemListElement":[{"@type":"ListItem","position":1,"name":"Portada","item":"https:\/\/canal7slp.tv\/2023\/"},{"@type":"ListItem","position":2,"name":"Cientos de estudiantes de tercer grado de primaria hicieron juramento al l\u00e1baro patrio"}]},{"@type":"WebSite","@id":"https:\/\/canal7slp.tv\/2023\/#website","url":"https:\/\/canal7slp.tv\/2023\/","name":"N7 - Noticieros Canal 7","description":"Somos Televisi\u00f3n","publisher":{"@id":"https:\/\/canal7slp.tv\/2023\/#organization"},"potentialAction":[{"@type":"SearchAction","target":{"@type":"EntryPoint","urlTemplate":"https:\/\/canal7slp.tv\/2023\/?s={search_term_string}"},"query-input":{"@type":"PropertyValueSpecification","valueRequired":true,"valueName":"search_term_string"}}],"inLanguage":"es"},{"@type":"Organization","@id":"https:\/\/canal7slp.tv\/2023\/#organization","name":"Noticieros Canal 7","url":"https:\/\/canal7slp.tv\/2023\/","logo":{"@type":"ImageObject","inLanguage":"es","@id":"https:\/\/canal7slp.tv\/2023\/#\/schema\/logo\/image\/","url":"https:\/\/canal7slp.tv\/2023\/wp-content\/uploads\/2021\/01\/logo-noticieros@2x.png","contentUrl":"https:\/\/canal7slp.tv\/2023\/wp-content\/uploads\/2021\/01\/logo-noticieros@2x.png","width":1017,"height":268,"caption":"Noticieros Canal 7"},"image":{"@id":"https:\/\/canal7slp.tv\/2023\/#\/schema\/logo\/image\/"},"sameAs":["https:\/\/www.facebook.com\/noticieroscanalsiete","https:\/\/x.com\/NOTICIEROS7","https:\/\/www.instagram.com\/canal7_slp","https:\/\/www.youtube.com\/channel\/UCliiYs-gP3JfJeqdPrNdd5A"]},{"@type":"Person","@id":"https:\/\/canal7slp.tv\/2023\/#\/schema\/person\/639c424e3584069003b11ae813915da6","name":"Edici\u00f3n Web","image":{"@type":"ImageObject","inLanguage":"es","@id":"https:\/\/secure.gravatar.com\/avatar\/eee448fc3f7164808013b816ba91ac7e43bbe82a70bebac296f8bc6f0addaa1a?s=96&d=mm&r=g","url":"https:\/\/secure.gravatar.com\/avatar\/eee448fc3f7164808013b816ba91ac7e43bbe82a70bebac296f8bc6f0addaa1a?s=96&d=mm&r=g","contentUrl":"https:\/\/secure.gravatar.com\/avatar\/eee448fc3f7164808013b816ba91ac7e43bbe82a70bebac296f8bc6f0addaa1a?s=96&d=mm&r=g","caption":"Edici\u00f3n Web"},"url":"https:\/\/canal7slp.tv\/2023\/author\/edicionweb\/"}]}},"_links":{"self":[{"href":"https:\/\/canal7slp.tv\/2023\/wp-json\/wp\/v2\/posts\/88186","targetHints":{"allow":["GET"]}}],"collection":[{"href":"https:\/\/canal7slp.tv\/2023\/wp-json\/wp\/v2\/posts"}],"about":[{"href":"https:\/\/canal7slp.tv\/2023\/wp-json\/wp\/v2\/types\/post"}],"author":[{"embeddable":true,"href":"https:\/\/canal7slp.tv\/2023\/wp-json\/wp\/v2\/users\/2"}],"replies":[{"embeddable":true,"href":"https:\/\/canal7slp.tv\/2023\/wp-json\/wp\/v2\/comments?post=88186"}],"version-history":[{"count":1,"href":"https:\/\/canal7slp.tv\/2023\/wp-json\/wp\/v2\/posts\/88186\/revisions"}],"predecessor-version":[{"id":88189,"href":"https:\/\/canal7slp.tv\/2023\/wp-json\/wp\/v2\/posts\/88186\/revisions\/88189"}],"wp:featuredmedia":[{"embeddable":true,"href":"https:\/\/canal7slp.tv\/2023\/wp-json\/wp\/v2\/media\/88188"}],"wp:attachment":[{"href":"https:\/\/canal7slp.tv\/2023\/wp-json\/wp\/v2\/media?parent=88186"}],"wp:term":[{"taxonomy":"category","embeddable":true,"href":"https:\/\/canal7slp.tv\/2023\/wp-json\/wp\/v2\/categories?post=88186"},{"taxonomy":"post_tag","embeddable":true,"href":"https:\/\/canal7slp.tv\/2023\/wp-json\/wp\/v2\/tags?post=88186"}],"curies":[{"name":"wp","href":"https:\/\/api.w.org\/{rel}","templated":true}]}}