{"id":88180,"date":"2023-02-24T17:39:07","date_gmt":"2023-02-24T23:39:07","guid":{"rendered":"https:\/\/canal7slp.tv\/2023\/?p=88180"},"modified":"2023-02-24T17:39:36","modified_gmt":"2023-02-24T23:39:36","slug":"participa-slp-en-primer-encuentro-de-camino-real-de-tierra-adentro","status":"publish","type":"post","link":"https:\/\/canal7slp.tv\/2023\/participa-slp-en-primer-encuentro-de-camino-real-de-tierra-adentro\/","title":{"rendered":"Participa SLP en Primer Encuentro de Camino Real de Tierra Adentro"},"content":{"rendered":"<ul>\n<li style=\"text-align: justify;\">Secretar\u00eda de Cultura propone creaci\u00f3n de unidad de gesti\u00f3n que regule acciones de preservaci\u00f3n de la ruta hist\u00f3rica.<\/li>\n<\/ul>\n<p style=\"text-align: justify;\">SLP.-\u00a0San Luis Potos\u00ed participa, a trav\u00e9s de la Secretar\u00eda de Cultura, en el primer encuentro de Camino Real de Tierra Adentro (CRTA) de la zona centro norte, para conjuntar esfuerzos interinstitucionales de las \u00e1reas de Cultura, Turismo y del Instituto Nacional de Antropolog\u00eda e Historia (INAH).<\/p>\n<p style=\"text-align: justify;\">Lo anterior, a fin de impulsar la preservaci\u00f3n, difusi\u00f3n y divulgaci\u00f3n del patrimonio de la ruta cultural e hist\u00f3rica.<\/p>\n<p style=\"text-align: justify;\">Durante la reuni\u00f3n, la titular de Secretar\u00eda de Cultura (Secult), Elizabeth Torres M\u00e9ndez, consider\u00f3 urgente crear una unidad de gesti\u00f3n que coordine, reoriente, regule y concentre las acciones, planes y pol\u00edticas para la conservaci\u00f3n, protecci\u00f3n y desarrollo pol\u00edtico y social del Camino Real de Tierra Adentro.<\/p>\n<p style=\"text-align: justify;\">En el caso de San Luis Potos\u00ed, precis\u00f3, que se trabaja en la consolidaci\u00f3n de un Consejo que abone a la tarea.<\/p>\n<p style=\"text-align: justify;\">Ahond\u00f3 en que es fundamental mantener la investigaci\u00f3n interdisciplinaria que contribuya a la revisi\u00f3n del estado, desde la visi\u00f3n de un trabajo colegiado.<\/p>\n<p style=\"text-align: justify;\">Destac\u00f3 que otro aspecto importante es la generaci\u00f3n de procesos que den una nueva clasificaci\u00f3n de bienes excepcionales que no han sido considerados ni incorporados, y que deber\u00edan ser parte.<\/p>\n<p style=\"text-align: justify;\">Enfatiz\u00f3 que en la situaci\u00f3n actual de San Luis Potos\u00ed y seguramente de otros estados, es fundamental dise\u00f1ar estrategias de turismo cultural, que fortalezcan los sitios declarados y su entorno. Sobretodo fortalecer desde lo local los bienes culturales.<\/p>\n<p style=\"text-align: justify;\">El primer encuentro fue presidido por el gobernador Esteban Alejandro Villegas Villarreal, con la presencia de estados que comparten conexiones culturales y territoriales.<\/p>\n<p style=\"text-align: justify;\">Participaron Alejandro V\u00e1zquez Z\u00fa\u00f1iga, director del Instituto Cultural de Aguascalientes; Rebeca Alejandra Enr\u00edquez Guti\u00e9rrez, secretaria de Cultura de Chihuahua; Francisco Javier P\u00e9rez Meza, director general del Instituto de Cultura de Durango y Dulce Mu\u00f1oz Reyes, directora del Instituto Zacatecano de Cultura \u201cRam\u00f3n L\u00f3pez Velarde\u201d.<\/p>\n<p>Por: Paulina Rodr\u00edguez<\/p>\n","protected":false},"excerpt":{"rendered":"<p>Secretar\u00eda de Cultura propone creaci\u00f3n de unidad de gesti\u00f3n que regule acciones de preservaci\u00f3n de la ruta hist\u00f3rica. SLP.-\u00a0San Luis Potos\u00ed participa, a trav\u00e9s de la Secretar\u00eda de Cultura, en el primer encuentro de Camino Real de Tierra Adentro (CRTA) de la zona centro norte, para conjuntar esfuerzos interinstitucionales de las \u00e1reas de Cultura, Turismo y del Instituto Nacional de Antropolog\u00eda e Historia (INAH). Lo anterior, a fin de impulsar la preservaci\u00f3n, difusi\u00f3n y divulgaci\u00f3n del patrimonio de la ruta cultural e hist\u00f3rica. Durante la reuni\u00f3n, la titular de Secretar\u00eda de Cultura (Secult), Elizabeth Torres M\u00e9ndez, consider\u00f3 urgente crear una [&hellip;]<\/p>\n","protected":false},"author":2,"featured_media":88185,"comment_status":"closed","ping_status":"closed","sticky":false,"template":"","format":"video","meta":{"footnotes":""},"categories":[5,510,45],"tags":[],"class_list":["post-88180","post","type-post","status-publish","format-video","has-post-thumbnail","hentry","category-destacadas","category-gobedoslp","category-localesyregionales","post_format-post-format-video","post--single"],"yoast_head":"<!-- This site is optimized with the Yoast SEO plugin v27.5 - https:\/\/yoast.com\/product\/yoast-seo-wordpress\/ -->\n<title>Participa SLP en Primer Encuentro de Camino Real de Tierra Adentro - Canal 7 SLP - 2023<\/title>\n<meta name=\"robots\" content=\"index, follow, max-snippet:-1, max-image-preview:large, max-video-preview:-1\" \/>\n<link rel=\"canonical\" href=\"https:\/\/canal7slp.tv\/2023\/participa-slp-en-primer-encuentro-de-camino-real-de-tierra-adentro\/\" \/>\n<meta property=\"og:locale\" content=\"es_ES\" \/>\n<meta property=\"og:type\" content=\"article\" \/>\n<meta property=\"og:title\" content=\"Participa SLP en Primer Encuentro de Camino Real de Tierra Adentro - Canal 7 SLP - 2023\" \/>\n<meta property=\"og:description\" content=\"Secretar\u00eda de Cultura propone creaci\u00f3n de unidad de gesti\u00f3n que regule acciones de preservaci\u00f3n de la ruta hist\u00f3rica. SLP.-\u00a0San Luis Potos\u00ed participa, a trav\u00e9s de la Secretar\u00eda de Cultura, en el primer encuentro de Camino Real de Tierra Adentro (CRTA) de la zona centro norte, para conjuntar esfuerzos interinstitucionales de las \u00e1reas de Cultura, Turismo y del Instituto Nacional de Antropolog\u00eda e Historia (INAH). Lo anterior, a fin de impulsar la preservaci\u00f3n, difusi\u00f3n y divulgaci\u00f3n del patrimonio de la ruta cultural e hist\u00f3rica. Durante la reuni\u00f3n, la titular de Secretar\u00eda de Cultura (Secult), Elizabeth Torres M\u00e9ndez, consider\u00f3 urgente crear una [&hellip;]\" \/>\n<meta property=\"og:url\" content=\"https:\/\/canal7slp.tv\/2023\/participa-slp-en-primer-encuentro-de-camino-real-de-tierra-adentro\/\" \/>\n<meta property=\"og:site_name\" content=\"Canal 7 SLP - 2023\" \/>\n<meta property=\"article:publisher\" content=\"https:\/\/www.facebook.com\/noticieroscanalsiete\" \/>\n<meta property=\"article:published_time\" content=\"2023-02-24T23:39:07+00:00\" \/>\n<meta property=\"article:modified_time\" content=\"2023-02-24T23:39:36+00:00\" \/>\n<meta property=\"og:image\" content=\"https:\/\/canal7slp.tv\/2023\/wp-content\/uploads\/2023\/02\/Pau02Cultura.jpg\" \/>\n\t<meta property=\"og:image:width\" content=\"888\" \/>\n\t<meta property=\"og:image:height\" content=\"500\" \/>\n\t<meta property=\"og:image:type\" content=\"image\/jpeg\" \/>\n<meta name=\"author\" content=\"Edici\u00f3n Web\" \/>\n<meta name=\"twitter:card\" content=\"summary_large_image\" \/>\n<meta name=\"twitter:creator\" content=\"@NOTICIEROS7\" \/>\n<meta name=\"twitter:site\" content=\"@NOTICIEROS7\" \/>\n<meta name=\"twitter:label1\" content=\"Escrito por\" \/>\n\t<meta name=\"twitter:data1\" content=\"Edici\u00f3n Web\" \/>\n\t<meta name=\"twitter:label2\" content=\"Tiempo de lectura\" \/>\n\t<meta name=\"twitter:data2\" content=\"2 minutos\" \/>\n<script type=\"application\/ld+json\" class=\"yoast-schema-graph\">{\"@context\":\"https:\\\/\\\/schema.org\",\"@graph\":[{\"@type\":\"Article\",\"@id\":\"https:\\\/\\\/canal7slp.tv\\\/2023\\\/participa-slp-en-primer-encuentro-de-camino-real-de-tierra-adentro\\\/#article\",\"isPartOf\":{\"@id\":\"https:\\\/\\\/canal7slp.tv\\\/2023\\\/participa-slp-en-primer-encuentro-de-camino-real-de-tierra-adentro\\\/\"},\"author\":{\"name\":\"Edici\u00f3n Web\",\"@id\":\"https:\\\/\\\/canal7slp.tv\\\/2023\\\/#\\\/schema\\\/person\\\/639c424e3584069003b11ae813915da6\"},\"headline\":\"Participa SLP en Primer Encuentro de Camino Real de Tierra Adentro\",\"datePublished\":\"2023-02-24T23:39:07+00:00\",\"dateModified\":\"2023-02-24T23:39:36+00:00\",\"mainEntityOfPage\":{\"@id\":\"https:\\\/\\\/canal7slp.tv\\\/2023\\\/participa-slp-en-primer-encuentro-de-camino-real-de-tierra-adentro\\\/\"},\"wordCount\":363,\"publisher\":{\"@id\":\"https:\\\/\\\/canal7slp.tv\\\/2023\\\/#organization\"},\"image\":{\"@id\":\"https:\\\/\\\/canal7slp.tv\\\/2023\\\/participa-slp-en-primer-encuentro-de-camino-real-de-tierra-adentro\\\/#primaryimage\"},\"thumbnailUrl\":\"https:\\\/\\\/canal7slp.tv\\\/2023\\\/wp-content\\\/uploads\\\/2023\\\/02\\\/Pau02Cultura.jpg\",\"articleSection\":[\"DESTACADAS\",\"GOBEDOSLP\",\"LOCALES Y REGIONALES\"],\"inLanguage\":\"es\"},{\"@type\":\"WebPage\",\"@id\":\"https:\\\/\\\/canal7slp.tv\\\/2023\\\/participa-slp-en-primer-encuentro-de-camino-real-de-tierra-adentro\\\/\",\"url\":\"https:\\\/\\\/canal7slp.tv\\\/2023\\\/participa-slp-en-primer-encuentro-de-camino-real-de-tierra-adentro\\\/\",\"name\":\"Participa SLP en Primer Encuentro de Camino Real de Tierra Adentro - Canal 7 SLP - 2023\",\"isPartOf\":{\"@id\":\"https:\\\/\\\/canal7slp.tv\\\/2023\\\/#website\"},\"primaryImageOfPage\":{\"@id\":\"https:\\\/\\\/canal7slp.tv\\\/2023\\\/participa-slp-en-primer-encuentro-de-camino-real-de-tierra-adentro\\\/#primaryimage\"},\"image\":{\"@id\":\"https:\\\/\\\/canal7slp.tv\\\/2023\\\/participa-slp-en-primer-encuentro-de-camino-real-de-tierra-adentro\\\/#primaryimage\"},\"thumbnailUrl\":\"https:\\\/\\\/canal7slp.tv\\\/2023\\\/wp-content\\\/uploads\\\/2023\\\/02\\\/Pau02Cultura.jpg\",\"datePublished\":\"2023-02-24T23:39:07+00:00\",\"dateModified\":\"2023-02-24T23:39:36+00:00\",\"breadcrumb\":{\"@id\":\"https:\\\/\\\/canal7slp.tv\\\/2023\\\/participa-slp-en-primer-encuentro-de-camino-real-de-tierra-adentro\\\/#breadcrumb\"},\"inLanguage\":\"es\",\"potentialAction\":[{\"@type\":\"ReadAction\",\"target\":[\"https:\\\/\\\/canal7slp.tv\\\/2023\\\/participa-slp-en-primer-encuentro-de-camino-real-de-tierra-adentro\\\/\"]}]},{\"@type\":\"ImageObject\",\"inLanguage\":\"es\",\"@id\":\"https:\\\/\\\/canal7slp.tv\\\/2023\\\/participa-slp-en-primer-encuentro-de-camino-real-de-tierra-adentro\\\/#primaryimage\",\"url\":\"https:\\\/\\\/canal7slp.tv\\\/2023\\\/wp-content\\\/uploads\\\/2023\\\/02\\\/Pau02Cultura.jpg\",\"contentUrl\":\"https:\\\/\\\/canal7slp.tv\\\/2023\\\/wp-content\\\/uploads\\\/2023\\\/02\\\/Pau02Cultura.jpg\",\"width\":888,\"height\":500},{\"@type\":\"BreadcrumbList\",\"@id\":\"https:\\\/\\\/canal7slp.tv\\\/2023\\\/participa-slp-en-primer-encuentro-de-camino-real-de-tierra-adentro\\\/#breadcrumb\",\"itemListElement\":[{\"@type\":\"ListItem\",\"position\":1,\"name\":\"Portada\",\"item\":\"https:\\\/\\\/canal7slp.tv\\\/2023\\\/\"},{\"@type\":\"ListItem\",\"position\":2,\"name\":\"Participa SLP en Primer Encuentro de Camino Real de Tierra Adentro\"}]},{\"@type\":\"WebSite\",\"@id\":\"https:\\\/\\\/canal7slp.tv\\\/2023\\\/#website\",\"url\":\"https:\\\/\\\/canal7slp.tv\\\/2023\\\/\",\"name\":\"N7 - Noticieros Canal 7\",\"description\":\"Somos Televisi\u00f3n\",\"publisher\":{\"@id\":\"https:\\\/\\\/canal7slp.tv\\\/2023\\\/#organization\"},\"potentialAction\":[{\"@type\":\"SearchAction\",\"target\":{\"@type\":\"EntryPoint\",\"urlTemplate\":\"https:\\\/\\\/canal7slp.tv\\\/2023\\\/?s={search_term_string}\"},\"query-input\":{\"@type\":\"PropertyValueSpecification\",\"valueRequired\":true,\"valueName\":\"search_term_string\"}}],\"inLanguage\":\"es\"},{\"@type\":\"Organization\",\"@id\":\"https:\\\/\\\/canal7slp.tv\\\/2023\\\/#organization\",\"name\":\"Noticieros Canal 7\",\"url\":\"https:\\\/\\\/canal7slp.tv\\\/2023\\\/\",\"logo\":{\"@type\":\"ImageObject\",\"inLanguage\":\"es\",\"@id\":\"https:\\\/\\\/canal7slp.tv\\\/2023\\\/#\\\/schema\\\/logo\\\/image\\\/\",\"url\":\"https:\\\/\\\/canal7slp.tv\\\/2023\\\/wp-content\\\/uploads\\\/2021\\\/01\\\/logo-noticieros@2x.png\",\"contentUrl\":\"https:\\\/\\\/canal7slp.tv\\\/2023\\\/wp-content\\\/uploads\\\/2021\\\/01\\\/logo-noticieros@2x.png\",\"width\":1017,\"height\":268,\"caption\":\"Noticieros Canal 7\"},\"image\":{\"@id\":\"https:\\\/\\\/canal7slp.tv\\\/2023\\\/#\\\/schema\\\/logo\\\/image\\\/\"},\"sameAs\":[\"https:\\\/\\\/www.facebook.com\\\/noticieroscanalsiete\",\"https:\\\/\\\/x.com\\\/NOTICIEROS7\",\"https:\\\/\\\/www.instagram.com\\\/canal7_slp\",\"https:\\\/\\\/www.youtube.com\\\/channel\\\/UCliiYs-gP3JfJeqdPrNdd5A\"]},{\"@type\":\"Person\",\"@id\":\"https:\\\/\\\/canal7slp.tv\\\/2023\\\/#\\\/schema\\\/person\\\/639c424e3584069003b11ae813915da6\",\"name\":\"Edici\u00f3n Web\",\"image\":{\"@type\":\"ImageObject\",\"inLanguage\":\"es\",\"@id\":\"https:\\\/\\\/secure.gravatar.com\\\/avatar\\\/eee448fc3f7164808013b816ba91ac7e43bbe82a70bebac296f8bc6f0addaa1a?s=96&d=mm&r=g\",\"url\":\"https:\\\/\\\/secure.gravatar.com\\\/avatar\\\/eee448fc3f7164808013b816ba91ac7e43bbe82a70bebac296f8bc6f0addaa1a?s=96&d=mm&r=g\",\"contentUrl\":\"https:\\\/\\\/secure.gravatar.com\\\/avatar\\\/eee448fc3f7164808013b816ba91ac7e43bbe82a70bebac296f8bc6f0addaa1a?s=96&d=mm&r=g\",\"caption\":\"Edici\u00f3n Web\"},\"url\":\"https:\\\/\\\/canal7slp.tv\\\/2023\\\/author\\\/edicionweb\\\/\"}]}<\/script>\n<!-- \/ Yoast SEO plugin. -->","yoast_head_json":{"title":"Participa SLP en Primer Encuentro de Camino Real de Tierra Adentro - Canal 7 SLP - 2023","robots":{"index":"index","follow":"follow","max-snippet":"max-snippet:-1","max-image-preview":"max-image-preview:large","max-video-preview":"max-video-preview:-1"},"canonical":"https:\/\/canal7slp.tv\/2023\/participa-slp-en-primer-encuentro-de-camino-real-de-tierra-adentro\/","og_locale":"es_ES","og_type":"article","og_title":"Participa SLP en Primer Encuentro de Camino Real de Tierra Adentro - Canal 7 SLP - 2023","og_description":"Secretar\u00eda de Cultura propone creaci\u00f3n de unidad de gesti\u00f3n que regule acciones de preservaci\u00f3n de la ruta hist\u00f3rica. SLP.-\u00a0San Luis Potos\u00ed participa, a trav\u00e9s de la Secretar\u00eda de Cultura, en el primer encuentro de Camino Real de Tierra Adentro (CRTA) de la zona centro norte, para conjuntar esfuerzos interinstitucionales de las \u00e1reas de Cultura, Turismo y del Instituto Nacional de Antropolog\u00eda e Historia (INAH). Lo anterior, a fin de impulsar la preservaci\u00f3n, difusi\u00f3n y divulgaci\u00f3n del patrimonio de la ruta cultural e hist\u00f3rica. Durante la reuni\u00f3n, la titular de Secretar\u00eda de Cultura (Secult), Elizabeth Torres M\u00e9ndez, consider\u00f3 urgente crear una [&hellip;]","og_url":"https:\/\/canal7slp.tv\/2023\/participa-slp-en-primer-encuentro-de-camino-real-de-tierra-adentro\/","og_site_name":"Canal 7 SLP - 2023","article_publisher":"https:\/\/www.facebook.com\/noticieroscanalsiete","article_published_time":"2023-02-24T23:39:07+00:00","article_modified_time":"2023-02-24T23:39:36+00:00","og_image":[{"width":888,"height":500,"url":"https:\/\/canal7slp.tv\/2023\/wp-content\/uploads\/2023\/02\/Pau02Cultura.jpg","type":"image\/jpeg"}],"author":"Edici\u00f3n Web","twitter_card":"summary_large_image","twitter_creator":"@NOTICIEROS7","twitter_site":"@NOTICIEROS7","twitter_misc":{"Escrito por":"Edici\u00f3n Web","Tiempo de lectura":"2 minutos"},"schema":{"@context":"https:\/\/schema.org","@graph":[{"@type":"Article","@id":"https:\/\/canal7slp.tv\/2023\/participa-slp-en-primer-encuentro-de-camino-real-de-tierra-adentro\/#article","isPartOf":{"@id":"https:\/\/canal7slp.tv\/2023\/participa-slp-en-primer-encuentro-de-camino-real-de-tierra-adentro\/"},"author":{"name":"Edici\u00f3n Web","@id":"https:\/\/canal7slp.tv\/2023\/#\/schema\/person\/639c424e3584069003b11ae813915da6"},"headline":"Participa SLP en Primer Encuentro de Camino Real de Tierra Adentro","datePublished":"2023-02-24T23:39:07+00:00","dateModified":"2023-02-24T23:39:36+00:00","mainEntityOfPage":{"@id":"https:\/\/canal7slp.tv\/2023\/participa-slp-en-primer-encuentro-de-camino-real-de-tierra-adentro\/"},"wordCount":363,"publisher":{"@id":"https:\/\/canal7slp.tv\/2023\/#organization"},"image":{"@id":"https:\/\/canal7slp.tv\/2023\/participa-slp-en-primer-encuentro-de-camino-real-de-tierra-adentro\/#primaryimage"},"thumbnailUrl":"https:\/\/canal7slp.tv\/2023\/wp-content\/uploads\/2023\/02\/Pau02Cultura.jpg","articleSection":["DESTACADAS","GOBEDOSLP","LOCALES Y REGIONALES"],"inLanguage":"es"},{"@type":"WebPage","@id":"https:\/\/canal7slp.tv\/2023\/participa-slp-en-primer-encuentro-de-camino-real-de-tierra-adentro\/","url":"https:\/\/canal7slp.tv\/2023\/participa-slp-en-primer-encuentro-de-camino-real-de-tierra-adentro\/","name":"Participa SLP en Primer Encuentro de Camino Real de Tierra Adentro - Canal 7 SLP - 2023","isPartOf":{"@id":"https:\/\/canal7slp.tv\/2023\/#website"},"primaryImageOfPage":{"@id":"https:\/\/canal7slp.tv\/2023\/participa-slp-en-primer-encuentro-de-camino-real-de-tierra-adentro\/#primaryimage"},"image":{"@id":"https:\/\/canal7slp.tv\/2023\/participa-slp-en-primer-encuentro-de-camino-real-de-tierra-adentro\/#primaryimage"},"thumbnailUrl":"https:\/\/canal7slp.tv\/2023\/wp-content\/uploads\/2023\/02\/Pau02Cultura.jpg","datePublished":"2023-02-24T23:39:07+00:00","dateModified":"2023-02-24T23:39:36+00:00","breadcrumb":{"@id":"https:\/\/canal7slp.tv\/2023\/participa-slp-en-primer-encuentro-de-camino-real-de-tierra-adentro\/#breadcrumb"},"inLanguage":"es","potentialAction":[{"@type":"ReadAction","target":["https:\/\/canal7slp.tv\/2023\/participa-slp-en-primer-encuentro-de-camino-real-de-tierra-adentro\/"]}]},{"@type":"ImageObject","inLanguage":"es","@id":"https:\/\/canal7slp.tv\/2023\/participa-slp-en-primer-encuentro-de-camino-real-de-tierra-adentro\/#primaryimage","url":"https:\/\/canal7slp.tv\/2023\/wp-content\/uploads\/2023\/02\/Pau02Cultura.jpg","contentUrl":"https:\/\/canal7slp.tv\/2023\/wp-content\/uploads\/2023\/02\/Pau02Cultura.jpg","width":888,"height":500},{"@type":"BreadcrumbList","@id":"https:\/\/canal7slp.tv\/2023\/participa-slp-en-primer-encuentro-de-camino-real-de-tierra-adentro\/#breadcrumb","itemListElement":[{"@type":"ListItem","position":1,"name":"Portada","item":"https:\/\/canal7slp.tv\/2023\/"},{"@type":"ListItem","position":2,"name":"Participa SLP en Primer Encuentro de Camino Real de Tierra Adentro"}]},{"@type":"WebSite","@id":"https:\/\/canal7slp.tv\/2023\/#website","url":"https:\/\/canal7slp.tv\/2023\/","name":"N7 - Noticieros Canal 7","description":"Somos Televisi\u00f3n","publisher":{"@id":"https:\/\/canal7slp.tv\/2023\/#organization"},"potentialAction":[{"@type":"SearchAction","target":{"@type":"EntryPoint","urlTemplate":"https:\/\/canal7slp.tv\/2023\/?s={search_term_string}"},"query-input":{"@type":"PropertyValueSpecification","valueRequired":true,"valueName":"search_term_string"}}],"inLanguage":"es"},{"@type":"Organization","@id":"https:\/\/canal7slp.tv\/2023\/#organization","name":"Noticieros Canal 7","url":"https:\/\/canal7slp.tv\/2023\/","logo":{"@type":"ImageObject","inLanguage":"es","@id":"https:\/\/canal7slp.tv\/2023\/#\/schema\/logo\/image\/","url":"https:\/\/canal7slp.tv\/2023\/wp-content\/uploads\/2021\/01\/logo-noticieros@2x.png","contentUrl":"https:\/\/canal7slp.tv\/2023\/wp-content\/uploads\/2021\/01\/logo-noticieros@2x.png","width":1017,"height":268,"caption":"Noticieros Canal 7"},"image":{"@id":"https:\/\/canal7slp.tv\/2023\/#\/schema\/logo\/image\/"},"sameAs":["https:\/\/www.facebook.com\/noticieroscanalsiete","https:\/\/x.com\/NOTICIEROS7","https:\/\/www.instagram.com\/canal7_slp","https:\/\/www.youtube.com\/channel\/UCliiYs-gP3JfJeqdPrNdd5A"]},{"@type":"Person","@id":"https:\/\/canal7slp.tv\/2023\/#\/schema\/person\/639c424e3584069003b11ae813915da6","name":"Edici\u00f3n Web","image":{"@type":"ImageObject","inLanguage":"es","@id":"https:\/\/secure.gravatar.com\/avatar\/eee448fc3f7164808013b816ba91ac7e43bbe82a70bebac296f8bc6f0addaa1a?s=96&d=mm&r=g","url":"https:\/\/secure.gravatar.com\/avatar\/eee448fc3f7164808013b816ba91ac7e43bbe82a70bebac296f8bc6f0addaa1a?s=96&d=mm&r=g","contentUrl":"https:\/\/secure.gravatar.com\/avatar\/eee448fc3f7164808013b816ba91ac7e43bbe82a70bebac296f8bc6f0addaa1a?s=96&d=mm&r=g","caption":"Edici\u00f3n Web"},"url":"https:\/\/canal7slp.tv\/2023\/author\/edicionweb\/"}]}},"_links":{"self":[{"href":"https:\/\/canal7slp.tv\/2023\/wp-json\/wp\/v2\/posts\/88180","targetHints":{"allow":["GET"]}}],"collection":[{"href":"https:\/\/canal7slp.tv\/2023\/wp-json\/wp\/v2\/posts"}],"about":[{"href":"https:\/\/canal7slp.tv\/2023\/wp-json\/wp\/v2\/types\/post"}],"author":[{"embeddable":true,"href":"https:\/\/canal7slp.tv\/2023\/wp-json\/wp\/v2\/users\/2"}],"replies":[{"embeddable":true,"href":"https:\/\/canal7slp.tv\/2023\/wp-json\/wp\/v2\/comments?post=88180"}],"version-history":[{"count":1,"href":"https:\/\/canal7slp.tv\/2023\/wp-json\/wp\/v2\/posts\/88180\/revisions"}],"predecessor-version":[{"id":88183,"href":"https:\/\/canal7slp.tv\/2023\/wp-json\/wp\/v2\/posts\/88180\/revisions\/88183"}],"wp:featuredmedia":[{"embeddable":true,"href":"https:\/\/canal7slp.tv\/2023\/wp-json\/wp\/v2\/media\/88185"}],"wp:attachment":[{"href":"https:\/\/canal7slp.tv\/2023\/wp-json\/wp\/v2\/media?parent=88180"}],"wp:term":[{"taxonomy":"category","embeddable":true,"href":"https:\/\/canal7slp.tv\/2023\/wp-json\/wp\/v2\/categories?post=88180"},{"taxonomy":"post_tag","embeddable":true,"href":"https:\/\/canal7slp.tv\/2023\/wp-json\/wp\/v2\/tags?post=88180"}],"curies":[{"name":"wp","href":"https:\/\/api.w.org\/{rel}","templated":true}]}}