{"id":88159,"date":"2023-02-24T16:53:06","date_gmt":"2023-02-24T22:53:06","guid":{"rendered":"https:\/\/canal7slp.tv\/2023\/?p=88159"},"modified":"2023-02-24T16:53:06","modified_gmt":"2023-02-24T22:53:06","slug":"por-falta-de-agua-no-es-factible-que-tesla-se-instale-en-monterrey-senala-presidencia","status":"publish","type":"post","link":"https:\/\/canal7slp.tv\/2023\/por-falta-de-agua-no-es-factible-que-tesla-se-instale-en-monterrey-senala-presidencia\/","title":{"rendered":"Por falta de agua no es factible que Tesla se instale en Monterrey, se\u00f1ala presidencia"},"content":{"rendered":"<p style=\"text-align: justify;\">M\u00e9xico.- El presidente de M\u00e9xico, Andr\u00e9s Manuel L\u00f3pez Obrador inform\u00f3 que no otorgar\u00eda permiso a Tesla para que instale una empresa en Nuevo Le\u00f3n. Esto, debido a la falta de agua que azota a Monterrey.<\/p>\n<p style=\"text-align: justify;\">El mandatario afirm\u00f3 que su intenci\u00f3n es cuidar el territorio y garantizar que no le falte agua a la gente \u00abporque el pueblo tiene que estar siempre por delante\u00bb.<\/p>\n<p style=\"text-align: justify;\">\u00abEn el norte en general ya falta agua, son muy pocos los lugares que hay agua, se est\u00e1 haciendo un an\u00e1lisis cada tres a\u00f1os, lo que se tiene de agua\u00bb, declar\u00f3.<\/p>\n<p style=\"text-align: justify;\">No obstante, indici\u00f3 que muy pronto tendr\u00e1 una junta con los directivos de Tesla.<\/p>\n<p style=\"text-align: justify;\">\u00abPara ponernos de acuerdo, porque s\u00ed nos importa mucho el que se invierta en el pa\u00eds, porque significa la creaci\u00f3n de empleos\u00bb, acot\u00f3.<\/p>\n<p style=\"text-align: justify;\">Indic\u00f3 que en la reuni\u00f3n les dir\u00e1 a los inversionistas en donde es posible que se invierta, en donde haya agua y espacios para el crecimiento urbano.<\/p>\n","protected":false},"excerpt":{"rendered":"<p>M\u00e9xico.- El presidente de M\u00e9xico, Andr\u00e9s Manuel L\u00f3pez Obrador inform\u00f3 que no otorgar\u00eda permiso a Tesla para que instale una empresa en Nuevo Le\u00f3n. Esto, debido a la falta de agua que azota a Monterrey. El mandatario afirm\u00f3 que su intenci\u00f3n es cuidar el territorio y garantizar que no le falte agua a la gente \u00abporque el pueblo tiene que estar siempre por delante\u00bb. \u00abEn el norte en general ya falta agua, son muy pocos los lugares que hay agua, se est\u00e1 haciendo un an\u00e1lisis cada tres a\u00f1os, lo que se tiene de agua\u00bb, declar\u00f3. No obstante, indici\u00f3 que muy [&hellip;]<\/p>\n","protected":false},"author":2,"featured_media":88172,"comment_status":"closed","ping_status":"closed","sticky":false,"template":"","format":"standard","meta":{"footnotes":""},"categories":[46],"tags":[],"class_list":["post-88159","post","type-post","status-publish","format-standard","has-post-thumbnail","hentry","category-nacional","post--single"],"yoast_head":"<!-- This site is optimized with the Yoast SEO plugin v27.5 - https:\/\/yoast.com\/product\/yoast-seo-wordpress\/ -->\n<title>Por falta de agua no es factible que Tesla se instale en Monterrey, se\u00f1ala presidencia - Canal 7 SLP - 2023<\/title>\n<meta name=\"robots\" content=\"index, follow, max-snippet:-1, max-image-preview:large, max-video-preview:-1\" \/>\n<link rel=\"canonical\" href=\"https:\/\/canal7slp.tv\/2023\/por-falta-de-agua-no-es-factible-que-tesla-se-instale-en-monterrey-senala-presidencia\/\" \/>\n<meta property=\"og:locale\" content=\"es_ES\" \/>\n<meta property=\"og:type\" content=\"article\" \/>\n<meta property=\"og:title\" content=\"Por falta de agua no es factible que Tesla se instale en Monterrey, se\u00f1ala presidencia - Canal 7 SLP - 2023\" \/>\n<meta property=\"og:description\" content=\"M\u00e9xico.- El presidente de M\u00e9xico, Andr\u00e9s Manuel L\u00f3pez Obrador inform\u00f3 que no otorgar\u00eda permiso a Tesla para que instale una empresa en Nuevo Le\u00f3n. Esto, debido a la falta de agua que azota a Monterrey. El mandatario afirm\u00f3 que su intenci\u00f3n es cuidar el territorio y garantizar que no le falte agua a la gente \u00abporque el pueblo tiene que estar siempre por delante\u00bb. \u00abEn el norte en general ya falta agua, son muy pocos los lugares que hay agua, se est\u00e1 haciendo un an\u00e1lisis cada tres a\u00f1os, lo que se tiene de agua\u00bb, declar\u00f3. No obstante, indici\u00f3 que muy [&hellip;]\" \/>\n<meta property=\"og:url\" content=\"https:\/\/canal7slp.tv\/2023\/por-falta-de-agua-no-es-factible-que-tesla-se-instale-en-monterrey-senala-presidencia\/\" \/>\n<meta property=\"og:site_name\" content=\"Canal 7 SLP - 2023\" \/>\n<meta property=\"article:publisher\" content=\"https:\/\/www.facebook.com\/noticieroscanalsiete\" \/>\n<meta property=\"article:published_time\" content=\"2023-02-24T22:53:06+00:00\" \/>\n<meta property=\"og:image\" content=\"https:\/\/canal7slp.tv\/2023\/wp-content\/uploads\/2023\/02\/06-1.png\" \/>\n\t<meta property=\"og:image:width\" content=\"775\" \/>\n\t<meta property=\"og:image:height\" content=\"453\" \/>\n\t<meta property=\"og:image:type\" content=\"image\/png\" \/>\n<meta name=\"author\" content=\"Edici\u00f3n Web\" \/>\n<meta name=\"twitter:card\" content=\"summary_large_image\" \/>\n<meta name=\"twitter:creator\" content=\"@NOTICIEROS7\" \/>\n<meta name=\"twitter:site\" content=\"@NOTICIEROS7\" \/>\n<meta name=\"twitter:label1\" content=\"Escrito por\" \/>\n\t<meta name=\"twitter:data1\" content=\"Edici\u00f3n Web\" \/>\n\t<meta name=\"twitter:label2\" content=\"Tiempo de lectura\" \/>\n\t<meta name=\"twitter:data2\" content=\"1 minuto\" \/>\n<script type=\"application\/ld+json\" class=\"yoast-schema-graph\">{\"@context\":\"https:\\\/\\\/schema.org\",\"@graph\":[{\"@type\":\"Article\",\"@id\":\"https:\\\/\\\/canal7slp.tv\\\/2023\\\/por-falta-de-agua-no-es-factible-que-tesla-se-instale-en-monterrey-senala-presidencia\\\/#article\",\"isPartOf\":{\"@id\":\"https:\\\/\\\/canal7slp.tv\\\/2023\\\/por-falta-de-agua-no-es-factible-que-tesla-se-instale-en-monterrey-senala-presidencia\\\/\"},\"author\":{\"name\":\"Edici\u00f3n Web\",\"@id\":\"https:\\\/\\\/canal7slp.tv\\\/2023\\\/#\\\/schema\\\/person\\\/639c424e3584069003b11ae813915da6\"},\"headline\":\"Por falta de agua no es factible que Tesla se instale en Monterrey, se\u00f1ala presidencia\",\"datePublished\":\"2023-02-24T22:53:06+00:00\",\"mainEntityOfPage\":{\"@id\":\"https:\\\/\\\/canal7slp.tv\\\/2023\\\/por-falta-de-agua-no-es-factible-que-tesla-se-instale-en-monterrey-senala-presidencia\\\/\"},\"wordCount\":188,\"publisher\":{\"@id\":\"https:\\\/\\\/canal7slp.tv\\\/2023\\\/#organization\"},\"image\":{\"@id\":\"https:\\\/\\\/canal7slp.tv\\\/2023\\\/por-falta-de-agua-no-es-factible-que-tesla-se-instale-en-monterrey-senala-presidencia\\\/#primaryimage\"},\"thumbnailUrl\":\"https:\\\/\\\/canal7slp.tv\\\/2023\\\/wp-content\\\/uploads\\\/2023\\\/02\\\/06-1.png\",\"articleSection\":[\"NACIONALES\"],\"inLanguage\":\"es\"},{\"@type\":\"WebPage\",\"@id\":\"https:\\\/\\\/canal7slp.tv\\\/2023\\\/por-falta-de-agua-no-es-factible-que-tesla-se-instale-en-monterrey-senala-presidencia\\\/\",\"url\":\"https:\\\/\\\/canal7slp.tv\\\/2023\\\/por-falta-de-agua-no-es-factible-que-tesla-se-instale-en-monterrey-senala-presidencia\\\/\",\"name\":\"Por falta de agua no es factible que Tesla se instale en Monterrey, se\u00f1ala presidencia - Canal 7 SLP - 2023\",\"isPartOf\":{\"@id\":\"https:\\\/\\\/canal7slp.tv\\\/2023\\\/#website\"},\"primaryImageOfPage\":{\"@id\":\"https:\\\/\\\/canal7slp.tv\\\/2023\\\/por-falta-de-agua-no-es-factible-que-tesla-se-instale-en-monterrey-senala-presidencia\\\/#primaryimage\"},\"image\":{\"@id\":\"https:\\\/\\\/canal7slp.tv\\\/2023\\\/por-falta-de-agua-no-es-factible-que-tesla-se-instale-en-monterrey-senala-presidencia\\\/#primaryimage\"},\"thumbnailUrl\":\"https:\\\/\\\/canal7slp.tv\\\/2023\\\/wp-content\\\/uploads\\\/2023\\\/02\\\/06-1.png\",\"datePublished\":\"2023-02-24T22:53:06+00:00\",\"breadcrumb\":{\"@id\":\"https:\\\/\\\/canal7slp.tv\\\/2023\\\/por-falta-de-agua-no-es-factible-que-tesla-se-instale-en-monterrey-senala-presidencia\\\/#breadcrumb\"},\"inLanguage\":\"es\",\"potentialAction\":[{\"@type\":\"ReadAction\",\"target\":[\"https:\\\/\\\/canal7slp.tv\\\/2023\\\/por-falta-de-agua-no-es-factible-que-tesla-se-instale-en-monterrey-senala-presidencia\\\/\"]}]},{\"@type\":\"ImageObject\",\"inLanguage\":\"es\",\"@id\":\"https:\\\/\\\/canal7slp.tv\\\/2023\\\/por-falta-de-agua-no-es-factible-que-tesla-se-instale-en-monterrey-senala-presidencia\\\/#primaryimage\",\"url\":\"https:\\\/\\\/canal7slp.tv\\\/2023\\\/wp-content\\\/uploads\\\/2023\\\/02\\\/06-1.png\",\"contentUrl\":\"https:\\\/\\\/canal7slp.tv\\\/2023\\\/wp-content\\\/uploads\\\/2023\\\/02\\\/06-1.png\",\"width\":775,\"height\":453},{\"@type\":\"BreadcrumbList\",\"@id\":\"https:\\\/\\\/canal7slp.tv\\\/2023\\\/por-falta-de-agua-no-es-factible-que-tesla-se-instale-en-monterrey-senala-presidencia\\\/#breadcrumb\",\"itemListElement\":[{\"@type\":\"ListItem\",\"position\":1,\"name\":\"Portada\",\"item\":\"https:\\\/\\\/canal7slp.tv\\\/2023\\\/\"},{\"@type\":\"ListItem\",\"position\":2,\"name\":\"Por falta de agua no es factible que Tesla se instale en Monterrey, se\u00f1ala presidencia\"}]},{\"@type\":\"WebSite\",\"@id\":\"https:\\\/\\\/canal7slp.tv\\\/2023\\\/#website\",\"url\":\"https:\\\/\\\/canal7slp.tv\\\/2023\\\/\",\"name\":\"N7 - Noticieros Canal 7\",\"description\":\"Somos Televisi\u00f3n\",\"publisher\":{\"@id\":\"https:\\\/\\\/canal7slp.tv\\\/2023\\\/#organization\"},\"potentialAction\":[{\"@type\":\"SearchAction\",\"target\":{\"@type\":\"EntryPoint\",\"urlTemplate\":\"https:\\\/\\\/canal7slp.tv\\\/2023\\\/?s={search_term_string}\"},\"query-input\":{\"@type\":\"PropertyValueSpecification\",\"valueRequired\":true,\"valueName\":\"search_term_string\"}}],\"inLanguage\":\"es\"},{\"@type\":\"Organization\",\"@id\":\"https:\\\/\\\/canal7slp.tv\\\/2023\\\/#organization\",\"name\":\"Noticieros Canal 7\",\"url\":\"https:\\\/\\\/canal7slp.tv\\\/2023\\\/\",\"logo\":{\"@type\":\"ImageObject\",\"inLanguage\":\"es\",\"@id\":\"https:\\\/\\\/canal7slp.tv\\\/2023\\\/#\\\/schema\\\/logo\\\/image\\\/\",\"url\":\"https:\\\/\\\/canal7slp.tv\\\/2023\\\/wp-content\\\/uploads\\\/2021\\\/01\\\/logo-noticieros@2x.png\",\"contentUrl\":\"https:\\\/\\\/canal7slp.tv\\\/2023\\\/wp-content\\\/uploads\\\/2021\\\/01\\\/logo-noticieros@2x.png\",\"width\":1017,\"height\":268,\"caption\":\"Noticieros Canal 7\"},\"image\":{\"@id\":\"https:\\\/\\\/canal7slp.tv\\\/2023\\\/#\\\/schema\\\/logo\\\/image\\\/\"},\"sameAs\":[\"https:\\\/\\\/www.facebook.com\\\/noticieroscanalsiete\",\"https:\\\/\\\/x.com\\\/NOTICIEROS7\",\"https:\\\/\\\/www.instagram.com\\\/canal7_slp\",\"https:\\\/\\\/www.youtube.com\\\/channel\\\/UCliiYs-gP3JfJeqdPrNdd5A\"]},{\"@type\":\"Person\",\"@id\":\"https:\\\/\\\/canal7slp.tv\\\/2023\\\/#\\\/schema\\\/person\\\/639c424e3584069003b11ae813915da6\",\"name\":\"Edici\u00f3n Web\",\"image\":{\"@type\":\"ImageObject\",\"inLanguage\":\"es\",\"@id\":\"https:\\\/\\\/secure.gravatar.com\\\/avatar\\\/eee448fc3f7164808013b816ba91ac7e43bbe82a70bebac296f8bc6f0addaa1a?s=96&d=mm&r=g\",\"url\":\"https:\\\/\\\/secure.gravatar.com\\\/avatar\\\/eee448fc3f7164808013b816ba91ac7e43bbe82a70bebac296f8bc6f0addaa1a?s=96&d=mm&r=g\",\"contentUrl\":\"https:\\\/\\\/secure.gravatar.com\\\/avatar\\\/eee448fc3f7164808013b816ba91ac7e43bbe82a70bebac296f8bc6f0addaa1a?s=96&d=mm&r=g\",\"caption\":\"Edici\u00f3n Web\"},\"url\":\"https:\\\/\\\/canal7slp.tv\\\/2023\\\/author\\\/edicionweb\\\/\"}]}<\/script>\n<!-- \/ Yoast SEO plugin. -->","yoast_head_json":{"title":"Por falta de agua no es factible que Tesla se instale en Monterrey, se\u00f1ala presidencia - Canal 7 SLP - 2023","robots":{"index":"index","follow":"follow","max-snippet":"max-snippet:-1","max-image-preview":"max-image-preview:large","max-video-preview":"max-video-preview:-1"},"canonical":"https:\/\/canal7slp.tv\/2023\/por-falta-de-agua-no-es-factible-que-tesla-se-instale-en-monterrey-senala-presidencia\/","og_locale":"es_ES","og_type":"article","og_title":"Por falta de agua no es factible que Tesla se instale en Monterrey, se\u00f1ala presidencia - Canal 7 SLP - 2023","og_description":"M\u00e9xico.- El presidente de M\u00e9xico, Andr\u00e9s Manuel L\u00f3pez Obrador inform\u00f3 que no otorgar\u00eda permiso a Tesla para que instale una empresa en Nuevo Le\u00f3n. Esto, debido a la falta de agua que azota a Monterrey. El mandatario afirm\u00f3 que su intenci\u00f3n es cuidar el territorio y garantizar que no le falte agua a la gente \u00abporque el pueblo tiene que estar siempre por delante\u00bb. \u00abEn el norte en general ya falta agua, son muy pocos los lugares que hay agua, se est\u00e1 haciendo un an\u00e1lisis cada tres a\u00f1os, lo que se tiene de agua\u00bb, declar\u00f3. No obstante, indici\u00f3 que muy [&hellip;]","og_url":"https:\/\/canal7slp.tv\/2023\/por-falta-de-agua-no-es-factible-que-tesla-se-instale-en-monterrey-senala-presidencia\/","og_site_name":"Canal 7 SLP - 2023","article_publisher":"https:\/\/www.facebook.com\/noticieroscanalsiete","article_published_time":"2023-02-24T22:53:06+00:00","og_image":[{"width":775,"height":453,"url":"https:\/\/canal7slp.tv\/2023\/wp-content\/uploads\/2023\/02\/06-1.png","type":"image\/png"}],"author":"Edici\u00f3n Web","twitter_card":"summary_large_image","twitter_creator":"@NOTICIEROS7","twitter_site":"@NOTICIEROS7","twitter_misc":{"Escrito por":"Edici\u00f3n Web","Tiempo de lectura":"1 minuto"},"schema":{"@context":"https:\/\/schema.org","@graph":[{"@type":"Article","@id":"https:\/\/canal7slp.tv\/2023\/por-falta-de-agua-no-es-factible-que-tesla-se-instale-en-monterrey-senala-presidencia\/#article","isPartOf":{"@id":"https:\/\/canal7slp.tv\/2023\/por-falta-de-agua-no-es-factible-que-tesla-se-instale-en-monterrey-senala-presidencia\/"},"author":{"name":"Edici\u00f3n Web","@id":"https:\/\/canal7slp.tv\/2023\/#\/schema\/person\/639c424e3584069003b11ae813915da6"},"headline":"Por falta de agua no es factible que Tesla se instale en Monterrey, se\u00f1ala presidencia","datePublished":"2023-02-24T22:53:06+00:00","mainEntityOfPage":{"@id":"https:\/\/canal7slp.tv\/2023\/por-falta-de-agua-no-es-factible-que-tesla-se-instale-en-monterrey-senala-presidencia\/"},"wordCount":188,"publisher":{"@id":"https:\/\/canal7slp.tv\/2023\/#organization"},"image":{"@id":"https:\/\/canal7slp.tv\/2023\/por-falta-de-agua-no-es-factible-que-tesla-se-instale-en-monterrey-senala-presidencia\/#primaryimage"},"thumbnailUrl":"https:\/\/canal7slp.tv\/2023\/wp-content\/uploads\/2023\/02\/06-1.png","articleSection":["NACIONALES"],"inLanguage":"es"},{"@type":"WebPage","@id":"https:\/\/canal7slp.tv\/2023\/por-falta-de-agua-no-es-factible-que-tesla-se-instale-en-monterrey-senala-presidencia\/","url":"https:\/\/canal7slp.tv\/2023\/por-falta-de-agua-no-es-factible-que-tesla-se-instale-en-monterrey-senala-presidencia\/","name":"Por falta de agua no es factible que Tesla se instale en Monterrey, se\u00f1ala presidencia - Canal 7 SLP - 2023","isPartOf":{"@id":"https:\/\/canal7slp.tv\/2023\/#website"},"primaryImageOfPage":{"@id":"https:\/\/canal7slp.tv\/2023\/por-falta-de-agua-no-es-factible-que-tesla-se-instale-en-monterrey-senala-presidencia\/#primaryimage"},"image":{"@id":"https:\/\/canal7slp.tv\/2023\/por-falta-de-agua-no-es-factible-que-tesla-se-instale-en-monterrey-senala-presidencia\/#primaryimage"},"thumbnailUrl":"https:\/\/canal7slp.tv\/2023\/wp-content\/uploads\/2023\/02\/06-1.png","datePublished":"2023-02-24T22:53:06+00:00","breadcrumb":{"@id":"https:\/\/canal7slp.tv\/2023\/por-falta-de-agua-no-es-factible-que-tesla-se-instale-en-monterrey-senala-presidencia\/#breadcrumb"},"inLanguage":"es","potentialAction":[{"@type":"ReadAction","target":["https:\/\/canal7slp.tv\/2023\/por-falta-de-agua-no-es-factible-que-tesla-se-instale-en-monterrey-senala-presidencia\/"]}]},{"@type":"ImageObject","inLanguage":"es","@id":"https:\/\/canal7slp.tv\/2023\/por-falta-de-agua-no-es-factible-que-tesla-se-instale-en-monterrey-senala-presidencia\/#primaryimage","url":"https:\/\/canal7slp.tv\/2023\/wp-content\/uploads\/2023\/02\/06-1.png","contentUrl":"https:\/\/canal7slp.tv\/2023\/wp-content\/uploads\/2023\/02\/06-1.png","width":775,"height":453},{"@type":"BreadcrumbList","@id":"https:\/\/canal7slp.tv\/2023\/por-falta-de-agua-no-es-factible-que-tesla-se-instale-en-monterrey-senala-presidencia\/#breadcrumb","itemListElement":[{"@type":"ListItem","position":1,"name":"Portada","item":"https:\/\/canal7slp.tv\/2023\/"},{"@type":"ListItem","position":2,"name":"Por falta de agua no es factible que Tesla se instale en Monterrey, se\u00f1ala presidencia"}]},{"@type":"WebSite","@id":"https:\/\/canal7slp.tv\/2023\/#website","url":"https:\/\/canal7slp.tv\/2023\/","name":"N7 - Noticieros Canal 7","description":"Somos Televisi\u00f3n","publisher":{"@id":"https:\/\/canal7slp.tv\/2023\/#organization"},"potentialAction":[{"@type":"SearchAction","target":{"@type":"EntryPoint","urlTemplate":"https:\/\/canal7slp.tv\/2023\/?s={search_term_string}"},"query-input":{"@type":"PropertyValueSpecification","valueRequired":true,"valueName":"search_term_string"}}],"inLanguage":"es"},{"@type":"Organization","@id":"https:\/\/canal7slp.tv\/2023\/#organization","name":"Noticieros Canal 7","url":"https:\/\/canal7slp.tv\/2023\/","logo":{"@type":"ImageObject","inLanguage":"es","@id":"https:\/\/canal7slp.tv\/2023\/#\/schema\/logo\/image\/","url":"https:\/\/canal7slp.tv\/2023\/wp-content\/uploads\/2021\/01\/logo-noticieros@2x.png","contentUrl":"https:\/\/canal7slp.tv\/2023\/wp-content\/uploads\/2021\/01\/logo-noticieros@2x.png","width":1017,"height":268,"caption":"Noticieros Canal 7"},"image":{"@id":"https:\/\/canal7slp.tv\/2023\/#\/schema\/logo\/image\/"},"sameAs":["https:\/\/www.facebook.com\/noticieroscanalsiete","https:\/\/x.com\/NOTICIEROS7","https:\/\/www.instagram.com\/canal7_slp","https:\/\/www.youtube.com\/channel\/UCliiYs-gP3JfJeqdPrNdd5A"]},{"@type":"Person","@id":"https:\/\/canal7slp.tv\/2023\/#\/schema\/person\/639c424e3584069003b11ae813915da6","name":"Edici\u00f3n Web","image":{"@type":"ImageObject","inLanguage":"es","@id":"https:\/\/secure.gravatar.com\/avatar\/eee448fc3f7164808013b816ba91ac7e43bbe82a70bebac296f8bc6f0addaa1a?s=96&d=mm&r=g","url":"https:\/\/secure.gravatar.com\/avatar\/eee448fc3f7164808013b816ba91ac7e43bbe82a70bebac296f8bc6f0addaa1a?s=96&d=mm&r=g","contentUrl":"https:\/\/secure.gravatar.com\/avatar\/eee448fc3f7164808013b816ba91ac7e43bbe82a70bebac296f8bc6f0addaa1a?s=96&d=mm&r=g","caption":"Edici\u00f3n Web"},"url":"https:\/\/canal7slp.tv\/2023\/author\/edicionweb\/"}]}},"_links":{"self":[{"href":"https:\/\/canal7slp.tv\/2023\/wp-json\/wp\/v2\/posts\/88159","targetHints":{"allow":["GET"]}}],"collection":[{"href":"https:\/\/canal7slp.tv\/2023\/wp-json\/wp\/v2\/posts"}],"about":[{"href":"https:\/\/canal7slp.tv\/2023\/wp-json\/wp\/v2\/types\/post"}],"author":[{"embeddable":true,"href":"https:\/\/canal7slp.tv\/2023\/wp-json\/wp\/v2\/users\/2"}],"replies":[{"embeddable":true,"href":"https:\/\/canal7slp.tv\/2023\/wp-json\/wp\/v2\/comments?post=88159"}],"version-history":[{"count":2,"href":"https:\/\/canal7slp.tv\/2023\/wp-json\/wp\/v2\/posts\/88159\/revisions"}],"predecessor-version":[{"id":88173,"href":"https:\/\/canal7slp.tv\/2023\/wp-json\/wp\/v2\/posts\/88159\/revisions\/88173"}],"wp:featuredmedia":[{"embeddable":true,"href":"https:\/\/canal7slp.tv\/2023\/wp-json\/wp\/v2\/media\/88172"}],"wp:attachment":[{"href":"https:\/\/canal7slp.tv\/2023\/wp-json\/wp\/v2\/media?parent=88159"}],"wp:term":[{"taxonomy":"category","embeddable":true,"href":"https:\/\/canal7slp.tv\/2023\/wp-json\/wp\/v2\/categories?post=88159"},{"taxonomy":"post_tag","embeddable":true,"href":"https:\/\/canal7slp.tv\/2023\/wp-json\/wp\/v2\/tags?post=88159"}],"curies":[{"name":"wp","href":"https:\/\/api.w.org\/{rel}","templated":true}]}}