{"id":88149,"date":"2023-02-24T15:40:22","date_gmt":"2023-02-24T21:40:22","guid":{"rendered":"https:\/\/canal7slp.tv\/2023\/?p=88149"},"modified":"2023-02-24T15:40:22","modified_gmt":"2023-02-24T21:40:22","slug":"codigo-7-slp-en-defensa-de-las-instituciones-concentracion-mi-voto-no-se-toca","status":"publish","type":"post","link":"https:\/\/canal7slp.tv\/2023\/codigo-7-slp-en-defensa-de-las-instituciones-concentracion-mi-voto-no-se-toca\/","title":{"rendered":"C\u00f3digo 7: SLP en defensa de las instituciones. Concentraci\u00f3n \u00abMi voto no se toca\u00bb."},"content":{"rendered":"<p>Invitados:<\/p>\n<ul>\n<li>Marcela Zapata Su\u00e1rez del Real, Integrante del Frente C\u00edvico Nacional.<\/li>\n<li>Hugo Stevens Amaro, Integrante del Frente C\u00edvico Potosino.<\/li>\n<li>Jos\u00e9 Alberto Meade Mendiz\u00e1bal, Integrante de M\u00e9xico Unidos.<\/li>\n<li>Alberto Narv\u00e1ez Arochi, Presidente de Potosinos con Valor.<\/li>\n<\/ul>\n<p>Moderadora:<\/p>\n<ul style=\"text-align: justify;\">\n<li>Paulina Rodr\u00edguez<\/li>\n<\/ul>\n","protected":false},"excerpt":{"rendered":"<p>Invitados: Marcela Zapata Su\u00e1rez del Real, Integrante del Frente C\u00edvico Nacional. Hugo Stevens Amaro, Integrante del Frente C\u00edvico Potosino. Jos\u00e9 Alberto Meade Mendiz\u00e1bal, Integrante de M\u00e9xico Unidos. Alberto Narv\u00e1ez Arochi, Presidente de Potosinos con Valor. Moderadora: Paulina Rodr\u00edguez<\/p>\n","protected":false},"author":2,"featured_media":88152,"comment_status":"closed","ping_status":"closed","sticky":false,"template":"","format":"video","meta":{"footnotes":""},"categories":[47,5],"tags":[],"class_list":["post-88149","post","type-post","status-publish","format-video","has-post-thumbnail","hentry","category-codigo-7","category-destacadas","post_format-post-format-video","post--single"],"yoast_head":"<!-- This site is optimized with the Yoast SEO plugin v27.5 - https:\/\/yoast.com\/product\/yoast-seo-wordpress\/ -->\n<title>C\u00f3digo 7: SLP en defensa de las instituciones. Concentraci\u00f3n &quot;Mi voto no se toca&quot;. - Canal 7 SLP - 2023<\/title>\n<meta name=\"robots\" content=\"index, follow, max-snippet:-1, max-image-preview:large, max-video-preview:-1\" \/>\n<link rel=\"canonical\" href=\"https:\/\/canal7slp.tv\/2023\/codigo-7-slp-en-defensa-de-las-instituciones-concentracion-mi-voto-no-se-toca\/\" \/>\n<meta property=\"og:locale\" content=\"es_ES\" \/>\n<meta property=\"og:type\" content=\"article\" \/>\n<meta property=\"og:title\" content=\"C\u00f3digo 7: SLP en defensa de las instituciones. Concentraci\u00f3n &quot;Mi voto no se toca&quot;. - Canal 7 SLP - 2023\" \/>\n<meta property=\"og:description\" content=\"Invitados: Marcela Zapata Su\u00e1rez del Real, Integrante del Frente C\u00edvico Nacional. Hugo Stevens Amaro, Integrante del Frente C\u00edvico Potosino. Jos\u00e9 Alberto Meade Mendiz\u00e1bal, Integrante de M\u00e9xico Unidos. Alberto Narv\u00e1ez Arochi, Presidente de Potosinos con Valor. Moderadora: Paulina Rodr\u00edguez\" \/>\n<meta property=\"og:url\" content=\"https:\/\/canal7slp.tv\/2023\/codigo-7-slp-en-defensa-de-las-instituciones-concentracion-mi-voto-no-se-toca\/\" \/>\n<meta property=\"og:site_name\" content=\"Canal 7 SLP - 2023\" \/>\n<meta property=\"article:publisher\" content=\"https:\/\/www.facebook.com\/noticieroscanalsiete\" \/>\n<meta property=\"article:published_time\" content=\"2023-02-24T21:40:22+00:00\" \/>\n<meta property=\"og:image\" content=\"https:\/\/canal7slp.tv\/2023\/wp-content\/uploads\/2023\/02\/Codigo7230223.jpg\" \/>\n\t<meta property=\"og:image:width\" content=\"1280\" \/>\n\t<meta property=\"og:image:height\" content=\"720\" \/>\n\t<meta property=\"og:image:type\" content=\"image\/jpeg\" \/>\n<meta name=\"author\" content=\"Edici\u00f3n Web\" \/>\n<meta name=\"twitter:card\" content=\"summary_large_image\" \/>\n<meta name=\"twitter:creator\" content=\"@NOTICIEROS7\" \/>\n<meta name=\"twitter:site\" content=\"@NOTICIEROS7\" \/>\n<meta name=\"twitter:label1\" content=\"Escrito por\" \/>\n\t<meta name=\"twitter:data1\" content=\"Edici\u00f3n Web\" \/>\n\t<meta name=\"twitter:label2\" content=\"Tiempo de lectura\" \/>\n\t<meta name=\"twitter:data2\" content=\"1 minuto\" \/>\n<script type=\"application\/ld+json\" class=\"yoast-schema-graph\">{\"@context\":\"https:\\\/\\\/schema.org\",\"@graph\":[{\"@type\":\"Article\",\"@id\":\"https:\\\/\\\/canal7slp.tv\\\/2023\\\/codigo-7-slp-en-defensa-de-las-instituciones-concentracion-mi-voto-no-se-toca\\\/#article\",\"isPartOf\":{\"@id\":\"https:\\\/\\\/canal7slp.tv\\\/2023\\\/codigo-7-slp-en-defensa-de-las-instituciones-concentracion-mi-voto-no-se-toca\\\/\"},\"author\":{\"name\":\"Edici\u00f3n Web\",\"@id\":\"https:\\\/\\\/canal7slp.tv\\\/2023\\\/#\\\/schema\\\/person\\\/639c424e3584069003b11ae813915da6\"},\"headline\":\"C\u00f3digo 7: SLP en defensa de las instituciones. Concentraci\u00f3n \u00abMi voto no se toca\u00bb.\",\"datePublished\":\"2023-02-24T21:40:22+00:00\",\"mainEntityOfPage\":{\"@id\":\"https:\\\/\\\/canal7slp.tv\\\/2023\\\/codigo-7-slp-en-defensa-de-las-instituciones-concentracion-mi-voto-no-se-toca\\\/\"},\"wordCount\":60,\"publisher\":{\"@id\":\"https:\\\/\\\/canal7slp.tv\\\/2023\\\/#organization\"},\"image\":{\"@id\":\"https:\\\/\\\/canal7slp.tv\\\/2023\\\/codigo-7-slp-en-defensa-de-las-instituciones-concentracion-mi-voto-no-se-toca\\\/#primaryimage\"},\"thumbnailUrl\":\"https:\\\/\\\/canal7slp.tv\\\/2023\\\/wp-content\\\/uploads\\\/2023\\\/02\\\/Codigo7230223.jpg\",\"articleSection\":[\"CODIGO 7\",\"DESTACADAS\"],\"inLanguage\":\"es\"},{\"@type\":\"WebPage\",\"@id\":\"https:\\\/\\\/canal7slp.tv\\\/2023\\\/codigo-7-slp-en-defensa-de-las-instituciones-concentracion-mi-voto-no-se-toca\\\/\",\"url\":\"https:\\\/\\\/canal7slp.tv\\\/2023\\\/codigo-7-slp-en-defensa-de-las-instituciones-concentracion-mi-voto-no-se-toca\\\/\",\"name\":\"C\u00f3digo 7: SLP en defensa de las instituciones. Concentraci\u00f3n \\\"Mi voto no se toca\\\". - Canal 7 SLP - 2023\",\"isPartOf\":{\"@id\":\"https:\\\/\\\/canal7slp.tv\\\/2023\\\/#website\"},\"primaryImageOfPage\":{\"@id\":\"https:\\\/\\\/canal7slp.tv\\\/2023\\\/codigo-7-slp-en-defensa-de-las-instituciones-concentracion-mi-voto-no-se-toca\\\/#primaryimage\"},\"image\":{\"@id\":\"https:\\\/\\\/canal7slp.tv\\\/2023\\\/codigo-7-slp-en-defensa-de-las-instituciones-concentracion-mi-voto-no-se-toca\\\/#primaryimage\"},\"thumbnailUrl\":\"https:\\\/\\\/canal7slp.tv\\\/2023\\\/wp-content\\\/uploads\\\/2023\\\/02\\\/Codigo7230223.jpg\",\"datePublished\":\"2023-02-24T21:40:22+00:00\",\"breadcrumb\":{\"@id\":\"https:\\\/\\\/canal7slp.tv\\\/2023\\\/codigo-7-slp-en-defensa-de-las-instituciones-concentracion-mi-voto-no-se-toca\\\/#breadcrumb\"},\"inLanguage\":\"es\",\"potentialAction\":[{\"@type\":\"ReadAction\",\"target\":[\"https:\\\/\\\/canal7slp.tv\\\/2023\\\/codigo-7-slp-en-defensa-de-las-instituciones-concentracion-mi-voto-no-se-toca\\\/\"]}]},{\"@type\":\"ImageObject\",\"inLanguage\":\"es\",\"@id\":\"https:\\\/\\\/canal7slp.tv\\\/2023\\\/codigo-7-slp-en-defensa-de-las-instituciones-concentracion-mi-voto-no-se-toca\\\/#primaryimage\",\"url\":\"https:\\\/\\\/canal7slp.tv\\\/2023\\\/wp-content\\\/uploads\\\/2023\\\/02\\\/Codigo7230223.jpg\",\"contentUrl\":\"https:\\\/\\\/canal7slp.tv\\\/2023\\\/wp-content\\\/uploads\\\/2023\\\/02\\\/Codigo7230223.jpg\",\"width\":1280,\"height\":720},{\"@type\":\"BreadcrumbList\",\"@id\":\"https:\\\/\\\/canal7slp.tv\\\/2023\\\/codigo-7-slp-en-defensa-de-las-instituciones-concentracion-mi-voto-no-se-toca\\\/#breadcrumb\",\"itemListElement\":[{\"@type\":\"ListItem\",\"position\":1,\"name\":\"Portada\",\"item\":\"https:\\\/\\\/canal7slp.tv\\\/2023\\\/\"},{\"@type\":\"ListItem\",\"position\":2,\"name\":\"C\u00f3digo 7: SLP en defensa de las instituciones. Concentraci\u00f3n &#8220;Mi voto no se toca&#8221;.\"}]},{\"@type\":\"WebSite\",\"@id\":\"https:\\\/\\\/canal7slp.tv\\\/2023\\\/#website\",\"url\":\"https:\\\/\\\/canal7slp.tv\\\/2023\\\/\",\"name\":\"N7 - Noticieros Canal 7\",\"description\":\"Somos Televisi\u00f3n\",\"publisher\":{\"@id\":\"https:\\\/\\\/canal7slp.tv\\\/2023\\\/#organization\"},\"potentialAction\":[{\"@type\":\"SearchAction\",\"target\":{\"@type\":\"EntryPoint\",\"urlTemplate\":\"https:\\\/\\\/canal7slp.tv\\\/2023\\\/?s={search_term_string}\"},\"query-input\":{\"@type\":\"PropertyValueSpecification\",\"valueRequired\":true,\"valueName\":\"search_term_string\"}}],\"inLanguage\":\"es\"},{\"@type\":\"Organization\",\"@id\":\"https:\\\/\\\/canal7slp.tv\\\/2023\\\/#organization\",\"name\":\"Noticieros Canal 7\",\"url\":\"https:\\\/\\\/canal7slp.tv\\\/2023\\\/\",\"logo\":{\"@type\":\"ImageObject\",\"inLanguage\":\"es\",\"@id\":\"https:\\\/\\\/canal7slp.tv\\\/2023\\\/#\\\/schema\\\/logo\\\/image\\\/\",\"url\":\"https:\\\/\\\/canal7slp.tv\\\/2023\\\/wp-content\\\/uploads\\\/2021\\\/01\\\/logo-noticieros@2x.png\",\"contentUrl\":\"https:\\\/\\\/canal7slp.tv\\\/2023\\\/wp-content\\\/uploads\\\/2021\\\/01\\\/logo-noticieros@2x.png\",\"width\":1017,\"height\":268,\"caption\":\"Noticieros Canal 7\"},\"image\":{\"@id\":\"https:\\\/\\\/canal7slp.tv\\\/2023\\\/#\\\/schema\\\/logo\\\/image\\\/\"},\"sameAs\":[\"https:\\\/\\\/www.facebook.com\\\/noticieroscanalsiete\",\"https:\\\/\\\/x.com\\\/NOTICIEROS7\",\"https:\\\/\\\/www.instagram.com\\\/canal7_slp\",\"https:\\\/\\\/www.youtube.com\\\/channel\\\/UCliiYs-gP3JfJeqdPrNdd5A\"]},{\"@type\":\"Person\",\"@id\":\"https:\\\/\\\/canal7slp.tv\\\/2023\\\/#\\\/schema\\\/person\\\/639c424e3584069003b11ae813915da6\",\"name\":\"Edici\u00f3n Web\",\"image\":{\"@type\":\"ImageObject\",\"inLanguage\":\"es\",\"@id\":\"https:\\\/\\\/secure.gravatar.com\\\/avatar\\\/eee448fc3f7164808013b816ba91ac7e43bbe82a70bebac296f8bc6f0addaa1a?s=96&d=mm&r=g\",\"url\":\"https:\\\/\\\/secure.gravatar.com\\\/avatar\\\/eee448fc3f7164808013b816ba91ac7e43bbe82a70bebac296f8bc6f0addaa1a?s=96&d=mm&r=g\",\"contentUrl\":\"https:\\\/\\\/secure.gravatar.com\\\/avatar\\\/eee448fc3f7164808013b816ba91ac7e43bbe82a70bebac296f8bc6f0addaa1a?s=96&d=mm&r=g\",\"caption\":\"Edici\u00f3n Web\"},\"url\":\"https:\\\/\\\/canal7slp.tv\\\/2023\\\/author\\\/edicionweb\\\/\"}]}<\/script>\n<!-- \/ Yoast SEO plugin. -->","yoast_head_json":{"title":"C\u00f3digo 7: SLP en defensa de las instituciones. Concentraci\u00f3n \"Mi voto no se toca\". - Canal 7 SLP - 2023","robots":{"index":"index","follow":"follow","max-snippet":"max-snippet:-1","max-image-preview":"max-image-preview:large","max-video-preview":"max-video-preview:-1"},"canonical":"https:\/\/canal7slp.tv\/2023\/codigo-7-slp-en-defensa-de-las-instituciones-concentracion-mi-voto-no-se-toca\/","og_locale":"es_ES","og_type":"article","og_title":"C\u00f3digo 7: SLP en defensa de las instituciones. Concentraci\u00f3n \"Mi voto no se toca\". - Canal 7 SLP - 2023","og_description":"Invitados: Marcela Zapata Su\u00e1rez del Real, Integrante del Frente C\u00edvico Nacional. Hugo Stevens Amaro, Integrante del Frente C\u00edvico Potosino. Jos\u00e9 Alberto Meade Mendiz\u00e1bal, Integrante de M\u00e9xico Unidos. Alberto Narv\u00e1ez Arochi, Presidente de Potosinos con Valor. Moderadora: Paulina Rodr\u00edguez","og_url":"https:\/\/canal7slp.tv\/2023\/codigo-7-slp-en-defensa-de-las-instituciones-concentracion-mi-voto-no-se-toca\/","og_site_name":"Canal 7 SLP - 2023","article_publisher":"https:\/\/www.facebook.com\/noticieroscanalsiete","article_published_time":"2023-02-24T21:40:22+00:00","og_image":[{"width":1280,"height":720,"url":"https:\/\/canal7slp.tv\/2023\/wp-content\/uploads\/2023\/02\/Codigo7230223.jpg","type":"image\/jpeg"}],"author":"Edici\u00f3n Web","twitter_card":"summary_large_image","twitter_creator":"@NOTICIEROS7","twitter_site":"@NOTICIEROS7","twitter_misc":{"Escrito por":"Edici\u00f3n Web","Tiempo de lectura":"1 minuto"},"schema":{"@context":"https:\/\/schema.org","@graph":[{"@type":"Article","@id":"https:\/\/canal7slp.tv\/2023\/codigo-7-slp-en-defensa-de-las-instituciones-concentracion-mi-voto-no-se-toca\/#article","isPartOf":{"@id":"https:\/\/canal7slp.tv\/2023\/codigo-7-slp-en-defensa-de-las-instituciones-concentracion-mi-voto-no-se-toca\/"},"author":{"name":"Edici\u00f3n Web","@id":"https:\/\/canal7slp.tv\/2023\/#\/schema\/person\/639c424e3584069003b11ae813915da6"},"headline":"C\u00f3digo 7: SLP en defensa de las instituciones. Concentraci\u00f3n \u00abMi voto no se toca\u00bb.","datePublished":"2023-02-24T21:40:22+00:00","mainEntityOfPage":{"@id":"https:\/\/canal7slp.tv\/2023\/codigo-7-slp-en-defensa-de-las-instituciones-concentracion-mi-voto-no-se-toca\/"},"wordCount":60,"publisher":{"@id":"https:\/\/canal7slp.tv\/2023\/#organization"},"image":{"@id":"https:\/\/canal7slp.tv\/2023\/codigo-7-slp-en-defensa-de-las-instituciones-concentracion-mi-voto-no-se-toca\/#primaryimage"},"thumbnailUrl":"https:\/\/canal7slp.tv\/2023\/wp-content\/uploads\/2023\/02\/Codigo7230223.jpg","articleSection":["CODIGO 7","DESTACADAS"],"inLanguage":"es"},{"@type":"WebPage","@id":"https:\/\/canal7slp.tv\/2023\/codigo-7-slp-en-defensa-de-las-instituciones-concentracion-mi-voto-no-se-toca\/","url":"https:\/\/canal7slp.tv\/2023\/codigo-7-slp-en-defensa-de-las-instituciones-concentracion-mi-voto-no-se-toca\/","name":"C\u00f3digo 7: SLP en defensa de las instituciones. Concentraci\u00f3n \"Mi voto no se toca\". - Canal 7 SLP - 2023","isPartOf":{"@id":"https:\/\/canal7slp.tv\/2023\/#website"},"primaryImageOfPage":{"@id":"https:\/\/canal7slp.tv\/2023\/codigo-7-slp-en-defensa-de-las-instituciones-concentracion-mi-voto-no-se-toca\/#primaryimage"},"image":{"@id":"https:\/\/canal7slp.tv\/2023\/codigo-7-slp-en-defensa-de-las-instituciones-concentracion-mi-voto-no-se-toca\/#primaryimage"},"thumbnailUrl":"https:\/\/canal7slp.tv\/2023\/wp-content\/uploads\/2023\/02\/Codigo7230223.jpg","datePublished":"2023-02-24T21:40:22+00:00","breadcrumb":{"@id":"https:\/\/canal7slp.tv\/2023\/codigo-7-slp-en-defensa-de-las-instituciones-concentracion-mi-voto-no-se-toca\/#breadcrumb"},"inLanguage":"es","potentialAction":[{"@type":"ReadAction","target":["https:\/\/canal7slp.tv\/2023\/codigo-7-slp-en-defensa-de-las-instituciones-concentracion-mi-voto-no-se-toca\/"]}]},{"@type":"ImageObject","inLanguage":"es","@id":"https:\/\/canal7slp.tv\/2023\/codigo-7-slp-en-defensa-de-las-instituciones-concentracion-mi-voto-no-se-toca\/#primaryimage","url":"https:\/\/canal7slp.tv\/2023\/wp-content\/uploads\/2023\/02\/Codigo7230223.jpg","contentUrl":"https:\/\/canal7slp.tv\/2023\/wp-content\/uploads\/2023\/02\/Codigo7230223.jpg","width":1280,"height":720},{"@type":"BreadcrumbList","@id":"https:\/\/canal7slp.tv\/2023\/codigo-7-slp-en-defensa-de-las-instituciones-concentracion-mi-voto-no-se-toca\/#breadcrumb","itemListElement":[{"@type":"ListItem","position":1,"name":"Portada","item":"https:\/\/canal7slp.tv\/2023\/"},{"@type":"ListItem","position":2,"name":"C\u00f3digo 7: SLP en defensa de las instituciones. Concentraci\u00f3n &#8220;Mi voto no se toca&#8221;."}]},{"@type":"WebSite","@id":"https:\/\/canal7slp.tv\/2023\/#website","url":"https:\/\/canal7slp.tv\/2023\/","name":"N7 - Noticieros Canal 7","description":"Somos Televisi\u00f3n","publisher":{"@id":"https:\/\/canal7slp.tv\/2023\/#organization"},"potentialAction":[{"@type":"SearchAction","target":{"@type":"EntryPoint","urlTemplate":"https:\/\/canal7slp.tv\/2023\/?s={search_term_string}"},"query-input":{"@type":"PropertyValueSpecification","valueRequired":true,"valueName":"search_term_string"}}],"inLanguage":"es"},{"@type":"Organization","@id":"https:\/\/canal7slp.tv\/2023\/#organization","name":"Noticieros Canal 7","url":"https:\/\/canal7slp.tv\/2023\/","logo":{"@type":"ImageObject","inLanguage":"es","@id":"https:\/\/canal7slp.tv\/2023\/#\/schema\/logo\/image\/","url":"https:\/\/canal7slp.tv\/2023\/wp-content\/uploads\/2021\/01\/logo-noticieros@2x.png","contentUrl":"https:\/\/canal7slp.tv\/2023\/wp-content\/uploads\/2021\/01\/logo-noticieros@2x.png","width":1017,"height":268,"caption":"Noticieros Canal 7"},"image":{"@id":"https:\/\/canal7slp.tv\/2023\/#\/schema\/logo\/image\/"},"sameAs":["https:\/\/www.facebook.com\/noticieroscanalsiete","https:\/\/x.com\/NOTICIEROS7","https:\/\/www.instagram.com\/canal7_slp","https:\/\/www.youtube.com\/channel\/UCliiYs-gP3JfJeqdPrNdd5A"]},{"@type":"Person","@id":"https:\/\/canal7slp.tv\/2023\/#\/schema\/person\/639c424e3584069003b11ae813915da6","name":"Edici\u00f3n Web","image":{"@type":"ImageObject","inLanguage":"es","@id":"https:\/\/secure.gravatar.com\/avatar\/eee448fc3f7164808013b816ba91ac7e43bbe82a70bebac296f8bc6f0addaa1a?s=96&d=mm&r=g","url":"https:\/\/secure.gravatar.com\/avatar\/eee448fc3f7164808013b816ba91ac7e43bbe82a70bebac296f8bc6f0addaa1a?s=96&d=mm&r=g","contentUrl":"https:\/\/secure.gravatar.com\/avatar\/eee448fc3f7164808013b816ba91ac7e43bbe82a70bebac296f8bc6f0addaa1a?s=96&d=mm&r=g","caption":"Edici\u00f3n Web"},"url":"https:\/\/canal7slp.tv\/2023\/author\/edicionweb\/"}]}},"_links":{"self":[{"href":"https:\/\/canal7slp.tv\/2023\/wp-json\/wp\/v2\/posts\/88149","targetHints":{"allow":["GET"]}}],"collection":[{"href":"https:\/\/canal7slp.tv\/2023\/wp-json\/wp\/v2\/posts"}],"about":[{"href":"https:\/\/canal7slp.tv\/2023\/wp-json\/wp\/v2\/types\/post"}],"author":[{"embeddable":true,"href":"https:\/\/canal7slp.tv\/2023\/wp-json\/wp\/v2\/users\/2"}],"replies":[{"embeddable":true,"href":"https:\/\/canal7slp.tv\/2023\/wp-json\/wp\/v2\/comments?post=88149"}],"version-history":[{"count":2,"href":"https:\/\/canal7slp.tv\/2023\/wp-json\/wp\/v2\/posts\/88149\/revisions"}],"predecessor-version":[{"id":88151,"href":"https:\/\/canal7slp.tv\/2023\/wp-json\/wp\/v2\/posts\/88149\/revisions\/88151"}],"wp:featuredmedia":[{"embeddable":true,"href":"https:\/\/canal7slp.tv\/2023\/wp-json\/wp\/v2\/media\/88152"}],"wp:attachment":[{"href":"https:\/\/canal7slp.tv\/2023\/wp-json\/wp\/v2\/media?parent=88149"}],"wp:term":[{"taxonomy":"category","embeddable":true,"href":"https:\/\/canal7slp.tv\/2023\/wp-json\/wp\/v2\/categories?post=88149"},{"taxonomy":"post_tag","embeddable":true,"href":"https:\/\/canal7slp.tv\/2023\/wp-json\/wp\/v2\/tags?post=88149"}],"curies":[{"name":"wp","href":"https:\/\/api.w.org\/{rel}","templated":true}]}}