{"id":86434,"date":"2023-02-07T17:54:06","date_gmt":"2023-02-07T23:54:06","guid":{"rendered":"https:\/\/canal7slp.tv\/2023\/?p=86434"},"modified":"2023-02-07T17:54:06","modified_gmt":"2023-02-07T23:54:06","slug":"sedena-reporta-detencion-de-los-lideres-del-cartel-nuevo-imperio","status":"publish","type":"post","link":"https:\/\/canal7slp.tv\/2023\/sedena-reporta-detencion-de-los-lideres-del-cartel-nuevo-imperio\/","title":{"rendered":"SEDENA reporta detenci\u00f3n de los l\u00edderes del C\u00e1rtel Nuevo Imperio"},"content":{"rendered":"<p style=\"text-align: justify;\">M\u00e9xico.- El General Luis Cresencio Sandoval, titular de la Defensa Nacional (SEDENA), dio a conocer que personal militar, de la Guardia Nacional (GN) con apoyo de la Fiscal\u00eda General de la Rep\u00fablica (FGR), detuvieron a l\u00edderes C\u00e1rtel Nuevo Imperio.<\/p>\n<p style=\"text-align: justify;\">Dicha agrupaci\u00f3n es considerada generadora de violencia en la Ciudad de M\u00e9xico y el Estado de M\u00e9xico.<\/p>\n<p style=\"text-align: justify;\">El General detall\u00f3 que los dos detenidos son segundo al mando de la organizaci\u00f3n y de un operador financiero.<\/p>\n<p style=\"text-align: justify;\">\u00abEl pasado 31 de enero en Zacapu, Michoac\u00e1n, fue detenido C\u00e9sar \u201cN\u201d, segundo al mando de la organizaci\u00f3n delictiva C\u00e1rtel Nuevo Imperio, generador de violencia en las alcald\u00edas de Miguel Hidalgo y Azcapotzalco en la Ciudad de M\u00e9xico, y en los municipios mexiquenses de Atizap\u00e1n de Zaragoza, Huixquilucan, Naucalpan, Tlalnepantla y Cuautitl\u00e1n Izcalli. Tambi\u00e9n ese d\u00eda, pero en el municipio mexiquense de Toluca se detuvo a Alan Misael \u201cN\u201d, quien es considerado el operador log\u00edstico y financiero de la organizaci\u00f3n delictiva C\u00e1rtel Nuevo Imperio\u00bb.<\/p>\n","protected":false},"excerpt":{"rendered":"<p>M\u00e9xico.- El General Luis Cresencio Sandoval, titular de la Defensa Nacional (SEDENA), dio a conocer que personal militar, de la Guardia Nacional (GN) con apoyo de la Fiscal\u00eda General de la Rep\u00fablica (FGR), detuvieron a l\u00edderes C\u00e1rtel Nuevo Imperio. Dicha agrupaci\u00f3n es considerada generadora de violencia en la Ciudad de M\u00e9xico y el Estado de M\u00e9xico. El General detall\u00f3 que los dos detenidos son segundo al mando de la organizaci\u00f3n y de un operador financiero. \u00abEl pasado 31 de enero en Zacapu, Michoac\u00e1n, fue detenido C\u00e9sar \u201cN\u201d, segundo al mando de la organizaci\u00f3n delictiva C\u00e1rtel Nuevo Imperio, generador de violencia [&hellip;]<\/p>\n","protected":false},"author":2,"featured_media":86449,"comment_status":"closed","ping_status":"closed","sticky":false,"template":"","format":"standard","meta":{"footnotes":""},"categories":[46],"tags":[],"class_list":["post-86434","post","type-post","status-publish","format-standard","has-post-thumbnail","hentry","category-nacional","post--single"],"yoast_head":"<!-- This site is optimized with the Yoast SEO plugin v27.5 - https:\/\/yoast.com\/product\/yoast-seo-wordpress\/ -->\n<title>SEDENA reporta detenci\u00f3n de los l\u00edderes del C\u00e1rtel Nuevo Imperio - Canal 7 SLP - 2023<\/title>\n<meta name=\"robots\" content=\"index, follow, max-snippet:-1, max-image-preview:large, max-video-preview:-1\" \/>\n<link rel=\"canonical\" href=\"https:\/\/canal7slp.tv\/2023\/sedena-reporta-detencion-de-los-lideres-del-cartel-nuevo-imperio\/\" \/>\n<meta property=\"og:locale\" content=\"es_ES\" \/>\n<meta property=\"og:type\" content=\"article\" \/>\n<meta property=\"og:title\" content=\"SEDENA reporta detenci\u00f3n de los l\u00edderes del C\u00e1rtel Nuevo Imperio - Canal 7 SLP - 2023\" \/>\n<meta property=\"og:description\" content=\"M\u00e9xico.- El General Luis Cresencio Sandoval, titular de la Defensa Nacional (SEDENA), dio a conocer que personal militar, de la Guardia Nacional (GN) con apoyo de la Fiscal\u00eda General de la Rep\u00fablica (FGR), detuvieron a l\u00edderes C\u00e1rtel Nuevo Imperio. Dicha agrupaci\u00f3n es considerada generadora de violencia en la Ciudad de M\u00e9xico y el Estado de M\u00e9xico. El General detall\u00f3 que los dos detenidos son segundo al mando de la organizaci\u00f3n y de un operador financiero. \u00abEl pasado 31 de enero en Zacapu, Michoac\u00e1n, fue detenido C\u00e9sar \u201cN\u201d, segundo al mando de la organizaci\u00f3n delictiva C\u00e1rtel Nuevo Imperio, generador de violencia [&hellip;]\" \/>\n<meta property=\"og:url\" content=\"https:\/\/canal7slp.tv\/2023\/sedena-reporta-detencion-de-los-lideres-del-cartel-nuevo-imperio\/\" \/>\n<meta property=\"og:site_name\" content=\"Canal 7 SLP - 2023\" \/>\n<meta property=\"article:publisher\" content=\"https:\/\/www.facebook.com\/noticieroscanalsiete\" \/>\n<meta property=\"article:published_time\" content=\"2023-02-07T23:54:06+00:00\" \/>\n<meta property=\"og:image\" content=\"https:\/\/canal7slp.tv\/2023\/wp-content\/uploads\/2023\/02\/03-3.jpg\" \/>\n\t<meta property=\"og:image:width\" content=\"1280\" \/>\n\t<meta property=\"og:image:height\" content=\"853\" \/>\n\t<meta property=\"og:image:type\" content=\"image\/jpeg\" \/>\n<meta name=\"author\" content=\"Edici\u00f3n Web\" \/>\n<meta name=\"twitter:card\" content=\"summary_large_image\" \/>\n<meta name=\"twitter:creator\" content=\"@NOTICIEROS7\" \/>\n<meta name=\"twitter:site\" content=\"@NOTICIEROS7\" \/>\n<meta name=\"twitter:label1\" content=\"Escrito por\" \/>\n\t<meta name=\"twitter:data1\" content=\"Edici\u00f3n Web\" \/>\n\t<meta name=\"twitter:label2\" content=\"Tiempo de lectura\" \/>\n\t<meta name=\"twitter:data2\" content=\"1 minuto\" \/>\n<script type=\"application\/ld+json\" class=\"yoast-schema-graph\">{\"@context\":\"https:\\\/\\\/schema.org\",\"@graph\":[{\"@type\":\"Article\",\"@id\":\"https:\\\/\\\/canal7slp.tv\\\/2023\\\/sedena-reporta-detencion-de-los-lideres-del-cartel-nuevo-imperio\\\/#article\",\"isPartOf\":{\"@id\":\"https:\\\/\\\/canal7slp.tv\\\/2023\\\/sedena-reporta-detencion-de-los-lideres-del-cartel-nuevo-imperio\\\/\"},\"author\":{\"name\":\"Edici\u00f3n Web\",\"@id\":\"https:\\\/\\\/canal7slp.tv\\\/2023\\\/#\\\/schema\\\/person\\\/639c424e3584069003b11ae813915da6\"},\"headline\":\"SEDENA reporta detenci\u00f3n de los l\u00edderes del C\u00e1rtel Nuevo Imperio\",\"datePublished\":\"2023-02-07T23:54:06+00:00\",\"mainEntityOfPage\":{\"@id\":\"https:\\\/\\\/canal7slp.tv\\\/2023\\\/sedena-reporta-detencion-de-los-lideres-del-cartel-nuevo-imperio\\\/\"},\"wordCount\":194,\"publisher\":{\"@id\":\"https:\\\/\\\/canal7slp.tv\\\/2023\\\/#organization\"},\"image\":{\"@id\":\"https:\\\/\\\/canal7slp.tv\\\/2023\\\/sedena-reporta-detencion-de-los-lideres-del-cartel-nuevo-imperio\\\/#primaryimage\"},\"thumbnailUrl\":\"https:\\\/\\\/canal7slp.tv\\\/2023\\\/wp-content\\\/uploads\\\/2023\\\/02\\\/03-3.jpg\",\"articleSection\":[\"NACIONALES\"],\"inLanguage\":\"es\"},{\"@type\":\"WebPage\",\"@id\":\"https:\\\/\\\/canal7slp.tv\\\/2023\\\/sedena-reporta-detencion-de-los-lideres-del-cartel-nuevo-imperio\\\/\",\"url\":\"https:\\\/\\\/canal7slp.tv\\\/2023\\\/sedena-reporta-detencion-de-los-lideres-del-cartel-nuevo-imperio\\\/\",\"name\":\"SEDENA reporta detenci\u00f3n de los l\u00edderes del C\u00e1rtel Nuevo Imperio - Canal 7 SLP - 2023\",\"isPartOf\":{\"@id\":\"https:\\\/\\\/canal7slp.tv\\\/2023\\\/#website\"},\"primaryImageOfPage\":{\"@id\":\"https:\\\/\\\/canal7slp.tv\\\/2023\\\/sedena-reporta-detencion-de-los-lideres-del-cartel-nuevo-imperio\\\/#primaryimage\"},\"image\":{\"@id\":\"https:\\\/\\\/canal7slp.tv\\\/2023\\\/sedena-reporta-detencion-de-los-lideres-del-cartel-nuevo-imperio\\\/#primaryimage\"},\"thumbnailUrl\":\"https:\\\/\\\/canal7slp.tv\\\/2023\\\/wp-content\\\/uploads\\\/2023\\\/02\\\/03-3.jpg\",\"datePublished\":\"2023-02-07T23:54:06+00:00\",\"breadcrumb\":{\"@id\":\"https:\\\/\\\/canal7slp.tv\\\/2023\\\/sedena-reporta-detencion-de-los-lideres-del-cartel-nuevo-imperio\\\/#breadcrumb\"},\"inLanguage\":\"es\",\"potentialAction\":[{\"@type\":\"ReadAction\",\"target\":[\"https:\\\/\\\/canal7slp.tv\\\/2023\\\/sedena-reporta-detencion-de-los-lideres-del-cartel-nuevo-imperio\\\/\"]}]},{\"@type\":\"ImageObject\",\"inLanguage\":\"es\",\"@id\":\"https:\\\/\\\/canal7slp.tv\\\/2023\\\/sedena-reporta-detencion-de-los-lideres-del-cartel-nuevo-imperio\\\/#primaryimage\",\"url\":\"https:\\\/\\\/canal7slp.tv\\\/2023\\\/wp-content\\\/uploads\\\/2023\\\/02\\\/03-3.jpg\",\"contentUrl\":\"https:\\\/\\\/canal7slp.tv\\\/2023\\\/wp-content\\\/uploads\\\/2023\\\/02\\\/03-3.jpg\",\"width\":1280,\"height\":853},{\"@type\":\"BreadcrumbList\",\"@id\":\"https:\\\/\\\/canal7slp.tv\\\/2023\\\/sedena-reporta-detencion-de-los-lideres-del-cartel-nuevo-imperio\\\/#breadcrumb\",\"itemListElement\":[{\"@type\":\"ListItem\",\"position\":1,\"name\":\"Portada\",\"item\":\"https:\\\/\\\/canal7slp.tv\\\/2023\\\/\"},{\"@type\":\"ListItem\",\"position\":2,\"name\":\"SEDENA reporta detenci\u00f3n de los l\u00edderes del C\u00e1rtel Nuevo Imperio\"}]},{\"@type\":\"WebSite\",\"@id\":\"https:\\\/\\\/canal7slp.tv\\\/2023\\\/#website\",\"url\":\"https:\\\/\\\/canal7slp.tv\\\/2023\\\/\",\"name\":\"N7 - Noticieros Canal 7\",\"description\":\"Somos Televisi\u00f3n\",\"publisher\":{\"@id\":\"https:\\\/\\\/canal7slp.tv\\\/2023\\\/#organization\"},\"potentialAction\":[{\"@type\":\"SearchAction\",\"target\":{\"@type\":\"EntryPoint\",\"urlTemplate\":\"https:\\\/\\\/canal7slp.tv\\\/2023\\\/?s={search_term_string}\"},\"query-input\":{\"@type\":\"PropertyValueSpecification\",\"valueRequired\":true,\"valueName\":\"search_term_string\"}}],\"inLanguage\":\"es\"},{\"@type\":\"Organization\",\"@id\":\"https:\\\/\\\/canal7slp.tv\\\/2023\\\/#organization\",\"name\":\"Noticieros Canal 7\",\"url\":\"https:\\\/\\\/canal7slp.tv\\\/2023\\\/\",\"logo\":{\"@type\":\"ImageObject\",\"inLanguage\":\"es\",\"@id\":\"https:\\\/\\\/canal7slp.tv\\\/2023\\\/#\\\/schema\\\/logo\\\/image\\\/\",\"url\":\"https:\\\/\\\/canal7slp.tv\\\/2023\\\/wp-content\\\/uploads\\\/2021\\\/01\\\/logo-noticieros@2x.png\",\"contentUrl\":\"https:\\\/\\\/canal7slp.tv\\\/2023\\\/wp-content\\\/uploads\\\/2021\\\/01\\\/logo-noticieros@2x.png\",\"width\":1017,\"height\":268,\"caption\":\"Noticieros Canal 7\"},\"image\":{\"@id\":\"https:\\\/\\\/canal7slp.tv\\\/2023\\\/#\\\/schema\\\/logo\\\/image\\\/\"},\"sameAs\":[\"https:\\\/\\\/www.facebook.com\\\/noticieroscanalsiete\",\"https:\\\/\\\/x.com\\\/NOTICIEROS7\",\"https:\\\/\\\/www.instagram.com\\\/canal7_slp\",\"https:\\\/\\\/www.youtube.com\\\/channel\\\/UCliiYs-gP3JfJeqdPrNdd5A\"]},{\"@type\":\"Person\",\"@id\":\"https:\\\/\\\/canal7slp.tv\\\/2023\\\/#\\\/schema\\\/person\\\/639c424e3584069003b11ae813915da6\",\"name\":\"Edici\u00f3n Web\",\"image\":{\"@type\":\"ImageObject\",\"inLanguage\":\"es\",\"@id\":\"https:\\\/\\\/secure.gravatar.com\\\/avatar\\\/eee448fc3f7164808013b816ba91ac7e43bbe82a70bebac296f8bc6f0addaa1a?s=96&d=mm&r=g\",\"url\":\"https:\\\/\\\/secure.gravatar.com\\\/avatar\\\/eee448fc3f7164808013b816ba91ac7e43bbe82a70bebac296f8bc6f0addaa1a?s=96&d=mm&r=g\",\"contentUrl\":\"https:\\\/\\\/secure.gravatar.com\\\/avatar\\\/eee448fc3f7164808013b816ba91ac7e43bbe82a70bebac296f8bc6f0addaa1a?s=96&d=mm&r=g\",\"caption\":\"Edici\u00f3n Web\"},\"url\":\"https:\\\/\\\/canal7slp.tv\\\/2023\\\/author\\\/edicionweb\\\/\"}]}<\/script>\n<!-- \/ Yoast SEO plugin. -->","yoast_head_json":{"title":"SEDENA reporta detenci\u00f3n de los l\u00edderes del C\u00e1rtel Nuevo Imperio - Canal 7 SLP - 2023","robots":{"index":"index","follow":"follow","max-snippet":"max-snippet:-1","max-image-preview":"max-image-preview:large","max-video-preview":"max-video-preview:-1"},"canonical":"https:\/\/canal7slp.tv\/2023\/sedena-reporta-detencion-de-los-lideres-del-cartel-nuevo-imperio\/","og_locale":"es_ES","og_type":"article","og_title":"SEDENA reporta detenci\u00f3n de los l\u00edderes del C\u00e1rtel Nuevo Imperio - Canal 7 SLP - 2023","og_description":"M\u00e9xico.- El General Luis Cresencio Sandoval, titular de la Defensa Nacional (SEDENA), dio a conocer que personal militar, de la Guardia Nacional (GN) con apoyo de la Fiscal\u00eda General de la Rep\u00fablica (FGR), detuvieron a l\u00edderes C\u00e1rtel Nuevo Imperio. Dicha agrupaci\u00f3n es considerada generadora de violencia en la Ciudad de M\u00e9xico y el Estado de M\u00e9xico. El General detall\u00f3 que los dos detenidos son segundo al mando de la organizaci\u00f3n y de un operador financiero. \u00abEl pasado 31 de enero en Zacapu, Michoac\u00e1n, fue detenido C\u00e9sar \u201cN\u201d, segundo al mando de la organizaci\u00f3n delictiva C\u00e1rtel Nuevo Imperio, generador de violencia [&hellip;]","og_url":"https:\/\/canal7slp.tv\/2023\/sedena-reporta-detencion-de-los-lideres-del-cartel-nuevo-imperio\/","og_site_name":"Canal 7 SLP - 2023","article_publisher":"https:\/\/www.facebook.com\/noticieroscanalsiete","article_published_time":"2023-02-07T23:54:06+00:00","og_image":[{"width":1280,"height":853,"url":"https:\/\/canal7slp.tv\/2023\/wp-content\/uploads\/2023\/02\/03-3.jpg","type":"image\/jpeg"}],"author":"Edici\u00f3n Web","twitter_card":"summary_large_image","twitter_creator":"@NOTICIEROS7","twitter_site":"@NOTICIEROS7","twitter_misc":{"Escrito por":"Edici\u00f3n Web","Tiempo de lectura":"1 minuto"},"schema":{"@context":"https:\/\/schema.org","@graph":[{"@type":"Article","@id":"https:\/\/canal7slp.tv\/2023\/sedena-reporta-detencion-de-los-lideres-del-cartel-nuevo-imperio\/#article","isPartOf":{"@id":"https:\/\/canal7slp.tv\/2023\/sedena-reporta-detencion-de-los-lideres-del-cartel-nuevo-imperio\/"},"author":{"name":"Edici\u00f3n Web","@id":"https:\/\/canal7slp.tv\/2023\/#\/schema\/person\/639c424e3584069003b11ae813915da6"},"headline":"SEDENA reporta detenci\u00f3n de los l\u00edderes del C\u00e1rtel Nuevo Imperio","datePublished":"2023-02-07T23:54:06+00:00","mainEntityOfPage":{"@id":"https:\/\/canal7slp.tv\/2023\/sedena-reporta-detencion-de-los-lideres-del-cartel-nuevo-imperio\/"},"wordCount":194,"publisher":{"@id":"https:\/\/canal7slp.tv\/2023\/#organization"},"image":{"@id":"https:\/\/canal7slp.tv\/2023\/sedena-reporta-detencion-de-los-lideres-del-cartel-nuevo-imperio\/#primaryimage"},"thumbnailUrl":"https:\/\/canal7slp.tv\/2023\/wp-content\/uploads\/2023\/02\/03-3.jpg","articleSection":["NACIONALES"],"inLanguage":"es"},{"@type":"WebPage","@id":"https:\/\/canal7slp.tv\/2023\/sedena-reporta-detencion-de-los-lideres-del-cartel-nuevo-imperio\/","url":"https:\/\/canal7slp.tv\/2023\/sedena-reporta-detencion-de-los-lideres-del-cartel-nuevo-imperio\/","name":"SEDENA reporta detenci\u00f3n de los l\u00edderes del C\u00e1rtel Nuevo Imperio - Canal 7 SLP - 2023","isPartOf":{"@id":"https:\/\/canal7slp.tv\/2023\/#website"},"primaryImageOfPage":{"@id":"https:\/\/canal7slp.tv\/2023\/sedena-reporta-detencion-de-los-lideres-del-cartel-nuevo-imperio\/#primaryimage"},"image":{"@id":"https:\/\/canal7slp.tv\/2023\/sedena-reporta-detencion-de-los-lideres-del-cartel-nuevo-imperio\/#primaryimage"},"thumbnailUrl":"https:\/\/canal7slp.tv\/2023\/wp-content\/uploads\/2023\/02\/03-3.jpg","datePublished":"2023-02-07T23:54:06+00:00","breadcrumb":{"@id":"https:\/\/canal7slp.tv\/2023\/sedena-reporta-detencion-de-los-lideres-del-cartel-nuevo-imperio\/#breadcrumb"},"inLanguage":"es","potentialAction":[{"@type":"ReadAction","target":["https:\/\/canal7slp.tv\/2023\/sedena-reporta-detencion-de-los-lideres-del-cartel-nuevo-imperio\/"]}]},{"@type":"ImageObject","inLanguage":"es","@id":"https:\/\/canal7slp.tv\/2023\/sedena-reporta-detencion-de-los-lideres-del-cartel-nuevo-imperio\/#primaryimage","url":"https:\/\/canal7slp.tv\/2023\/wp-content\/uploads\/2023\/02\/03-3.jpg","contentUrl":"https:\/\/canal7slp.tv\/2023\/wp-content\/uploads\/2023\/02\/03-3.jpg","width":1280,"height":853},{"@type":"BreadcrumbList","@id":"https:\/\/canal7slp.tv\/2023\/sedena-reporta-detencion-de-los-lideres-del-cartel-nuevo-imperio\/#breadcrumb","itemListElement":[{"@type":"ListItem","position":1,"name":"Portada","item":"https:\/\/canal7slp.tv\/2023\/"},{"@type":"ListItem","position":2,"name":"SEDENA reporta detenci\u00f3n de los l\u00edderes del C\u00e1rtel Nuevo Imperio"}]},{"@type":"WebSite","@id":"https:\/\/canal7slp.tv\/2023\/#website","url":"https:\/\/canal7slp.tv\/2023\/","name":"N7 - Noticieros Canal 7","description":"Somos Televisi\u00f3n","publisher":{"@id":"https:\/\/canal7slp.tv\/2023\/#organization"},"potentialAction":[{"@type":"SearchAction","target":{"@type":"EntryPoint","urlTemplate":"https:\/\/canal7slp.tv\/2023\/?s={search_term_string}"},"query-input":{"@type":"PropertyValueSpecification","valueRequired":true,"valueName":"search_term_string"}}],"inLanguage":"es"},{"@type":"Organization","@id":"https:\/\/canal7slp.tv\/2023\/#organization","name":"Noticieros Canal 7","url":"https:\/\/canal7slp.tv\/2023\/","logo":{"@type":"ImageObject","inLanguage":"es","@id":"https:\/\/canal7slp.tv\/2023\/#\/schema\/logo\/image\/","url":"https:\/\/canal7slp.tv\/2023\/wp-content\/uploads\/2021\/01\/logo-noticieros@2x.png","contentUrl":"https:\/\/canal7slp.tv\/2023\/wp-content\/uploads\/2021\/01\/logo-noticieros@2x.png","width":1017,"height":268,"caption":"Noticieros Canal 7"},"image":{"@id":"https:\/\/canal7slp.tv\/2023\/#\/schema\/logo\/image\/"},"sameAs":["https:\/\/www.facebook.com\/noticieroscanalsiete","https:\/\/x.com\/NOTICIEROS7","https:\/\/www.instagram.com\/canal7_slp","https:\/\/www.youtube.com\/channel\/UCliiYs-gP3JfJeqdPrNdd5A"]},{"@type":"Person","@id":"https:\/\/canal7slp.tv\/2023\/#\/schema\/person\/639c424e3584069003b11ae813915da6","name":"Edici\u00f3n Web","image":{"@type":"ImageObject","inLanguage":"es","@id":"https:\/\/secure.gravatar.com\/avatar\/eee448fc3f7164808013b816ba91ac7e43bbe82a70bebac296f8bc6f0addaa1a?s=96&d=mm&r=g","url":"https:\/\/secure.gravatar.com\/avatar\/eee448fc3f7164808013b816ba91ac7e43bbe82a70bebac296f8bc6f0addaa1a?s=96&d=mm&r=g","contentUrl":"https:\/\/secure.gravatar.com\/avatar\/eee448fc3f7164808013b816ba91ac7e43bbe82a70bebac296f8bc6f0addaa1a?s=96&d=mm&r=g","caption":"Edici\u00f3n Web"},"url":"https:\/\/canal7slp.tv\/2023\/author\/edicionweb\/"}]}},"_links":{"self":[{"href":"https:\/\/canal7slp.tv\/2023\/wp-json\/wp\/v2\/posts\/86434","targetHints":{"allow":["GET"]}}],"collection":[{"href":"https:\/\/canal7slp.tv\/2023\/wp-json\/wp\/v2\/posts"}],"about":[{"href":"https:\/\/canal7slp.tv\/2023\/wp-json\/wp\/v2\/types\/post"}],"author":[{"embeddable":true,"href":"https:\/\/canal7slp.tv\/2023\/wp-json\/wp\/v2\/users\/2"}],"replies":[{"embeddable":true,"href":"https:\/\/canal7slp.tv\/2023\/wp-json\/wp\/v2\/comments?post=86434"}],"version-history":[{"count":2,"href":"https:\/\/canal7slp.tv\/2023\/wp-json\/wp\/v2\/posts\/86434\/revisions"}],"predecessor-version":[{"id":86457,"href":"https:\/\/canal7slp.tv\/2023\/wp-json\/wp\/v2\/posts\/86434\/revisions\/86457"}],"wp:featuredmedia":[{"embeddable":true,"href":"https:\/\/canal7slp.tv\/2023\/wp-json\/wp\/v2\/media\/86449"}],"wp:attachment":[{"href":"https:\/\/canal7slp.tv\/2023\/wp-json\/wp\/v2\/media?parent=86434"}],"wp:term":[{"taxonomy":"category","embeddable":true,"href":"https:\/\/canal7slp.tv\/2023\/wp-json\/wp\/v2\/categories?post=86434"},{"taxonomy":"post_tag","embeddable":true,"href":"https:\/\/canal7slp.tv\/2023\/wp-json\/wp\/v2\/tags?post=86434"}],"curies":[{"name":"wp","href":"https:\/\/api.w.org\/{rel}","templated":true}]}}