{"id":86432,"date":"2023-02-07T17:48:58","date_gmt":"2023-02-07T23:48:58","guid":{"rendered":"https:\/\/canal7slp.tv\/2023\/?p=86432"},"modified":"2023-02-07T17:48:58","modified_gmt":"2023-02-07T23:48:58","slug":"onu-anuncia-25-mdd-de-apoyo-a-siria-y-turquia","status":"publish","type":"post","link":"https:\/\/canal7slp.tv\/2023\/onu-anuncia-25-mdd-de-apoyo-a-siria-y-turquia\/","title":{"rendered":"ONU anuncia 25 mdd de apoyo a Siria y Turqu\u00eda"},"content":{"rendered":"<p style=\"text-align: justify;\">Nueva York.- La Organizaci\u00f3n de las Naciones Unidas (ONU), anunci\u00f3 este 7 de febrero una primera ayuda de 25 millones de d\u00f3lares para dar apoyo humanitario a los afectados por los terremotos registrados en Turqu\u00eda y Siria.<\/p>\n<p style=\"text-align: justify;\">Los recursos proceder\u00e1n del Fondo Central de Respuesta a Emergencias de Naciones Unidas, que la organizaci\u00f3n usa habitualmente para actuar inmediatamente ante crisis de este tipo.<\/p>\n<p style=\"text-align: justify;\">\u00abMientras que la gente de la regi\u00f3n lidia con las devastadoras consecuencias de esta tragedia, queremos decirles que no est\u00e1n solos\u00bb, declar\u00f3 Martin Griffiths, jefe humanitario de la ONU.<\/p>\n<p style=\"text-align: justify;\">Seg\u00fan las cifras m\u00e1s recientes, al menos cinco mil 261 personas han muerto y casi 26 mil han resultado heridas en Turqu\u00eda y Siria.<\/p>\n","protected":false},"excerpt":{"rendered":"<p>Nueva York.- La Organizaci\u00f3n de las Naciones Unidas (ONU), anunci\u00f3 este 7 de febrero una primera ayuda de 25 millones de d\u00f3lares para dar apoyo humanitario a los afectados por los terremotos registrados en Turqu\u00eda y Siria. Los recursos proceder\u00e1n del Fondo Central de Respuesta a Emergencias de Naciones Unidas, que la organizaci\u00f3n usa habitualmente para actuar inmediatamente ante crisis de este tipo. \u00abMientras que la gente de la regi\u00f3n lidia con las devastadoras consecuencias de esta tragedia, queremos decirles que no est\u00e1n solos\u00bb, declar\u00f3 Martin Griffiths, jefe humanitario de la ONU. Seg\u00fan las cifras m\u00e1s recientes, al menos cinco [&hellip;]<\/p>\n","protected":false},"author":2,"featured_media":86454,"comment_status":"closed","ping_status":"closed","sticky":false,"template":"","format":"standard","meta":{"footnotes":""},"categories":[44],"tags":[],"class_list":["post-86432","post","type-post","status-publish","format-standard","has-post-thumbnail","hentry","category-internacional","post--single"],"yoast_head":"<!-- This site is optimized with the Yoast SEO plugin v27.5 - https:\/\/yoast.com\/product\/yoast-seo-wordpress\/ -->\n<title>ONU anuncia 25 mdd de apoyo a Siria y Turqu\u00eda - Canal 7 SLP - 2023<\/title>\n<meta name=\"robots\" content=\"index, follow, max-snippet:-1, max-image-preview:large, max-video-preview:-1\" \/>\n<link rel=\"canonical\" href=\"https:\/\/canal7slp.tv\/2023\/onu-anuncia-25-mdd-de-apoyo-a-siria-y-turquia\/\" \/>\n<meta property=\"og:locale\" content=\"es_ES\" \/>\n<meta property=\"og:type\" content=\"article\" \/>\n<meta property=\"og:title\" content=\"ONU anuncia 25 mdd de apoyo a Siria y Turqu\u00eda - Canal 7 SLP - 2023\" \/>\n<meta property=\"og:description\" content=\"Nueva York.- La Organizaci\u00f3n de las Naciones Unidas (ONU), anunci\u00f3 este 7 de febrero una primera ayuda de 25 millones de d\u00f3lares para dar apoyo humanitario a los afectados por los terremotos registrados en Turqu\u00eda y Siria. Los recursos proceder\u00e1n del Fondo Central de Respuesta a Emergencias de Naciones Unidas, que la organizaci\u00f3n usa habitualmente para actuar inmediatamente ante crisis de este tipo. \u00abMientras que la gente de la regi\u00f3n lidia con las devastadoras consecuencias de esta tragedia, queremos decirles que no est\u00e1n solos\u00bb, declar\u00f3 Martin Griffiths, jefe humanitario de la ONU. Seg\u00fan las cifras m\u00e1s recientes, al menos cinco [&hellip;]\" \/>\n<meta property=\"og:url\" content=\"https:\/\/canal7slp.tv\/2023\/onu-anuncia-25-mdd-de-apoyo-a-siria-y-turquia\/\" \/>\n<meta property=\"og:site_name\" content=\"Canal 7 SLP - 2023\" \/>\n<meta property=\"article:publisher\" content=\"https:\/\/www.facebook.com\/noticieroscanalsiete\" \/>\n<meta property=\"article:published_time\" content=\"2023-02-07T23:48:58+00:00\" \/>\n<meta property=\"og:image\" content=\"https:\/\/canal7slp.tv\/2023\/wp-content\/uploads\/2023\/02\/09.jpg\" \/>\n\t<meta property=\"og:image:width\" content=\"800\" \/>\n\t<meta property=\"og:image:height\" content=\"400\" \/>\n\t<meta property=\"og:image:type\" content=\"image\/jpeg\" \/>\n<meta name=\"author\" content=\"Edici\u00f3n Web\" \/>\n<meta name=\"twitter:card\" content=\"summary_large_image\" \/>\n<meta name=\"twitter:creator\" content=\"@NOTICIEROS7\" \/>\n<meta name=\"twitter:site\" content=\"@NOTICIEROS7\" \/>\n<meta name=\"twitter:label1\" content=\"Escrito por\" \/>\n\t<meta name=\"twitter:data1\" content=\"Edici\u00f3n Web\" \/>\n\t<meta name=\"twitter:label2\" content=\"Tiempo de lectura\" \/>\n\t<meta name=\"twitter:data2\" content=\"1 minuto\" \/>\n<script type=\"application\/ld+json\" class=\"yoast-schema-graph\">{\"@context\":\"https:\\\/\\\/schema.org\",\"@graph\":[{\"@type\":\"Article\",\"@id\":\"https:\\\/\\\/canal7slp.tv\\\/2023\\\/onu-anuncia-25-mdd-de-apoyo-a-siria-y-turquia\\\/#article\",\"isPartOf\":{\"@id\":\"https:\\\/\\\/canal7slp.tv\\\/2023\\\/onu-anuncia-25-mdd-de-apoyo-a-siria-y-turquia\\\/\"},\"author\":{\"name\":\"Edici\u00f3n Web\",\"@id\":\"https:\\\/\\\/canal7slp.tv\\\/2023\\\/#\\\/schema\\\/person\\\/639c424e3584069003b11ae813915da6\"},\"headline\":\"ONU anuncia 25 mdd de apoyo a Siria y Turqu\u00eda\",\"datePublished\":\"2023-02-07T23:48:58+00:00\",\"mainEntityOfPage\":{\"@id\":\"https:\\\/\\\/canal7slp.tv\\\/2023\\\/onu-anuncia-25-mdd-de-apoyo-a-siria-y-turquia\\\/\"},\"wordCount\":133,\"publisher\":{\"@id\":\"https:\\\/\\\/canal7slp.tv\\\/2023\\\/#organization\"},\"image\":{\"@id\":\"https:\\\/\\\/canal7slp.tv\\\/2023\\\/onu-anuncia-25-mdd-de-apoyo-a-siria-y-turquia\\\/#primaryimage\"},\"thumbnailUrl\":\"https:\\\/\\\/canal7slp.tv\\\/2023\\\/wp-content\\\/uploads\\\/2023\\\/02\\\/09.jpg\",\"articleSection\":[\"INTERNACIONALES\"],\"inLanguage\":\"es\"},{\"@type\":\"WebPage\",\"@id\":\"https:\\\/\\\/canal7slp.tv\\\/2023\\\/onu-anuncia-25-mdd-de-apoyo-a-siria-y-turquia\\\/\",\"url\":\"https:\\\/\\\/canal7slp.tv\\\/2023\\\/onu-anuncia-25-mdd-de-apoyo-a-siria-y-turquia\\\/\",\"name\":\"ONU anuncia 25 mdd de apoyo a Siria y Turqu\u00eda - Canal 7 SLP - 2023\",\"isPartOf\":{\"@id\":\"https:\\\/\\\/canal7slp.tv\\\/2023\\\/#website\"},\"primaryImageOfPage\":{\"@id\":\"https:\\\/\\\/canal7slp.tv\\\/2023\\\/onu-anuncia-25-mdd-de-apoyo-a-siria-y-turquia\\\/#primaryimage\"},\"image\":{\"@id\":\"https:\\\/\\\/canal7slp.tv\\\/2023\\\/onu-anuncia-25-mdd-de-apoyo-a-siria-y-turquia\\\/#primaryimage\"},\"thumbnailUrl\":\"https:\\\/\\\/canal7slp.tv\\\/2023\\\/wp-content\\\/uploads\\\/2023\\\/02\\\/09.jpg\",\"datePublished\":\"2023-02-07T23:48:58+00:00\",\"breadcrumb\":{\"@id\":\"https:\\\/\\\/canal7slp.tv\\\/2023\\\/onu-anuncia-25-mdd-de-apoyo-a-siria-y-turquia\\\/#breadcrumb\"},\"inLanguage\":\"es\",\"potentialAction\":[{\"@type\":\"ReadAction\",\"target\":[\"https:\\\/\\\/canal7slp.tv\\\/2023\\\/onu-anuncia-25-mdd-de-apoyo-a-siria-y-turquia\\\/\"]}]},{\"@type\":\"ImageObject\",\"inLanguage\":\"es\",\"@id\":\"https:\\\/\\\/canal7slp.tv\\\/2023\\\/onu-anuncia-25-mdd-de-apoyo-a-siria-y-turquia\\\/#primaryimage\",\"url\":\"https:\\\/\\\/canal7slp.tv\\\/2023\\\/wp-content\\\/uploads\\\/2023\\\/02\\\/09.jpg\",\"contentUrl\":\"https:\\\/\\\/canal7slp.tv\\\/2023\\\/wp-content\\\/uploads\\\/2023\\\/02\\\/09.jpg\",\"width\":800,\"height\":400},{\"@type\":\"BreadcrumbList\",\"@id\":\"https:\\\/\\\/canal7slp.tv\\\/2023\\\/onu-anuncia-25-mdd-de-apoyo-a-siria-y-turquia\\\/#breadcrumb\",\"itemListElement\":[{\"@type\":\"ListItem\",\"position\":1,\"name\":\"Portada\",\"item\":\"https:\\\/\\\/canal7slp.tv\\\/2023\\\/\"},{\"@type\":\"ListItem\",\"position\":2,\"name\":\"ONU anuncia 25 mdd de apoyo a Siria y Turqu\u00eda\"}]},{\"@type\":\"WebSite\",\"@id\":\"https:\\\/\\\/canal7slp.tv\\\/2023\\\/#website\",\"url\":\"https:\\\/\\\/canal7slp.tv\\\/2023\\\/\",\"name\":\"N7 - Noticieros Canal 7\",\"description\":\"Somos Televisi\u00f3n\",\"publisher\":{\"@id\":\"https:\\\/\\\/canal7slp.tv\\\/2023\\\/#organization\"},\"potentialAction\":[{\"@type\":\"SearchAction\",\"target\":{\"@type\":\"EntryPoint\",\"urlTemplate\":\"https:\\\/\\\/canal7slp.tv\\\/2023\\\/?s={search_term_string}\"},\"query-input\":{\"@type\":\"PropertyValueSpecification\",\"valueRequired\":true,\"valueName\":\"search_term_string\"}}],\"inLanguage\":\"es\"},{\"@type\":\"Organization\",\"@id\":\"https:\\\/\\\/canal7slp.tv\\\/2023\\\/#organization\",\"name\":\"Noticieros Canal 7\",\"url\":\"https:\\\/\\\/canal7slp.tv\\\/2023\\\/\",\"logo\":{\"@type\":\"ImageObject\",\"inLanguage\":\"es\",\"@id\":\"https:\\\/\\\/canal7slp.tv\\\/2023\\\/#\\\/schema\\\/logo\\\/image\\\/\",\"url\":\"https:\\\/\\\/canal7slp.tv\\\/2023\\\/wp-content\\\/uploads\\\/2021\\\/01\\\/logo-noticieros@2x.png\",\"contentUrl\":\"https:\\\/\\\/canal7slp.tv\\\/2023\\\/wp-content\\\/uploads\\\/2021\\\/01\\\/logo-noticieros@2x.png\",\"width\":1017,\"height\":268,\"caption\":\"Noticieros Canal 7\"},\"image\":{\"@id\":\"https:\\\/\\\/canal7slp.tv\\\/2023\\\/#\\\/schema\\\/logo\\\/image\\\/\"},\"sameAs\":[\"https:\\\/\\\/www.facebook.com\\\/noticieroscanalsiete\",\"https:\\\/\\\/x.com\\\/NOTICIEROS7\",\"https:\\\/\\\/www.instagram.com\\\/canal7_slp\",\"https:\\\/\\\/www.youtube.com\\\/channel\\\/UCliiYs-gP3JfJeqdPrNdd5A\"]},{\"@type\":\"Person\",\"@id\":\"https:\\\/\\\/canal7slp.tv\\\/2023\\\/#\\\/schema\\\/person\\\/639c424e3584069003b11ae813915da6\",\"name\":\"Edici\u00f3n Web\",\"image\":{\"@type\":\"ImageObject\",\"inLanguage\":\"es\",\"@id\":\"https:\\\/\\\/secure.gravatar.com\\\/avatar\\\/eee448fc3f7164808013b816ba91ac7e43bbe82a70bebac296f8bc6f0addaa1a?s=96&d=mm&r=g\",\"url\":\"https:\\\/\\\/secure.gravatar.com\\\/avatar\\\/eee448fc3f7164808013b816ba91ac7e43bbe82a70bebac296f8bc6f0addaa1a?s=96&d=mm&r=g\",\"contentUrl\":\"https:\\\/\\\/secure.gravatar.com\\\/avatar\\\/eee448fc3f7164808013b816ba91ac7e43bbe82a70bebac296f8bc6f0addaa1a?s=96&d=mm&r=g\",\"caption\":\"Edici\u00f3n Web\"},\"url\":\"https:\\\/\\\/canal7slp.tv\\\/2023\\\/author\\\/edicionweb\\\/\"}]}<\/script>\n<!-- \/ Yoast SEO plugin. -->","yoast_head_json":{"title":"ONU anuncia 25 mdd de apoyo a Siria y Turqu\u00eda - Canal 7 SLP - 2023","robots":{"index":"index","follow":"follow","max-snippet":"max-snippet:-1","max-image-preview":"max-image-preview:large","max-video-preview":"max-video-preview:-1"},"canonical":"https:\/\/canal7slp.tv\/2023\/onu-anuncia-25-mdd-de-apoyo-a-siria-y-turquia\/","og_locale":"es_ES","og_type":"article","og_title":"ONU anuncia 25 mdd de apoyo a Siria y Turqu\u00eda - Canal 7 SLP - 2023","og_description":"Nueva York.- La Organizaci\u00f3n de las Naciones Unidas (ONU), anunci\u00f3 este 7 de febrero una primera ayuda de 25 millones de d\u00f3lares para dar apoyo humanitario a los afectados por los terremotos registrados en Turqu\u00eda y Siria. Los recursos proceder\u00e1n del Fondo Central de Respuesta a Emergencias de Naciones Unidas, que la organizaci\u00f3n usa habitualmente para actuar inmediatamente ante crisis de este tipo. \u00abMientras que la gente de la regi\u00f3n lidia con las devastadoras consecuencias de esta tragedia, queremos decirles que no est\u00e1n solos\u00bb, declar\u00f3 Martin Griffiths, jefe humanitario de la ONU. Seg\u00fan las cifras m\u00e1s recientes, al menos cinco [&hellip;]","og_url":"https:\/\/canal7slp.tv\/2023\/onu-anuncia-25-mdd-de-apoyo-a-siria-y-turquia\/","og_site_name":"Canal 7 SLP - 2023","article_publisher":"https:\/\/www.facebook.com\/noticieroscanalsiete","article_published_time":"2023-02-07T23:48:58+00:00","og_image":[{"width":800,"height":400,"url":"https:\/\/canal7slp.tv\/2023\/wp-content\/uploads\/2023\/02\/09.jpg","type":"image\/jpeg"}],"author":"Edici\u00f3n Web","twitter_card":"summary_large_image","twitter_creator":"@NOTICIEROS7","twitter_site":"@NOTICIEROS7","twitter_misc":{"Escrito por":"Edici\u00f3n Web","Tiempo de lectura":"1 minuto"},"schema":{"@context":"https:\/\/schema.org","@graph":[{"@type":"Article","@id":"https:\/\/canal7slp.tv\/2023\/onu-anuncia-25-mdd-de-apoyo-a-siria-y-turquia\/#article","isPartOf":{"@id":"https:\/\/canal7slp.tv\/2023\/onu-anuncia-25-mdd-de-apoyo-a-siria-y-turquia\/"},"author":{"name":"Edici\u00f3n Web","@id":"https:\/\/canal7slp.tv\/2023\/#\/schema\/person\/639c424e3584069003b11ae813915da6"},"headline":"ONU anuncia 25 mdd de apoyo a Siria y Turqu\u00eda","datePublished":"2023-02-07T23:48:58+00:00","mainEntityOfPage":{"@id":"https:\/\/canal7slp.tv\/2023\/onu-anuncia-25-mdd-de-apoyo-a-siria-y-turquia\/"},"wordCount":133,"publisher":{"@id":"https:\/\/canal7slp.tv\/2023\/#organization"},"image":{"@id":"https:\/\/canal7slp.tv\/2023\/onu-anuncia-25-mdd-de-apoyo-a-siria-y-turquia\/#primaryimage"},"thumbnailUrl":"https:\/\/canal7slp.tv\/2023\/wp-content\/uploads\/2023\/02\/09.jpg","articleSection":["INTERNACIONALES"],"inLanguage":"es"},{"@type":"WebPage","@id":"https:\/\/canal7slp.tv\/2023\/onu-anuncia-25-mdd-de-apoyo-a-siria-y-turquia\/","url":"https:\/\/canal7slp.tv\/2023\/onu-anuncia-25-mdd-de-apoyo-a-siria-y-turquia\/","name":"ONU anuncia 25 mdd de apoyo a Siria y Turqu\u00eda - Canal 7 SLP - 2023","isPartOf":{"@id":"https:\/\/canal7slp.tv\/2023\/#website"},"primaryImageOfPage":{"@id":"https:\/\/canal7slp.tv\/2023\/onu-anuncia-25-mdd-de-apoyo-a-siria-y-turquia\/#primaryimage"},"image":{"@id":"https:\/\/canal7slp.tv\/2023\/onu-anuncia-25-mdd-de-apoyo-a-siria-y-turquia\/#primaryimage"},"thumbnailUrl":"https:\/\/canal7slp.tv\/2023\/wp-content\/uploads\/2023\/02\/09.jpg","datePublished":"2023-02-07T23:48:58+00:00","breadcrumb":{"@id":"https:\/\/canal7slp.tv\/2023\/onu-anuncia-25-mdd-de-apoyo-a-siria-y-turquia\/#breadcrumb"},"inLanguage":"es","potentialAction":[{"@type":"ReadAction","target":["https:\/\/canal7slp.tv\/2023\/onu-anuncia-25-mdd-de-apoyo-a-siria-y-turquia\/"]}]},{"@type":"ImageObject","inLanguage":"es","@id":"https:\/\/canal7slp.tv\/2023\/onu-anuncia-25-mdd-de-apoyo-a-siria-y-turquia\/#primaryimage","url":"https:\/\/canal7slp.tv\/2023\/wp-content\/uploads\/2023\/02\/09.jpg","contentUrl":"https:\/\/canal7slp.tv\/2023\/wp-content\/uploads\/2023\/02\/09.jpg","width":800,"height":400},{"@type":"BreadcrumbList","@id":"https:\/\/canal7slp.tv\/2023\/onu-anuncia-25-mdd-de-apoyo-a-siria-y-turquia\/#breadcrumb","itemListElement":[{"@type":"ListItem","position":1,"name":"Portada","item":"https:\/\/canal7slp.tv\/2023\/"},{"@type":"ListItem","position":2,"name":"ONU anuncia 25 mdd de apoyo a Siria y Turqu\u00eda"}]},{"@type":"WebSite","@id":"https:\/\/canal7slp.tv\/2023\/#website","url":"https:\/\/canal7slp.tv\/2023\/","name":"N7 - Noticieros Canal 7","description":"Somos Televisi\u00f3n","publisher":{"@id":"https:\/\/canal7slp.tv\/2023\/#organization"},"potentialAction":[{"@type":"SearchAction","target":{"@type":"EntryPoint","urlTemplate":"https:\/\/canal7slp.tv\/2023\/?s={search_term_string}"},"query-input":{"@type":"PropertyValueSpecification","valueRequired":true,"valueName":"search_term_string"}}],"inLanguage":"es"},{"@type":"Organization","@id":"https:\/\/canal7slp.tv\/2023\/#organization","name":"Noticieros Canal 7","url":"https:\/\/canal7slp.tv\/2023\/","logo":{"@type":"ImageObject","inLanguage":"es","@id":"https:\/\/canal7slp.tv\/2023\/#\/schema\/logo\/image\/","url":"https:\/\/canal7slp.tv\/2023\/wp-content\/uploads\/2021\/01\/logo-noticieros@2x.png","contentUrl":"https:\/\/canal7slp.tv\/2023\/wp-content\/uploads\/2021\/01\/logo-noticieros@2x.png","width":1017,"height":268,"caption":"Noticieros Canal 7"},"image":{"@id":"https:\/\/canal7slp.tv\/2023\/#\/schema\/logo\/image\/"},"sameAs":["https:\/\/www.facebook.com\/noticieroscanalsiete","https:\/\/x.com\/NOTICIEROS7","https:\/\/www.instagram.com\/canal7_slp","https:\/\/www.youtube.com\/channel\/UCliiYs-gP3JfJeqdPrNdd5A"]},{"@type":"Person","@id":"https:\/\/canal7slp.tv\/2023\/#\/schema\/person\/639c424e3584069003b11ae813915da6","name":"Edici\u00f3n Web","image":{"@type":"ImageObject","inLanguage":"es","@id":"https:\/\/secure.gravatar.com\/avatar\/eee448fc3f7164808013b816ba91ac7e43bbe82a70bebac296f8bc6f0addaa1a?s=96&d=mm&r=g","url":"https:\/\/secure.gravatar.com\/avatar\/eee448fc3f7164808013b816ba91ac7e43bbe82a70bebac296f8bc6f0addaa1a?s=96&d=mm&r=g","contentUrl":"https:\/\/secure.gravatar.com\/avatar\/eee448fc3f7164808013b816ba91ac7e43bbe82a70bebac296f8bc6f0addaa1a?s=96&d=mm&r=g","caption":"Edici\u00f3n Web"},"url":"https:\/\/canal7slp.tv\/2023\/author\/edicionweb\/"}]}},"_links":{"self":[{"href":"https:\/\/canal7slp.tv\/2023\/wp-json\/wp\/v2\/posts\/86432","targetHints":{"allow":["GET"]}}],"collection":[{"href":"https:\/\/canal7slp.tv\/2023\/wp-json\/wp\/v2\/posts"}],"about":[{"href":"https:\/\/canal7slp.tv\/2023\/wp-json\/wp\/v2\/types\/post"}],"author":[{"embeddable":true,"href":"https:\/\/canal7slp.tv\/2023\/wp-json\/wp\/v2\/users\/2"}],"replies":[{"embeddable":true,"href":"https:\/\/canal7slp.tv\/2023\/wp-json\/wp\/v2\/comments?post=86432"}],"version-history":[{"count":3,"href":"https:\/\/canal7slp.tv\/2023\/wp-json\/wp\/v2\/posts\/86432\/revisions"}],"predecessor-version":[{"id":86491,"href":"https:\/\/canal7slp.tv\/2023\/wp-json\/wp\/v2\/posts\/86432\/revisions\/86491"}],"wp:featuredmedia":[{"embeddable":true,"href":"https:\/\/canal7slp.tv\/2023\/wp-json\/wp\/v2\/media\/86454"}],"wp:attachment":[{"href":"https:\/\/canal7slp.tv\/2023\/wp-json\/wp\/v2\/media?parent=86432"}],"wp:term":[{"taxonomy":"category","embeddable":true,"href":"https:\/\/canal7slp.tv\/2023\/wp-json\/wp\/v2\/categories?post=86432"},{"taxonomy":"post_tag","embeddable":true,"href":"https:\/\/canal7slp.tv\/2023\/wp-json\/wp\/v2\/tags?post=86432"}],"curies":[{"name":"wp","href":"https:\/\/api.w.org\/{rel}","templated":true}]}}