{"id":86430,"date":"2023-02-07T17:34:53","date_gmt":"2023-02-07T23:34:53","guid":{"rendered":"https:\/\/canal7slp.tv\/2023\/?p=86430"},"modified":"2023-02-07T17:34:53","modified_gmt":"2023-02-07T23:34:53","slug":"se-registra-nuevo-sismo-de-magnitud-6-en-turquia","status":"publish","type":"post","link":"https:\/\/canal7slp.tv\/2023\/se-registra-nuevo-sismo-de-magnitud-6-en-turquia\/","title":{"rendered":"Se registra nuevo sismo de magnitud 6 en Turqu\u00eda"},"content":{"rendered":"<p style=\"text-align: justify;\">Anakra.- Turqu\u00eda registr\u00f3 un nuevo sismo, a m\u00e1s de 24 horas del de 7.7, de Magnitud 6 este 7 de febrero.<\/p>\n<p style=\"text-align: justify;\">Cientos de miles quedaron atrapadas bajo los escombros, ya que varios segu\u00edan durmiendo cuando se produjo el movimiento tel\u00farico.<\/p>\n<p style=\"text-align: justify;\">El terremoto se logr\u00f3 sentir en al menos 14 pa\u00edses de Europa y Asia. No obstante, solo en Siria causo devastaci\u00f3n.<\/p>\n","protected":false},"excerpt":{"rendered":"<p>Anakra.- Turqu\u00eda registr\u00f3 un nuevo sismo, a m\u00e1s de 24 horas del de 7.7, de Magnitud 6 este 7 de febrero. Cientos de miles quedaron atrapadas bajo los escombros, ya que varios segu\u00edan durmiendo cuando se produjo el movimiento tel\u00farico. El terremoto se logr\u00f3 sentir en al menos 14 pa\u00edses de Europa y Asia. No obstante, solo en Siria causo devastaci\u00f3n.<\/p>\n","protected":false},"author":2,"featured_media":86452,"comment_status":"closed","ping_status":"closed","sticky":false,"template":"","format":"standard","meta":{"footnotes":""},"categories":[44],"tags":[],"class_list":["post-86430","post","type-post","status-publish","format-standard","has-post-thumbnail","hentry","category-internacional","post--single"],"yoast_head":"<!-- This site is optimized with the Yoast SEO plugin v27.5 - https:\/\/yoast.com\/product\/yoast-seo-wordpress\/ -->\n<title>Se registra nuevo sismo de magnitud 6 en Turqu\u00eda - Canal 7 SLP - 2023<\/title>\n<meta name=\"robots\" content=\"index, follow, max-snippet:-1, max-image-preview:large, max-video-preview:-1\" \/>\n<link rel=\"canonical\" href=\"https:\/\/canal7slp.tv\/2023\/se-registra-nuevo-sismo-de-magnitud-6-en-turquia\/\" \/>\n<meta property=\"og:locale\" content=\"es_ES\" \/>\n<meta property=\"og:type\" content=\"article\" \/>\n<meta property=\"og:title\" content=\"Se registra nuevo sismo de magnitud 6 en Turqu\u00eda - Canal 7 SLP - 2023\" \/>\n<meta property=\"og:description\" content=\"Anakra.- Turqu\u00eda registr\u00f3 un nuevo sismo, a m\u00e1s de 24 horas del de 7.7, de Magnitud 6 este 7 de febrero. Cientos de miles quedaron atrapadas bajo los escombros, ya que varios segu\u00edan durmiendo cuando se produjo el movimiento tel\u00farico. El terremoto se logr\u00f3 sentir en al menos 14 pa\u00edses de Europa y Asia. No obstante, solo en Siria causo devastaci\u00f3n.\" \/>\n<meta property=\"og:url\" content=\"https:\/\/canal7slp.tv\/2023\/se-registra-nuevo-sismo-de-magnitud-6-en-turquia\/\" \/>\n<meta property=\"og:site_name\" content=\"Canal 7 SLP - 2023\" \/>\n<meta property=\"article:publisher\" content=\"https:\/\/www.facebook.com\/noticieroscanalsiete\" \/>\n<meta property=\"article:published_time\" content=\"2023-02-07T23:34:53+00:00\" \/>\n<meta property=\"og:image\" content=\"https:\/\/canal7slp.tv\/2023\/wp-content\/uploads\/2023\/02\/07.jpg\" \/>\n\t<meta property=\"og:image:width\" content=\"750\" \/>\n\t<meta property=\"og:image:height\" content=\"536\" \/>\n\t<meta property=\"og:image:type\" content=\"image\/jpeg\" \/>\n<meta name=\"author\" content=\"Edici\u00f3n Web\" \/>\n<meta name=\"twitter:card\" content=\"summary_large_image\" \/>\n<meta name=\"twitter:creator\" content=\"@NOTICIEROS7\" \/>\n<meta name=\"twitter:site\" content=\"@NOTICIEROS7\" \/>\n<meta name=\"twitter:label1\" content=\"Escrito por\" \/>\n\t<meta name=\"twitter:data1\" content=\"Edici\u00f3n Web\" \/>\n\t<meta name=\"twitter:label2\" content=\"Tiempo de lectura\" \/>\n\t<meta name=\"twitter:data2\" content=\"1 minuto\" \/>\n<script type=\"application\/ld+json\" class=\"yoast-schema-graph\">{\"@context\":\"https:\\\/\\\/schema.org\",\"@graph\":[{\"@type\":\"Article\",\"@id\":\"https:\\\/\\\/canal7slp.tv\\\/2023\\\/se-registra-nuevo-sismo-de-magnitud-6-en-turquia\\\/#article\",\"isPartOf\":{\"@id\":\"https:\\\/\\\/canal7slp.tv\\\/2023\\\/se-registra-nuevo-sismo-de-magnitud-6-en-turquia\\\/\"},\"author\":{\"name\":\"Edici\u00f3n Web\",\"@id\":\"https:\\\/\\\/canal7slp.tv\\\/2023\\\/#\\\/schema\\\/person\\\/639c424e3584069003b11ae813915da6\"},\"headline\":\"Se registra nuevo sismo de magnitud 6 en Turqu\u00eda\",\"datePublished\":\"2023-02-07T23:34:53+00:00\",\"mainEntityOfPage\":{\"@id\":\"https:\\\/\\\/canal7slp.tv\\\/2023\\\/se-registra-nuevo-sismo-de-magnitud-6-en-turquia\\\/\"},\"wordCount\":72,\"publisher\":{\"@id\":\"https:\\\/\\\/canal7slp.tv\\\/2023\\\/#organization\"},\"image\":{\"@id\":\"https:\\\/\\\/canal7slp.tv\\\/2023\\\/se-registra-nuevo-sismo-de-magnitud-6-en-turquia\\\/#primaryimage\"},\"thumbnailUrl\":\"https:\\\/\\\/canal7slp.tv\\\/2023\\\/wp-content\\\/uploads\\\/2023\\\/02\\\/07.jpg\",\"articleSection\":[\"INTERNACIONALES\"],\"inLanguage\":\"es\"},{\"@type\":\"WebPage\",\"@id\":\"https:\\\/\\\/canal7slp.tv\\\/2023\\\/se-registra-nuevo-sismo-de-magnitud-6-en-turquia\\\/\",\"url\":\"https:\\\/\\\/canal7slp.tv\\\/2023\\\/se-registra-nuevo-sismo-de-magnitud-6-en-turquia\\\/\",\"name\":\"Se registra nuevo sismo de magnitud 6 en Turqu\u00eda - Canal 7 SLP - 2023\",\"isPartOf\":{\"@id\":\"https:\\\/\\\/canal7slp.tv\\\/2023\\\/#website\"},\"primaryImageOfPage\":{\"@id\":\"https:\\\/\\\/canal7slp.tv\\\/2023\\\/se-registra-nuevo-sismo-de-magnitud-6-en-turquia\\\/#primaryimage\"},\"image\":{\"@id\":\"https:\\\/\\\/canal7slp.tv\\\/2023\\\/se-registra-nuevo-sismo-de-magnitud-6-en-turquia\\\/#primaryimage\"},\"thumbnailUrl\":\"https:\\\/\\\/canal7slp.tv\\\/2023\\\/wp-content\\\/uploads\\\/2023\\\/02\\\/07.jpg\",\"datePublished\":\"2023-02-07T23:34:53+00:00\",\"breadcrumb\":{\"@id\":\"https:\\\/\\\/canal7slp.tv\\\/2023\\\/se-registra-nuevo-sismo-de-magnitud-6-en-turquia\\\/#breadcrumb\"},\"inLanguage\":\"es\",\"potentialAction\":[{\"@type\":\"ReadAction\",\"target\":[\"https:\\\/\\\/canal7slp.tv\\\/2023\\\/se-registra-nuevo-sismo-de-magnitud-6-en-turquia\\\/\"]}]},{\"@type\":\"ImageObject\",\"inLanguage\":\"es\",\"@id\":\"https:\\\/\\\/canal7slp.tv\\\/2023\\\/se-registra-nuevo-sismo-de-magnitud-6-en-turquia\\\/#primaryimage\",\"url\":\"https:\\\/\\\/canal7slp.tv\\\/2023\\\/wp-content\\\/uploads\\\/2023\\\/02\\\/07.jpg\",\"contentUrl\":\"https:\\\/\\\/canal7slp.tv\\\/2023\\\/wp-content\\\/uploads\\\/2023\\\/02\\\/07.jpg\",\"width\":750,\"height\":536},{\"@type\":\"BreadcrumbList\",\"@id\":\"https:\\\/\\\/canal7slp.tv\\\/2023\\\/se-registra-nuevo-sismo-de-magnitud-6-en-turquia\\\/#breadcrumb\",\"itemListElement\":[{\"@type\":\"ListItem\",\"position\":1,\"name\":\"Portada\",\"item\":\"https:\\\/\\\/canal7slp.tv\\\/2023\\\/\"},{\"@type\":\"ListItem\",\"position\":2,\"name\":\"Se registra nuevo sismo de magnitud 6 en Turqu\u00eda\"}]},{\"@type\":\"WebSite\",\"@id\":\"https:\\\/\\\/canal7slp.tv\\\/2023\\\/#website\",\"url\":\"https:\\\/\\\/canal7slp.tv\\\/2023\\\/\",\"name\":\"N7 - Noticieros Canal 7\",\"description\":\"Somos Televisi\u00f3n\",\"publisher\":{\"@id\":\"https:\\\/\\\/canal7slp.tv\\\/2023\\\/#organization\"},\"potentialAction\":[{\"@type\":\"SearchAction\",\"target\":{\"@type\":\"EntryPoint\",\"urlTemplate\":\"https:\\\/\\\/canal7slp.tv\\\/2023\\\/?s={search_term_string}\"},\"query-input\":{\"@type\":\"PropertyValueSpecification\",\"valueRequired\":true,\"valueName\":\"search_term_string\"}}],\"inLanguage\":\"es\"},{\"@type\":\"Organization\",\"@id\":\"https:\\\/\\\/canal7slp.tv\\\/2023\\\/#organization\",\"name\":\"Noticieros Canal 7\",\"url\":\"https:\\\/\\\/canal7slp.tv\\\/2023\\\/\",\"logo\":{\"@type\":\"ImageObject\",\"inLanguage\":\"es\",\"@id\":\"https:\\\/\\\/canal7slp.tv\\\/2023\\\/#\\\/schema\\\/logo\\\/image\\\/\",\"url\":\"https:\\\/\\\/canal7slp.tv\\\/2023\\\/wp-content\\\/uploads\\\/2021\\\/01\\\/logo-noticieros@2x.png\",\"contentUrl\":\"https:\\\/\\\/canal7slp.tv\\\/2023\\\/wp-content\\\/uploads\\\/2021\\\/01\\\/logo-noticieros@2x.png\",\"width\":1017,\"height\":268,\"caption\":\"Noticieros Canal 7\"},\"image\":{\"@id\":\"https:\\\/\\\/canal7slp.tv\\\/2023\\\/#\\\/schema\\\/logo\\\/image\\\/\"},\"sameAs\":[\"https:\\\/\\\/www.facebook.com\\\/noticieroscanalsiete\",\"https:\\\/\\\/x.com\\\/NOTICIEROS7\",\"https:\\\/\\\/www.instagram.com\\\/canal7_slp\",\"https:\\\/\\\/www.youtube.com\\\/channel\\\/UCliiYs-gP3JfJeqdPrNdd5A\"]},{\"@type\":\"Person\",\"@id\":\"https:\\\/\\\/canal7slp.tv\\\/2023\\\/#\\\/schema\\\/person\\\/639c424e3584069003b11ae813915da6\",\"name\":\"Edici\u00f3n Web\",\"image\":{\"@type\":\"ImageObject\",\"inLanguage\":\"es\",\"@id\":\"https:\\\/\\\/secure.gravatar.com\\\/avatar\\\/eee448fc3f7164808013b816ba91ac7e43bbe82a70bebac296f8bc6f0addaa1a?s=96&d=mm&r=g\",\"url\":\"https:\\\/\\\/secure.gravatar.com\\\/avatar\\\/eee448fc3f7164808013b816ba91ac7e43bbe82a70bebac296f8bc6f0addaa1a?s=96&d=mm&r=g\",\"contentUrl\":\"https:\\\/\\\/secure.gravatar.com\\\/avatar\\\/eee448fc3f7164808013b816ba91ac7e43bbe82a70bebac296f8bc6f0addaa1a?s=96&d=mm&r=g\",\"caption\":\"Edici\u00f3n Web\"},\"url\":\"https:\\\/\\\/canal7slp.tv\\\/2023\\\/author\\\/edicionweb\\\/\"}]}<\/script>\n<!-- \/ Yoast SEO plugin. -->","yoast_head_json":{"title":"Se registra nuevo sismo de magnitud 6 en Turqu\u00eda - Canal 7 SLP - 2023","robots":{"index":"index","follow":"follow","max-snippet":"max-snippet:-1","max-image-preview":"max-image-preview:large","max-video-preview":"max-video-preview:-1"},"canonical":"https:\/\/canal7slp.tv\/2023\/se-registra-nuevo-sismo-de-magnitud-6-en-turquia\/","og_locale":"es_ES","og_type":"article","og_title":"Se registra nuevo sismo de magnitud 6 en Turqu\u00eda - Canal 7 SLP - 2023","og_description":"Anakra.- Turqu\u00eda registr\u00f3 un nuevo sismo, a m\u00e1s de 24 horas del de 7.7, de Magnitud 6 este 7 de febrero. Cientos de miles quedaron atrapadas bajo los escombros, ya que varios segu\u00edan durmiendo cuando se produjo el movimiento tel\u00farico. El terremoto se logr\u00f3 sentir en al menos 14 pa\u00edses de Europa y Asia. No obstante, solo en Siria causo devastaci\u00f3n.","og_url":"https:\/\/canal7slp.tv\/2023\/se-registra-nuevo-sismo-de-magnitud-6-en-turquia\/","og_site_name":"Canal 7 SLP - 2023","article_publisher":"https:\/\/www.facebook.com\/noticieroscanalsiete","article_published_time":"2023-02-07T23:34:53+00:00","og_image":[{"width":750,"height":536,"url":"https:\/\/canal7slp.tv\/2023\/wp-content\/uploads\/2023\/02\/07.jpg","type":"image\/jpeg"}],"author":"Edici\u00f3n Web","twitter_card":"summary_large_image","twitter_creator":"@NOTICIEROS7","twitter_site":"@NOTICIEROS7","twitter_misc":{"Escrito por":"Edici\u00f3n Web","Tiempo de lectura":"1 minuto"},"schema":{"@context":"https:\/\/schema.org","@graph":[{"@type":"Article","@id":"https:\/\/canal7slp.tv\/2023\/se-registra-nuevo-sismo-de-magnitud-6-en-turquia\/#article","isPartOf":{"@id":"https:\/\/canal7slp.tv\/2023\/se-registra-nuevo-sismo-de-magnitud-6-en-turquia\/"},"author":{"name":"Edici\u00f3n Web","@id":"https:\/\/canal7slp.tv\/2023\/#\/schema\/person\/639c424e3584069003b11ae813915da6"},"headline":"Se registra nuevo sismo de magnitud 6 en Turqu\u00eda","datePublished":"2023-02-07T23:34:53+00:00","mainEntityOfPage":{"@id":"https:\/\/canal7slp.tv\/2023\/se-registra-nuevo-sismo-de-magnitud-6-en-turquia\/"},"wordCount":72,"publisher":{"@id":"https:\/\/canal7slp.tv\/2023\/#organization"},"image":{"@id":"https:\/\/canal7slp.tv\/2023\/se-registra-nuevo-sismo-de-magnitud-6-en-turquia\/#primaryimage"},"thumbnailUrl":"https:\/\/canal7slp.tv\/2023\/wp-content\/uploads\/2023\/02\/07.jpg","articleSection":["INTERNACIONALES"],"inLanguage":"es"},{"@type":"WebPage","@id":"https:\/\/canal7slp.tv\/2023\/se-registra-nuevo-sismo-de-magnitud-6-en-turquia\/","url":"https:\/\/canal7slp.tv\/2023\/se-registra-nuevo-sismo-de-magnitud-6-en-turquia\/","name":"Se registra nuevo sismo de magnitud 6 en Turqu\u00eda - Canal 7 SLP - 2023","isPartOf":{"@id":"https:\/\/canal7slp.tv\/2023\/#website"},"primaryImageOfPage":{"@id":"https:\/\/canal7slp.tv\/2023\/se-registra-nuevo-sismo-de-magnitud-6-en-turquia\/#primaryimage"},"image":{"@id":"https:\/\/canal7slp.tv\/2023\/se-registra-nuevo-sismo-de-magnitud-6-en-turquia\/#primaryimage"},"thumbnailUrl":"https:\/\/canal7slp.tv\/2023\/wp-content\/uploads\/2023\/02\/07.jpg","datePublished":"2023-02-07T23:34:53+00:00","breadcrumb":{"@id":"https:\/\/canal7slp.tv\/2023\/se-registra-nuevo-sismo-de-magnitud-6-en-turquia\/#breadcrumb"},"inLanguage":"es","potentialAction":[{"@type":"ReadAction","target":["https:\/\/canal7slp.tv\/2023\/se-registra-nuevo-sismo-de-magnitud-6-en-turquia\/"]}]},{"@type":"ImageObject","inLanguage":"es","@id":"https:\/\/canal7slp.tv\/2023\/se-registra-nuevo-sismo-de-magnitud-6-en-turquia\/#primaryimage","url":"https:\/\/canal7slp.tv\/2023\/wp-content\/uploads\/2023\/02\/07.jpg","contentUrl":"https:\/\/canal7slp.tv\/2023\/wp-content\/uploads\/2023\/02\/07.jpg","width":750,"height":536},{"@type":"BreadcrumbList","@id":"https:\/\/canal7slp.tv\/2023\/se-registra-nuevo-sismo-de-magnitud-6-en-turquia\/#breadcrumb","itemListElement":[{"@type":"ListItem","position":1,"name":"Portada","item":"https:\/\/canal7slp.tv\/2023\/"},{"@type":"ListItem","position":2,"name":"Se registra nuevo sismo de magnitud 6 en Turqu\u00eda"}]},{"@type":"WebSite","@id":"https:\/\/canal7slp.tv\/2023\/#website","url":"https:\/\/canal7slp.tv\/2023\/","name":"N7 - Noticieros Canal 7","description":"Somos Televisi\u00f3n","publisher":{"@id":"https:\/\/canal7slp.tv\/2023\/#organization"},"potentialAction":[{"@type":"SearchAction","target":{"@type":"EntryPoint","urlTemplate":"https:\/\/canal7slp.tv\/2023\/?s={search_term_string}"},"query-input":{"@type":"PropertyValueSpecification","valueRequired":true,"valueName":"search_term_string"}}],"inLanguage":"es"},{"@type":"Organization","@id":"https:\/\/canal7slp.tv\/2023\/#organization","name":"Noticieros Canal 7","url":"https:\/\/canal7slp.tv\/2023\/","logo":{"@type":"ImageObject","inLanguage":"es","@id":"https:\/\/canal7slp.tv\/2023\/#\/schema\/logo\/image\/","url":"https:\/\/canal7slp.tv\/2023\/wp-content\/uploads\/2021\/01\/logo-noticieros@2x.png","contentUrl":"https:\/\/canal7slp.tv\/2023\/wp-content\/uploads\/2021\/01\/logo-noticieros@2x.png","width":1017,"height":268,"caption":"Noticieros Canal 7"},"image":{"@id":"https:\/\/canal7slp.tv\/2023\/#\/schema\/logo\/image\/"},"sameAs":["https:\/\/www.facebook.com\/noticieroscanalsiete","https:\/\/x.com\/NOTICIEROS7","https:\/\/www.instagram.com\/canal7_slp","https:\/\/www.youtube.com\/channel\/UCliiYs-gP3JfJeqdPrNdd5A"]},{"@type":"Person","@id":"https:\/\/canal7slp.tv\/2023\/#\/schema\/person\/639c424e3584069003b11ae813915da6","name":"Edici\u00f3n Web","image":{"@type":"ImageObject","inLanguage":"es","@id":"https:\/\/secure.gravatar.com\/avatar\/eee448fc3f7164808013b816ba91ac7e43bbe82a70bebac296f8bc6f0addaa1a?s=96&d=mm&r=g","url":"https:\/\/secure.gravatar.com\/avatar\/eee448fc3f7164808013b816ba91ac7e43bbe82a70bebac296f8bc6f0addaa1a?s=96&d=mm&r=g","contentUrl":"https:\/\/secure.gravatar.com\/avatar\/eee448fc3f7164808013b816ba91ac7e43bbe82a70bebac296f8bc6f0addaa1a?s=96&d=mm&r=g","caption":"Edici\u00f3n Web"},"url":"https:\/\/canal7slp.tv\/2023\/author\/edicionweb\/"}]}},"_links":{"self":[{"href":"https:\/\/canal7slp.tv\/2023\/wp-json\/wp\/v2\/posts\/86430","targetHints":{"allow":["GET"]}}],"collection":[{"href":"https:\/\/canal7slp.tv\/2023\/wp-json\/wp\/v2\/posts"}],"about":[{"href":"https:\/\/canal7slp.tv\/2023\/wp-json\/wp\/v2\/types\/post"}],"author":[{"embeddable":true,"href":"https:\/\/canal7slp.tv\/2023\/wp-json\/wp\/v2\/users\/2"}],"replies":[{"embeddable":true,"href":"https:\/\/canal7slp.tv\/2023\/wp-json\/wp\/v2\/comments?post=86430"}],"version-history":[{"count":3,"href":"https:\/\/canal7slp.tv\/2023\/wp-json\/wp\/v2\/posts\/86430\/revisions"}],"predecessor-version":[{"id":86488,"href":"https:\/\/canal7slp.tv\/2023\/wp-json\/wp\/v2\/posts\/86430\/revisions\/86488"}],"wp:featuredmedia":[{"embeddable":true,"href":"https:\/\/canal7slp.tv\/2023\/wp-json\/wp\/v2\/media\/86452"}],"wp:attachment":[{"href":"https:\/\/canal7slp.tv\/2023\/wp-json\/wp\/v2\/media?parent=86430"}],"wp:term":[{"taxonomy":"category","embeddable":true,"href":"https:\/\/canal7slp.tv\/2023\/wp-json\/wp\/v2\/categories?post=86430"},{"taxonomy":"post_tag","embeddable":true,"href":"https:\/\/canal7slp.tv\/2023\/wp-json\/wp\/v2\/tags?post=86430"}],"curies":[{"name":"wp","href":"https:\/\/api.w.org\/{rel}","templated":true}]}}