{"id":86429,"date":"2023-02-07T17:54:07","date_gmt":"2023-02-07T23:54:07","guid":{"rendered":"https:\/\/canal7slp.tv\/2023\/?p=86429"},"modified":"2023-02-07T17:54:07","modified_gmt":"2023-02-07T23:54:07","slug":"inai-ordena-al-imss-hacer-publicos-los-nombres-de-medicos-cubanos-que-han-llegado-a-mexico","status":"publish","type":"post","link":"https:\/\/canal7slp.tv\/2023\/inai-ordena-al-imss-hacer-publicos-los-nombres-de-medicos-cubanos-que-han-llegado-a-mexico\/","title":{"rendered":"INAI ordena al IMSS hacer p\u00fablicos los nombres de m\u00e9dicos cubanos que han llegado a M\u00e9xico"},"content":{"rendered":"<p style=\"text-align: justify;\">M\u00e9xico.- El Instituto Nacional de Transparencia, Acceso a la Informaci\u00f3n y Protecci\u00f3n de Datos Personales (INAI), orden\u00f3 al Instituto Mexicano del Seguro Social (IMSS) hacer p\u00fablicos los nombres de los m\u00e9dicos especialistas cubanos que brindan atenci\u00f3n en M\u00e9xico producto del convenio suscrito en julio de 2022.<\/p>\n<p style=\"text-align: justify;\">\u00abLas consecuencias de no acceder a servicios de salud son particularmente graves en nuestro pa\u00eds, toda vez que nos enfrentamos a carencias de recursos materiales y humanos, y la falta de m\u00e9dicos especialistas, un fen\u00f3meno que impacta la calidad de los servicios en el sector salud\u00bb, declar\u00f3 Lilia Ibarra Cadena, Comisionada Presidenta.<\/p>\n<p style=\"text-align: justify;\">Se\u00f1al\u00f3 que el 15 de junio de 2022, el Instituto de Salud para el Bienestar confirm\u00f3 la falta, en el sector p\u00fablico, de m\u00e9dicos especialistas en medicina interna, ginecolog\u00eda y obstetricia, pediatr\u00eda y anestesiolog\u00eda.<\/p>\n<p style=\"text-align: justify;\">Debido a esto, el Gobierno de M\u00e9xico puso en marcha la Jornada Nacional de Reclutamiento y Contrataci\u00f3n para M\u00e9dicas y M\u00e9dicos Especialistas, del 24 de mayo al 3 de junio del a\u00f1o pasado, para cubrir 14 mil 323 vacantes en todo M\u00e9xico.<\/p>\n<p style=\"text-align: justify;\">Aunado a esto, se suscribi\u00f3 un convenio con el gobierno de la Rep\u00fablica de Cuba para contratar a m\u00e9dicos especialistas de ese pa\u00eds; los cuales, en diciembre de 2022, sumaban 491 distribuidos en 11 entidades federativas. Asimismo, fue anunciado que en enero del presente a\u00f1o llegar\u00edan 119 especialistas m\u00e1s, as\u00ed como m\u00e9dicos generales integrales.<\/p>\n","protected":false},"excerpt":{"rendered":"<p>M\u00e9xico.- El Instituto Nacional de Transparencia, Acceso a la Informaci\u00f3n y Protecci\u00f3n de Datos Personales (INAI), orden\u00f3 al Instituto Mexicano del Seguro Social (IMSS) hacer p\u00fablicos los nombres de los m\u00e9dicos especialistas cubanos que brindan atenci\u00f3n en M\u00e9xico producto del convenio suscrito en julio de 2022. \u00abLas consecuencias de no acceder a servicios de salud son particularmente graves en nuestro pa\u00eds, toda vez que nos enfrentamos a carencias de recursos materiales y humanos, y la falta de m\u00e9dicos especialistas, un fen\u00f3meno que impacta la calidad de los servicios en el sector salud\u00bb, declar\u00f3 Lilia Ibarra Cadena, Comisionada Presidenta. Se\u00f1al\u00f3 que [&hellip;]<\/p>\n","protected":false},"author":2,"featured_media":86450,"comment_status":"closed","ping_status":"closed","sticky":false,"template":"","format":"standard","meta":{"footnotes":""},"categories":[46],"tags":[],"class_list":["post-86429","post","type-post","status-publish","format-standard","has-post-thumbnail","hentry","category-nacional","post--single"],"yoast_head":"<!-- This site is optimized with the Yoast SEO plugin v27.5 - https:\/\/yoast.com\/product\/yoast-seo-wordpress\/ -->\n<title>INAI ordena al IMSS hacer p\u00fablicos los nombres de m\u00e9dicos cubanos que han llegado a M\u00e9xico - Canal 7 SLP - 2023<\/title>\n<meta name=\"robots\" content=\"index, follow, max-snippet:-1, max-image-preview:large, max-video-preview:-1\" \/>\n<link rel=\"canonical\" href=\"https:\/\/canal7slp.tv\/2023\/inai-ordena-al-imss-hacer-publicos-los-nombres-de-medicos-cubanos-que-han-llegado-a-mexico\/\" \/>\n<meta property=\"og:locale\" content=\"es_ES\" \/>\n<meta property=\"og:type\" content=\"article\" \/>\n<meta property=\"og:title\" content=\"INAI ordena al IMSS hacer p\u00fablicos los nombres de m\u00e9dicos cubanos que han llegado a M\u00e9xico - Canal 7 SLP - 2023\" \/>\n<meta property=\"og:description\" content=\"M\u00e9xico.- El Instituto Nacional de Transparencia, Acceso a la Informaci\u00f3n y Protecci\u00f3n de Datos Personales (INAI), orden\u00f3 al Instituto Mexicano del Seguro Social (IMSS) hacer p\u00fablicos los nombres de los m\u00e9dicos especialistas cubanos que brindan atenci\u00f3n en M\u00e9xico producto del convenio suscrito en julio de 2022. \u00abLas consecuencias de no acceder a servicios de salud son particularmente graves en nuestro pa\u00eds, toda vez que nos enfrentamos a carencias de recursos materiales y humanos, y la falta de m\u00e9dicos especialistas, un fen\u00f3meno que impacta la calidad de los servicios en el sector salud\u00bb, declar\u00f3 Lilia Ibarra Cadena, Comisionada Presidenta. Se\u00f1al\u00f3 que [&hellip;]\" \/>\n<meta property=\"og:url\" content=\"https:\/\/canal7slp.tv\/2023\/inai-ordena-al-imss-hacer-publicos-los-nombres-de-medicos-cubanos-que-han-llegado-a-mexico\/\" \/>\n<meta property=\"og:site_name\" content=\"Canal 7 SLP - 2023\" \/>\n<meta property=\"article:publisher\" content=\"https:\/\/www.facebook.com\/noticieroscanalsiete\" \/>\n<meta property=\"article:published_time\" content=\"2023-02-07T23:54:07+00:00\" \/>\n<meta property=\"og:image\" content=\"https:\/\/canal7slp.tv\/2023\/wp-content\/uploads\/2023\/02\/04-5.jpg\" \/>\n\t<meta property=\"og:image:width\" content=\"800\" \/>\n\t<meta property=\"og:image:height\" content=\"532\" \/>\n\t<meta property=\"og:image:type\" content=\"image\/jpeg\" \/>\n<meta name=\"author\" content=\"Edici\u00f3n Web\" \/>\n<meta name=\"twitter:card\" content=\"summary_large_image\" \/>\n<meta name=\"twitter:creator\" content=\"@NOTICIEROS7\" \/>\n<meta name=\"twitter:site\" content=\"@NOTICIEROS7\" \/>\n<meta name=\"twitter:label1\" content=\"Escrito por\" \/>\n\t<meta name=\"twitter:data1\" content=\"Edici\u00f3n Web\" \/>\n\t<meta name=\"twitter:label2\" content=\"Tiempo de lectura\" \/>\n\t<meta name=\"twitter:data2\" content=\"2 minutos\" \/>\n<script type=\"application\/ld+json\" class=\"yoast-schema-graph\">{\"@context\":\"https:\\\/\\\/schema.org\",\"@graph\":[{\"@type\":\"Article\",\"@id\":\"https:\\\/\\\/canal7slp.tv\\\/2023\\\/inai-ordena-al-imss-hacer-publicos-los-nombres-de-medicos-cubanos-que-han-llegado-a-mexico\\\/#article\",\"isPartOf\":{\"@id\":\"https:\\\/\\\/canal7slp.tv\\\/2023\\\/inai-ordena-al-imss-hacer-publicos-los-nombres-de-medicos-cubanos-que-han-llegado-a-mexico\\\/\"},\"author\":{\"name\":\"Edici\u00f3n Web\",\"@id\":\"https:\\\/\\\/canal7slp.tv\\\/2023\\\/#\\\/schema\\\/person\\\/639c424e3584069003b11ae813915da6\"},\"headline\":\"INAI ordena al IMSS hacer p\u00fablicos los nombres de m\u00e9dicos cubanos que han llegado a M\u00e9xico\",\"datePublished\":\"2023-02-07T23:54:07+00:00\",\"mainEntityOfPage\":{\"@id\":\"https:\\\/\\\/canal7slp.tv\\\/2023\\\/inai-ordena-al-imss-hacer-publicos-los-nombres-de-medicos-cubanos-que-han-llegado-a-mexico\\\/\"},\"wordCount\":266,\"publisher\":{\"@id\":\"https:\\\/\\\/canal7slp.tv\\\/2023\\\/#organization\"},\"image\":{\"@id\":\"https:\\\/\\\/canal7slp.tv\\\/2023\\\/inai-ordena-al-imss-hacer-publicos-los-nombres-de-medicos-cubanos-que-han-llegado-a-mexico\\\/#primaryimage\"},\"thumbnailUrl\":\"https:\\\/\\\/canal7slp.tv\\\/2023\\\/wp-content\\\/uploads\\\/2023\\\/02\\\/04-5.jpg\",\"articleSection\":[\"NACIONALES\"],\"inLanguage\":\"es\"},{\"@type\":\"WebPage\",\"@id\":\"https:\\\/\\\/canal7slp.tv\\\/2023\\\/inai-ordena-al-imss-hacer-publicos-los-nombres-de-medicos-cubanos-que-han-llegado-a-mexico\\\/\",\"url\":\"https:\\\/\\\/canal7slp.tv\\\/2023\\\/inai-ordena-al-imss-hacer-publicos-los-nombres-de-medicos-cubanos-que-han-llegado-a-mexico\\\/\",\"name\":\"INAI ordena al IMSS hacer p\u00fablicos los nombres de m\u00e9dicos cubanos que han llegado a M\u00e9xico - Canal 7 SLP - 2023\",\"isPartOf\":{\"@id\":\"https:\\\/\\\/canal7slp.tv\\\/2023\\\/#website\"},\"primaryImageOfPage\":{\"@id\":\"https:\\\/\\\/canal7slp.tv\\\/2023\\\/inai-ordena-al-imss-hacer-publicos-los-nombres-de-medicos-cubanos-que-han-llegado-a-mexico\\\/#primaryimage\"},\"image\":{\"@id\":\"https:\\\/\\\/canal7slp.tv\\\/2023\\\/inai-ordena-al-imss-hacer-publicos-los-nombres-de-medicos-cubanos-que-han-llegado-a-mexico\\\/#primaryimage\"},\"thumbnailUrl\":\"https:\\\/\\\/canal7slp.tv\\\/2023\\\/wp-content\\\/uploads\\\/2023\\\/02\\\/04-5.jpg\",\"datePublished\":\"2023-02-07T23:54:07+00:00\",\"breadcrumb\":{\"@id\":\"https:\\\/\\\/canal7slp.tv\\\/2023\\\/inai-ordena-al-imss-hacer-publicos-los-nombres-de-medicos-cubanos-que-han-llegado-a-mexico\\\/#breadcrumb\"},\"inLanguage\":\"es\",\"potentialAction\":[{\"@type\":\"ReadAction\",\"target\":[\"https:\\\/\\\/canal7slp.tv\\\/2023\\\/inai-ordena-al-imss-hacer-publicos-los-nombres-de-medicos-cubanos-que-han-llegado-a-mexico\\\/\"]}]},{\"@type\":\"ImageObject\",\"inLanguage\":\"es\",\"@id\":\"https:\\\/\\\/canal7slp.tv\\\/2023\\\/inai-ordena-al-imss-hacer-publicos-los-nombres-de-medicos-cubanos-que-han-llegado-a-mexico\\\/#primaryimage\",\"url\":\"https:\\\/\\\/canal7slp.tv\\\/2023\\\/wp-content\\\/uploads\\\/2023\\\/02\\\/04-5.jpg\",\"contentUrl\":\"https:\\\/\\\/canal7slp.tv\\\/2023\\\/wp-content\\\/uploads\\\/2023\\\/02\\\/04-5.jpg\",\"width\":800,\"height\":532},{\"@type\":\"BreadcrumbList\",\"@id\":\"https:\\\/\\\/canal7slp.tv\\\/2023\\\/inai-ordena-al-imss-hacer-publicos-los-nombres-de-medicos-cubanos-que-han-llegado-a-mexico\\\/#breadcrumb\",\"itemListElement\":[{\"@type\":\"ListItem\",\"position\":1,\"name\":\"Portada\",\"item\":\"https:\\\/\\\/canal7slp.tv\\\/2023\\\/\"},{\"@type\":\"ListItem\",\"position\":2,\"name\":\"INAI ordena al IMSS hacer p\u00fablicos los nombres de m\u00e9dicos cubanos que han llegado a M\u00e9xico\"}]},{\"@type\":\"WebSite\",\"@id\":\"https:\\\/\\\/canal7slp.tv\\\/2023\\\/#website\",\"url\":\"https:\\\/\\\/canal7slp.tv\\\/2023\\\/\",\"name\":\"N7 - Noticieros Canal 7\",\"description\":\"Somos Televisi\u00f3n\",\"publisher\":{\"@id\":\"https:\\\/\\\/canal7slp.tv\\\/2023\\\/#organization\"},\"potentialAction\":[{\"@type\":\"SearchAction\",\"target\":{\"@type\":\"EntryPoint\",\"urlTemplate\":\"https:\\\/\\\/canal7slp.tv\\\/2023\\\/?s={search_term_string}\"},\"query-input\":{\"@type\":\"PropertyValueSpecification\",\"valueRequired\":true,\"valueName\":\"search_term_string\"}}],\"inLanguage\":\"es\"},{\"@type\":\"Organization\",\"@id\":\"https:\\\/\\\/canal7slp.tv\\\/2023\\\/#organization\",\"name\":\"Noticieros Canal 7\",\"url\":\"https:\\\/\\\/canal7slp.tv\\\/2023\\\/\",\"logo\":{\"@type\":\"ImageObject\",\"inLanguage\":\"es\",\"@id\":\"https:\\\/\\\/canal7slp.tv\\\/2023\\\/#\\\/schema\\\/logo\\\/image\\\/\",\"url\":\"https:\\\/\\\/canal7slp.tv\\\/2023\\\/wp-content\\\/uploads\\\/2021\\\/01\\\/logo-noticieros@2x.png\",\"contentUrl\":\"https:\\\/\\\/canal7slp.tv\\\/2023\\\/wp-content\\\/uploads\\\/2021\\\/01\\\/logo-noticieros@2x.png\",\"width\":1017,\"height\":268,\"caption\":\"Noticieros Canal 7\"},\"image\":{\"@id\":\"https:\\\/\\\/canal7slp.tv\\\/2023\\\/#\\\/schema\\\/logo\\\/image\\\/\"},\"sameAs\":[\"https:\\\/\\\/www.facebook.com\\\/noticieroscanalsiete\",\"https:\\\/\\\/x.com\\\/NOTICIEROS7\",\"https:\\\/\\\/www.instagram.com\\\/canal7_slp\",\"https:\\\/\\\/www.youtube.com\\\/channel\\\/UCliiYs-gP3JfJeqdPrNdd5A\"]},{\"@type\":\"Person\",\"@id\":\"https:\\\/\\\/canal7slp.tv\\\/2023\\\/#\\\/schema\\\/person\\\/639c424e3584069003b11ae813915da6\",\"name\":\"Edici\u00f3n Web\",\"image\":{\"@type\":\"ImageObject\",\"inLanguage\":\"es\",\"@id\":\"https:\\\/\\\/secure.gravatar.com\\\/avatar\\\/eee448fc3f7164808013b816ba91ac7e43bbe82a70bebac296f8bc6f0addaa1a?s=96&d=mm&r=g\",\"url\":\"https:\\\/\\\/secure.gravatar.com\\\/avatar\\\/eee448fc3f7164808013b816ba91ac7e43bbe82a70bebac296f8bc6f0addaa1a?s=96&d=mm&r=g\",\"contentUrl\":\"https:\\\/\\\/secure.gravatar.com\\\/avatar\\\/eee448fc3f7164808013b816ba91ac7e43bbe82a70bebac296f8bc6f0addaa1a?s=96&d=mm&r=g\",\"caption\":\"Edici\u00f3n Web\"},\"url\":\"https:\\\/\\\/canal7slp.tv\\\/2023\\\/author\\\/edicionweb\\\/\"}]}<\/script>\n<!-- \/ Yoast SEO plugin. -->","yoast_head_json":{"title":"INAI ordena al IMSS hacer p\u00fablicos los nombres de m\u00e9dicos cubanos que han llegado a M\u00e9xico - Canal 7 SLP - 2023","robots":{"index":"index","follow":"follow","max-snippet":"max-snippet:-1","max-image-preview":"max-image-preview:large","max-video-preview":"max-video-preview:-1"},"canonical":"https:\/\/canal7slp.tv\/2023\/inai-ordena-al-imss-hacer-publicos-los-nombres-de-medicos-cubanos-que-han-llegado-a-mexico\/","og_locale":"es_ES","og_type":"article","og_title":"INAI ordena al IMSS hacer p\u00fablicos los nombres de m\u00e9dicos cubanos que han llegado a M\u00e9xico - Canal 7 SLP - 2023","og_description":"M\u00e9xico.- El Instituto Nacional de Transparencia, Acceso a la Informaci\u00f3n y Protecci\u00f3n de Datos Personales (INAI), orden\u00f3 al Instituto Mexicano del Seguro Social (IMSS) hacer p\u00fablicos los nombres de los m\u00e9dicos especialistas cubanos que brindan atenci\u00f3n en M\u00e9xico producto del convenio suscrito en julio de 2022. \u00abLas consecuencias de no acceder a servicios de salud son particularmente graves en nuestro pa\u00eds, toda vez que nos enfrentamos a carencias de recursos materiales y humanos, y la falta de m\u00e9dicos especialistas, un fen\u00f3meno que impacta la calidad de los servicios en el sector salud\u00bb, declar\u00f3 Lilia Ibarra Cadena, Comisionada Presidenta. Se\u00f1al\u00f3 que [&hellip;]","og_url":"https:\/\/canal7slp.tv\/2023\/inai-ordena-al-imss-hacer-publicos-los-nombres-de-medicos-cubanos-que-han-llegado-a-mexico\/","og_site_name":"Canal 7 SLP - 2023","article_publisher":"https:\/\/www.facebook.com\/noticieroscanalsiete","article_published_time":"2023-02-07T23:54:07+00:00","og_image":[{"width":800,"height":532,"url":"https:\/\/canal7slp.tv\/2023\/wp-content\/uploads\/2023\/02\/04-5.jpg","type":"image\/jpeg"}],"author":"Edici\u00f3n Web","twitter_card":"summary_large_image","twitter_creator":"@NOTICIEROS7","twitter_site":"@NOTICIEROS7","twitter_misc":{"Escrito por":"Edici\u00f3n Web","Tiempo de lectura":"2 minutos"},"schema":{"@context":"https:\/\/schema.org","@graph":[{"@type":"Article","@id":"https:\/\/canal7slp.tv\/2023\/inai-ordena-al-imss-hacer-publicos-los-nombres-de-medicos-cubanos-que-han-llegado-a-mexico\/#article","isPartOf":{"@id":"https:\/\/canal7slp.tv\/2023\/inai-ordena-al-imss-hacer-publicos-los-nombres-de-medicos-cubanos-que-han-llegado-a-mexico\/"},"author":{"name":"Edici\u00f3n Web","@id":"https:\/\/canal7slp.tv\/2023\/#\/schema\/person\/639c424e3584069003b11ae813915da6"},"headline":"INAI ordena al IMSS hacer p\u00fablicos los nombres de m\u00e9dicos cubanos que han llegado a M\u00e9xico","datePublished":"2023-02-07T23:54:07+00:00","mainEntityOfPage":{"@id":"https:\/\/canal7slp.tv\/2023\/inai-ordena-al-imss-hacer-publicos-los-nombres-de-medicos-cubanos-que-han-llegado-a-mexico\/"},"wordCount":266,"publisher":{"@id":"https:\/\/canal7slp.tv\/2023\/#organization"},"image":{"@id":"https:\/\/canal7slp.tv\/2023\/inai-ordena-al-imss-hacer-publicos-los-nombres-de-medicos-cubanos-que-han-llegado-a-mexico\/#primaryimage"},"thumbnailUrl":"https:\/\/canal7slp.tv\/2023\/wp-content\/uploads\/2023\/02\/04-5.jpg","articleSection":["NACIONALES"],"inLanguage":"es"},{"@type":"WebPage","@id":"https:\/\/canal7slp.tv\/2023\/inai-ordena-al-imss-hacer-publicos-los-nombres-de-medicos-cubanos-que-han-llegado-a-mexico\/","url":"https:\/\/canal7slp.tv\/2023\/inai-ordena-al-imss-hacer-publicos-los-nombres-de-medicos-cubanos-que-han-llegado-a-mexico\/","name":"INAI ordena al IMSS hacer p\u00fablicos los nombres de m\u00e9dicos cubanos que han llegado a M\u00e9xico - Canal 7 SLP - 2023","isPartOf":{"@id":"https:\/\/canal7slp.tv\/2023\/#website"},"primaryImageOfPage":{"@id":"https:\/\/canal7slp.tv\/2023\/inai-ordena-al-imss-hacer-publicos-los-nombres-de-medicos-cubanos-que-han-llegado-a-mexico\/#primaryimage"},"image":{"@id":"https:\/\/canal7slp.tv\/2023\/inai-ordena-al-imss-hacer-publicos-los-nombres-de-medicos-cubanos-que-han-llegado-a-mexico\/#primaryimage"},"thumbnailUrl":"https:\/\/canal7slp.tv\/2023\/wp-content\/uploads\/2023\/02\/04-5.jpg","datePublished":"2023-02-07T23:54:07+00:00","breadcrumb":{"@id":"https:\/\/canal7slp.tv\/2023\/inai-ordena-al-imss-hacer-publicos-los-nombres-de-medicos-cubanos-que-han-llegado-a-mexico\/#breadcrumb"},"inLanguage":"es","potentialAction":[{"@type":"ReadAction","target":["https:\/\/canal7slp.tv\/2023\/inai-ordena-al-imss-hacer-publicos-los-nombres-de-medicos-cubanos-que-han-llegado-a-mexico\/"]}]},{"@type":"ImageObject","inLanguage":"es","@id":"https:\/\/canal7slp.tv\/2023\/inai-ordena-al-imss-hacer-publicos-los-nombres-de-medicos-cubanos-que-han-llegado-a-mexico\/#primaryimage","url":"https:\/\/canal7slp.tv\/2023\/wp-content\/uploads\/2023\/02\/04-5.jpg","contentUrl":"https:\/\/canal7slp.tv\/2023\/wp-content\/uploads\/2023\/02\/04-5.jpg","width":800,"height":532},{"@type":"BreadcrumbList","@id":"https:\/\/canal7slp.tv\/2023\/inai-ordena-al-imss-hacer-publicos-los-nombres-de-medicos-cubanos-que-han-llegado-a-mexico\/#breadcrumb","itemListElement":[{"@type":"ListItem","position":1,"name":"Portada","item":"https:\/\/canal7slp.tv\/2023\/"},{"@type":"ListItem","position":2,"name":"INAI ordena al IMSS hacer p\u00fablicos los nombres de m\u00e9dicos cubanos que han llegado a M\u00e9xico"}]},{"@type":"WebSite","@id":"https:\/\/canal7slp.tv\/2023\/#website","url":"https:\/\/canal7slp.tv\/2023\/","name":"N7 - Noticieros Canal 7","description":"Somos Televisi\u00f3n","publisher":{"@id":"https:\/\/canal7slp.tv\/2023\/#organization"},"potentialAction":[{"@type":"SearchAction","target":{"@type":"EntryPoint","urlTemplate":"https:\/\/canal7slp.tv\/2023\/?s={search_term_string}"},"query-input":{"@type":"PropertyValueSpecification","valueRequired":true,"valueName":"search_term_string"}}],"inLanguage":"es"},{"@type":"Organization","@id":"https:\/\/canal7slp.tv\/2023\/#organization","name":"Noticieros Canal 7","url":"https:\/\/canal7slp.tv\/2023\/","logo":{"@type":"ImageObject","inLanguage":"es","@id":"https:\/\/canal7slp.tv\/2023\/#\/schema\/logo\/image\/","url":"https:\/\/canal7slp.tv\/2023\/wp-content\/uploads\/2021\/01\/logo-noticieros@2x.png","contentUrl":"https:\/\/canal7slp.tv\/2023\/wp-content\/uploads\/2021\/01\/logo-noticieros@2x.png","width":1017,"height":268,"caption":"Noticieros Canal 7"},"image":{"@id":"https:\/\/canal7slp.tv\/2023\/#\/schema\/logo\/image\/"},"sameAs":["https:\/\/www.facebook.com\/noticieroscanalsiete","https:\/\/x.com\/NOTICIEROS7","https:\/\/www.instagram.com\/canal7_slp","https:\/\/www.youtube.com\/channel\/UCliiYs-gP3JfJeqdPrNdd5A"]},{"@type":"Person","@id":"https:\/\/canal7slp.tv\/2023\/#\/schema\/person\/639c424e3584069003b11ae813915da6","name":"Edici\u00f3n Web","image":{"@type":"ImageObject","inLanguage":"es","@id":"https:\/\/secure.gravatar.com\/avatar\/eee448fc3f7164808013b816ba91ac7e43bbe82a70bebac296f8bc6f0addaa1a?s=96&d=mm&r=g","url":"https:\/\/secure.gravatar.com\/avatar\/eee448fc3f7164808013b816ba91ac7e43bbe82a70bebac296f8bc6f0addaa1a?s=96&d=mm&r=g","contentUrl":"https:\/\/secure.gravatar.com\/avatar\/eee448fc3f7164808013b816ba91ac7e43bbe82a70bebac296f8bc6f0addaa1a?s=96&d=mm&r=g","caption":"Edici\u00f3n Web"},"url":"https:\/\/canal7slp.tv\/2023\/author\/edicionweb\/"}]}},"_links":{"self":[{"href":"https:\/\/canal7slp.tv\/2023\/wp-json\/wp\/v2\/posts\/86429","targetHints":{"allow":["GET"]}}],"collection":[{"href":"https:\/\/canal7slp.tv\/2023\/wp-json\/wp\/v2\/posts"}],"about":[{"href":"https:\/\/canal7slp.tv\/2023\/wp-json\/wp\/v2\/types\/post"}],"author":[{"embeddable":true,"href":"https:\/\/canal7slp.tv\/2023\/wp-json\/wp\/v2\/users\/2"}],"replies":[{"embeddable":true,"href":"https:\/\/canal7slp.tv\/2023\/wp-json\/wp\/v2\/comments?post=86429"}],"version-history":[{"count":2,"href":"https:\/\/canal7slp.tv\/2023\/wp-json\/wp\/v2\/posts\/86429\/revisions"}],"predecessor-version":[{"id":86461,"href":"https:\/\/canal7slp.tv\/2023\/wp-json\/wp\/v2\/posts\/86429\/revisions\/86461"}],"wp:featuredmedia":[{"embeddable":true,"href":"https:\/\/canal7slp.tv\/2023\/wp-json\/wp\/v2\/media\/86450"}],"wp:attachment":[{"href":"https:\/\/canal7slp.tv\/2023\/wp-json\/wp\/v2\/media?parent=86429"}],"wp:term":[{"taxonomy":"category","embeddable":true,"href":"https:\/\/canal7slp.tv\/2023\/wp-json\/wp\/v2\/categories?post=86429"},{"taxonomy":"post_tag","embeddable":true,"href":"https:\/\/canal7slp.tv\/2023\/wp-json\/wp\/v2\/tags?post=86429"}],"curies":[{"name":"wp","href":"https:\/\/api.w.org\/{rel}","templated":true}]}}