{"id":86427,"date":"2023-02-07T17:33:34","date_gmt":"2023-02-07T23:33:34","guid":{"rendered":"https:\/\/canal7slp.tv\/2023\/?p=86427"},"modified":"2023-02-07T17:33:34","modified_gmt":"2023-02-07T23:33:34","slug":"semar-envia-a-turquia-al-grupo-de-rescate-frida","status":"publish","type":"post","link":"https:\/\/canal7slp.tv\/2023\/semar-envia-a-turquia-al-grupo-de-rescate-frida\/","title":{"rendered":"SEMAR env\u00eda a Turqu\u00eda al \u201cGrupo de Rescate Frida\u201d"},"content":{"rendered":"<p style=\"text-align: justify;\">M\u00e9xico.- A fin de apoyar en las labores de rescate en Turqu\u00eda, la Secretar\u00eda de Marina (SEMAR) dio a conocer que fue enviado a Turqu\u00eda el \u201cGrupo de Rescate Frida\u201d, el cual esta conformado por 8 mujeres, 29 hombres y dos perros del Equipo USAR-MARINA.<\/p>\n<div style=\"width: 640px;\" class=\"wp-video\"><video class=\"wp-video-shortcode\" id=\"video-86427-1\" width=\"640\" height=\"352\" preload=\"metadata\" controls=\"controls\"><source type=\"video\/mp4\" src=\"https:\/\/canal7slp.tv\/2023\/wp-content\/uploads\/2023\/02\/01Video.mp4?_=1\" \/><a href=\"https:\/\/canal7slp.tv\/2023\/wp-content\/uploads\/2023\/02\/01Video.mp4\">https:\/\/canal7slp.tv\/2023\/wp-content\/uploads\/2023\/02\/01Video.mp4<\/a><\/video><\/div>\n<p style=\"text-align: justify;\">Cabe se\u00f1alar que el grupo de rescate toma su nombre de la perra rescatista Frida, quien fue s\u00edmbolo de las unidades caninas de las Fuerzas Armadas.<\/p>\n<p style=\"text-align: justify;\">Asimismo, este apoyar\u00e1 en la b\u00fasqueda, localizaci\u00f3n y rescate de personas en estructuras colapsadas en Turqu\u00eda.<\/p>\n<p style=\"text-align: justify;\">A su vez, brindar\u00e1n ayuda a la poblaci\u00f3n civil afectada.<\/p>\n<p style=\"text-align: justify;\">Con esto, suman 150 las personas que ha enviado el Gobierno de M\u00e9xico a ayudar en la b\u00fasqueda de supervivientes en Turqu\u00eda.<\/p>\n<p style=\"text-align: justify;\">El contingente, denominado \u201cFuerza de Ayuda Humanitaria\u201d, esta integrado por 90 elementos de la Secretaria de la Defensa Nacional (SEDENA), 37 m\u00e1s de la Secretar\u00eda de Marina (SEMAR), 15 de la Cruz Roja y 5 funcionarios de la Secretar\u00eda de Relaciones Exteriores (SRE).<\/p>\n<p style=\"text-align: justify;\">Estos, partieron este 7 de febrero a las 07:00 horas en un avi\u00f3n de la Fuerza A\u00e9rea Mexicana (FAM).<\/p>\n","protected":false},"excerpt":{"rendered":"<p>M\u00e9xico.- A fin de apoyar en las labores de rescate en Turqu\u00eda, la Secretar\u00eda de Marina (SEMAR) dio a conocer que fue enviado a Turqu\u00eda el \u201cGrupo de Rescate Frida\u201d, el cual esta conformado por 8 mujeres, 29 hombres y dos perros del Equipo USAR-MARINA. Cabe se\u00f1alar que el grupo de rescate toma su nombre de la perra rescatista Frida, quien fue s\u00edmbolo de las unidades caninas de las Fuerzas Armadas. Asimismo, este apoyar\u00e1 en la b\u00fasqueda, localizaci\u00f3n y rescate de personas en estructuras colapsadas en Turqu\u00eda. A su vez, brindar\u00e1n ayuda a la poblaci\u00f3n civil afectada. Con esto, suman [&hellip;]<\/p>\n","protected":false},"author":2,"featured_media":86447,"comment_status":"closed","ping_status":"closed","sticky":false,"template":"","format":"standard","meta":{"footnotes":""},"categories":[46],"tags":[],"class_list":["post-86427","post","type-post","status-publish","format-standard","has-post-thumbnail","hentry","category-nacional","post--single"],"yoast_head":"<!-- This site is optimized with the Yoast SEO plugin v27.5 - https:\/\/yoast.com\/product\/yoast-seo-wordpress\/ -->\n<title>SEMAR env\u00eda a Turqu\u00eda al \u201cGrupo de Rescate Frida\u201d - Canal 7 SLP - 2023<\/title>\n<meta name=\"robots\" content=\"index, follow, max-snippet:-1, max-image-preview:large, max-video-preview:-1\" \/>\n<link rel=\"canonical\" href=\"https:\/\/canal7slp.tv\/2023\/semar-envia-a-turquia-al-grupo-de-rescate-frida\/\" \/>\n<meta property=\"og:locale\" content=\"es_ES\" \/>\n<meta property=\"og:type\" content=\"article\" \/>\n<meta property=\"og:title\" content=\"SEMAR env\u00eda a Turqu\u00eda al \u201cGrupo de Rescate Frida\u201d - Canal 7 SLP - 2023\" \/>\n<meta property=\"og:description\" content=\"M\u00e9xico.- A fin de apoyar en las labores de rescate en Turqu\u00eda, la Secretar\u00eda de Marina (SEMAR) dio a conocer que fue enviado a Turqu\u00eda el \u201cGrupo de Rescate Frida\u201d, el cual esta conformado por 8 mujeres, 29 hombres y dos perros del Equipo USAR-MARINA. Cabe se\u00f1alar que el grupo de rescate toma su nombre de la perra rescatista Frida, quien fue s\u00edmbolo de las unidades caninas de las Fuerzas Armadas. Asimismo, este apoyar\u00e1 en la b\u00fasqueda, localizaci\u00f3n y rescate de personas en estructuras colapsadas en Turqu\u00eda. A su vez, brindar\u00e1n ayuda a la poblaci\u00f3n civil afectada. Con esto, suman [&hellip;]\" \/>\n<meta property=\"og:url\" content=\"https:\/\/canal7slp.tv\/2023\/semar-envia-a-turquia-al-grupo-de-rescate-frida\/\" \/>\n<meta property=\"og:site_name\" content=\"Canal 7 SLP - 2023\" \/>\n<meta property=\"article:publisher\" content=\"https:\/\/www.facebook.com\/noticieroscanalsiete\" \/>\n<meta property=\"article:published_time\" content=\"2023-02-07T23:33:34+00:00\" \/>\n<meta property=\"og:image\" content=\"https:\/\/canal7slp.tv\/2023\/wp-content\/uploads\/2023\/02\/01.jpeg\" \/>\n\t<meta property=\"og:image:width\" content=\"1024\" \/>\n\t<meta property=\"og:image:height\" content=\"683\" \/>\n\t<meta property=\"og:image:type\" content=\"image\/jpeg\" \/>\n<meta name=\"author\" content=\"Edici\u00f3n Web\" \/>\n<meta name=\"twitter:card\" content=\"summary_large_image\" \/>\n<meta name=\"twitter:creator\" content=\"@NOTICIEROS7\" \/>\n<meta name=\"twitter:site\" content=\"@NOTICIEROS7\" \/>\n<meta name=\"twitter:label1\" content=\"Escrito por\" \/>\n\t<meta name=\"twitter:data1\" content=\"Edici\u00f3n Web\" \/>\n\t<meta name=\"twitter:label2\" content=\"Tiempo de lectura\" \/>\n\t<meta name=\"twitter:data2\" content=\"1 minuto\" \/>\n<script type=\"application\/ld+json\" class=\"yoast-schema-graph\">{\"@context\":\"https:\\\/\\\/schema.org\",\"@graph\":[{\"@type\":\"Article\",\"@id\":\"https:\\\/\\\/canal7slp.tv\\\/2023\\\/semar-envia-a-turquia-al-grupo-de-rescate-frida\\\/#article\",\"isPartOf\":{\"@id\":\"https:\\\/\\\/canal7slp.tv\\\/2023\\\/semar-envia-a-turquia-al-grupo-de-rescate-frida\\\/\"},\"author\":{\"name\":\"Edici\u00f3n Web\",\"@id\":\"https:\\\/\\\/canal7slp.tv\\\/2023\\\/#\\\/schema\\\/person\\\/639c424e3584069003b11ae813915da6\"},\"headline\":\"SEMAR env\u00eda a Turqu\u00eda al \u201cGrupo de Rescate Frida\u201d\",\"datePublished\":\"2023-02-07T23:33:34+00:00\",\"mainEntityOfPage\":{\"@id\":\"https:\\\/\\\/canal7slp.tv\\\/2023\\\/semar-envia-a-turquia-al-grupo-de-rescate-frida\\\/\"},\"wordCount\":216,\"publisher\":{\"@id\":\"https:\\\/\\\/canal7slp.tv\\\/2023\\\/#organization\"},\"image\":{\"@id\":\"https:\\\/\\\/canal7slp.tv\\\/2023\\\/semar-envia-a-turquia-al-grupo-de-rescate-frida\\\/#primaryimage\"},\"thumbnailUrl\":\"https:\\\/\\\/canal7slp.tv\\\/2023\\\/wp-content\\\/uploads\\\/2023\\\/02\\\/01.jpeg\",\"articleSection\":[\"NACIONALES\"],\"inLanguage\":\"es\"},{\"@type\":\"WebPage\",\"@id\":\"https:\\\/\\\/canal7slp.tv\\\/2023\\\/semar-envia-a-turquia-al-grupo-de-rescate-frida\\\/\",\"url\":\"https:\\\/\\\/canal7slp.tv\\\/2023\\\/semar-envia-a-turquia-al-grupo-de-rescate-frida\\\/\",\"name\":\"SEMAR env\u00eda a Turqu\u00eda al \u201cGrupo de Rescate Frida\u201d - Canal 7 SLP - 2023\",\"isPartOf\":{\"@id\":\"https:\\\/\\\/canal7slp.tv\\\/2023\\\/#website\"},\"primaryImageOfPage\":{\"@id\":\"https:\\\/\\\/canal7slp.tv\\\/2023\\\/semar-envia-a-turquia-al-grupo-de-rescate-frida\\\/#primaryimage\"},\"image\":{\"@id\":\"https:\\\/\\\/canal7slp.tv\\\/2023\\\/semar-envia-a-turquia-al-grupo-de-rescate-frida\\\/#primaryimage\"},\"thumbnailUrl\":\"https:\\\/\\\/canal7slp.tv\\\/2023\\\/wp-content\\\/uploads\\\/2023\\\/02\\\/01.jpeg\",\"datePublished\":\"2023-02-07T23:33:34+00:00\",\"breadcrumb\":{\"@id\":\"https:\\\/\\\/canal7slp.tv\\\/2023\\\/semar-envia-a-turquia-al-grupo-de-rescate-frida\\\/#breadcrumb\"},\"inLanguage\":\"es\",\"potentialAction\":[{\"@type\":\"ReadAction\",\"target\":[\"https:\\\/\\\/canal7slp.tv\\\/2023\\\/semar-envia-a-turquia-al-grupo-de-rescate-frida\\\/\"]}]},{\"@type\":\"ImageObject\",\"inLanguage\":\"es\",\"@id\":\"https:\\\/\\\/canal7slp.tv\\\/2023\\\/semar-envia-a-turquia-al-grupo-de-rescate-frida\\\/#primaryimage\",\"url\":\"https:\\\/\\\/canal7slp.tv\\\/2023\\\/wp-content\\\/uploads\\\/2023\\\/02\\\/01.jpeg\",\"contentUrl\":\"https:\\\/\\\/canal7slp.tv\\\/2023\\\/wp-content\\\/uploads\\\/2023\\\/02\\\/01.jpeg\",\"width\":1024,\"height\":683},{\"@type\":\"BreadcrumbList\",\"@id\":\"https:\\\/\\\/canal7slp.tv\\\/2023\\\/semar-envia-a-turquia-al-grupo-de-rescate-frida\\\/#breadcrumb\",\"itemListElement\":[{\"@type\":\"ListItem\",\"position\":1,\"name\":\"Portada\",\"item\":\"https:\\\/\\\/canal7slp.tv\\\/2023\\\/\"},{\"@type\":\"ListItem\",\"position\":2,\"name\":\"SEMAR env\u00eda a Turqu\u00eda al \u201cGrupo de Rescate Frida\u201d\"}]},{\"@type\":\"WebSite\",\"@id\":\"https:\\\/\\\/canal7slp.tv\\\/2023\\\/#website\",\"url\":\"https:\\\/\\\/canal7slp.tv\\\/2023\\\/\",\"name\":\"N7 - Noticieros Canal 7\",\"description\":\"Somos Televisi\u00f3n\",\"publisher\":{\"@id\":\"https:\\\/\\\/canal7slp.tv\\\/2023\\\/#organization\"},\"potentialAction\":[{\"@type\":\"SearchAction\",\"target\":{\"@type\":\"EntryPoint\",\"urlTemplate\":\"https:\\\/\\\/canal7slp.tv\\\/2023\\\/?s={search_term_string}\"},\"query-input\":{\"@type\":\"PropertyValueSpecification\",\"valueRequired\":true,\"valueName\":\"search_term_string\"}}],\"inLanguage\":\"es\"},{\"@type\":\"Organization\",\"@id\":\"https:\\\/\\\/canal7slp.tv\\\/2023\\\/#organization\",\"name\":\"Noticieros Canal 7\",\"url\":\"https:\\\/\\\/canal7slp.tv\\\/2023\\\/\",\"logo\":{\"@type\":\"ImageObject\",\"inLanguage\":\"es\",\"@id\":\"https:\\\/\\\/canal7slp.tv\\\/2023\\\/#\\\/schema\\\/logo\\\/image\\\/\",\"url\":\"https:\\\/\\\/canal7slp.tv\\\/2023\\\/wp-content\\\/uploads\\\/2021\\\/01\\\/logo-noticieros@2x.png\",\"contentUrl\":\"https:\\\/\\\/canal7slp.tv\\\/2023\\\/wp-content\\\/uploads\\\/2021\\\/01\\\/logo-noticieros@2x.png\",\"width\":1017,\"height\":268,\"caption\":\"Noticieros Canal 7\"},\"image\":{\"@id\":\"https:\\\/\\\/canal7slp.tv\\\/2023\\\/#\\\/schema\\\/logo\\\/image\\\/\"},\"sameAs\":[\"https:\\\/\\\/www.facebook.com\\\/noticieroscanalsiete\",\"https:\\\/\\\/x.com\\\/NOTICIEROS7\",\"https:\\\/\\\/www.instagram.com\\\/canal7_slp\",\"https:\\\/\\\/www.youtube.com\\\/channel\\\/UCliiYs-gP3JfJeqdPrNdd5A\"]},{\"@type\":\"Person\",\"@id\":\"https:\\\/\\\/canal7slp.tv\\\/2023\\\/#\\\/schema\\\/person\\\/639c424e3584069003b11ae813915da6\",\"name\":\"Edici\u00f3n Web\",\"image\":{\"@type\":\"ImageObject\",\"inLanguage\":\"es\",\"@id\":\"https:\\\/\\\/secure.gravatar.com\\\/avatar\\\/eee448fc3f7164808013b816ba91ac7e43bbe82a70bebac296f8bc6f0addaa1a?s=96&d=mm&r=g\",\"url\":\"https:\\\/\\\/secure.gravatar.com\\\/avatar\\\/eee448fc3f7164808013b816ba91ac7e43bbe82a70bebac296f8bc6f0addaa1a?s=96&d=mm&r=g\",\"contentUrl\":\"https:\\\/\\\/secure.gravatar.com\\\/avatar\\\/eee448fc3f7164808013b816ba91ac7e43bbe82a70bebac296f8bc6f0addaa1a?s=96&d=mm&r=g\",\"caption\":\"Edici\u00f3n Web\"},\"url\":\"https:\\\/\\\/canal7slp.tv\\\/2023\\\/author\\\/edicionweb\\\/\"}]}<\/script>\n<!-- \/ Yoast SEO plugin. -->","yoast_head_json":{"title":"SEMAR env\u00eda a Turqu\u00eda al \u201cGrupo de Rescate Frida\u201d - Canal 7 SLP - 2023","robots":{"index":"index","follow":"follow","max-snippet":"max-snippet:-1","max-image-preview":"max-image-preview:large","max-video-preview":"max-video-preview:-1"},"canonical":"https:\/\/canal7slp.tv\/2023\/semar-envia-a-turquia-al-grupo-de-rescate-frida\/","og_locale":"es_ES","og_type":"article","og_title":"SEMAR env\u00eda a Turqu\u00eda al \u201cGrupo de Rescate Frida\u201d - Canal 7 SLP - 2023","og_description":"M\u00e9xico.- A fin de apoyar en las labores de rescate en Turqu\u00eda, la Secretar\u00eda de Marina (SEMAR) dio a conocer que fue enviado a Turqu\u00eda el \u201cGrupo de Rescate Frida\u201d, el cual esta conformado por 8 mujeres, 29 hombres y dos perros del Equipo USAR-MARINA. Cabe se\u00f1alar que el grupo de rescate toma su nombre de la perra rescatista Frida, quien fue s\u00edmbolo de las unidades caninas de las Fuerzas Armadas. Asimismo, este apoyar\u00e1 en la b\u00fasqueda, localizaci\u00f3n y rescate de personas en estructuras colapsadas en Turqu\u00eda. A su vez, brindar\u00e1n ayuda a la poblaci\u00f3n civil afectada. Con esto, suman [&hellip;]","og_url":"https:\/\/canal7slp.tv\/2023\/semar-envia-a-turquia-al-grupo-de-rescate-frida\/","og_site_name":"Canal 7 SLP - 2023","article_publisher":"https:\/\/www.facebook.com\/noticieroscanalsiete","article_published_time":"2023-02-07T23:33:34+00:00","og_image":[{"width":1024,"height":683,"url":"https:\/\/canal7slp.tv\/2023\/wp-content\/uploads\/2023\/02\/01.jpeg","type":"image\/jpeg"}],"author":"Edici\u00f3n Web","twitter_card":"summary_large_image","twitter_creator":"@NOTICIEROS7","twitter_site":"@NOTICIEROS7","twitter_misc":{"Escrito por":"Edici\u00f3n Web","Tiempo de lectura":"1 minuto"},"schema":{"@context":"https:\/\/schema.org","@graph":[{"@type":"Article","@id":"https:\/\/canal7slp.tv\/2023\/semar-envia-a-turquia-al-grupo-de-rescate-frida\/#article","isPartOf":{"@id":"https:\/\/canal7slp.tv\/2023\/semar-envia-a-turquia-al-grupo-de-rescate-frida\/"},"author":{"name":"Edici\u00f3n Web","@id":"https:\/\/canal7slp.tv\/2023\/#\/schema\/person\/639c424e3584069003b11ae813915da6"},"headline":"SEMAR env\u00eda a Turqu\u00eda al \u201cGrupo de Rescate Frida\u201d","datePublished":"2023-02-07T23:33:34+00:00","mainEntityOfPage":{"@id":"https:\/\/canal7slp.tv\/2023\/semar-envia-a-turquia-al-grupo-de-rescate-frida\/"},"wordCount":216,"publisher":{"@id":"https:\/\/canal7slp.tv\/2023\/#organization"},"image":{"@id":"https:\/\/canal7slp.tv\/2023\/semar-envia-a-turquia-al-grupo-de-rescate-frida\/#primaryimage"},"thumbnailUrl":"https:\/\/canal7slp.tv\/2023\/wp-content\/uploads\/2023\/02\/01.jpeg","articleSection":["NACIONALES"],"inLanguage":"es"},{"@type":"WebPage","@id":"https:\/\/canal7slp.tv\/2023\/semar-envia-a-turquia-al-grupo-de-rescate-frida\/","url":"https:\/\/canal7slp.tv\/2023\/semar-envia-a-turquia-al-grupo-de-rescate-frida\/","name":"SEMAR env\u00eda a Turqu\u00eda al \u201cGrupo de Rescate Frida\u201d - Canal 7 SLP - 2023","isPartOf":{"@id":"https:\/\/canal7slp.tv\/2023\/#website"},"primaryImageOfPage":{"@id":"https:\/\/canal7slp.tv\/2023\/semar-envia-a-turquia-al-grupo-de-rescate-frida\/#primaryimage"},"image":{"@id":"https:\/\/canal7slp.tv\/2023\/semar-envia-a-turquia-al-grupo-de-rescate-frida\/#primaryimage"},"thumbnailUrl":"https:\/\/canal7slp.tv\/2023\/wp-content\/uploads\/2023\/02\/01.jpeg","datePublished":"2023-02-07T23:33:34+00:00","breadcrumb":{"@id":"https:\/\/canal7slp.tv\/2023\/semar-envia-a-turquia-al-grupo-de-rescate-frida\/#breadcrumb"},"inLanguage":"es","potentialAction":[{"@type":"ReadAction","target":["https:\/\/canal7slp.tv\/2023\/semar-envia-a-turquia-al-grupo-de-rescate-frida\/"]}]},{"@type":"ImageObject","inLanguage":"es","@id":"https:\/\/canal7slp.tv\/2023\/semar-envia-a-turquia-al-grupo-de-rescate-frida\/#primaryimage","url":"https:\/\/canal7slp.tv\/2023\/wp-content\/uploads\/2023\/02\/01.jpeg","contentUrl":"https:\/\/canal7slp.tv\/2023\/wp-content\/uploads\/2023\/02\/01.jpeg","width":1024,"height":683},{"@type":"BreadcrumbList","@id":"https:\/\/canal7slp.tv\/2023\/semar-envia-a-turquia-al-grupo-de-rescate-frida\/#breadcrumb","itemListElement":[{"@type":"ListItem","position":1,"name":"Portada","item":"https:\/\/canal7slp.tv\/2023\/"},{"@type":"ListItem","position":2,"name":"SEMAR env\u00eda a Turqu\u00eda al \u201cGrupo de Rescate Frida\u201d"}]},{"@type":"WebSite","@id":"https:\/\/canal7slp.tv\/2023\/#website","url":"https:\/\/canal7slp.tv\/2023\/","name":"N7 - Noticieros Canal 7","description":"Somos Televisi\u00f3n","publisher":{"@id":"https:\/\/canal7slp.tv\/2023\/#organization"},"potentialAction":[{"@type":"SearchAction","target":{"@type":"EntryPoint","urlTemplate":"https:\/\/canal7slp.tv\/2023\/?s={search_term_string}"},"query-input":{"@type":"PropertyValueSpecification","valueRequired":true,"valueName":"search_term_string"}}],"inLanguage":"es"},{"@type":"Organization","@id":"https:\/\/canal7slp.tv\/2023\/#organization","name":"Noticieros Canal 7","url":"https:\/\/canal7slp.tv\/2023\/","logo":{"@type":"ImageObject","inLanguage":"es","@id":"https:\/\/canal7slp.tv\/2023\/#\/schema\/logo\/image\/","url":"https:\/\/canal7slp.tv\/2023\/wp-content\/uploads\/2021\/01\/logo-noticieros@2x.png","contentUrl":"https:\/\/canal7slp.tv\/2023\/wp-content\/uploads\/2021\/01\/logo-noticieros@2x.png","width":1017,"height":268,"caption":"Noticieros Canal 7"},"image":{"@id":"https:\/\/canal7slp.tv\/2023\/#\/schema\/logo\/image\/"},"sameAs":["https:\/\/www.facebook.com\/noticieroscanalsiete","https:\/\/x.com\/NOTICIEROS7","https:\/\/www.instagram.com\/canal7_slp","https:\/\/www.youtube.com\/channel\/UCliiYs-gP3JfJeqdPrNdd5A"]},{"@type":"Person","@id":"https:\/\/canal7slp.tv\/2023\/#\/schema\/person\/639c424e3584069003b11ae813915da6","name":"Edici\u00f3n Web","image":{"@type":"ImageObject","inLanguage":"es","@id":"https:\/\/secure.gravatar.com\/avatar\/eee448fc3f7164808013b816ba91ac7e43bbe82a70bebac296f8bc6f0addaa1a?s=96&d=mm&r=g","url":"https:\/\/secure.gravatar.com\/avatar\/eee448fc3f7164808013b816ba91ac7e43bbe82a70bebac296f8bc6f0addaa1a?s=96&d=mm&r=g","contentUrl":"https:\/\/secure.gravatar.com\/avatar\/eee448fc3f7164808013b816ba91ac7e43bbe82a70bebac296f8bc6f0addaa1a?s=96&d=mm&r=g","caption":"Edici\u00f3n Web"},"url":"https:\/\/canal7slp.tv\/2023\/author\/edicionweb\/"}]}},"_links":{"self":[{"href":"https:\/\/canal7slp.tv\/2023\/wp-json\/wp\/v2\/posts\/86427","targetHints":{"allow":["GET"]}}],"collection":[{"href":"https:\/\/canal7slp.tv\/2023\/wp-json\/wp\/v2\/posts"}],"about":[{"href":"https:\/\/canal7slp.tv\/2023\/wp-json\/wp\/v2\/types\/post"}],"author":[{"embeddable":true,"href":"https:\/\/canal7slp.tv\/2023\/wp-json\/wp\/v2\/users\/2"}],"replies":[{"embeddable":true,"href":"https:\/\/canal7slp.tv\/2023\/wp-json\/wp\/v2\/comments?post=86427"}],"version-history":[{"count":3,"href":"https:\/\/canal7slp.tv\/2023\/wp-json\/wp\/v2\/posts\/86427\/revisions"}],"predecessor-version":[{"id":86486,"href":"https:\/\/canal7slp.tv\/2023\/wp-json\/wp\/v2\/posts\/86427\/revisions\/86486"}],"wp:featuredmedia":[{"embeddable":true,"href":"https:\/\/canal7slp.tv\/2023\/wp-json\/wp\/v2\/media\/86447"}],"wp:attachment":[{"href":"https:\/\/canal7slp.tv\/2023\/wp-json\/wp\/v2\/media?parent=86427"}],"wp:term":[{"taxonomy":"category","embeddable":true,"href":"https:\/\/canal7slp.tv\/2023\/wp-json\/wp\/v2\/categories?post=86427"},{"taxonomy":"post_tag","embeddable":true,"href":"https:\/\/canal7slp.tv\/2023\/wp-json\/wp\/v2\/tags?post=86427"}],"curies":[{"name":"wp","href":"https:\/\/api.w.org\/{rel}","templated":true}]}}