{"id":85730,"date":"2023-01-31T18:05:11","date_gmt":"2023-02-01T00:05:11","guid":{"rendered":"https:\/\/canal7slp.tv\/2023\/?p=85730"},"modified":"2023-01-31T18:05:11","modified_gmt":"2023-02-01T00:05:11","slug":"a-combatir-la-pobreza-a-traves-del-ramo-33-llamo-la-secretaria-federal-de-bienestar-a-las-alcaldias","status":"publish","type":"post","link":"https:\/\/canal7slp.tv\/2023\/a-combatir-la-pobreza-a-traves-del-ramo-33-llamo-la-secretaria-federal-de-bienestar-a-las-alcaldias\/","title":{"rendered":"A combatir la pobreza a trav\u00e9s del Ramo 33, llam\u00f3 la Secretaria Federal de Bienestar a las alcald\u00edas"},"content":{"rendered":"<ul>\n<li>Hizo hincapi\u00e9 en la necesidad de obras hidr\u00e1ulicas, de electrificaci\u00f3n y urbanizaci\u00f3n.<\/li>\n<\/ul>\n<p style=\"text-align: justify;\">SLP.- Durante la entrega de recursos del ramo 33 a los municipios de San Luis Potos\u00ed, la titular de la Secretar\u00eda del Bienestar del Gobierno Federal, Ariadna Montiel Reyes, lanz\u00f3 un mensaje para que las y los presidentes municipales destinen lo otorgado al combate de la pobreza.<\/p>\n<p style=\"text-align: justify;\">\u00abConvocamos a los presidentes municipales y presidentas hacer un ejercicio expedito de los recursos, que se trabaje combatiendo la pobreza, q veces lo que hacemos no se nota tanto para la poblaci\u00f3n, pero el agua, el drenaje, la electrificaci\u00f3n, la urbanizaci\u00f3n de las zonas m\u00e1s pobres es muy importante\u00bb, dijo.<\/p>\n<p style=\"text-align: justify;\">Una de las problem\u00e1ticas que m\u00e1s se repiten en el pa\u00eds, es el abastecimiento de agua a la poblaci\u00f3n, algo que fue considerado como fundamental para la funcionaria federal.<\/p>\n<p style=\"text-align: justify;\">\u00abEn M\u00e9xico, en general, padecemos un tema profundo en materia del agua y llevarlo a las comunidades m\u00e1s pobres, llevar este servicio se vuelve estrat\u00e9gico para el combate a la pobreza, por eso los conminamos a que este fondo vaya destinado a las cosas m\u00e1s importantes que resuelven los problemas m\u00e1s sentidos de la gente, aunque no necesariamente se ven de manera directa\u00bb, agreg\u00f3.<\/p>\n<p style=\"text-align: justify;\">Montiel Reyes se\u00f1al\u00f3 que continuar\u00e1 la coordinaci\u00f3n entre la federaci\u00f3n y los gobiernos locales para lograr un bienestar entre la ciudadan\u00eda, pero sobretodo entre la poblaci\u00f3n m\u00e1s vulnerable.<\/p>\n<p style=\"text-align: justify;\">\u00abEl gobernador me ha dado un informe en una charla que hemos tenido de todos los programas que tambi\u00e9n est\u00e1 implementando para construir el bienestar del pueblo de San Luis Potos\u00ed, de verdad me siento muy contenta porque el presidente de la rep\u00fablica siempre nos ha pedido coordinaci\u00f3n con todos los gobernadores y gobernadoras y la jefa de gobierno para que el bienestar del pueblo llegu\u00e9 a m\u00e1s personas\u00bb, termin\u00f3.<\/p>\n<p>Por: Jos\u00e9 Luis V\u00e1zquez<\/p>\n","protected":false},"excerpt":{"rendered":"<p>Hizo hincapi\u00e9 en la necesidad de obras hidr\u00e1ulicas, de electrificaci\u00f3n y urbanizaci\u00f3n. SLP.- Durante la entrega de recursos del ramo 33 a los municipios de San Luis Potos\u00ed, la titular de la Secretar\u00eda del Bienestar del Gobierno Federal, Ariadna Montiel Reyes, lanz\u00f3 un mensaje para que las y los presidentes municipales destinen lo otorgado al combate de la pobreza. \u00abConvocamos a los presidentes municipales y presidentas hacer un ejercicio expedito de los recursos, que se trabaje combatiendo la pobreza, q veces lo que hacemos no se nota tanto para la poblaci\u00f3n, pero el agua, el drenaje, la electrificaci\u00f3n, la urbanizaci\u00f3n [&hellip;]<\/p>\n","protected":false},"author":2,"featured_media":85744,"comment_status":"closed","ping_status":"closed","sticky":false,"template":"","format":"video","meta":{"footnotes":""},"categories":[5,45],"tags":[],"class_list":["post-85730","post","type-post","status-publish","format-video","has-post-thumbnail","hentry","category-destacadas","category-localesyregionales","post_format-post-format-video","post--single"],"yoast_head":"<!-- This site is optimized with the Yoast SEO plugin v27.5 - https:\/\/yoast.com\/product\/yoast-seo-wordpress\/ -->\n<title>A combatir la pobreza a trav\u00e9s del Ramo 33, llam\u00f3 la Secretaria Federal de Bienestar a las alcald\u00edas - Canal 7 SLP - 2023<\/title>\n<meta name=\"robots\" content=\"index, follow, max-snippet:-1, max-image-preview:large, max-video-preview:-1\" \/>\n<link rel=\"canonical\" href=\"https:\/\/canal7slp.tv\/2023\/a-combatir-la-pobreza-a-traves-del-ramo-33-llamo-la-secretaria-federal-de-bienestar-a-las-alcaldias\/\" \/>\n<meta property=\"og:locale\" content=\"es_ES\" \/>\n<meta property=\"og:type\" content=\"article\" \/>\n<meta property=\"og:title\" content=\"A combatir la pobreza a trav\u00e9s del Ramo 33, llam\u00f3 la Secretaria Federal de Bienestar a las alcald\u00edas - Canal 7 SLP - 2023\" \/>\n<meta property=\"og:description\" content=\"Hizo hincapi\u00e9 en la necesidad de obras hidr\u00e1ulicas, de electrificaci\u00f3n y urbanizaci\u00f3n. SLP.- Durante la entrega de recursos del ramo 33 a los municipios de San Luis Potos\u00ed, la titular de la Secretar\u00eda del Bienestar del Gobierno Federal, Ariadna Montiel Reyes, lanz\u00f3 un mensaje para que las y los presidentes municipales destinen lo otorgado al combate de la pobreza. \u00abConvocamos a los presidentes municipales y presidentas hacer un ejercicio expedito de los recursos, que se trabaje combatiendo la pobreza, q veces lo que hacemos no se nota tanto para la poblaci\u00f3n, pero el agua, el drenaje, la electrificaci\u00f3n, la urbanizaci\u00f3n [&hellip;]\" \/>\n<meta property=\"og:url\" content=\"https:\/\/canal7slp.tv\/2023\/a-combatir-la-pobreza-a-traves-del-ramo-33-llamo-la-secretaria-federal-de-bienestar-a-las-alcaldias\/\" \/>\n<meta property=\"og:site_name\" content=\"Canal 7 SLP - 2023\" \/>\n<meta property=\"article:publisher\" content=\"https:\/\/www.facebook.com\/noticieroscanalsiete\" \/>\n<meta property=\"article:published_time\" content=\"2023-02-01T00:05:11+00:00\" \/>\n<meta property=\"og:image\" content=\"https:\/\/canal7slp.tv\/2023\/wp-content\/uploads\/2023\/01\/Vazquez03Bienestar.jpg\" \/>\n\t<meta property=\"og:image:width\" content=\"888\" \/>\n\t<meta property=\"og:image:height\" content=\"500\" \/>\n\t<meta property=\"og:image:type\" content=\"image\/jpeg\" \/>\n<meta name=\"author\" content=\"Edici\u00f3n Web\" \/>\n<meta name=\"twitter:card\" content=\"summary_large_image\" \/>\n<meta name=\"twitter:creator\" content=\"@NOTICIEROS7\" \/>\n<meta name=\"twitter:site\" content=\"@NOTICIEROS7\" \/>\n<meta name=\"twitter:label1\" content=\"Escrito por\" \/>\n\t<meta name=\"twitter:data1\" content=\"Edici\u00f3n Web\" \/>\n\t<meta name=\"twitter:label2\" content=\"Tiempo de lectura\" \/>\n\t<meta name=\"twitter:data2\" content=\"2 minutos\" \/>\n<script type=\"application\/ld+json\" class=\"yoast-schema-graph\">{\"@context\":\"https:\\\/\\\/schema.org\",\"@graph\":[{\"@type\":\"Article\",\"@id\":\"https:\\\/\\\/canal7slp.tv\\\/2023\\\/a-combatir-la-pobreza-a-traves-del-ramo-33-llamo-la-secretaria-federal-de-bienestar-a-las-alcaldias\\\/#article\",\"isPartOf\":{\"@id\":\"https:\\\/\\\/canal7slp.tv\\\/2023\\\/a-combatir-la-pobreza-a-traves-del-ramo-33-llamo-la-secretaria-federal-de-bienestar-a-las-alcaldias\\\/\"},\"author\":{\"name\":\"Edici\u00f3n Web\",\"@id\":\"https:\\\/\\\/canal7slp.tv\\\/2023\\\/#\\\/schema\\\/person\\\/639c424e3584069003b11ae813915da6\"},\"headline\":\"A combatir la pobreza a trav\u00e9s del Ramo 33, llam\u00f3 la Secretaria Federal de Bienestar a las alcald\u00edas\",\"datePublished\":\"2023-02-01T00:05:11+00:00\",\"mainEntityOfPage\":{\"@id\":\"https:\\\/\\\/canal7slp.tv\\\/2023\\\/a-combatir-la-pobreza-a-traves-del-ramo-33-llamo-la-secretaria-federal-de-bienestar-a-las-alcaldias\\\/\"},\"wordCount\":351,\"publisher\":{\"@id\":\"https:\\\/\\\/canal7slp.tv\\\/2023\\\/#organization\"},\"image\":{\"@id\":\"https:\\\/\\\/canal7slp.tv\\\/2023\\\/a-combatir-la-pobreza-a-traves-del-ramo-33-llamo-la-secretaria-federal-de-bienestar-a-las-alcaldias\\\/#primaryimage\"},\"thumbnailUrl\":\"https:\\\/\\\/canal7slp.tv\\\/2023\\\/wp-content\\\/uploads\\\/2023\\\/01\\\/Vazquez03Bienestar.jpg\",\"articleSection\":[\"DESTACADAS\",\"LOCALES Y REGIONALES\"],\"inLanguage\":\"es\"},{\"@type\":\"WebPage\",\"@id\":\"https:\\\/\\\/canal7slp.tv\\\/2023\\\/a-combatir-la-pobreza-a-traves-del-ramo-33-llamo-la-secretaria-federal-de-bienestar-a-las-alcaldias\\\/\",\"url\":\"https:\\\/\\\/canal7slp.tv\\\/2023\\\/a-combatir-la-pobreza-a-traves-del-ramo-33-llamo-la-secretaria-federal-de-bienestar-a-las-alcaldias\\\/\",\"name\":\"A combatir la pobreza a trav\u00e9s del Ramo 33, llam\u00f3 la Secretaria Federal de Bienestar a las alcald\u00edas - Canal 7 SLP - 2023\",\"isPartOf\":{\"@id\":\"https:\\\/\\\/canal7slp.tv\\\/2023\\\/#website\"},\"primaryImageOfPage\":{\"@id\":\"https:\\\/\\\/canal7slp.tv\\\/2023\\\/a-combatir-la-pobreza-a-traves-del-ramo-33-llamo-la-secretaria-federal-de-bienestar-a-las-alcaldias\\\/#primaryimage\"},\"image\":{\"@id\":\"https:\\\/\\\/canal7slp.tv\\\/2023\\\/a-combatir-la-pobreza-a-traves-del-ramo-33-llamo-la-secretaria-federal-de-bienestar-a-las-alcaldias\\\/#primaryimage\"},\"thumbnailUrl\":\"https:\\\/\\\/canal7slp.tv\\\/2023\\\/wp-content\\\/uploads\\\/2023\\\/01\\\/Vazquez03Bienestar.jpg\",\"datePublished\":\"2023-02-01T00:05:11+00:00\",\"breadcrumb\":{\"@id\":\"https:\\\/\\\/canal7slp.tv\\\/2023\\\/a-combatir-la-pobreza-a-traves-del-ramo-33-llamo-la-secretaria-federal-de-bienestar-a-las-alcaldias\\\/#breadcrumb\"},\"inLanguage\":\"es\",\"potentialAction\":[{\"@type\":\"ReadAction\",\"target\":[\"https:\\\/\\\/canal7slp.tv\\\/2023\\\/a-combatir-la-pobreza-a-traves-del-ramo-33-llamo-la-secretaria-federal-de-bienestar-a-las-alcaldias\\\/\"]}]},{\"@type\":\"ImageObject\",\"inLanguage\":\"es\",\"@id\":\"https:\\\/\\\/canal7slp.tv\\\/2023\\\/a-combatir-la-pobreza-a-traves-del-ramo-33-llamo-la-secretaria-federal-de-bienestar-a-las-alcaldias\\\/#primaryimage\",\"url\":\"https:\\\/\\\/canal7slp.tv\\\/2023\\\/wp-content\\\/uploads\\\/2023\\\/01\\\/Vazquez03Bienestar.jpg\",\"contentUrl\":\"https:\\\/\\\/canal7slp.tv\\\/2023\\\/wp-content\\\/uploads\\\/2023\\\/01\\\/Vazquez03Bienestar.jpg\",\"width\":888,\"height\":500},{\"@type\":\"BreadcrumbList\",\"@id\":\"https:\\\/\\\/canal7slp.tv\\\/2023\\\/a-combatir-la-pobreza-a-traves-del-ramo-33-llamo-la-secretaria-federal-de-bienestar-a-las-alcaldias\\\/#breadcrumb\",\"itemListElement\":[{\"@type\":\"ListItem\",\"position\":1,\"name\":\"Portada\",\"item\":\"https:\\\/\\\/canal7slp.tv\\\/2023\\\/\"},{\"@type\":\"ListItem\",\"position\":2,\"name\":\"A combatir la pobreza a trav\u00e9s del Ramo 33, llam\u00f3 la Secretaria Federal de Bienestar a las alcald\u00edas\"}]},{\"@type\":\"WebSite\",\"@id\":\"https:\\\/\\\/canal7slp.tv\\\/2023\\\/#website\",\"url\":\"https:\\\/\\\/canal7slp.tv\\\/2023\\\/\",\"name\":\"N7 - Noticieros Canal 7\",\"description\":\"Somos Televisi\u00f3n\",\"publisher\":{\"@id\":\"https:\\\/\\\/canal7slp.tv\\\/2023\\\/#organization\"},\"potentialAction\":[{\"@type\":\"SearchAction\",\"target\":{\"@type\":\"EntryPoint\",\"urlTemplate\":\"https:\\\/\\\/canal7slp.tv\\\/2023\\\/?s={search_term_string}\"},\"query-input\":{\"@type\":\"PropertyValueSpecification\",\"valueRequired\":true,\"valueName\":\"search_term_string\"}}],\"inLanguage\":\"es\"},{\"@type\":\"Organization\",\"@id\":\"https:\\\/\\\/canal7slp.tv\\\/2023\\\/#organization\",\"name\":\"Noticieros Canal 7\",\"url\":\"https:\\\/\\\/canal7slp.tv\\\/2023\\\/\",\"logo\":{\"@type\":\"ImageObject\",\"inLanguage\":\"es\",\"@id\":\"https:\\\/\\\/canal7slp.tv\\\/2023\\\/#\\\/schema\\\/logo\\\/image\\\/\",\"url\":\"https:\\\/\\\/canal7slp.tv\\\/2023\\\/wp-content\\\/uploads\\\/2021\\\/01\\\/logo-noticieros@2x.png\",\"contentUrl\":\"https:\\\/\\\/canal7slp.tv\\\/2023\\\/wp-content\\\/uploads\\\/2021\\\/01\\\/logo-noticieros@2x.png\",\"width\":1017,\"height\":268,\"caption\":\"Noticieros Canal 7\"},\"image\":{\"@id\":\"https:\\\/\\\/canal7slp.tv\\\/2023\\\/#\\\/schema\\\/logo\\\/image\\\/\"},\"sameAs\":[\"https:\\\/\\\/www.facebook.com\\\/noticieroscanalsiete\",\"https:\\\/\\\/x.com\\\/NOTICIEROS7\",\"https:\\\/\\\/www.instagram.com\\\/canal7_slp\",\"https:\\\/\\\/www.youtube.com\\\/channel\\\/UCliiYs-gP3JfJeqdPrNdd5A\"]},{\"@type\":\"Person\",\"@id\":\"https:\\\/\\\/canal7slp.tv\\\/2023\\\/#\\\/schema\\\/person\\\/639c424e3584069003b11ae813915da6\",\"name\":\"Edici\u00f3n Web\",\"image\":{\"@type\":\"ImageObject\",\"inLanguage\":\"es\",\"@id\":\"https:\\\/\\\/secure.gravatar.com\\\/avatar\\\/eee448fc3f7164808013b816ba91ac7e43bbe82a70bebac296f8bc6f0addaa1a?s=96&d=mm&r=g\",\"url\":\"https:\\\/\\\/secure.gravatar.com\\\/avatar\\\/eee448fc3f7164808013b816ba91ac7e43bbe82a70bebac296f8bc6f0addaa1a?s=96&d=mm&r=g\",\"contentUrl\":\"https:\\\/\\\/secure.gravatar.com\\\/avatar\\\/eee448fc3f7164808013b816ba91ac7e43bbe82a70bebac296f8bc6f0addaa1a?s=96&d=mm&r=g\",\"caption\":\"Edici\u00f3n Web\"},\"url\":\"https:\\\/\\\/canal7slp.tv\\\/2023\\\/author\\\/edicionweb\\\/\"}]}<\/script>\n<!-- \/ Yoast SEO plugin. -->","yoast_head_json":{"title":"A combatir la pobreza a trav\u00e9s del Ramo 33, llam\u00f3 la Secretaria Federal de Bienestar a las alcald\u00edas - Canal 7 SLP - 2023","robots":{"index":"index","follow":"follow","max-snippet":"max-snippet:-1","max-image-preview":"max-image-preview:large","max-video-preview":"max-video-preview:-1"},"canonical":"https:\/\/canal7slp.tv\/2023\/a-combatir-la-pobreza-a-traves-del-ramo-33-llamo-la-secretaria-federal-de-bienestar-a-las-alcaldias\/","og_locale":"es_ES","og_type":"article","og_title":"A combatir la pobreza a trav\u00e9s del Ramo 33, llam\u00f3 la Secretaria Federal de Bienestar a las alcald\u00edas - Canal 7 SLP - 2023","og_description":"Hizo hincapi\u00e9 en la necesidad de obras hidr\u00e1ulicas, de electrificaci\u00f3n y urbanizaci\u00f3n. SLP.- Durante la entrega de recursos del ramo 33 a los municipios de San Luis Potos\u00ed, la titular de la Secretar\u00eda del Bienestar del Gobierno Federal, Ariadna Montiel Reyes, lanz\u00f3 un mensaje para que las y los presidentes municipales destinen lo otorgado al combate de la pobreza. \u00abConvocamos a los presidentes municipales y presidentas hacer un ejercicio expedito de los recursos, que se trabaje combatiendo la pobreza, q veces lo que hacemos no se nota tanto para la poblaci\u00f3n, pero el agua, el drenaje, la electrificaci\u00f3n, la urbanizaci\u00f3n [&hellip;]","og_url":"https:\/\/canal7slp.tv\/2023\/a-combatir-la-pobreza-a-traves-del-ramo-33-llamo-la-secretaria-federal-de-bienestar-a-las-alcaldias\/","og_site_name":"Canal 7 SLP - 2023","article_publisher":"https:\/\/www.facebook.com\/noticieroscanalsiete","article_published_time":"2023-02-01T00:05:11+00:00","og_image":[{"width":888,"height":500,"url":"https:\/\/canal7slp.tv\/2023\/wp-content\/uploads\/2023\/01\/Vazquez03Bienestar.jpg","type":"image\/jpeg"}],"author":"Edici\u00f3n Web","twitter_card":"summary_large_image","twitter_creator":"@NOTICIEROS7","twitter_site":"@NOTICIEROS7","twitter_misc":{"Escrito por":"Edici\u00f3n Web","Tiempo de lectura":"2 minutos"},"schema":{"@context":"https:\/\/schema.org","@graph":[{"@type":"Article","@id":"https:\/\/canal7slp.tv\/2023\/a-combatir-la-pobreza-a-traves-del-ramo-33-llamo-la-secretaria-federal-de-bienestar-a-las-alcaldias\/#article","isPartOf":{"@id":"https:\/\/canal7slp.tv\/2023\/a-combatir-la-pobreza-a-traves-del-ramo-33-llamo-la-secretaria-federal-de-bienestar-a-las-alcaldias\/"},"author":{"name":"Edici\u00f3n Web","@id":"https:\/\/canal7slp.tv\/2023\/#\/schema\/person\/639c424e3584069003b11ae813915da6"},"headline":"A combatir la pobreza a trav\u00e9s del Ramo 33, llam\u00f3 la Secretaria Federal de Bienestar a las alcald\u00edas","datePublished":"2023-02-01T00:05:11+00:00","mainEntityOfPage":{"@id":"https:\/\/canal7slp.tv\/2023\/a-combatir-la-pobreza-a-traves-del-ramo-33-llamo-la-secretaria-federal-de-bienestar-a-las-alcaldias\/"},"wordCount":351,"publisher":{"@id":"https:\/\/canal7slp.tv\/2023\/#organization"},"image":{"@id":"https:\/\/canal7slp.tv\/2023\/a-combatir-la-pobreza-a-traves-del-ramo-33-llamo-la-secretaria-federal-de-bienestar-a-las-alcaldias\/#primaryimage"},"thumbnailUrl":"https:\/\/canal7slp.tv\/2023\/wp-content\/uploads\/2023\/01\/Vazquez03Bienestar.jpg","articleSection":["DESTACADAS","LOCALES Y REGIONALES"],"inLanguage":"es"},{"@type":"WebPage","@id":"https:\/\/canal7slp.tv\/2023\/a-combatir-la-pobreza-a-traves-del-ramo-33-llamo-la-secretaria-federal-de-bienestar-a-las-alcaldias\/","url":"https:\/\/canal7slp.tv\/2023\/a-combatir-la-pobreza-a-traves-del-ramo-33-llamo-la-secretaria-federal-de-bienestar-a-las-alcaldias\/","name":"A combatir la pobreza a trav\u00e9s del Ramo 33, llam\u00f3 la Secretaria Federal de Bienestar a las alcald\u00edas - Canal 7 SLP - 2023","isPartOf":{"@id":"https:\/\/canal7slp.tv\/2023\/#website"},"primaryImageOfPage":{"@id":"https:\/\/canal7slp.tv\/2023\/a-combatir-la-pobreza-a-traves-del-ramo-33-llamo-la-secretaria-federal-de-bienestar-a-las-alcaldias\/#primaryimage"},"image":{"@id":"https:\/\/canal7slp.tv\/2023\/a-combatir-la-pobreza-a-traves-del-ramo-33-llamo-la-secretaria-federal-de-bienestar-a-las-alcaldias\/#primaryimage"},"thumbnailUrl":"https:\/\/canal7slp.tv\/2023\/wp-content\/uploads\/2023\/01\/Vazquez03Bienestar.jpg","datePublished":"2023-02-01T00:05:11+00:00","breadcrumb":{"@id":"https:\/\/canal7slp.tv\/2023\/a-combatir-la-pobreza-a-traves-del-ramo-33-llamo-la-secretaria-federal-de-bienestar-a-las-alcaldias\/#breadcrumb"},"inLanguage":"es","potentialAction":[{"@type":"ReadAction","target":["https:\/\/canal7slp.tv\/2023\/a-combatir-la-pobreza-a-traves-del-ramo-33-llamo-la-secretaria-federal-de-bienestar-a-las-alcaldias\/"]}]},{"@type":"ImageObject","inLanguage":"es","@id":"https:\/\/canal7slp.tv\/2023\/a-combatir-la-pobreza-a-traves-del-ramo-33-llamo-la-secretaria-federal-de-bienestar-a-las-alcaldias\/#primaryimage","url":"https:\/\/canal7slp.tv\/2023\/wp-content\/uploads\/2023\/01\/Vazquez03Bienestar.jpg","contentUrl":"https:\/\/canal7slp.tv\/2023\/wp-content\/uploads\/2023\/01\/Vazquez03Bienestar.jpg","width":888,"height":500},{"@type":"BreadcrumbList","@id":"https:\/\/canal7slp.tv\/2023\/a-combatir-la-pobreza-a-traves-del-ramo-33-llamo-la-secretaria-federal-de-bienestar-a-las-alcaldias\/#breadcrumb","itemListElement":[{"@type":"ListItem","position":1,"name":"Portada","item":"https:\/\/canal7slp.tv\/2023\/"},{"@type":"ListItem","position":2,"name":"A combatir la pobreza a trav\u00e9s del Ramo 33, llam\u00f3 la Secretaria Federal de Bienestar a las alcald\u00edas"}]},{"@type":"WebSite","@id":"https:\/\/canal7slp.tv\/2023\/#website","url":"https:\/\/canal7slp.tv\/2023\/","name":"N7 - Noticieros Canal 7","description":"Somos Televisi\u00f3n","publisher":{"@id":"https:\/\/canal7slp.tv\/2023\/#organization"},"potentialAction":[{"@type":"SearchAction","target":{"@type":"EntryPoint","urlTemplate":"https:\/\/canal7slp.tv\/2023\/?s={search_term_string}"},"query-input":{"@type":"PropertyValueSpecification","valueRequired":true,"valueName":"search_term_string"}}],"inLanguage":"es"},{"@type":"Organization","@id":"https:\/\/canal7slp.tv\/2023\/#organization","name":"Noticieros Canal 7","url":"https:\/\/canal7slp.tv\/2023\/","logo":{"@type":"ImageObject","inLanguage":"es","@id":"https:\/\/canal7slp.tv\/2023\/#\/schema\/logo\/image\/","url":"https:\/\/canal7slp.tv\/2023\/wp-content\/uploads\/2021\/01\/logo-noticieros@2x.png","contentUrl":"https:\/\/canal7slp.tv\/2023\/wp-content\/uploads\/2021\/01\/logo-noticieros@2x.png","width":1017,"height":268,"caption":"Noticieros Canal 7"},"image":{"@id":"https:\/\/canal7slp.tv\/2023\/#\/schema\/logo\/image\/"},"sameAs":["https:\/\/www.facebook.com\/noticieroscanalsiete","https:\/\/x.com\/NOTICIEROS7","https:\/\/www.instagram.com\/canal7_slp","https:\/\/www.youtube.com\/channel\/UCliiYs-gP3JfJeqdPrNdd5A"]},{"@type":"Person","@id":"https:\/\/canal7slp.tv\/2023\/#\/schema\/person\/639c424e3584069003b11ae813915da6","name":"Edici\u00f3n Web","image":{"@type":"ImageObject","inLanguage":"es","@id":"https:\/\/secure.gravatar.com\/avatar\/eee448fc3f7164808013b816ba91ac7e43bbe82a70bebac296f8bc6f0addaa1a?s=96&d=mm&r=g","url":"https:\/\/secure.gravatar.com\/avatar\/eee448fc3f7164808013b816ba91ac7e43bbe82a70bebac296f8bc6f0addaa1a?s=96&d=mm&r=g","contentUrl":"https:\/\/secure.gravatar.com\/avatar\/eee448fc3f7164808013b816ba91ac7e43bbe82a70bebac296f8bc6f0addaa1a?s=96&d=mm&r=g","caption":"Edici\u00f3n Web"},"url":"https:\/\/canal7slp.tv\/2023\/author\/edicionweb\/"}]}},"_links":{"self":[{"href":"https:\/\/canal7slp.tv\/2023\/wp-json\/wp\/v2\/posts\/85730","targetHints":{"allow":["GET"]}}],"collection":[{"href":"https:\/\/canal7slp.tv\/2023\/wp-json\/wp\/v2\/posts"}],"about":[{"href":"https:\/\/canal7slp.tv\/2023\/wp-json\/wp\/v2\/types\/post"}],"author":[{"embeddable":true,"href":"https:\/\/canal7slp.tv\/2023\/wp-json\/wp\/v2\/users\/2"}],"replies":[{"embeddable":true,"href":"https:\/\/canal7slp.tv\/2023\/wp-json\/wp\/v2\/comments?post=85730"}],"version-history":[{"count":2,"href":"https:\/\/canal7slp.tv\/2023\/wp-json\/wp\/v2\/posts\/85730\/revisions"}],"predecessor-version":[{"id":85745,"href":"https:\/\/canal7slp.tv\/2023\/wp-json\/wp\/v2\/posts\/85730\/revisions\/85745"}],"wp:featuredmedia":[{"embeddable":true,"href":"https:\/\/canal7slp.tv\/2023\/wp-json\/wp\/v2\/media\/85744"}],"wp:attachment":[{"href":"https:\/\/canal7slp.tv\/2023\/wp-json\/wp\/v2\/media?parent=85730"}],"wp:term":[{"taxonomy":"category","embeddable":true,"href":"https:\/\/canal7slp.tv\/2023\/wp-json\/wp\/v2\/categories?post=85730"},{"taxonomy":"post_tag","embeddable":true,"href":"https:\/\/canal7slp.tv\/2023\/wp-json\/wp\/v2\/tags?post=85730"}],"curies":[{"name":"wp","href":"https:\/\/api.w.org\/{rel}","templated":true}]}}