{"id":85710,"date":"2023-01-31T17:06:24","date_gmt":"2023-01-31T23:06:24","guid":{"rendered":"https:\/\/canal7slp.tv\/2023\/?p=85710"},"modified":"2023-01-31T17:06:24","modified_gmt":"2023-01-31T23:06:24","slug":"autoridades-reportan-que-sexta-ola-covid-ha-comenzado-a-disminuir","status":"publish","type":"post","link":"https:\/\/canal7slp.tv\/2023\/autoridades-reportan-que-sexta-ola-covid-ha-comenzado-a-disminuir\/","title":{"rendered":"Autoridades reportan que sexta ola Covid ha comenzado a disminuir"},"content":{"rendered":"<p style=\"text-align: justify;\">M\u00e9xico.- Hugo L\u00f3pez-Gatell, subsecretario de Prevenci\u00f3n y Promoci\u00f3n de Salud, inform\u00f3 que ha comenzado el descenso de la sexta ola de COVID-19.<\/p>\n<p style=\"text-align: justify;\">El funcionario detall\u00f3 que la predicci\u00f3n es que esta tendencia siga por varias semanas, tras lo cual eventualmente terminar\u00e1 este ciclo de transmisi\u00f3n epid\u00e9mica.<\/p>\n<p style=\"text-align: justify;\">\u00abEn este momento ya en las 32 entidades federativas se reduce el n\u00famero diario de casos de COVID registrados y por supuesto, tambi\u00e9n es muy importante destacar que a lo largo de esta sexta ola se mantuvieron en m\u00ednimas las ocupaciones hospitalarias de las camas destinadas a personas con enfermedades respiratorias, tanto con cuidado cr\u00edticos como cuidado generales\u00bb, declar\u00f3.<\/p>\n<p style=\"text-align: justify;\">\u00abLlegamos un punto m\u00e1ximo 8 y 4% respectivamente, y ahora estamos en 6 y 2% con una tendencia a la baja\u00bb, agreg\u00f3 el subsecretario.<\/p>\n<p style=\"text-align: justify;\">L\u00f3pez-Gatell aclar\u00f3 que mientras haya transmisi\u00f3n en cualquier parte del mundo, en nuestro pa\u00eds el virus puede regresar y no hay manera de predecir cu\u00e1ndo esto pueda ocurrir.<\/p>\n","protected":false},"excerpt":{"rendered":"<p>M\u00e9xico.- Hugo L\u00f3pez-Gatell, subsecretario de Prevenci\u00f3n y Promoci\u00f3n de Salud, inform\u00f3 que ha comenzado el descenso de la sexta ola de COVID-19. El funcionario detall\u00f3 que la predicci\u00f3n es que esta tendencia siga por varias semanas, tras lo cual eventualmente terminar\u00e1 este ciclo de transmisi\u00f3n epid\u00e9mica. \u00abEn este momento ya en las 32 entidades federativas se reduce el n\u00famero diario de casos de COVID registrados y por supuesto, tambi\u00e9n es muy importante destacar que a lo largo de esta sexta ola se mantuvieron en m\u00ednimas las ocupaciones hospitalarias de las camas destinadas a personas con enfermedades respiratorias, tanto con cuidado [&hellip;]<\/p>\n","protected":false},"author":2,"featured_media":85720,"comment_status":"closed","ping_status":"closed","sticky":false,"template":"","format":"standard","meta":{"footnotes":""},"categories":[46],"tags":[],"class_list":["post-85710","post","type-post","status-publish","format-standard","has-post-thumbnail","hentry","category-nacional","post--single"],"yoast_head":"<!-- This site is optimized with the Yoast SEO plugin v27.5 - https:\/\/yoast.com\/product\/yoast-seo-wordpress\/ -->\n<title>Autoridades reportan que sexta ola Covid ha comenzado a disminuir - Canal 7 SLP - 2023<\/title>\n<meta name=\"robots\" content=\"index, follow, max-snippet:-1, max-image-preview:large, max-video-preview:-1\" \/>\n<link rel=\"canonical\" href=\"https:\/\/canal7slp.tv\/2023\/autoridades-reportan-que-sexta-ola-covid-ha-comenzado-a-disminuir\/\" \/>\n<meta property=\"og:locale\" content=\"es_ES\" \/>\n<meta property=\"og:type\" content=\"article\" \/>\n<meta property=\"og:title\" content=\"Autoridades reportan que sexta ola Covid ha comenzado a disminuir - Canal 7 SLP - 2023\" \/>\n<meta property=\"og:description\" content=\"M\u00e9xico.- Hugo L\u00f3pez-Gatell, subsecretario de Prevenci\u00f3n y Promoci\u00f3n de Salud, inform\u00f3 que ha comenzado el descenso de la sexta ola de COVID-19. El funcionario detall\u00f3 que la predicci\u00f3n es que esta tendencia siga por varias semanas, tras lo cual eventualmente terminar\u00e1 este ciclo de transmisi\u00f3n epid\u00e9mica. \u00abEn este momento ya en las 32 entidades federativas se reduce el n\u00famero diario de casos de COVID registrados y por supuesto, tambi\u00e9n es muy importante destacar que a lo largo de esta sexta ola se mantuvieron en m\u00ednimas las ocupaciones hospitalarias de las camas destinadas a personas con enfermedades respiratorias, tanto con cuidado [&hellip;]\" \/>\n<meta property=\"og:url\" content=\"https:\/\/canal7slp.tv\/2023\/autoridades-reportan-que-sexta-ola-covid-ha-comenzado-a-disminuir\/\" \/>\n<meta property=\"og:site_name\" content=\"Canal 7 SLP - 2023\" \/>\n<meta property=\"article:publisher\" content=\"https:\/\/www.facebook.com\/noticieroscanalsiete\" \/>\n<meta property=\"article:published_time\" content=\"2023-01-31T23:06:24+00:00\" \/>\n<meta property=\"og:image\" content=\"https:\/\/canal7slp.tv\/2023\/wp-content\/uploads\/2023\/01\/04-24.jpg\" \/>\n\t<meta property=\"og:image:width\" content=\"720\" \/>\n\t<meta property=\"og:image:height\" content=\"405\" \/>\n\t<meta property=\"og:image:type\" content=\"image\/jpeg\" \/>\n<meta name=\"author\" content=\"Edici\u00f3n Web\" \/>\n<meta name=\"twitter:card\" content=\"summary_large_image\" \/>\n<meta name=\"twitter:creator\" content=\"@NOTICIEROS7\" \/>\n<meta name=\"twitter:site\" content=\"@NOTICIEROS7\" \/>\n<meta name=\"twitter:label1\" content=\"Escrito por\" \/>\n\t<meta name=\"twitter:data1\" content=\"Edici\u00f3n Web\" \/>\n\t<meta name=\"twitter:label2\" content=\"Tiempo de lectura\" \/>\n\t<meta name=\"twitter:data2\" content=\"1 minuto\" \/>\n<script type=\"application\/ld+json\" class=\"yoast-schema-graph\">{\"@context\":\"https:\\\/\\\/schema.org\",\"@graph\":[{\"@type\":\"Article\",\"@id\":\"https:\\\/\\\/canal7slp.tv\\\/2023\\\/autoridades-reportan-que-sexta-ola-covid-ha-comenzado-a-disminuir\\\/#article\",\"isPartOf\":{\"@id\":\"https:\\\/\\\/canal7slp.tv\\\/2023\\\/autoridades-reportan-que-sexta-ola-covid-ha-comenzado-a-disminuir\\\/\"},\"author\":{\"name\":\"Edici\u00f3n Web\",\"@id\":\"https:\\\/\\\/canal7slp.tv\\\/2023\\\/#\\\/schema\\\/person\\\/639c424e3584069003b11ae813915da6\"},\"headline\":\"Autoridades reportan que sexta ola Covid ha comenzado a disminuir\",\"datePublished\":\"2023-01-31T23:06:24+00:00\",\"mainEntityOfPage\":{\"@id\":\"https:\\\/\\\/canal7slp.tv\\\/2023\\\/autoridades-reportan-que-sexta-ola-covid-ha-comenzado-a-disminuir\\\/\"},\"wordCount\":179,\"publisher\":{\"@id\":\"https:\\\/\\\/canal7slp.tv\\\/2023\\\/#organization\"},\"image\":{\"@id\":\"https:\\\/\\\/canal7slp.tv\\\/2023\\\/autoridades-reportan-que-sexta-ola-covid-ha-comenzado-a-disminuir\\\/#primaryimage\"},\"thumbnailUrl\":\"https:\\\/\\\/canal7slp.tv\\\/2023\\\/wp-content\\\/uploads\\\/2023\\\/01\\\/04-24.jpg\",\"articleSection\":[\"NACIONALES\"],\"inLanguage\":\"es\"},{\"@type\":\"WebPage\",\"@id\":\"https:\\\/\\\/canal7slp.tv\\\/2023\\\/autoridades-reportan-que-sexta-ola-covid-ha-comenzado-a-disminuir\\\/\",\"url\":\"https:\\\/\\\/canal7slp.tv\\\/2023\\\/autoridades-reportan-que-sexta-ola-covid-ha-comenzado-a-disminuir\\\/\",\"name\":\"Autoridades reportan que sexta ola Covid ha comenzado a disminuir - Canal 7 SLP - 2023\",\"isPartOf\":{\"@id\":\"https:\\\/\\\/canal7slp.tv\\\/2023\\\/#website\"},\"primaryImageOfPage\":{\"@id\":\"https:\\\/\\\/canal7slp.tv\\\/2023\\\/autoridades-reportan-que-sexta-ola-covid-ha-comenzado-a-disminuir\\\/#primaryimage\"},\"image\":{\"@id\":\"https:\\\/\\\/canal7slp.tv\\\/2023\\\/autoridades-reportan-que-sexta-ola-covid-ha-comenzado-a-disminuir\\\/#primaryimage\"},\"thumbnailUrl\":\"https:\\\/\\\/canal7slp.tv\\\/2023\\\/wp-content\\\/uploads\\\/2023\\\/01\\\/04-24.jpg\",\"datePublished\":\"2023-01-31T23:06:24+00:00\",\"breadcrumb\":{\"@id\":\"https:\\\/\\\/canal7slp.tv\\\/2023\\\/autoridades-reportan-que-sexta-ola-covid-ha-comenzado-a-disminuir\\\/#breadcrumb\"},\"inLanguage\":\"es\",\"potentialAction\":[{\"@type\":\"ReadAction\",\"target\":[\"https:\\\/\\\/canal7slp.tv\\\/2023\\\/autoridades-reportan-que-sexta-ola-covid-ha-comenzado-a-disminuir\\\/\"]}]},{\"@type\":\"ImageObject\",\"inLanguage\":\"es\",\"@id\":\"https:\\\/\\\/canal7slp.tv\\\/2023\\\/autoridades-reportan-que-sexta-ola-covid-ha-comenzado-a-disminuir\\\/#primaryimage\",\"url\":\"https:\\\/\\\/canal7slp.tv\\\/2023\\\/wp-content\\\/uploads\\\/2023\\\/01\\\/04-24.jpg\",\"contentUrl\":\"https:\\\/\\\/canal7slp.tv\\\/2023\\\/wp-content\\\/uploads\\\/2023\\\/01\\\/04-24.jpg\",\"width\":720,\"height\":405},{\"@type\":\"BreadcrumbList\",\"@id\":\"https:\\\/\\\/canal7slp.tv\\\/2023\\\/autoridades-reportan-que-sexta-ola-covid-ha-comenzado-a-disminuir\\\/#breadcrumb\",\"itemListElement\":[{\"@type\":\"ListItem\",\"position\":1,\"name\":\"Portada\",\"item\":\"https:\\\/\\\/canal7slp.tv\\\/2023\\\/\"},{\"@type\":\"ListItem\",\"position\":2,\"name\":\"Autoridades reportan que sexta ola Covid ha comenzado a disminuir\"}]},{\"@type\":\"WebSite\",\"@id\":\"https:\\\/\\\/canal7slp.tv\\\/2023\\\/#website\",\"url\":\"https:\\\/\\\/canal7slp.tv\\\/2023\\\/\",\"name\":\"N7 - Noticieros Canal 7\",\"description\":\"Somos Televisi\u00f3n\",\"publisher\":{\"@id\":\"https:\\\/\\\/canal7slp.tv\\\/2023\\\/#organization\"},\"potentialAction\":[{\"@type\":\"SearchAction\",\"target\":{\"@type\":\"EntryPoint\",\"urlTemplate\":\"https:\\\/\\\/canal7slp.tv\\\/2023\\\/?s={search_term_string}\"},\"query-input\":{\"@type\":\"PropertyValueSpecification\",\"valueRequired\":true,\"valueName\":\"search_term_string\"}}],\"inLanguage\":\"es\"},{\"@type\":\"Organization\",\"@id\":\"https:\\\/\\\/canal7slp.tv\\\/2023\\\/#organization\",\"name\":\"Noticieros Canal 7\",\"url\":\"https:\\\/\\\/canal7slp.tv\\\/2023\\\/\",\"logo\":{\"@type\":\"ImageObject\",\"inLanguage\":\"es\",\"@id\":\"https:\\\/\\\/canal7slp.tv\\\/2023\\\/#\\\/schema\\\/logo\\\/image\\\/\",\"url\":\"https:\\\/\\\/canal7slp.tv\\\/2023\\\/wp-content\\\/uploads\\\/2021\\\/01\\\/logo-noticieros@2x.png\",\"contentUrl\":\"https:\\\/\\\/canal7slp.tv\\\/2023\\\/wp-content\\\/uploads\\\/2021\\\/01\\\/logo-noticieros@2x.png\",\"width\":1017,\"height\":268,\"caption\":\"Noticieros Canal 7\"},\"image\":{\"@id\":\"https:\\\/\\\/canal7slp.tv\\\/2023\\\/#\\\/schema\\\/logo\\\/image\\\/\"},\"sameAs\":[\"https:\\\/\\\/www.facebook.com\\\/noticieroscanalsiete\",\"https:\\\/\\\/x.com\\\/NOTICIEROS7\",\"https:\\\/\\\/www.instagram.com\\\/canal7_slp\",\"https:\\\/\\\/www.youtube.com\\\/channel\\\/UCliiYs-gP3JfJeqdPrNdd5A\"]},{\"@type\":\"Person\",\"@id\":\"https:\\\/\\\/canal7slp.tv\\\/2023\\\/#\\\/schema\\\/person\\\/639c424e3584069003b11ae813915da6\",\"name\":\"Edici\u00f3n Web\",\"image\":{\"@type\":\"ImageObject\",\"inLanguage\":\"es\",\"@id\":\"https:\\\/\\\/secure.gravatar.com\\\/avatar\\\/eee448fc3f7164808013b816ba91ac7e43bbe82a70bebac296f8bc6f0addaa1a?s=96&d=mm&r=g\",\"url\":\"https:\\\/\\\/secure.gravatar.com\\\/avatar\\\/eee448fc3f7164808013b816ba91ac7e43bbe82a70bebac296f8bc6f0addaa1a?s=96&d=mm&r=g\",\"contentUrl\":\"https:\\\/\\\/secure.gravatar.com\\\/avatar\\\/eee448fc3f7164808013b816ba91ac7e43bbe82a70bebac296f8bc6f0addaa1a?s=96&d=mm&r=g\",\"caption\":\"Edici\u00f3n Web\"},\"url\":\"https:\\\/\\\/canal7slp.tv\\\/2023\\\/author\\\/edicionweb\\\/\"}]}<\/script>\n<!-- \/ Yoast SEO plugin. -->","yoast_head_json":{"title":"Autoridades reportan que sexta ola Covid ha comenzado a disminuir - Canal 7 SLP - 2023","robots":{"index":"index","follow":"follow","max-snippet":"max-snippet:-1","max-image-preview":"max-image-preview:large","max-video-preview":"max-video-preview:-1"},"canonical":"https:\/\/canal7slp.tv\/2023\/autoridades-reportan-que-sexta-ola-covid-ha-comenzado-a-disminuir\/","og_locale":"es_ES","og_type":"article","og_title":"Autoridades reportan que sexta ola Covid ha comenzado a disminuir - Canal 7 SLP - 2023","og_description":"M\u00e9xico.- Hugo L\u00f3pez-Gatell, subsecretario de Prevenci\u00f3n y Promoci\u00f3n de Salud, inform\u00f3 que ha comenzado el descenso de la sexta ola de COVID-19. El funcionario detall\u00f3 que la predicci\u00f3n es que esta tendencia siga por varias semanas, tras lo cual eventualmente terminar\u00e1 este ciclo de transmisi\u00f3n epid\u00e9mica. \u00abEn este momento ya en las 32 entidades federativas se reduce el n\u00famero diario de casos de COVID registrados y por supuesto, tambi\u00e9n es muy importante destacar que a lo largo de esta sexta ola se mantuvieron en m\u00ednimas las ocupaciones hospitalarias de las camas destinadas a personas con enfermedades respiratorias, tanto con cuidado [&hellip;]","og_url":"https:\/\/canal7slp.tv\/2023\/autoridades-reportan-que-sexta-ola-covid-ha-comenzado-a-disminuir\/","og_site_name":"Canal 7 SLP - 2023","article_publisher":"https:\/\/www.facebook.com\/noticieroscanalsiete","article_published_time":"2023-01-31T23:06:24+00:00","og_image":[{"width":720,"height":405,"url":"https:\/\/canal7slp.tv\/2023\/wp-content\/uploads\/2023\/01\/04-24.jpg","type":"image\/jpeg"}],"author":"Edici\u00f3n Web","twitter_card":"summary_large_image","twitter_creator":"@NOTICIEROS7","twitter_site":"@NOTICIEROS7","twitter_misc":{"Escrito por":"Edici\u00f3n Web","Tiempo de lectura":"1 minuto"},"schema":{"@context":"https:\/\/schema.org","@graph":[{"@type":"Article","@id":"https:\/\/canal7slp.tv\/2023\/autoridades-reportan-que-sexta-ola-covid-ha-comenzado-a-disminuir\/#article","isPartOf":{"@id":"https:\/\/canal7slp.tv\/2023\/autoridades-reportan-que-sexta-ola-covid-ha-comenzado-a-disminuir\/"},"author":{"name":"Edici\u00f3n Web","@id":"https:\/\/canal7slp.tv\/2023\/#\/schema\/person\/639c424e3584069003b11ae813915da6"},"headline":"Autoridades reportan que sexta ola Covid ha comenzado a disminuir","datePublished":"2023-01-31T23:06:24+00:00","mainEntityOfPage":{"@id":"https:\/\/canal7slp.tv\/2023\/autoridades-reportan-que-sexta-ola-covid-ha-comenzado-a-disminuir\/"},"wordCount":179,"publisher":{"@id":"https:\/\/canal7slp.tv\/2023\/#organization"},"image":{"@id":"https:\/\/canal7slp.tv\/2023\/autoridades-reportan-que-sexta-ola-covid-ha-comenzado-a-disminuir\/#primaryimage"},"thumbnailUrl":"https:\/\/canal7slp.tv\/2023\/wp-content\/uploads\/2023\/01\/04-24.jpg","articleSection":["NACIONALES"],"inLanguage":"es"},{"@type":"WebPage","@id":"https:\/\/canal7slp.tv\/2023\/autoridades-reportan-que-sexta-ola-covid-ha-comenzado-a-disminuir\/","url":"https:\/\/canal7slp.tv\/2023\/autoridades-reportan-que-sexta-ola-covid-ha-comenzado-a-disminuir\/","name":"Autoridades reportan que sexta ola Covid ha comenzado a disminuir - Canal 7 SLP - 2023","isPartOf":{"@id":"https:\/\/canal7slp.tv\/2023\/#website"},"primaryImageOfPage":{"@id":"https:\/\/canal7slp.tv\/2023\/autoridades-reportan-que-sexta-ola-covid-ha-comenzado-a-disminuir\/#primaryimage"},"image":{"@id":"https:\/\/canal7slp.tv\/2023\/autoridades-reportan-que-sexta-ola-covid-ha-comenzado-a-disminuir\/#primaryimage"},"thumbnailUrl":"https:\/\/canal7slp.tv\/2023\/wp-content\/uploads\/2023\/01\/04-24.jpg","datePublished":"2023-01-31T23:06:24+00:00","breadcrumb":{"@id":"https:\/\/canal7slp.tv\/2023\/autoridades-reportan-que-sexta-ola-covid-ha-comenzado-a-disminuir\/#breadcrumb"},"inLanguage":"es","potentialAction":[{"@type":"ReadAction","target":["https:\/\/canal7slp.tv\/2023\/autoridades-reportan-que-sexta-ola-covid-ha-comenzado-a-disminuir\/"]}]},{"@type":"ImageObject","inLanguage":"es","@id":"https:\/\/canal7slp.tv\/2023\/autoridades-reportan-que-sexta-ola-covid-ha-comenzado-a-disminuir\/#primaryimage","url":"https:\/\/canal7slp.tv\/2023\/wp-content\/uploads\/2023\/01\/04-24.jpg","contentUrl":"https:\/\/canal7slp.tv\/2023\/wp-content\/uploads\/2023\/01\/04-24.jpg","width":720,"height":405},{"@type":"BreadcrumbList","@id":"https:\/\/canal7slp.tv\/2023\/autoridades-reportan-que-sexta-ola-covid-ha-comenzado-a-disminuir\/#breadcrumb","itemListElement":[{"@type":"ListItem","position":1,"name":"Portada","item":"https:\/\/canal7slp.tv\/2023\/"},{"@type":"ListItem","position":2,"name":"Autoridades reportan que sexta ola Covid ha comenzado a disminuir"}]},{"@type":"WebSite","@id":"https:\/\/canal7slp.tv\/2023\/#website","url":"https:\/\/canal7slp.tv\/2023\/","name":"N7 - Noticieros Canal 7","description":"Somos Televisi\u00f3n","publisher":{"@id":"https:\/\/canal7slp.tv\/2023\/#organization"},"potentialAction":[{"@type":"SearchAction","target":{"@type":"EntryPoint","urlTemplate":"https:\/\/canal7slp.tv\/2023\/?s={search_term_string}"},"query-input":{"@type":"PropertyValueSpecification","valueRequired":true,"valueName":"search_term_string"}}],"inLanguage":"es"},{"@type":"Organization","@id":"https:\/\/canal7slp.tv\/2023\/#organization","name":"Noticieros Canal 7","url":"https:\/\/canal7slp.tv\/2023\/","logo":{"@type":"ImageObject","inLanguage":"es","@id":"https:\/\/canal7slp.tv\/2023\/#\/schema\/logo\/image\/","url":"https:\/\/canal7slp.tv\/2023\/wp-content\/uploads\/2021\/01\/logo-noticieros@2x.png","contentUrl":"https:\/\/canal7slp.tv\/2023\/wp-content\/uploads\/2021\/01\/logo-noticieros@2x.png","width":1017,"height":268,"caption":"Noticieros Canal 7"},"image":{"@id":"https:\/\/canal7slp.tv\/2023\/#\/schema\/logo\/image\/"},"sameAs":["https:\/\/www.facebook.com\/noticieroscanalsiete","https:\/\/x.com\/NOTICIEROS7","https:\/\/www.instagram.com\/canal7_slp","https:\/\/www.youtube.com\/channel\/UCliiYs-gP3JfJeqdPrNdd5A"]},{"@type":"Person","@id":"https:\/\/canal7slp.tv\/2023\/#\/schema\/person\/639c424e3584069003b11ae813915da6","name":"Edici\u00f3n Web","image":{"@type":"ImageObject","inLanguage":"es","@id":"https:\/\/secure.gravatar.com\/avatar\/eee448fc3f7164808013b816ba91ac7e43bbe82a70bebac296f8bc6f0addaa1a?s=96&d=mm&r=g","url":"https:\/\/secure.gravatar.com\/avatar\/eee448fc3f7164808013b816ba91ac7e43bbe82a70bebac296f8bc6f0addaa1a?s=96&d=mm&r=g","contentUrl":"https:\/\/secure.gravatar.com\/avatar\/eee448fc3f7164808013b816ba91ac7e43bbe82a70bebac296f8bc6f0addaa1a?s=96&d=mm&r=g","caption":"Edici\u00f3n Web"},"url":"https:\/\/canal7slp.tv\/2023\/author\/edicionweb\/"}]}},"_links":{"self":[{"href":"https:\/\/canal7slp.tv\/2023\/wp-json\/wp\/v2\/posts\/85710","targetHints":{"allow":["GET"]}}],"collection":[{"href":"https:\/\/canal7slp.tv\/2023\/wp-json\/wp\/v2\/posts"}],"about":[{"href":"https:\/\/canal7slp.tv\/2023\/wp-json\/wp\/v2\/types\/post"}],"author":[{"embeddable":true,"href":"https:\/\/canal7slp.tv\/2023\/wp-json\/wp\/v2\/users\/2"}],"replies":[{"embeddable":true,"href":"https:\/\/canal7slp.tv\/2023\/wp-json\/wp\/v2\/comments?post=85710"}],"version-history":[{"count":2,"href":"https:\/\/canal7slp.tv\/2023\/wp-json\/wp\/v2\/posts\/85710\/revisions"}],"predecessor-version":[{"id":85727,"href":"https:\/\/canal7slp.tv\/2023\/wp-json\/wp\/v2\/posts\/85710\/revisions\/85727"}],"wp:featuredmedia":[{"embeddable":true,"href":"https:\/\/canal7slp.tv\/2023\/wp-json\/wp\/v2\/media\/85720"}],"wp:attachment":[{"href":"https:\/\/canal7slp.tv\/2023\/wp-json\/wp\/v2\/media?parent=85710"}],"wp:term":[{"taxonomy":"category","embeddable":true,"href":"https:\/\/canal7slp.tv\/2023\/wp-json\/wp\/v2\/categories?post=85710"},{"taxonomy":"post_tag","embeddable":true,"href":"https:\/\/canal7slp.tv\/2023\/wp-json\/wp\/v2\/tags?post=85710"}],"curies":[{"name":"wp","href":"https:\/\/api.w.org\/{rel}","templated":true}]}}