{"id":85239,"date":"2023-01-26T21:59:11","date_gmt":"2023-01-27T03:59:11","guid":{"rendered":"https:\/\/canal7slp.tv\/2023\/?p=85239"},"modified":"2023-01-26T21:59:11","modified_gmt":"2023-01-27T03:59:11","slug":"proyecta-federacion-culminar-aeropuerto-de-tamuin-en-2024","status":"publish","type":"post","link":"https:\/\/canal7slp.tv\/2023\/proyecta-federacion-culminar-aeropuerto-de-tamuin-en-2024\/","title":{"rendered":"Proyecta Federaci\u00f3n culminar Aeropuerto de Tamu\u00edn en 2024"},"content":{"rendered":"<ul>\n<li>En la capital potosina, afirm\u00f3 el Secretario Federal de Turismo, Miguel Torruco Marqu\u00e9s que se retomar\u00e1 la obra y no se dejar\u00e1n pendientes.<\/li>\n<\/ul>\n<p style=\"text-align: justify;\">SLP.- El titular de la Secretar\u00eda de Turismo a nivel federal, Miguel Torruco Marqu\u00e9s, asegur\u00f3 en rueda de prensa, que se retomar\u00e1 el proyecto del Aeropuerto de Tamu\u00edn en la huasteca potosina, mismo que culminar\u00e1 en el primer semestre del 2024.<\/p>\n<p style=\"text-align: justify;\">\u00abSe calcula que la obra habr\u00e1 de concluirse el pr\u00f3ximo a\u00f1o, todas las obras pr\u00e1cticamente estar\u00e1n concluidas este a\u00f1o a nivel nacional y en el caso de este aeropuerto ser\u00e1 a partir del primer semestre del 2024, para no dejar nada pendiente en la actual administraci\u00f3n\u00bb, dijo.<\/p>\n<p style=\"text-align: justify;\">El funcionario explic\u00f3 que desde el organismo descentralizado de Aeropuertos y Servicios Auxiliares, se modernizar\u00e1 dicho aeropuerto con una ampliaci\u00f3n de la pista que finalmente pasar\u00e1 de mil metros a 2 mil 400 metros.<\/p>\n<p style=\"text-align: justify;\">\u00abCon ello ya podr\u00eda recibirse naves de mayor calado y eso obviamente traer\u00e1 mejores resultados en las corrientes tur\u00edsticas, tendremos reuniones con directivos de las l\u00edneas a\u00e9reas para ir avanzando sobre la materia\u00bb, agreg\u00f3.<\/p>\n<p style=\"text-align: justify;\">Aunado a ello, tambi\u00e9n se tiene contemplada la construcci\u00f3n de un nuevo edificio terminal de mil 500 metros cuadrados y de un torre de control, la inversi\u00f3n ser\u00e1 millonaria.<\/p>\n<p style=\"text-align: justify;\">\u00abLa construcci\u00f3n de una torre de control que tendr\u00e1 22 metros de altura y habr\u00e1 una inversi\u00f3n estimada de 550 millones de pesos; a trav\u00e9s del estado, del gobernador ya se est\u00e1 en pl\u00e1ticas para adquirir 40 hect\u00e1reas para poder ampliar la pista actual\u00bb, culmin\u00f3.<\/p>\n<p>Por: Jos\u00e9 Luis V\u00e1zquez<\/p>\n","protected":false},"excerpt":{"rendered":"<p>En la capital potosina, afirm\u00f3 el Secretario Federal de Turismo, Miguel Torruco Marqu\u00e9s que se retomar\u00e1 la obra y no se dejar\u00e1n pendientes. SLP.- El titular de la Secretar\u00eda de Turismo a nivel federal, Miguel Torruco Marqu\u00e9s, asegur\u00f3 en rueda de prensa, que se retomar\u00e1 el proyecto del Aeropuerto de Tamu\u00edn en la huasteca potosina, mismo que culminar\u00e1 en el primer semestre del 2024. \u00abSe calcula que la obra habr\u00e1 de concluirse el pr\u00f3ximo a\u00f1o, todas las obras pr\u00e1cticamente estar\u00e1n concluidas este a\u00f1o a nivel nacional y en el caso de este aeropuerto ser\u00e1 a partir del primer semestre del [&hellip;]<\/p>\n","protected":false},"author":2,"featured_media":85269,"comment_status":"closed","ping_status":"closed","sticky":false,"template":"","format":"video","meta":{"footnotes":""},"categories":[5,45],"tags":[],"class_list":["post-85239","post","type-post","status-publish","format-video","has-post-thumbnail","hentry","category-destacadas","category-localesyregionales","post_format-post-format-video","post--single"],"yoast_head":"<!-- This site is optimized with the Yoast SEO plugin v27.5 - https:\/\/yoast.com\/product\/yoast-seo-wordpress\/ -->\n<title>Proyecta Federaci\u00f3n culminar Aeropuerto de Tamu\u00edn en 2024 - Canal 7 SLP - 2023<\/title>\n<meta name=\"robots\" content=\"index, follow, max-snippet:-1, max-image-preview:large, max-video-preview:-1\" \/>\n<link rel=\"canonical\" href=\"https:\/\/canal7slp.tv\/2023\/proyecta-federacion-culminar-aeropuerto-de-tamuin-en-2024\/\" \/>\n<meta property=\"og:locale\" content=\"es_ES\" \/>\n<meta property=\"og:type\" content=\"article\" \/>\n<meta property=\"og:title\" content=\"Proyecta Federaci\u00f3n culminar Aeropuerto de Tamu\u00edn en 2024 - Canal 7 SLP - 2023\" \/>\n<meta property=\"og:description\" content=\"En la capital potosina, afirm\u00f3 el Secretario Federal de Turismo, Miguel Torruco Marqu\u00e9s que se retomar\u00e1 la obra y no se dejar\u00e1n pendientes. SLP.- El titular de la Secretar\u00eda de Turismo a nivel federal, Miguel Torruco Marqu\u00e9s, asegur\u00f3 en rueda de prensa, que se retomar\u00e1 el proyecto del Aeropuerto de Tamu\u00edn en la huasteca potosina, mismo que culminar\u00e1 en el primer semestre del 2024. \u00abSe calcula que la obra habr\u00e1 de concluirse el pr\u00f3ximo a\u00f1o, todas las obras pr\u00e1cticamente estar\u00e1n concluidas este a\u00f1o a nivel nacional y en el caso de este aeropuerto ser\u00e1 a partir del primer semestre del [&hellip;]\" \/>\n<meta property=\"og:url\" content=\"https:\/\/canal7slp.tv\/2023\/proyecta-federacion-culminar-aeropuerto-de-tamuin-en-2024\/\" \/>\n<meta property=\"og:site_name\" content=\"Canal 7 SLP - 2023\" \/>\n<meta property=\"article:publisher\" content=\"https:\/\/www.facebook.com\/noticieroscanalsiete\" \/>\n<meta property=\"article:published_time\" content=\"2023-01-27T03:59:11+00:00\" \/>\n<meta property=\"og:image\" content=\"https:\/\/canal7slp.tv\/2023\/wp-content\/uploads\/2023\/01\/Vazquez02Aeropuerto.jpg\" \/>\n\t<meta property=\"og:image:width\" content=\"888\" \/>\n\t<meta property=\"og:image:height\" content=\"500\" \/>\n\t<meta property=\"og:image:type\" content=\"image\/jpeg\" \/>\n<meta name=\"author\" content=\"Edici\u00f3n Web\" \/>\n<meta name=\"twitter:card\" content=\"summary_large_image\" \/>\n<meta name=\"twitter:creator\" content=\"@NOTICIEROS7\" \/>\n<meta name=\"twitter:site\" content=\"@NOTICIEROS7\" \/>\n<meta name=\"twitter:label1\" content=\"Escrito por\" \/>\n\t<meta name=\"twitter:data1\" content=\"Edici\u00f3n Web\" \/>\n\t<meta name=\"twitter:label2\" content=\"Tiempo de lectura\" \/>\n\t<meta name=\"twitter:data2\" content=\"2 minutos\" \/>\n<script type=\"application\/ld+json\" class=\"yoast-schema-graph\">{\"@context\":\"https:\\\/\\\/schema.org\",\"@graph\":[{\"@type\":\"Article\",\"@id\":\"https:\\\/\\\/canal7slp.tv\\\/2023\\\/proyecta-federacion-culminar-aeropuerto-de-tamuin-en-2024\\\/#article\",\"isPartOf\":{\"@id\":\"https:\\\/\\\/canal7slp.tv\\\/2023\\\/proyecta-federacion-culminar-aeropuerto-de-tamuin-en-2024\\\/\"},\"author\":{\"name\":\"Edici\u00f3n Web\",\"@id\":\"https:\\\/\\\/canal7slp.tv\\\/2023\\\/#\\\/schema\\\/person\\\/639c424e3584069003b11ae813915da6\"},\"headline\":\"Proyecta Federaci\u00f3n culminar Aeropuerto de Tamu\u00edn en 2024\",\"datePublished\":\"2023-01-27T03:59:11+00:00\",\"mainEntityOfPage\":{\"@id\":\"https:\\\/\\\/canal7slp.tv\\\/2023\\\/proyecta-federacion-culminar-aeropuerto-de-tamuin-en-2024\\\/\"},\"wordCount\":284,\"publisher\":{\"@id\":\"https:\\\/\\\/canal7slp.tv\\\/2023\\\/#organization\"},\"image\":{\"@id\":\"https:\\\/\\\/canal7slp.tv\\\/2023\\\/proyecta-federacion-culminar-aeropuerto-de-tamuin-en-2024\\\/#primaryimage\"},\"thumbnailUrl\":\"https:\\\/\\\/canal7slp.tv\\\/2023\\\/wp-content\\\/uploads\\\/2023\\\/01\\\/Vazquez02Aeropuerto.jpg\",\"articleSection\":[\"DESTACADAS\",\"LOCALES Y REGIONALES\"],\"inLanguage\":\"es\"},{\"@type\":\"WebPage\",\"@id\":\"https:\\\/\\\/canal7slp.tv\\\/2023\\\/proyecta-federacion-culminar-aeropuerto-de-tamuin-en-2024\\\/\",\"url\":\"https:\\\/\\\/canal7slp.tv\\\/2023\\\/proyecta-federacion-culminar-aeropuerto-de-tamuin-en-2024\\\/\",\"name\":\"Proyecta Federaci\u00f3n culminar Aeropuerto de Tamu\u00edn en 2024 - Canal 7 SLP - 2023\",\"isPartOf\":{\"@id\":\"https:\\\/\\\/canal7slp.tv\\\/2023\\\/#website\"},\"primaryImageOfPage\":{\"@id\":\"https:\\\/\\\/canal7slp.tv\\\/2023\\\/proyecta-federacion-culminar-aeropuerto-de-tamuin-en-2024\\\/#primaryimage\"},\"image\":{\"@id\":\"https:\\\/\\\/canal7slp.tv\\\/2023\\\/proyecta-federacion-culminar-aeropuerto-de-tamuin-en-2024\\\/#primaryimage\"},\"thumbnailUrl\":\"https:\\\/\\\/canal7slp.tv\\\/2023\\\/wp-content\\\/uploads\\\/2023\\\/01\\\/Vazquez02Aeropuerto.jpg\",\"datePublished\":\"2023-01-27T03:59:11+00:00\",\"breadcrumb\":{\"@id\":\"https:\\\/\\\/canal7slp.tv\\\/2023\\\/proyecta-federacion-culminar-aeropuerto-de-tamuin-en-2024\\\/#breadcrumb\"},\"inLanguage\":\"es\",\"potentialAction\":[{\"@type\":\"ReadAction\",\"target\":[\"https:\\\/\\\/canal7slp.tv\\\/2023\\\/proyecta-federacion-culminar-aeropuerto-de-tamuin-en-2024\\\/\"]}]},{\"@type\":\"ImageObject\",\"inLanguage\":\"es\",\"@id\":\"https:\\\/\\\/canal7slp.tv\\\/2023\\\/proyecta-federacion-culminar-aeropuerto-de-tamuin-en-2024\\\/#primaryimage\",\"url\":\"https:\\\/\\\/canal7slp.tv\\\/2023\\\/wp-content\\\/uploads\\\/2023\\\/01\\\/Vazquez02Aeropuerto.jpg\",\"contentUrl\":\"https:\\\/\\\/canal7slp.tv\\\/2023\\\/wp-content\\\/uploads\\\/2023\\\/01\\\/Vazquez02Aeropuerto.jpg\",\"width\":888,\"height\":500},{\"@type\":\"BreadcrumbList\",\"@id\":\"https:\\\/\\\/canal7slp.tv\\\/2023\\\/proyecta-federacion-culminar-aeropuerto-de-tamuin-en-2024\\\/#breadcrumb\",\"itemListElement\":[{\"@type\":\"ListItem\",\"position\":1,\"name\":\"Portada\",\"item\":\"https:\\\/\\\/canal7slp.tv\\\/2023\\\/\"},{\"@type\":\"ListItem\",\"position\":2,\"name\":\"Proyecta Federaci\u00f3n culminar Aeropuerto de Tamu\u00edn en 2024\"}]},{\"@type\":\"WebSite\",\"@id\":\"https:\\\/\\\/canal7slp.tv\\\/2023\\\/#website\",\"url\":\"https:\\\/\\\/canal7slp.tv\\\/2023\\\/\",\"name\":\"N7 - Noticieros Canal 7\",\"description\":\"Somos Televisi\u00f3n\",\"publisher\":{\"@id\":\"https:\\\/\\\/canal7slp.tv\\\/2023\\\/#organization\"},\"potentialAction\":[{\"@type\":\"SearchAction\",\"target\":{\"@type\":\"EntryPoint\",\"urlTemplate\":\"https:\\\/\\\/canal7slp.tv\\\/2023\\\/?s={search_term_string}\"},\"query-input\":{\"@type\":\"PropertyValueSpecification\",\"valueRequired\":true,\"valueName\":\"search_term_string\"}}],\"inLanguage\":\"es\"},{\"@type\":\"Organization\",\"@id\":\"https:\\\/\\\/canal7slp.tv\\\/2023\\\/#organization\",\"name\":\"Noticieros Canal 7\",\"url\":\"https:\\\/\\\/canal7slp.tv\\\/2023\\\/\",\"logo\":{\"@type\":\"ImageObject\",\"inLanguage\":\"es\",\"@id\":\"https:\\\/\\\/canal7slp.tv\\\/2023\\\/#\\\/schema\\\/logo\\\/image\\\/\",\"url\":\"https:\\\/\\\/canal7slp.tv\\\/2023\\\/wp-content\\\/uploads\\\/2021\\\/01\\\/logo-noticieros@2x.png\",\"contentUrl\":\"https:\\\/\\\/canal7slp.tv\\\/2023\\\/wp-content\\\/uploads\\\/2021\\\/01\\\/logo-noticieros@2x.png\",\"width\":1017,\"height\":268,\"caption\":\"Noticieros Canal 7\"},\"image\":{\"@id\":\"https:\\\/\\\/canal7slp.tv\\\/2023\\\/#\\\/schema\\\/logo\\\/image\\\/\"},\"sameAs\":[\"https:\\\/\\\/www.facebook.com\\\/noticieroscanalsiete\",\"https:\\\/\\\/x.com\\\/NOTICIEROS7\",\"https:\\\/\\\/www.instagram.com\\\/canal7_slp\",\"https:\\\/\\\/www.youtube.com\\\/channel\\\/UCliiYs-gP3JfJeqdPrNdd5A\"]},{\"@type\":\"Person\",\"@id\":\"https:\\\/\\\/canal7slp.tv\\\/2023\\\/#\\\/schema\\\/person\\\/639c424e3584069003b11ae813915da6\",\"name\":\"Edici\u00f3n Web\",\"image\":{\"@type\":\"ImageObject\",\"inLanguage\":\"es\",\"@id\":\"https:\\\/\\\/secure.gravatar.com\\\/avatar\\\/eee448fc3f7164808013b816ba91ac7e43bbe82a70bebac296f8bc6f0addaa1a?s=96&d=mm&r=g\",\"url\":\"https:\\\/\\\/secure.gravatar.com\\\/avatar\\\/eee448fc3f7164808013b816ba91ac7e43bbe82a70bebac296f8bc6f0addaa1a?s=96&d=mm&r=g\",\"contentUrl\":\"https:\\\/\\\/secure.gravatar.com\\\/avatar\\\/eee448fc3f7164808013b816ba91ac7e43bbe82a70bebac296f8bc6f0addaa1a?s=96&d=mm&r=g\",\"caption\":\"Edici\u00f3n Web\"},\"url\":\"https:\\\/\\\/canal7slp.tv\\\/2023\\\/author\\\/edicionweb\\\/\"}]}<\/script>\n<!-- \/ Yoast SEO plugin. -->","yoast_head_json":{"title":"Proyecta Federaci\u00f3n culminar Aeropuerto de Tamu\u00edn en 2024 - Canal 7 SLP - 2023","robots":{"index":"index","follow":"follow","max-snippet":"max-snippet:-1","max-image-preview":"max-image-preview:large","max-video-preview":"max-video-preview:-1"},"canonical":"https:\/\/canal7slp.tv\/2023\/proyecta-federacion-culminar-aeropuerto-de-tamuin-en-2024\/","og_locale":"es_ES","og_type":"article","og_title":"Proyecta Federaci\u00f3n culminar Aeropuerto de Tamu\u00edn en 2024 - Canal 7 SLP - 2023","og_description":"En la capital potosina, afirm\u00f3 el Secretario Federal de Turismo, Miguel Torruco Marqu\u00e9s que se retomar\u00e1 la obra y no se dejar\u00e1n pendientes. SLP.- El titular de la Secretar\u00eda de Turismo a nivel federal, Miguel Torruco Marqu\u00e9s, asegur\u00f3 en rueda de prensa, que se retomar\u00e1 el proyecto del Aeropuerto de Tamu\u00edn en la huasteca potosina, mismo que culminar\u00e1 en el primer semestre del 2024. \u00abSe calcula que la obra habr\u00e1 de concluirse el pr\u00f3ximo a\u00f1o, todas las obras pr\u00e1cticamente estar\u00e1n concluidas este a\u00f1o a nivel nacional y en el caso de este aeropuerto ser\u00e1 a partir del primer semestre del [&hellip;]","og_url":"https:\/\/canal7slp.tv\/2023\/proyecta-federacion-culminar-aeropuerto-de-tamuin-en-2024\/","og_site_name":"Canal 7 SLP - 2023","article_publisher":"https:\/\/www.facebook.com\/noticieroscanalsiete","article_published_time":"2023-01-27T03:59:11+00:00","og_image":[{"width":888,"height":500,"url":"https:\/\/canal7slp.tv\/2023\/wp-content\/uploads\/2023\/01\/Vazquez02Aeropuerto.jpg","type":"image\/jpeg"}],"author":"Edici\u00f3n Web","twitter_card":"summary_large_image","twitter_creator":"@NOTICIEROS7","twitter_site":"@NOTICIEROS7","twitter_misc":{"Escrito por":"Edici\u00f3n Web","Tiempo de lectura":"2 minutos"},"schema":{"@context":"https:\/\/schema.org","@graph":[{"@type":"Article","@id":"https:\/\/canal7slp.tv\/2023\/proyecta-federacion-culminar-aeropuerto-de-tamuin-en-2024\/#article","isPartOf":{"@id":"https:\/\/canal7slp.tv\/2023\/proyecta-federacion-culminar-aeropuerto-de-tamuin-en-2024\/"},"author":{"name":"Edici\u00f3n Web","@id":"https:\/\/canal7slp.tv\/2023\/#\/schema\/person\/639c424e3584069003b11ae813915da6"},"headline":"Proyecta Federaci\u00f3n culminar Aeropuerto de Tamu\u00edn en 2024","datePublished":"2023-01-27T03:59:11+00:00","mainEntityOfPage":{"@id":"https:\/\/canal7slp.tv\/2023\/proyecta-federacion-culminar-aeropuerto-de-tamuin-en-2024\/"},"wordCount":284,"publisher":{"@id":"https:\/\/canal7slp.tv\/2023\/#organization"},"image":{"@id":"https:\/\/canal7slp.tv\/2023\/proyecta-federacion-culminar-aeropuerto-de-tamuin-en-2024\/#primaryimage"},"thumbnailUrl":"https:\/\/canal7slp.tv\/2023\/wp-content\/uploads\/2023\/01\/Vazquez02Aeropuerto.jpg","articleSection":["DESTACADAS","LOCALES Y REGIONALES"],"inLanguage":"es"},{"@type":"WebPage","@id":"https:\/\/canal7slp.tv\/2023\/proyecta-federacion-culminar-aeropuerto-de-tamuin-en-2024\/","url":"https:\/\/canal7slp.tv\/2023\/proyecta-federacion-culminar-aeropuerto-de-tamuin-en-2024\/","name":"Proyecta Federaci\u00f3n culminar Aeropuerto de Tamu\u00edn en 2024 - Canal 7 SLP - 2023","isPartOf":{"@id":"https:\/\/canal7slp.tv\/2023\/#website"},"primaryImageOfPage":{"@id":"https:\/\/canal7slp.tv\/2023\/proyecta-federacion-culminar-aeropuerto-de-tamuin-en-2024\/#primaryimage"},"image":{"@id":"https:\/\/canal7slp.tv\/2023\/proyecta-federacion-culminar-aeropuerto-de-tamuin-en-2024\/#primaryimage"},"thumbnailUrl":"https:\/\/canal7slp.tv\/2023\/wp-content\/uploads\/2023\/01\/Vazquez02Aeropuerto.jpg","datePublished":"2023-01-27T03:59:11+00:00","breadcrumb":{"@id":"https:\/\/canal7slp.tv\/2023\/proyecta-federacion-culminar-aeropuerto-de-tamuin-en-2024\/#breadcrumb"},"inLanguage":"es","potentialAction":[{"@type":"ReadAction","target":["https:\/\/canal7slp.tv\/2023\/proyecta-federacion-culminar-aeropuerto-de-tamuin-en-2024\/"]}]},{"@type":"ImageObject","inLanguage":"es","@id":"https:\/\/canal7slp.tv\/2023\/proyecta-federacion-culminar-aeropuerto-de-tamuin-en-2024\/#primaryimage","url":"https:\/\/canal7slp.tv\/2023\/wp-content\/uploads\/2023\/01\/Vazquez02Aeropuerto.jpg","contentUrl":"https:\/\/canal7slp.tv\/2023\/wp-content\/uploads\/2023\/01\/Vazquez02Aeropuerto.jpg","width":888,"height":500},{"@type":"BreadcrumbList","@id":"https:\/\/canal7slp.tv\/2023\/proyecta-federacion-culminar-aeropuerto-de-tamuin-en-2024\/#breadcrumb","itemListElement":[{"@type":"ListItem","position":1,"name":"Portada","item":"https:\/\/canal7slp.tv\/2023\/"},{"@type":"ListItem","position":2,"name":"Proyecta Federaci\u00f3n culminar Aeropuerto de Tamu\u00edn en 2024"}]},{"@type":"WebSite","@id":"https:\/\/canal7slp.tv\/2023\/#website","url":"https:\/\/canal7slp.tv\/2023\/","name":"N7 - Noticieros Canal 7","description":"Somos Televisi\u00f3n","publisher":{"@id":"https:\/\/canal7slp.tv\/2023\/#organization"},"potentialAction":[{"@type":"SearchAction","target":{"@type":"EntryPoint","urlTemplate":"https:\/\/canal7slp.tv\/2023\/?s={search_term_string}"},"query-input":{"@type":"PropertyValueSpecification","valueRequired":true,"valueName":"search_term_string"}}],"inLanguage":"es"},{"@type":"Organization","@id":"https:\/\/canal7slp.tv\/2023\/#organization","name":"Noticieros Canal 7","url":"https:\/\/canal7slp.tv\/2023\/","logo":{"@type":"ImageObject","inLanguage":"es","@id":"https:\/\/canal7slp.tv\/2023\/#\/schema\/logo\/image\/","url":"https:\/\/canal7slp.tv\/2023\/wp-content\/uploads\/2021\/01\/logo-noticieros@2x.png","contentUrl":"https:\/\/canal7slp.tv\/2023\/wp-content\/uploads\/2021\/01\/logo-noticieros@2x.png","width":1017,"height":268,"caption":"Noticieros Canal 7"},"image":{"@id":"https:\/\/canal7slp.tv\/2023\/#\/schema\/logo\/image\/"},"sameAs":["https:\/\/www.facebook.com\/noticieroscanalsiete","https:\/\/x.com\/NOTICIEROS7","https:\/\/www.instagram.com\/canal7_slp","https:\/\/www.youtube.com\/channel\/UCliiYs-gP3JfJeqdPrNdd5A"]},{"@type":"Person","@id":"https:\/\/canal7slp.tv\/2023\/#\/schema\/person\/639c424e3584069003b11ae813915da6","name":"Edici\u00f3n Web","image":{"@type":"ImageObject","inLanguage":"es","@id":"https:\/\/secure.gravatar.com\/avatar\/eee448fc3f7164808013b816ba91ac7e43bbe82a70bebac296f8bc6f0addaa1a?s=96&d=mm&r=g","url":"https:\/\/secure.gravatar.com\/avatar\/eee448fc3f7164808013b816ba91ac7e43bbe82a70bebac296f8bc6f0addaa1a?s=96&d=mm&r=g","contentUrl":"https:\/\/secure.gravatar.com\/avatar\/eee448fc3f7164808013b816ba91ac7e43bbe82a70bebac296f8bc6f0addaa1a?s=96&d=mm&r=g","caption":"Edici\u00f3n Web"},"url":"https:\/\/canal7slp.tv\/2023\/author\/edicionweb\/"}]}},"_links":{"self":[{"href":"https:\/\/canal7slp.tv\/2023\/wp-json\/wp\/v2\/posts\/85239","targetHints":{"allow":["GET"]}}],"collection":[{"href":"https:\/\/canal7slp.tv\/2023\/wp-json\/wp\/v2\/posts"}],"about":[{"href":"https:\/\/canal7slp.tv\/2023\/wp-json\/wp\/v2\/types\/post"}],"author":[{"embeddable":true,"href":"https:\/\/canal7slp.tv\/2023\/wp-json\/wp\/v2\/users\/2"}],"replies":[{"embeddable":true,"href":"https:\/\/canal7slp.tv\/2023\/wp-json\/wp\/v2\/comments?post=85239"}],"version-history":[{"count":3,"href":"https:\/\/canal7slp.tv\/2023\/wp-json\/wp\/v2\/posts\/85239\/revisions"}],"predecessor-version":[{"id":85296,"href":"https:\/\/canal7slp.tv\/2023\/wp-json\/wp\/v2\/posts\/85239\/revisions\/85296"}],"wp:featuredmedia":[{"embeddable":true,"href":"https:\/\/canal7slp.tv\/2023\/wp-json\/wp\/v2\/media\/85269"}],"wp:attachment":[{"href":"https:\/\/canal7slp.tv\/2023\/wp-json\/wp\/v2\/media?parent=85239"}],"wp:term":[{"taxonomy":"category","embeddable":true,"href":"https:\/\/canal7slp.tv\/2023\/wp-json\/wp\/v2\/categories?post=85239"},{"taxonomy":"post_tag","embeddable":true,"href":"https:\/\/canal7slp.tv\/2023\/wp-json\/wp\/v2\/tags?post=85239"}],"curies":[{"name":"wp","href":"https:\/\/api.w.org\/{rel}","templated":true}]}}