{"id":85234,"date":"2023-01-26T17:44:26","date_gmt":"2023-01-26T23:44:26","guid":{"rendered":"https:\/\/canal7slp.tv\/2023\/?p=85234"},"modified":"2023-01-26T17:44:26","modified_gmt":"2023-01-26T23:44:26","slug":"banco-mundial-senala-que-con-amlo-la-economia-de-mexico-es-la-de-menor-crecimiento-en-america-latina","status":"publish","type":"post","link":"https:\/\/canal7slp.tv\/2023\/banco-mundial-senala-que-con-amlo-la-economia-de-mexico-es-la-de-menor-crecimiento-en-america-latina\/","title":{"rendered":"Banco Mundial se\u00f1ala que con AMLO, la econom\u00eda de M\u00e9xico es la de menor crecimiento en Am\u00e9rica Latina"},"content":{"rendered":"<p style=\"text-align: justify;\">M\u00e9xico.- El Banco Mundial (WB) se\u00f1al\u00f3 en su reporte Perspectivas Econ\u00f3micas Globales, que \u00e9ste ser\u00e1 un sexenio perdido para M\u00e9xico en cuando al crecimiento del PIB.<\/p>\n<p style=\"text-align: justify;\">Dichos datos arrojan que se registrar\u00e1 un retroceso del ingreso per c\u00e1pita en M\u00e9xico.<\/p>\n<p style=\"text-align: justify;\">Asimismo, ser\u00e1 el actual gobierno federal el que peores resultados econ\u00f3micos deje desde la administraci\u00f3n de Miguel de la Madrid.<\/p>\n<p style=\"text-align: justify;\">Cabe se\u00f1alar que el Banco Mundial expuso una radiograf\u00eda econ\u00f3mica del sexenio del presidente Andr\u00e9s Manuel L\u00f3pez Obrador; no solo los resultados que presenta los primeros cuatro a\u00f1os de gobierno, sino porque proyecta una modesta recuperaci\u00f3n para este 2023 y 2024.<\/p>\n<p style=\"text-align: justify;\">A su vez, de 2018 a 2022 se report\u00f3 un retroceso econ\u00f3mico del -0.9% en el pa\u00eds.<\/p>\n<p style=\"text-align: justify;\">Es importante mencionar que durante su campa\u00f1a, L\u00f3pez Obrador prometi\u00f3 un crecimiento econ\u00f3mico anual de 4%.<\/p>\n<p style=\"text-align: justify;\">No obstante, el WB se\u00f1ala que durante su administraci\u00f3n, el pa\u00eds habr\u00e1 crecido apenas 0.38% cada a\u00f1o.<\/p>\n<p style=\"text-align: justify;\">Debido a esto, el sexenio del presidente Andr\u00e9s Manuel ser\u00e1 el de m\u00e1s bajo desempe\u00f1o econ\u00f3mico desde hace 36 a\u00f1os.<\/p>\n<p style=\"text-align: justify;\">En ese entonces, el gobierno de Miguel de la Madrid -en medio de una crisis de la deuda- dej\u00f3 un crecimiento del Producto Interno Bruto (PIB) de s\u00f3lo 0.33% anual promedio.<\/p>\n<p style=\"text-align: justify;\">En el reporte se puntualiza que durante este sexenio, la econom\u00eda ser\u00e1 la de peor comportamiento en Am\u00e9rica Latina.<\/p>\n<p style=\"text-align: justify;\">Cabe se\u00f1alar, que en ese mismo documento, no existe otro pa\u00eds en Latinoam\u00e9rica con un crecimiento tan bajo en igual per\u00edodo.<\/p>\n<p style=\"text-align: justify;\">De acuerdo con el economista H\u00e9ctor N\u00e1jera Catal\u00e1n, dos factores ayudan a explicar el rezago econ\u00f3mico de M\u00e9xico este sexenio:<\/p>\n<p style=\"text-align: justify;\">\u2022 La ca\u00edda de la inversi\u00f3n p\u00fablica y privada.<\/p>\n<p style=\"text-align: justify;\">\u2022 La decisi\u00f3n de L\u00f3pez Obrador de no implementar durante la pandemia, pol\u00edticas de est\u00edmulo fiscal de mayor impacto.<\/p>\n<p style=\"text-align: justify;\">Asimismo, indic\u00f3 que la diferencia entre M\u00e9xico y el resto de Am\u00e9rica Latina es que, mientras los otros gobiernos destinaron sumas masivas de dinero para reactivar la econom\u00eda en 2020, AMLO opt\u00f3 por una pol\u00edtica de contenci\u00f3n del gasto p\u00fablico.<\/p>\n<p style=\"text-align: justify;\">Aunado a estos datos, el Fondo Monetario Internacional revel\u00f3 que M\u00e9xico fue el pa\u00eds latinoamericano que menos recursos destin\u00f3 a medidas de est\u00edmulo fiscal orientadas a reactivar la econom\u00eda y apoyar a las familias; aunado a empresas durante la pandemia.<\/p>\n","protected":false},"excerpt":{"rendered":"<p>M\u00e9xico.- El Banco Mundial (WB) se\u00f1al\u00f3 en su reporte Perspectivas Econ\u00f3micas Globales, que \u00e9ste ser\u00e1 un sexenio perdido para M\u00e9xico en cuando al crecimiento del PIB. Dichos datos arrojan que se registrar\u00e1 un retroceso del ingreso per c\u00e1pita en M\u00e9xico. Asimismo, ser\u00e1 el actual gobierno federal el que peores resultados econ\u00f3micos deje desde la administraci\u00f3n de Miguel de la Madrid. Cabe se\u00f1alar que el Banco Mundial expuso una radiograf\u00eda econ\u00f3mica del sexenio del presidente Andr\u00e9s Manuel L\u00f3pez Obrador; no solo los resultados que presenta los primeros cuatro a\u00f1os de gobierno, sino porque proyecta una modesta recuperaci\u00f3n para este 2023 y [&hellip;]<\/p>\n","protected":false},"author":2,"featured_media":85235,"comment_status":"closed","ping_status":"closed","sticky":false,"template":"","format":"standard","meta":{"footnotes":""},"categories":[1],"tags":[],"class_list":["post-85234","post","type-post","status-publish","format-standard","has-post-thumbnail","hentry","category-uncategorized","post--single"],"yoast_head":"<!-- This site is optimized with the Yoast SEO plugin v27.5 - https:\/\/yoast.com\/product\/yoast-seo-wordpress\/ -->\n<title>Banco Mundial se\u00f1ala que con AMLO, la econom\u00eda de M\u00e9xico es la de menor crecimiento en Am\u00e9rica Latina - Canal 7 SLP - 2023<\/title>\n<meta name=\"robots\" content=\"index, follow, max-snippet:-1, max-image-preview:large, max-video-preview:-1\" \/>\n<link rel=\"canonical\" href=\"https:\/\/canal7slp.tv\/2023\/banco-mundial-senala-que-con-amlo-la-economia-de-mexico-es-la-de-menor-crecimiento-en-america-latina\/\" \/>\n<meta property=\"og:locale\" content=\"es_ES\" \/>\n<meta property=\"og:type\" content=\"article\" \/>\n<meta property=\"og:title\" content=\"Banco Mundial se\u00f1ala que con AMLO, la econom\u00eda de M\u00e9xico es la de menor crecimiento en Am\u00e9rica Latina - Canal 7 SLP - 2023\" \/>\n<meta property=\"og:description\" content=\"M\u00e9xico.- El Banco Mundial (WB) se\u00f1al\u00f3 en su reporte Perspectivas Econ\u00f3micas Globales, que \u00e9ste ser\u00e1 un sexenio perdido para M\u00e9xico en cuando al crecimiento del PIB. Dichos datos arrojan que se registrar\u00e1 un retroceso del ingreso per c\u00e1pita en M\u00e9xico. Asimismo, ser\u00e1 el actual gobierno federal el que peores resultados econ\u00f3micos deje desde la administraci\u00f3n de Miguel de la Madrid. Cabe se\u00f1alar que el Banco Mundial expuso una radiograf\u00eda econ\u00f3mica del sexenio del presidente Andr\u00e9s Manuel L\u00f3pez Obrador; no solo los resultados que presenta los primeros cuatro a\u00f1os de gobierno, sino porque proyecta una modesta recuperaci\u00f3n para este 2023 y [&hellip;]\" \/>\n<meta property=\"og:url\" content=\"https:\/\/canal7slp.tv\/2023\/banco-mundial-senala-que-con-amlo-la-economia-de-mexico-es-la-de-menor-crecimiento-en-america-latina\/\" \/>\n<meta property=\"og:site_name\" content=\"Canal 7 SLP - 2023\" \/>\n<meta property=\"article:publisher\" content=\"https:\/\/www.facebook.com\/noticieroscanalsiete\" \/>\n<meta property=\"article:published_time\" content=\"2023-01-26T23:44:26+00:00\" \/>\n<meta property=\"og:image\" content=\"https:\/\/canal7slp.tv\/2023\/wp-content\/uploads\/2023\/01\/06-20.jpg\" \/>\n\t<meta property=\"og:image:width\" content=\"606\" \/>\n\t<meta property=\"og:image:height\" content=\"341\" \/>\n\t<meta property=\"og:image:type\" content=\"image\/jpeg\" \/>\n<meta name=\"author\" content=\"Edici\u00f3n Web\" \/>\n<meta name=\"twitter:card\" content=\"summary_large_image\" \/>\n<meta name=\"twitter:creator\" content=\"@NOTICIEROS7\" \/>\n<meta name=\"twitter:site\" content=\"@NOTICIEROS7\" \/>\n<meta name=\"twitter:label1\" content=\"Escrito por\" \/>\n\t<meta name=\"twitter:data1\" content=\"Edici\u00f3n Web\" \/>\n\t<meta name=\"twitter:label2\" content=\"Tiempo de lectura\" \/>\n\t<meta name=\"twitter:data2\" content=\"2 minutos\" \/>\n<script type=\"application\/ld+json\" class=\"yoast-schema-graph\">{\"@context\":\"https:\\\/\\\/schema.org\",\"@graph\":[{\"@type\":\"Article\",\"@id\":\"https:\\\/\\\/canal7slp.tv\\\/2023\\\/banco-mundial-senala-que-con-amlo-la-economia-de-mexico-es-la-de-menor-crecimiento-en-america-latina\\\/#article\",\"isPartOf\":{\"@id\":\"https:\\\/\\\/canal7slp.tv\\\/2023\\\/banco-mundial-senala-que-con-amlo-la-economia-de-mexico-es-la-de-menor-crecimiento-en-america-latina\\\/\"},\"author\":{\"name\":\"Edici\u00f3n Web\",\"@id\":\"https:\\\/\\\/canal7slp.tv\\\/2023\\\/#\\\/schema\\\/person\\\/639c424e3584069003b11ae813915da6\"},\"headline\":\"Banco Mundial se\u00f1ala que con AMLO, la econom\u00eda de M\u00e9xico es la de menor crecimiento en Am\u00e9rica Latina\",\"datePublished\":\"2023-01-26T23:44:26+00:00\",\"mainEntityOfPage\":{\"@id\":\"https:\\\/\\\/canal7slp.tv\\\/2023\\\/banco-mundial-senala-que-con-amlo-la-economia-de-mexico-es-la-de-menor-crecimiento-en-america-latina\\\/\"},\"wordCount\":440,\"publisher\":{\"@id\":\"https:\\\/\\\/canal7slp.tv\\\/2023\\\/#organization\"},\"image\":{\"@id\":\"https:\\\/\\\/canal7slp.tv\\\/2023\\\/banco-mundial-senala-que-con-amlo-la-economia-de-mexico-es-la-de-menor-crecimiento-en-america-latina\\\/#primaryimage\"},\"thumbnailUrl\":\"https:\\\/\\\/canal7slp.tv\\\/2023\\\/wp-content\\\/uploads\\\/2023\\\/01\\\/06-20.jpg\",\"articleSection\":[\"Uncategorized\"],\"inLanguage\":\"es\"},{\"@type\":\"WebPage\",\"@id\":\"https:\\\/\\\/canal7slp.tv\\\/2023\\\/banco-mundial-senala-que-con-amlo-la-economia-de-mexico-es-la-de-menor-crecimiento-en-america-latina\\\/\",\"url\":\"https:\\\/\\\/canal7slp.tv\\\/2023\\\/banco-mundial-senala-que-con-amlo-la-economia-de-mexico-es-la-de-menor-crecimiento-en-america-latina\\\/\",\"name\":\"Banco Mundial se\u00f1ala que con AMLO, la econom\u00eda de M\u00e9xico es la de menor crecimiento en Am\u00e9rica Latina - Canal 7 SLP - 2023\",\"isPartOf\":{\"@id\":\"https:\\\/\\\/canal7slp.tv\\\/2023\\\/#website\"},\"primaryImageOfPage\":{\"@id\":\"https:\\\/\\\/canal7slp.tv\\\/2023\\\/banco-mundial-senala-que-con-amlo-la-economia-de-mexico-es-la-de-menor-crecimiento-en-america-latina\\\/#primaryimage\"},\"image\":{\"@id\":\"https:\\\/\\\/canal7slp.tv\\\/2023\\\/banco-mundial-senala-que-con-amlo-la-economia-de-mexico-es-la-de-menor-crecimiento-en-america-latina\\\/#primaryimage\"},\"thumbnailUrl\":\"https:\\\/\\\/canal7slp.tv\\\/2023\\\/wp-content\\\/uploads\\\/2023\\\/01\\\/06-20.jpg\",\"datePublished\":\"2023-01-26T23:44:26+00:00\",\"breadcrumb\":{\"@id\":\"https:\\\/\\\/canal7slp.tv\\\/2023\\\/banco-mundial-senala-que-con-amlo-la-economia-de-mexico-es-la-de-menor-crecimiento-en-america-latina\\\/#breadcrumb\"},\"inLanguage\":\"es\",\"potentialAction\":[{\"@type\":\"ReadAction\",\"target\":[\"https:\\\/\\\/canal7slp.tv\\\/2023\\\/banco-mundial-senala-que-con-amlo-la-economia-de-mexico-es-la-de-menor-crecimiento-en-america-latina\\\/\"]}]},{\"@type\":\"ImageObject\",\"inLanguage\":\"es\",\"@id\":\"https:\\\/\\\/canal7slp.tv\\\/2023\\\/banco-mundial-senala-que-con-amlo-la-economia-de-mexico-es-la-de-menor-crecimiento-en-america-latina\\\/#primaryimage\",\"url\":\"https:\\\/\\\/canal7slp.tv\\\/2023\\\/wp-content\\\/uploads\\\/2023\\\/01\\\/06-20.jpg\",\"contentUrl\":\"https:\\\/\\\/canal7slp.tv\\\/2023\\\/wp-content\\\/uploads\\\/2023\\\/01\\\/06-20.jpg\",\"width\":606,\"height\":341},{\"@type\":\"BreadcrumbList\",\"@id\":\"https:\\\/\\\/canal7slp.tv\\\/2023\\\/banco-mundial-senala-que-con-amlo-la-economia-de-mexico-es-la-de-menor-crecimiento-en-america-latina\\\/#breadcrumb\",\"itemListElement\":[{\"@type\":\"ListItem\",\"position\":1,\"name\":\"Portada\",\"item\":\"https:\\\/\\\/canal7slp.tv\\\/2023\\\/\"},{\"@type\":\"ListItem\",\"position\":2,\"name\":\"Banco Mundial se\u00f1ala que con AMLO, la econom\u00eda de M\u00e9xico es la de menor crecimiento en Am\u00e9rica Latina\"}]},{\"@type\":\"WebSite\",\"@id\":\"https:\\\/\\\/canal7slp.tv\\\/2023\\\/#website\",\"url\":\"https:\\\/\\\/canal7slp.tv\\\/2023\\\/\",\"name\":\"N7 - Noticieros Canal 7\",\"description\":\"Somos Televisi\u00f3n\",\"publisher\":{\"@id\":\"https:\\\/\\\/canal7slp.tv\\\/2023\\\/#organization\"},\"potentialAction\":[{\"@type\":\"SearchAction\",\"target\":{\"@type\":\"EntryPoint\",\"urlTemplate\":\"https:\\\/\\\/canal7slp.tv\\\/2023\\\/?s={search_term_string}\"},\"query-input\":{\"@type\":\"PropertyValueSpecification\",\"valueRequired\":true,\"valueName\":\"search_term_string\"}}],\"inLanguage\":\"es\"},{\"@type\":\"Organization\",\"@id\":\"https:\\\/\\\/canal7slp.tv\\\/2023\\\/#organization\",\"name\":\"Noticieros Canal 7\",\"url\":\"https:\\\/\\\/canal7slp.tv\\\/2023\\\/\",\"logo\":{\"@type\":\"ImageObject\",\"inLanguage\":\"es\",\"@id\":\"https:\\\/\\\/canal7slp.tv\\\/2023\\\/#\\\/schema\\\/logo\\\/image\\\/\",\"url\":\"https:\\\/\\\/canal7slp.tv\\\/2023\\\/wp-content\\\/uploads\\\/2021\\\/01\\\/logo-noticieros@2x.png\",\"contentUrl\":\"https:\\\/\\\/canal7slp.tv\\\/2023\\\/wp-content\\\/uploads\\\/2021\\\/01\\\/logo-noticieros@2x.png\",\"width\":1017,\"height\":268,\"caption\":\"Noticieros Canal 7\"},\"image\":{\"@id\":\"https:\\\/\\\/canal7slp.tv\\\/2023\\\/#\\\/schema\\\/logo\\\/image\\\/\"},\"sameAs\":[\"https:\\\/\\\/www.facebook.com\\\/noticieroscanalsiete\",\"https:\\\/\\\/x.com\\\/NOTICIEROS7\",\"https:\\\/\\\/www.instagram.com\\\/canal7_slp\",\"https:\\\/\\\/www.youtube.com\\\/channel\\\/UCliiYs-gP3JfJeqdPrNdd5A\"]},{\"@type\":\"Person\",\"@id\":\"https:\\\/\\\/canal7slp.tv\\\/2023\\\/#\\\/schema\\\/person\\\/639c424e3584069003b11ae813915da6\",\"name\":\"Edici\u00f3n Web\",\"image\":{\"@type\":\"ImageObject\",\"inLanguage\":\"es\",\"@id\":\"https:\\\/\\\/secure.gravatar.com\\\/avatar\\\/eee448fc3f7164808013b816ba91ac7e43bbe82a70bebac296f8bc6f0addaa1a?s=96&d=mm&r=g\",\"url\":\"https:\\\/\\\/secure.gravatar.com\\\/avatar\\\/eee448fc3f7164808013b816ba91ac7e43bbe82a70bebac296f8bc6f0addaa1a?s=96&d=mm&r=g\",\"contentUrl\":\"https:\\\/\\\/secure.gravatar.com\\\/avatar\\\/eee448fc3f7164808013b816ba91ac7e43bbe82a70bebac296f8bc6f0addaa1a?s=96&d=mm&r=g\",\"caption\":\"Edici\u00f3n Web\"},\"url\":\"https:\\\/\\\/canal7slp.tv\\\/2023\\\/author\\\/edicionweb\\\/\"}]}<\/script>\n<!-- \/ Yoast SEO plugin. -->","yoast_head_json":{"title":"Banco Mundial se\u00f1ala que con AMLO, la econom\u00eda de M\u00e9xico es la de menor crecimiento en Am\u00e9rica Latina - Canal 7 SLP - 2023","robots":{"index":"index","follow":"follow","max-snippet":"max-snippet:-1","max-image-preview":"max-image-preview:large","max-video-preview":"max-video-preview:-1"},"canonical":"https:\/\/canal7slp.tv\/2023\/banco-mundial-senala-que-con-amlo-la-economia-de-mexico-es-la-de-menor-crecimiento-en-america-latina\/","og_locale":"es_ES","og_type":"article","og_title":"Banco Mundial se\u00f1ala que con AMLO, la econom\u00eda de M\u00e9xico es la de menor crecimiento en Am\u00e9rica Latina - Canal 7 SLP - 2023","og_description":"M\u00e9xico.- El Banco Mundial (WB) se\u00f1al\u00f3 en su reporte Perspectivas Econ\u00f3micas Globales, que \u00e9ste ser\u00e1 un sexenio perdido para M\u00e9xico en cuando al crecimiento del PIB. Dichos datos arrojan que se registrar\u00e1 un retroceso del ingreso per c\u00e1pita en M\u00e9xico. Asimismo, ser\u00e1 el actual gobierno federal el que peores resultados econ\u00f3micos deje desde la administraci\u00f3n de Miguel de la Madrid. Cabe se\u00f1alar que el Banco Mundial expuso una radiograf\u00eda econ\u00f3mica del sexenio del presidente Andr\u00e9s Manuel L\u00f3pez Obrador; no solo los resultados que presenta los primeros cuatro a\u00f1os de gobierno, sino porque proyecta una modesta recuperaci\u00f3n para este 2023 y [&hellip;]","og_url":"https:\/\/canal7slp.tv\/2023\/banco-mundial-senala-que-con-amlo-la-economia-de-mexico-es-la-de-menor-crecimiento-en-america-latina\/","og_site_name":"Canal 7 SLP - 2023","article_publisher":"https:\/\/www.facebook.com\/noticieroscanalsiete","article_published_time":"2023-01-26T23:44:26+00:00","og_image":[{"width":606,"height":341,"url":"https:\/\/canal7slp.tv\/2023\/wp-content\/uploads\/2023\/01\/06-20.jpg","type":"image\/jpeg"}],"author":"Edici\u00f3n Web","twitter_card":"summary_large_image","twitter_creator":"@NOTICIEROS7","twitter_site":"@NOTICIEROS7","twitter_misc":{"Escrito por":"Edici\u00f3n Web","Tiempo de lectura":"2 minutos"},"schema":{"@context":"https:\/\/schema.org","@graph":[{"@type":"Article","@id":"https:\/\/canal7slp.tv\/2023\/banco-mundial-senala-que-con-amlo-la-economia-de-mexico-es-la-de-menor-crecimiento-en-america-latina\/#article","isPartOf":{"@id":"https:\/\/canal7slp.tv\/2023\/banco-mundial-senala-que-con-amlo-la-economia-de-mexico-es-la-de-menor-crecimiento-en-america-latina\/"},"author":{"name":"Edici\u00f3n Web","@id":"https:\/\/canal7slp.tv\/2023\/#\/schema\/person\/639c424e3584069003b11ae813915da6"},"headline":"Banco Mundial se\u00f1ala que con AMLO, la econom\u00eda de M\u00e9xico es la de menor crecimiento en Am\u00e9rica Latina","datePublished":"2023-01-26T23:44:26+00:00","mainEntityOfPage":{"@id":"https:\/\/canal7slp.tv\/2023\/banco-mundial-senala-que-con-amlo-la-economia-de-mexico-es-la-de-menor-crecimiento-en-america-latina\/"},"wordCount":440,"publisher":{"@id":"https:\/\/canal7slp.tv\/2023\/#organization"},"image":{"@id":"https:\/\/canal7slp.tv\/2023\/banco-mundial-senala-que-con-amlo-la-economia-de-mexico-es-la-de-menor-crecimiento-en-america-latina\/#primaryimage"},"thumbnailUrl":"https:\/\/canal7slp.tv\/2023\/wp-content\/uploads\/2023\/01\/06-20.jpg","articleSection":["Uncategorized"],"inLanguage":"es"},{"@type":"WebPage","@id":"https:\/\/canal7slp.tv\/2023\/banco-mundial-senala-que-con-amlo-la-economia-de-mexico-es-la-de-menor-crecimiento-en-america-latina\/","url":"https:\/\/canal7slp.tv\/2023\/banco-mundial-senala-que-con-amlo-la-economia-de-mexico-es-la-de-menor-crecimiento-en-america-latina\/","name":"Banco Mundial se\u00f1ala que con AMLO, la econom\u00eda de M\u00e9xico es la de menor crecimiento en Am\u00e9rica Latina - Canal 7 SLP - 2023","isPartOf":{"@id":"https:\/\/canal7slp.tv\/2023\/#website"},"primaryImageOfPage":{"@id":"https:\/\/canal7slp.tv\/2023\/banco-mundial-senala-que-con-amlo-la-economia-de-mexico-es-la-de-menor-crecimiento-en-america-latina\/#primaryimage"},"image":{"@id":"https:\/\/canal7slp.tv\/2023\/banco-mundial-senala-que-con-amlo-la-economia-de-mexico-es-la-de-menor-crecimiento-en-america-latina\/#primaryimage"},"thumbnailUrl":"https:\/\/canal7slp.tv\/2023\/wp-content\/uploads\/2023\/01\/06-20.jpg","datePublished":"2023-01-26T23:44:26+00:00","breadcrumb":{"@id":"https:\/\/canal7slp.tv\/2023\/banco-mundial-senala-que-con-amlo-la-economia-de-mexico-es-la-de-menor-crecimiento-en-america-latina\/#breadcrumb"},"inLanguage":"es","potentialAction":[{"@type":"ReadAction","target":["https:\/\/canal7slp.tv\/2023\/banco-mundial-senala-que-con-amlo-la-economia-de-mexico-es-la-de-menor-crecimiento-en-america-latina\/"]}]},{"@type":"ImageObject","inLanguage":"es","@id":"https:\/\/canal7slp.tv\/2023\/banco-mundial-senala-que-con-amlo-la-economia-de-mexico-es-la-de-menor-crecimiento-en-america-latina\/#primaryimage","url":"https:\/\/canal7slp.tv\/2023\/wp-content\/uploads\/2023\/01\/06-20.jpg","contentUrl":"https:\/\/canal7slp.tv\/2023\/wp-content\/uploads\/2023\/01\/06-20.jpg","width":606,"height":341},{"@type":"BreadcrumbList","@id":"https:\/\/canal7slp.tv\/2023\/banco-mundial-senala-que-con-amlo-la-economia-de-mexico-es-la-de-menor-crecimiento-en-america-latina\/#breadcrumb","itemListElement":[{"@type":"ListItem","position":1,"name":"Portada","item":"https:\/\/canal7slp.tv\/2023\/"},{"@type":"ListItem","position":2,"name":"Banco Mundial se\u00f1ala que con AMLO, la econom\u00eda de M\u00e9xico es la de menor crecimiento en Am\u00e9rica Latina"}]},{"@type":"WebSite","@id":"https:\/\/canal7slp.tv\/2023\/#website","url":"https:\/\/canal7slp.tv\/2023\/","name":"N7 - Noticieros Canal 7","description":"Somos Televisi\u00f3n","publisher":{"@id":"https:\/\/canal7slp.tv\/2023\/#organization"},"potentialAction":[{"@type":"SearchAction","target":{"@type":"EntryPoint","urlTemplate":"https:\/\/canal7slp.tv\/2023\/?s={search_term_string}"},"query-input":{"@type":"PropertyValueSpecification","valueRequired":true,"valueName":"search_term_string"}}],"inLanguage":"es"},{"@type":"Organization","@id":"https:\/\/canal7slp.tv\/2023\/#organization","name":"Noticieros Canal 7","url":"https:\/\/canal7slp.tv\/2023\/","logo":{"@type":"ImageObject","inLanguage":"es","@id":"https:\/\/canal7slp.tv\/2023\/#\/schema\/logo\/image\/","url":"https:\/\/canal7slp.tv\/2023\/wp-content\/uploads\/2021\/01\/logo-noticieros@2x.png","contentUrl":"https:\/\/canal7slp.tv\/2023\/wp-content\/uploads\/2021\/01\/logo-noticieros@2x.png","width":1017,"height":268,"caption":"Noticieros Canal 7"},"image":{"@id":"https:\/\/canal7slp.tv\/2023\/#\/schema\/logo\/image\/"},"sameAs":["https:\/\/www.facebook.com\/noticieroscanalsiete","https:\/\/x.com\/NOTICIEROS7","https:\/\/www.instagram.com\/canal7_slp","https:\/\/www.youtube.com\/channel\/UCliiYs-gP3JfJeqdPrNdd5A"]},{"@type":"Person","@id":"https:\/\/canal7slp.tv\/2023\/#\/schema\/person\/639c424e3584069003b11ae813915da6","name":"Edici\u00f3n Web","image":{"@type":"ImageObject","inLanguage":"es","@id":"https:\/\/secure.gravatar.com\/avatar\/eee448fc3f7164808013b816ba91ac7e43bbe82a70bebac296f8bc6f0addaa1a?s=96&d=mm&r=g","url":"https:\/\/secure.gravatar.com\/avatar\/eee448fc3f7164808013b816ba91ac7e43bbe82a70bebac296f8bc6f0addaa1a?s=96&d=mm&r=g","contentUrl":"https:\/\/secure.gravatar.com\/avatar\/eee448fc3f7164808013b816ba91ac7e43bbe82a70bebac296f8bc6f0addaa1a?s=96&d=mm&r=g","caption":"Edici\u00f3n Web"},"url":"https:\/\/canal7slp.tv\/2023\/author\/edicionweb\/"}]}},"_links":{"self":[{"href":"https:\/\/canal7slp.tv\/2023\/wp-json\/wp\/v2\/posts\/85234","targetHints":{"allow":["GET"]}}],"collection":[{"href":"https:\/\/canal7slp.tv\/2023\/wp-json\/wp\/v2\/posts"}],"about":[{"href":"https:\/\/canal7slp.tv\/2023\/wp-json\/wp\/v2\/types\/post"}],"author":[{"embeddable":true,"href":"https:\/\/canal7slp.tv\/2023\/wp-json\/wp\/v2\/users\/2"}],"replies":[{"embeddable":true,"href":"https:\/\/canal7slp.tv\/2023\/wp-json\/wp\/v2\/comments?post=85234"}],"version-history":[{"count":1,"href":"https:\/\/canal7slp.tv\/2023\/wp-json\/wp\/v2\/posts\/85234\/revisions"}],"predecessor-version":[{"id":85236,"href":"https:\/\/canal7slp.tv\/2023\/wp-json\/wp\/v2\/posts\/85234\/revisions\/85236"}],"wp:featuredmedia":[{"embeddable":true,"href":"https:\/\/canal7slp.tv\/2023\/wp-json\/wp\/v2\/media\/85235"}],"wp:attachment":[{"href":"https:\/\/canal7slp.tv\/2023\/wp-json\/wp\/v2\/media?parent=85234"}],"wp:term":[{"taxonomy":"category","embeddable":true,"href":"https:\/\/canal7slp.tv\/2023\/wp-json\/wp\/v2\/categories?post=85234"},{"taxonomy":"post_tag","embeddable":true,"href":"https:\/\/canal7slp.tv\/2023\/wp-json\/wp\/v2\/tags?post=85234"}],"curies":[{"name":"wp","href":"https:\/\/api.w.org\/{rel}","templated":true}]}}