{"id":85228,"date":"2023-01-26T17:22:10","date_gmt":"2023-01-26T23:22:10","guid":{"rendered":"https:\/\/canal7slp.tv\/2023\/?p=85228"},"modified":"2023-01-26T17:22:10","modified_gmt":"2023-01-26T23:22:10","slug":"ciudades-mexicanas-en-el-top-ten-de-las-mas-caras-para-vivir-de-america-latina","status":"publish","type":"post","link":"https:\/\/canal7slp.tv\/2023\/ciudades-mexicanas-en-el-top-ten-de-las-mas-caras-para-vivir-de-america-latina\/","title":{"rendered":"Ciudades mexicanas en el Top Ten de las m\u00e1s caras para vivir de Am\u00e9rica Latina"},"content":{"rendered":"<p style=\"text-align: justify;\">M\u00e9xico.- Un informe publicado por la Universidad Torcuato Di Tella, en conjunto con ZonaProp, da a conocer las ciudades en Am\u00e9rica Latina donde habitar es m\u00e1s caro con relaci\u00f3n al resto de la regi\u00f3n.<\/p>\n<p style=\"text-align: justify;\">Dicho estudio forma parte del Relevamiento Inmobiliario de Am\u00e9rica Latina.<\/p>\n<p style=\"text-align: justify;\">De acuerdo con estos datos, M\u00e9xico ocupa 3 lugares en la lista.<\/p>\n<p style=\"text-align: justify;\">Ciudad de M\u00e9xico, Monterrey y Guadalajara perfilan como ciudades muy caras en toda Am\u00e9rica Latina.<\/p>\n<p style=\"text-align: justify;\">Cabe se\u00f1alar que el estudio se realiz\u00f3 en septiembre de 2022.<\/p>\n","protected":false},"excerpt":{"rendered":"<p>M\u00e9xico.- Un informe publicado por la Universidad Torcuato Di Tella, en conjunto con ZonaProp, da a conocer las ciudades en Am\u00e9rica Latina donde habitar es m\u00e1s caro con relaci\u00f3n al resto de la regi\u00f3n. Dicho estudio forma parte del Relevamiento Inmobiliario de Am\u00e9rica Latina. De acuerdo con estos datos, M\u00e9xico ocupa 3 lugares en la lista. Ciudad de M\u00e9xico, Monterrey y Guadalajara perfilan como ciudades muy caras en toda Am\u00e9rica Latina. Cabe se\u00f1alar que el estudio se realiz\u00f3 en septiembre de 2022.<\/p>\n","protected":false},"author":2,"featured_media":85229,"comment_status":"closed","ping_status":"closed","sticky":false,"template":"","format":"standard","meta":{"footnotes":""},"categories":[40],"tags":[],"class_list":["post-85228","post","type-post","status-publish","format-standard","has-post-thumbnail","hentry","category-economia","post--single"],"yoast_head":"<!-- This site is optimized with the Yoast SEO plugin v27.5 - https:\/\/yoast.com\/product\/yoast-seo-wordpress\/ -->\n<title>Ciudades mexicanas en el Top Ten de las m\u00e1s caras para vivir de Am\u00e9rica Latina - Canal 7 SLP - 2023<\/title>\n<meta name=\"robots\" content=\"index, follow, max-snippet:-1, max-image-preview:large, max-video-preview:-1\" \/>\n<link rel=\"canonical\" href=\"https:\/\/canal7slp.tv\/2023\/ciudades-mexicanas-en-el-top-ten-de-las-mas-caras-para-vivir-de-america-latina\/\" \/>\n<meta property=\"og:locale\" content=\"es_ES\" \/>\n<meta property=\"og:type\" content=\"article\" \/>\n<meta property=\"og:title\" content=\"Ciudades mexicanas en el Top Ten de las m\u00e1s caras para vivir de Am\u00e9rica Latina - Canal 7 SLP - 2023\" \/>\n<meta property=\"og:description\" content=\"M\u00e9xico.- Un informe publicado por la Universidad Torcuato Di Tella, en conjunto con ZonaProp, da a conocer las ciudades en Am\u00e9rica Latina donde habitar es m\u00e1s caro con relaci\u00f3n al resto de la regi\u00f3n. Dicho estudio forma parte del Relevamiento Inmobiliario de Am\u00e9rica Latina. De acuerdo con estos datos, M\u00e9xico ocupa 3 lugares en la lista. Ciudad de M\u00e9xico, Monterrey y Guadalajara perfilan como ciudades muy caras en toda Am\u00e9rica Latina. Cabe se\u00f1alar que el estudio se realiz\u00f3 en septiembre de 2022.\" \/>\n<meta property=\"og:url\" content=\"https:\/\/canal7slp.tv\/2023\/ciudades-mexicanas-en-el-top-ten-de-las-mas-caras-para-vivir-de-america-latina\/\" \/>\n<meta property=\"og:site_name\" content=\"Canal 7 SLP - 2023\" \/>\n<meta property=\"article:publisher\" content=\"https:\/\/www.facebook.com\/noticieroscanalsiete\" \/>\n<meta property=\"article:published_time\" content=\"2023-01-26T23:22:10+00:00\" \/>\n<meta property=\"og:image\" content=\"https:\/\/canal7slp.tv\/2023\/wp-content\/uploads\/2023\/01\/04-21-scaled.jpg\" \/>\n\t<meta property=\"og:image:width\" content=\"2560\" \/>\n\t<meta property=\"og:image:height\" content=\"1707\" \/>\n\t<meta property=\"og:image:type\" content=\"image\/jpeg\" \/>\n<meta name=\"author\" content=\"Edici\u00f3n Web\" \/>\n<meta name=\"twitter:card\" content=\"summary_large_image\" \/>\n<meta name=\"twitter:creator\" content=\"@NOTICIEROS7\" \/>\n<meta name=\"twitter:site\" content=\"@NOTICIEROS7\" \/>\n<meta name=\"twitter:label1\" content=\"Escrito por\" \/>\n\t<meta name=\"twitter:data1\" content=\"Edici\u00f3n Web\" \/>\n\t<meta name=\"twitter:label2\" content=\"Tiempo de lectura\" \/>\n\t<meta name=\"twitter:data2\" content=\"1 minuto\" \/>\n<script type=\"application\/ld+json\" class=\"yoast-schema-graph\">{\"@context\":\"https:\\\/\\\/schema.org\",\"@graph\":[{\"@type\":\"Article\",\"@id\":\"https:\\\/\\\/canal7slp.tv\\\/2023\\\/ciudades-mexicanas-en-el-top-ten-de-las-mas-caras-para-vivir-de-america-latina\\\/#article\",\"isPartOf\":{\"@id\":\"https:\\\/\\\/canal7slp.tv\\\/2023\\\/ciudades-mexicanas-en-el-top-ten-de-las-mas-caras-para-vivir-de-america-latina\\\/\"},\"author\":{\"name\":\"Edici\u00f3n Web\",\"@id\":\"https:\\\/\\\/canal7slp.tv\\\/2023\\\/#\\\/schema\\\/person\\\/639c424e3584069003b11ae813915da6\"},\"headline\":\"Ciudades mexicanas en el Top Ten de las m\u00e1s caras para vivir de Am\u00e9rica Latina\",\"datePublished\":\"2023-01-26T23:22:10+00:00\",\"mainEntityOfPage\":{\"@id\":\"https:\\\/\\\/canal7slp.tv\\\/2023\\\/ciudades-mexicanas-en-el-top-ten-de-las-mas-caras-para-vivir-de-america-latina\\\/\"},\"wordCount\":108,\"publisher\":{\"@id\":\"https:\\\/\\\/canal7slp.tv\\\/2023\\\/#organization\"},\"image\":{\"@id\":\"https:\\\/\\\/canal7slp.tv\\\/2023\\\/ciudades-mexicanas-en-el-top-ten-de-las-mas-caras-para-vivir-de-america-latina\\\/#primaryimage\"},\"thumbnailUrl\":\"https:\\\/\\\/canal7slp.tv\\\/2023\\\/wp-content\\\/uploads\\\/2023\\\/01\\\/04-21-scaled.jpg\",\"articleSection\":[\"ECONOM\u00cdA\"],\"inLanguage\":\"es\"},{\"@type\":\"WebPage\",\"@id\":\"https:\\\/\\\/canal7slp.tv\\\/2023\\\/ciudades-mexicanas-en-el-top-ten-de-las-mas-caras-para-vivir-de-america-latina\\\/\",\"url\":\"https:\\\/\\\/canal7slp.tv\\\/2023\\\/ciudades-mexicanas-en-el-top-ten-de-las-mas-caras-para-vivir-de-america-latina\\\/\",\"name\":\"Ciudades mexicanas en el Top Ten de las m\u00e1s caras para vivir de Am\u00e9rica Latina - Canal 7 SLP - 2023\",\"isPartOf\":{\"@id\":\"https:\\\/\\\/canal7slp.tv\\\/2023\\\/#website\"},\"primaryImageOfPage\":{\"@id\":\"https:\\\/\\\/canal7slp.tv\\\/2023\\\/ciudades-mexicanas-en-el-top-ten-de-las-mas-caras-para-vivir-de-america-latina\\\/#primaryimage\"},\"image\":{\"@id\":\"https:\\\/\\\/canal7slp.tv\\\/2023\\\/ciudades-mexicanas-en-el-top-ten-de-las-mas-caras-para-vivir-de-america-latina\\\/#primaryimage\"},\"thumbnailUrl\":\"https:\\\/\\\/canal7slp.tv\\\/2023\\\/wp-content\\\/uploads\\\/2023\\\/01\\\/04-21-scaled.jpg\",\"datePublished\":\"2023-01-26T23:22:10+00:00\",\"breadcrumb\":{\"@id\":\"https:\\\/\\\/canal7slp.tv\\\/2023\\\/ciudades-mexicanas-en-el-top-ten-de-las-mas-caras-para-vivir-de-america-latina\\\/#breadcrumb\"},\"inLanguage\":\"es\",\"potentialAction\":[{\"@type\":\"ReadAction\",\"target\":[\"https:\\\/\\\/canal7slp.tv\\\/2023\\\/ciudades-mexicanas-en-el-top-ten-de-las-mas-caras-para-vivir-de-america-latina\\\/\"]}]},{\"@type\":\"ImageObject\",\"inLanguage\":\"es\",\"@id\":\"https:\\\/\\\/canal7slp.tv\\\/2023\\\/ciudades-mexicanas-en-el-top-ten-de-las-mas-caras-para-vivir-de-america-latina\\\/#primaryimage\",\"url\":\"https:\\\/\\\/canal7slp.tv\\\/2023\\\/wp-content\\\/uploads\\\/2023\\\/01\\\/04-21-scaled.jpg\",\"contentUrl\":\"https:\\\/\\\/canal7slp.tv\\\/2023\\\/wp-content\\\/uploads\\\/2023\\\/01\\\/04-21-scaled.jpg\",\"width\":2560,\"height\":1707},{\"@type\":\"BreadcrumbList\",\"@id\":\"https:\\\/\\\/canal7slp.tv\\\/2023\\\/ciudades-mexicanas-en-el-top-ten-de-las-mas-caras-para-vivir-de-america-latina\\\/#breadcrumb\",\"itemListElement\":[{\"@type\":\"ListItem\",\"position\":1,\"name\":\"Portada\",\"item\":\"https:\\\/\\\/canal7slp.tv\\\/2023\\\/\"},{\"@type\":\"ListItem\",\"position\":2,\"name\":\"Ciudades mexicanas en el Top Ten de las m\u00e1s caras para vivir de Am\u00e9rica Latina\"}]},{\"@type\":\"WebSite\",\"@id\":\"https:\\\/\\\/canal7slp.tv\\\/2023\\\/#website\",\"url\":\"https:\\\/\\\/canal7slp.tv\\\/2023\\\/\",\"name\":\"N7 - Noticieros Canal 7\",\"description\":\"Somos Televisi\u00f3n\",\"publisher\":{\"@id\":\"https:\\\/\\\/canal7slp.tv\\\/2023\\\/#organization\"},\"potentialAction\":[{\"@type\":\"SearchAction\",\"target\":{\"@type\":\"EntryPoint\",\"urlTemplate\":\"https:\\\/\\\/canal7slp.tv\\\/2023\\\/?s={search_term_string}\"},\"query-input\":{\"@type\":\"PropertyValueSpecification\",\"valueRequired\":true,\"valueName\":\"search_term_string\"}}],\"inLanguage\":\"es\"},{\"@type\":\"Organization\",\"@id\":\"https:\\\/\\\/canal7slp.tv\\\/2023\\\/#organization\",\"name\":\"Noticieros Canal 7\",\"url\":\"https:\\\/\\\/canal7slp.tv\\\/2023\\\/\",\"logo\":{\"@type\":\"ImageObject\",\"inLanguage\":\"es\",\"@id\":\"https:\\\/\\\/canal7slp.tv\\\/2023\\\/#\\\/schema\\\/logo\\\/image\\\/\",\"url\":\"https:\\\/\\\/canal7slp.tv\\\/2023\\\/wp-content\\\/uploads\\\/2021\\\/01\\\/logo-noticieros@2x.png\",\"contentUrl\":\"https:\\\/\\\/canal7slp.tv\\\/2023\\\/wp-content\\\/uploads\\\/2021\\\/01\\\/logo-noticieros@2x.png\",\"width\":1017,\"height\":268,\"caption\":\"Noticieros Canal 7\"},\"image\":{\"@id\":\"https:\\\/\\\/canal7slp.tv\\\/2023\\\/#\\\/schema\\\/logo\\\/image\\\/\"},\"sameAs\":[\"https:\\\/\\\/www.facebook.com\\\/noticieroscanalsiete\",\"https:\\\/\\\/x.com\\\/NOTICIEROS7\",\"https:\\\/\\\/www.instagram.com\\\/canal7_slp\",\"https:\\\/\\\/www.youtube.com\\\/channel\\\/UCliiYs-gP3JfJeqdPrNdd5A\"]},{\"@type\":\"Person\",\"@id\":\"https:\\\/\\\/canal7slp.tv\\\/2023\\\/#\\\/schema\\\/person\\\/639c424e3584069003b11ae813915da6\",\"name\":\"Edici\u00f3n Web\",\"image\":{\"@type\":\"ImageObject\",\"inLanguage\":\"es\",\"@id\":\"https:\\\/\\\/secure.gravatar.com\\\/avatar\\\/eee448fc3f7164808013b816ba91ac7e43bbe82a70bebac296f8bc6f0addaa1a?s=96&d=mm&r=g\",\"url\":\"https:\\\/\\\/secure.gravatar.com\\\/avatar\\\/eee448fc3f7164808013b816ba91ac7e43bbe82a70bebac296f8bc6f0addaa1a?s=96&d=mm&r=g\",\"contentUrl\":\"https:\\\/\\\/secure.gravatar.com\\\/avatar\\\/eee448fc3f7164808013b816ba91ac7e43bbe82a70bebac296f8bc6f0addaa1a?s=96&d=mm&r=g\",\"caption\":\"Edici\u00f3n Web\"},\"url\":\"https:\\\/\\\/canal7slp.tv\\\/2023\\\/author\\\/edicionweb\\\/\"}]}<\/script>\n<!-- \/ Yoast SEO plugin. -->","yoast_head_json":{"title":"Ciudades mexicanas en el Top Ten de las m\u00e1s caras para vivir de Am\u00e9rica Latina - Canal 7 SLP - 2023","robots":{"index":"index","follow":"follow","max-snippet":"max-snippet:-1","max-image-preview":"max-image-preview:large","max-video-preview":"max-video-preview:-1"},"canonical":"https:\/\/canal7slp.tv\/2023\/ciudades-mexicanas-en-el-top-ten-de-las-mas-caras-para-vivir-de-america-latina\/","og_locale":"es_ES","og_type":"article","og_title":"Ciudades mexicanas en el Top Ten de las m\u00e1s caras para vivir de Am\u00e9rica Latina - Canal 7 SLP - 2023","og_description":"M\u00e9xico.- Un informe publicado por la Universidad Torcuato Di Tella, en conjunto con ZonaProp, da a conocer las ciudades en Am\u00e9rica Latina donde habitar es m\u00e1s caro con relaci\u00f3n al resto de la regi\u00f3n. Dicho estudio forma parte del Relevamiento Inmobiliario de Am\u00e9rica Latina. De acuerdo con estos datos, M\u00e9xico ocupa 3 lugares en la lista. Ciudad de M\u00e9xico, Monterrey y Guadalajara perfilan como ciudades muy caras en toda Am\u00e9rica Latina. Cabe se\u00f1alar que el estudio se realiz\u00f3 en septiembre de 2022.","og_url":"https:\/\/canal7slp.tv\/2023\/ciudades-mexicanas-en-el-top-ten-de-las-mas-caras-para-vivir-de-america-latina\/","og_site_name":"Canal 7 SLP - 2023","article_publisher":"https:\/\/www.facebook.com\/noticieroscanalsiete","article_published_time":"2023-01-26T23:22:10+00:00","og_image":[{"width":2560,"height":1707,"url":"https:\/\/canal7slp.tv\/2023\/wp-content\/uploads\/2023\/01\/04-21-scaled.jpg","type":"image\/jpeg"}],"author":"Edici\u00f3n Web","twitter_card":"summary_large_image","twitter_creator":"@NOTICIEROS7","twitter_site":"@NOTICIEROS7","twitter_misc":{"Escrito por":"Edici\u00f3n Web","Tiempo de lectura":"1 minuto"},"schema":{"@context":"https:\/\/schema.org","@graph":[{"@type":"Article","@id":"https:\/\/canal7slp.tv\/2023\/ciudades-mexicanas-en-el-top-ten-de-las-mas-caras-para-vivir-de-america-latina\/#article","isPartOf":{"@id":"https:\/\/canal7slp.tv\/2023\/ciudades-mexicanas-en-el-top-ten-de-las-mas-caras-para-vivir-de-america-latina\/"},"author":{"name":"Edici\u00f3n Web","@id":"https:\/\/canal7slp.tv\/2023\/#\/schema\/person\/639c424e3584069003b11ae813915da6"},"headline":"Ciudades mexicanas en el Top Ten de las m\u00e1s caras para vivir de Am\u00e9rica Latina","datePublished":"2023-01-26T23:22:10+00:00","mainEntityOfPage":{"@id":"https:\/\/canal7slp.tv\/2023\/ciudades-mexicanas-en-el-top-ten-de-las-mas-caras-para-vivir-de-america-latina\/"},"wordCount":108,"publisher":{"@id":"https:\/\/canal7slp.tv\/2023\/#organization"},"image":{"@id":"https:\/\/canal7slp.tv\/2023\/ciudades-mexicanas-en-el-top-ten-de-las-mas-caras-para-vivir-de-america-latina\/#primaryimage"},"thumbnailUrl":"https:\/\/canal7slp.tv\/2023\/wp-content\/uploads\/2023\/01\/04-21-scaled.jpg","articleSection":["ECONOM\u00cdA"],"inLanguage":"es"},{"@type":"WebPage","@id":"https:\/\/canal7slp.tv\/2023\/ciudades-mexicanas-en-el-top-ten-de-las-mas-caras-para-vivir-de-america-latina\/","url":"https:\/\/canal7slp.tv\/2023\/ciudades-mexicanas-en-el-top-ten-de-las-mas-caras-para-vivir-de-america-latina\/","name":"Ciudades mexicanas en el Top Ten de las m\u00e1s caras para vivir de Am\u00e9rica Latina - Canal 7 SLP - 2023","isPartOf":{"@id":"https:\/\/canal7slp.tv\/2023\/#website"},"primaryImageOfPage":{"@id":"https:\/\/canal7slp.tv\/2023\/ciudades-mexicanas-en-el-top-ten-de-las-mas-caras-para-vivir-de-america-latina\/#primaryimage"},"image":{"@id":"https:\/\/canal7slp.tv\/2023\/ciudades-mexicanas-en-el-top-ten-de-las-mas-caras-para-vivir-de-america-latina\/#primaryimage"},"thumbnailUrl":"https:\/\/canal7slp.tv\/2023\/wp-content\/uploads\/2023\/01\/04-21-scaled.jpg","datePublished":"2023-01-26T23:22:10+00:00","breadcrumb":{"@id":"https:\/\/canal7slp.tv\/2023\/ciudades-mexicanas-en-el-top-ten-de-las-mas-caras-para-vivir-de-america-latina\/#breadcrumb"},"inLanguage":"es","potentialAction":[{"@type":"ReadAction","target":["https:\/\/canal7slp.tv\/2023\/ciudades-mexicanas-en-el-top-ten-de-las-mas-caras-para-vivir-de-america-latina\/"]}]},{"@type":"ImageObject","inLanguage":"es","@id":"https:\/\/canal7slp.tv\/2023\/ciudades-mexicanas-en-el-top-ten-de-las-mas-caras-para-vivir-de-america-latina\/#primaryimage","url":"https:\/\/canal7slp.tv\/2023\/wp-content\/uploads\/2023\/01\/04-21-scaled.jpg","contentUrl":"https:\/\/canal7slp.tv\/2023\/wp-content\/uploads\/2023\/01\/04-21-scaled.jpg","width":2560,"height":1707},{"@type":"BreadcrumbList","@id":"https:\/\/canal7slp.tv\/2023\/ciudades-mexicanas-en-el-top-ten-de-las-mas-caras-para-vivir-de-america-latina\/#breadcrumb","itemListElement":[{"@type":"ListItem","position":1,"name":"Portada","item":"https:\/\/canal7slp.tv\/2023\/"},{"@type":"ListItem","position":2,"name":"Ciudades mexicanas en el Top Ten de las m\u00e1s caras para vivir de Am\u00e9rica Latina"}]},{"@type":"WebSite","@id":"https:\/\/canal7slp.tv\/2023\/#website","url":"https:\/\/canal7slp.tv\/2023\/","name":"N7 - Noticieros Canal 7","description":"Somos Televisi\u00f3n","publisher":{"@id":"https:\/\/canal7slp.tv\/2023\/#organization"},"potentialAction":[{"@type":"SearchAction","target":{"@type":"EntryPoint","urlTemplate":"https:\/\/canal7slp.tv\/2023\/?s={search_term_string}"},"query-input":{"@type":"PropertyValueSpecification","valueRequired":true,"valueName":"search_term_string"}}],"inLanguage":"es"},{"@type":"Organization","@id":"https:\/\/canal7slp.tv\/2023\/#organization","name":"Noticieros Canal 7","url":"https:\/\/canal7slp.tv\/2023\/","logo":{"@type":"ImageObject","inLanguage":"es","@id":"https:\/\/canal7slp.tv\/2023\/#\/schema\/logo\/image\/","url":"https:\/\/canal7slp.tv\/2023\/wp-content\/uploads\/2021\/01\/logo-noticieros@2x.png","contentUrl":"https:\/\/canal7slp.tv\/2023\/wp-content\/uploads\/2021\/01\/logo-noticieros@2x.png","width":1017,"height":268,"caption":"Noticieros Canal 7"},"image":{"@id":"https:\/\/canal7slp.tv\/2023\/#\/schema\/logo\/image\/"},"sameAs":["https:\/\/www.facebook.com\/noticieroscanalsiete","https:\/\/x.com\/NOTICIEROS7","https:\/\/www.instagram.com\/canal7_slp","https:\/\/www.youtube.com\/channel\/UCliiYs-gP3JfJeqdPrNdd5A"]},{"@type":"Person","@id":"https:\/\/canal7slp.tv\/2023\/#\/schema\/person\/639c424e3584069003b11ae813915da6","name":"Edici\u00f3n Web","image":{"@type":"ImageObject","inLanguage":"es","@id":"https:\/\/secure.gravatar.com\/avatar\/eee448fc3f7164808013b816ba91ac7e43bbe82a70bebac296f8bc6f0addaa1a?s=96&d=mm&r=g","url":"https:\/\/secure.gravatar.com\/avatar\/eee448fc3f7164808013b816ba91ac7e43bbe82a70bebac296f8bc6f0addaa1a?s=96&d=mm&r=g","contentUrl":"https:\/\/secure.gravatar.com\/avatar\/eee448fc3f7164808013b816ba91ac7e43bbe82a70bebac296f8bc6f0addaa1a?s=96&d=mm&r=g","caption":"Edici\u00f3n Web"},"url":"https:\/\/canal7slp.tv\/2023\/author\/edicionweb\/"}]}},"_links":{"self":[{"href":"https:\/\/canal7slp.tv\/2023\/wp-json\/wp\/v2\/posts\/85228","targetHints":{"allow":["GET"]}}],"collection":[{"href":"https:\/\/canal7slp.tv\/2023\/wp-json\/wp\/v2\/posts"}],"about":[{"href":"https:\/\/canal7slp.tv\/2023\/wp-json\/wp\/v2\/types\/post"}],"author":[{"embeddable":true,"href":"https:\/\/canal7slp.tv\/2023\/wp-json\/wp\/v2\/users\/2"}],"replies":[{"embeddable":true,"href":"https:\/\/canal7slp.tv\/2023\/wp-json\/wp\/v2\/comments?post=85228"}],"version-history":[{"count":1,"href":"https:\/\/canal7slp.tv\/2023\/wp-json\/wp\/v2\/posts\/85228\/revisions"}],"predecessor-version":[{"id":85230,"href":"https:\/\/canal7slp.tv\/2023\/wp-json\/wp\/v2\/posts\/85228\/revisions\/85230"}],"wp:featuredmedia":[{"embeddable":true,"href":"https:\/\/canal7slp.tv\/2023\/wp-json\/wp\/v2\/media\/85229"}],"wp:attachment":[{"href":"https:\/\/canal7slp.tv\/2023\/wp-json\/wp\/v2\/media?parent=85228"}],"wp:term":[{"taxonomy":"category","embeddable":true,"href":"https:\/\/canal7slp.tv\/2023\/wp-json\/wp\/v2\/categories?post=85228"},{"taxonomy":"post_tag","embeddable":true,"href":"https:\/\/canal7slp.tv\/2023\/wp-json\/wp\/v2\/tags?post=85228"}],"curies":[{"name":"wp","href":"https:\/\/api.w.org\/{rel}","templated":true}]}}