{"id":83044,"date":"2023-01-05T18:53:36","date_gmt":"2023-01-06T00:53:36","guid":{"rendered":"https:\/\/canal7slp.tv\/2023\/?p=83044"},"modified":"2023-01-05T18:53:36","modified_gmt":"2023-01-06T00:53:36","slug":"san-luis-potosi-blinda-sus-fronteras-tras-detencion-de-ovidio-guzman","status":"publish","type":"post","link":"https:\/\/canal7slp.tv\/2023\/san-luis-potosi-blinda-sus-fronteras-tras-detencion-de-ovidio-guzman\/","title":{"rendered":"San Luis Potos\u00ed blinda sus fronteras tras detenci\u00f3n de Ovidio Guzm\u00e1n"},"content":{"rendered":"<p style=\"text-align: justify;\">SLP.- El gobernador del Estado, Jos\u00e9 Ricardo Gallardo Cardona, declar\u00f3 que tras la detenci\u00f3n de Ovidio Guzm\u00e1n en Culiac\u00e1n y los diversos enfrentamientos que ello ha causado, se blindar\u00e1n las fronteras de San Luis Potos\u00ed.<\/p>\n<p style=\"text-align: justify;\">\u201cYa todos est\u00e1n avisados, Guardia Nacional, Ej\u00e9rcito Mexicano, Guardia Civil, tenemos 200 elementos cuidando la parte de Matehuala, la parte de Doctor Arroyo, donde se va a estar blindando la frontera norte, 150 elementos que se est\u00e1n ya colocando desde temprano en la carretera Zacatecas, desde Villa de Ramos, Salinas y el entronque aqu\u00ed a Mexquitic y Ahualulco\u201d.<\/p>\n<p style=\"text-align: justify;\">Indic\u00f3 que se instalar\u00e1 un cerco en entradas y salidas del territorio para evitar cualquier posible movimiento de la delincuencia hacia San Luis Potos\u00ed.<\/p>\n<p style=\"text-align: justify;\">\u201cEsperemos que no suceda nada con este operativo que se despleg\u00f3 desde muy temprano, y bueno, estamos reaccionando a tiempo, fuimos avisados desde muy temprano, cuando todav\u00eda los medios no ten\u00edan la informaci\u00f3n, y eso nos permiti\u00f3 tener una respuesta m\u00e1s r\u00e1pida para poder actuar y tener estos cercos ya activados\u201d.<\/p>\n<p style=\"text-align: justify;\">Seg\u00fan se informa, el hijo de El Chapo Guzm\u00e1n fue detenido durante las primeras horas de este 5 de enero en la localidad de Jes\u00fas Mar\u00eda, en el Municipio de Culiac\u00e1n, lo que ha provocado una fuerte batalla entre grupos criminales y elementos de seguridad.<\/p>\n<p>Por: Jos\u00e9 Luis V\u00e1zquez<\/p>\n","protected":false},"excerpt":{"rendered":"<p>SLP.- El gobernador del Estado, Jos\u00e9 Ricardo Gallardo Cardona, declar\u00f3 que tras la detenci\u00f3n de Ovidio Guzm\u00e1n en Culiac\u00e1n y los diversos enfrentamientos que ello ha causado, se blindar\u00e1n las fronteras de San Luis Potos\u00ed. \u201cYa todos est\u00e1n avisados, Guardia Nacional, Ej\u00e9rcito Mexicano, Guardia Civil, tenemos 200 elementos cuidando la parte de Matehuala, la parte de Doctor Arroyo, donde se va a estar blindando la frontera norte, 150 elementos que se est\u00e1n ya colocando desde temprano en la carretera Zacatecas, desde Villa de Ramos, Salinas y el entronque aqu\u00ed a Mexquitic y Ahualulco\u201d. Indic\u00f3 que se instalar\u00e1 un cerco en [&hellip;]<\/p>\n","protected":false},"author":2,"featured_media":83052,"comment_status":"closed","ping_status":"closed","sticky":false,"template":"","format":"video","meta":{"footnotes":""},"categories":[5,510,45],"tags":[],"class_list":["post-83044","post","type-post","status-publish","format-video","has-post-thumbnail","hentry","category-destacadas","category-gobedoslp","category-localesyregionales","post_format-post-format-video","post--single"],"yoast_head":"<!-- This site is optimized with the Yoast SEO plugin v27.5 - https:\/\/yoast.com\/product\/yoast-seo-wordpress\/ -->\n<title>San Luis Potos\u00ed blinda sus fronteras tras detenci\u00f3n de Ovidio Guzm\u00e1n - Canal 7 SLP - 2023<\/title>\n<meta name=\"robots\" content=\"index, follow, max-snippet:-1, max-image-preview:large, max-video-preview:-1\" \/>\n<link rel=\"canonical\" href=\"https:\/\/canal7slp.tv\/2023\/san-luis-potosi-blinda-sus-fronteras-tras-detencion-de-ovidio-guzman\/\" \/>\n<meta property=\"og:locale\" content=\"es_ES\" \/>\n<meta property=\"og:type\" content=\"article\" \/>\n<meta property=\"og:title\" content=\"San Luis Potos\u00ed blinda sus fronteras tras detenci\u00f3n de Ovidio Guzm\u00e1n - Canal 7 SLP - 2023\" \/>\n<meta property=\"og:description\" content=\"SLP.- El gobernador del Estado, Jos\u00e9 Ricardo Gallardo Cardona, declar\u00f3 que tras la detenci\u00f3n de Ovidio Guzm\u00e1n en Culiac\u00e1n y los diversos enfrentamientos que ello ha causado, se blindar\u00e1n las fronteras de San Luis Potos\u00ed. \u201cYa todos est\u00e1n avisados, Guardia Nacional, Ej\u00e9rcito Mexicano, Guardia Civil, tenemos 200 elementos cuidando la parte de Matehuala, la parte de Doctor Arroyo, donde se va a estar blindando la frontera norte, 150 elementos que se est\u00e1n ya colocando desde temprano en la carretera Zacatecas, desde Villa de Ramos, Salinas y el entronque aqu\u00ed a Mexquitic y Ahualulco\u201d. Indic\u00f3 que se instalar\u00e1 un cerco en [&hellip;]\" \/>\n<meta property=\"og:url\" content=\"https:\/\/canal7slp.tv\/2023\/san-luis-potosi-blinda-sus-fronteras-tras-detencion-de-ovidio-guzman\/\" \/>\n<meta property=\"og:site_name\" content=\"Canal 7 SLP - 2023\" \/>\n<meta property=\"article:publisher\" content=\"https:\/\/www.facebook.com\/noticieroscanalsiete\" \/>\n<meta property=\"article:published_time\" content=\"2023-01-06T00:53:36+00:00\" \/>\n<meta property=\"og:image\" content=\"https:\/\/canal7slp.tv\/2023\/wp-content\/uploads\/2023\/01\/Vazquez02Blindaje.jpg\" \/>\n\t<meta property=\"og:image:width\" content=\"888\" \/>\n\t<meta property=\"og:image:height\" content=\"500\" \/>\n\t<meta property=\"og:image:type\" content=\"image\/jpeg\" \/>\n<meta name=\"author\" content=\"Edici\u00f3n Web\" \/>\n<meta name=\"twitter:card\" content=\"summary_large_image\" \/>\n<meta name=\"twitter:creator\" content=\"@NOTICIEROS7\" \/>\n<meta name=\"twitter:site\" content=\"@NOTICIEROS7\" \/>\n<meta name=\"twitter:label1\" content=\"Escrito por\" \/>\n\t<meta name=\"twitter:data1\" content=\"Edici\u00f3n Web\" \/>\n\t<meta name=\"twitter:label2\" content=\"Tiempo de lectura\" \/>\n\t<meta name=\"twitter:data2\" content=\"1 minuto\" \/>\n<script type=\"application\/ld+json\" class=\"yoast-schema-graph\">{\"@context\":\"https:\\\/\\\/schema.org\",\"@graph\":[{\"@type\":\"Article\",\"@id\":\"https:\\\/\\\/canal7slp.tv\\\/2023\\\/san-luis-potosi-blinda-sus-fronteras-tras-detencion-de-ovidio-guzman\\\/#article\",\"isPartOf\":{\"@id\":\"https:\\\/\\\/canal7slp.tv\\\/2023\\\/san-luis-potosi-blinda-sus-fronteras-tras-detencion-de-ovidio-guzman\\\/\"},\"author\":{\"name\":\"Edici\u00f3n Web\",\"@id\":\"https:\\\/\\\/canal7slp.tv\\\/2023\\\/#\\\/schema\\\/person\\\/639c424e3584069003b11ae813915da6\"},\"headline\":\"San Luis Potos\u00ed blinda sus fronteras tras detenci\u00f3n de Ovidio Guzm\u00e1n\",\"datePublished\":\"2023-01-06T00:53:36+00:00\",\"mainEntityOfPage\":{\"@id\":\"https:\\\/\\\/canal7slp.tv\\\/2023\\\/san-luis-potosi-blinda-sus-fronteras-tras-detencion-de-ovidio-guzman\\\/\"},\"wordCount\":246,\"publisher\":{\"@id\":\"https:\\\/\\\/canal7slp.tv\\\/2023\\\/#organization\"},\"image\":{\"@id\":\"https:\\\/\\\/canal7slp.tv\\\/2023\\\/san-luis-potosi-blinda-sus-fronteras-tras-detencion-de-ovidio-guzman\\\/#primaryimage\"},\"thumbnailUrl\":\"https:\\\/\\\/canal7slp.tv\\\/2023\\\/wp-content\\\/uploads\\\/2023\\\/01\\\/Vazquez02Blindaje.jpg\",\"articleSection\":[\"DESTACADAS\",\"GOBEDOSLP\",\"LOCALES Y REGIONALES\"],\"inLanguage\":\"es\"},{\"@type\":\"WebPage\",\"@id\":\"https:\\\/\\\/canal7slp.tv\\\/2023\\\/san-luis-potosi-blinda-sus-fronteras-tras-detencion-de-ovidio-guzman\\\/\",\"url\":\"https:\\\/\\\/canal7slp.tv\\\/2023\\\/san-luis-potosi-blinda-sus-fronteras-tras-detencion-de-ovidio-guzman\\\/\",\"name\":\"San Luis Potos\u00ed blinda sus fronteras tras detenci\u00f3n de Ovidio Guzm\u00e1n - Canal 7 SLP - 2023\",\"isPartOf\":{\"@id\":\"https:\\\/\\\/canal7slp.tv\\\/2023\\\/#website\"},\"primaryImageOfPage\":{\"@id\":\"https:\\\/\\\/canal7slp.tv\\\/2023\\\/san-luis-potosi-blinda-sus-fronteras-tras-detencion-de-ovidio-guzman\\\/#primaryimage\"},\"image\":{\"@id\":\"https:\\\/\\\/canal7slp.tv\\\/2023\\\/san-luis-potosi-blinda-sus-fronteras-tras-detencion-de-ovidio-guzman\\\/#primaryimage\"},\"thumbnailUrl\":\"https:\\\/\\\/canal7slp.tv\\\/2023\\\/wp-content\\\/uploads\\\/2023\\\/01\\\/Vazquez02Blindaje.jpg\",\"datePublished\":\"2023-01-06T00:53:36+00:00\",\"breadcrumb\":{\"@id\":\"https:\\\/\\\/canal7slp.tv\\\/2023\\\/san-luis-potosi-blinda-sus-fronteras-tras-detencion-de-ovidio-guzman\\\/#breadcrumb\"},\"inLanguage\":\"es\",\"potentialAction\":[{\"@type\":\"ReadAction\",\"target\":[\"https:\\\/\\\/canal7slp.tv\\\/2023\\\/san-luis-potosi-blinda-sus-fronteras-tras-detencion-de-ovidio-guzman\\\/\"]}]},{\"@type\":\"ImageObject\",\"inLanguage\":\"es\",\"@id\":\"https:\\\/\\\/canal7slp.tv\\\/2023\\\/san-luis-potosi-blinda-sus-fronteras-tras-detencion-de-ovidio-guzman\\\/#primaryimage\",\"url\":\"https:\\\/\\\/canal7slp.tv\\\/2023\\\/wp-content\\\/uploads\\\/2023\\\/01\\\/Vazquez02Blindaje.jpg\",\"contentUrl\":\"https:\\\/\\\/canal7slp.tv\\\/2023\\\/wp-content\\\/uploads\\\/2023\\\/01\\\/Vazquez02Blindaje.jpg\",\"width\":888,\"height\":500},{\"@type\":\"BreadcrumbList\",\"@id\":\"https:\\\/\\\/canal7slp.tv\\\/2023\\\/san-luis-potosi-blinda-sus-fronteras-tras-detencion-de-ovidio-guzman\\\/#breadcrumb\",\"itemListElement\":[{\"@type\":\"ListItem\",\"position\":1,\"name\":\"Portada\",\"item\":\"https:\\\/\\\/canal7slp.tv\\\/2023\\\/\"},{\"@type\":\"ListItem\",\"position\":2,\"name\":\"San Luis Potos\u00ed blinda sus fronteras tras detenci\u00f3n de Ovidio Guzm\u00e1n\"}]},{\"@type\":\"WebSite\",\"@id\":\"https:\\\/\\\/canal7slp.tv\\\/2023\\\/#website\",\"url\":\"https:\\\/\\\/canal7slp.tv\\\/2023\\\/\",\"name\":\"N7 - Noticieros Canal 7\",\"description\":\"Somos Televisi\u00f3n\",\"publisher\":{\"@id\":\"https:\\\/\\\/canal7slp.tv\\\/2023\\\/#organization\"},\"potentialAction\":[{\"@type\":\"SearchAction\",\"target\":{\"@type\":\"EntryPoint\",\"urlTemplate\":\"https:\\\/\\\/canal7slp.tv\\\/2023\\\/?s={search_term_string}\"},\"query-input\":{\"@type\":\"PropertyValueSpecification\",\"valueRequired\":true,\"valueName\":\"search_term_string\"}}],\"inLanguage\":\"es\"},{\"@type\":\"Organization\",\"@id\":\"https:\\\/\\\/canal7slp.tv\\\/2023\\\/#organization\",\"name\":\"Noticieros Canal 7\",\"url\":\"https:\\\/\\\/canal7slp.tv\\\/2023\\\/\",\"logo\":{\"@type\":\"ImageObject\",\"inLanguage\":\"es\",\"@id\":\"https:\\\/\\\/canal7slp.tv\\\/2023\\\/#\\\/schema\\\/logo\\\/image\\\/\",\"url\":\"https:\\\/\\\/canal7slp.tv\\\/2023\\\/wp-content\\\/uploads\\\/2021\\\/01\\\/logo-noticieros@2x.png\",\"contentUrl\":\"https:\\\/\\\/canal7slp.tv\\\/2023\\\/wp-content\\\/uploads\\\/2021\\\/01\\\/logo-noticieros@2x.png\",\"width\":1017,\"height\":268,\"caption\":\"Noticieros Canal 7\"},\"image\":{\"@id\":\"https:\\\/\\\/canal7slp.tv\\\/2023\\\/#\\\/schema\\\/logo\\\/image\\\/\"},\"sameAs\":[\"https:\\\/\\\/www.facebook.com\\\/noticieroscanalsiete\",\"https:\\\/\\\/x.com\\\/NOTICIEROS7\",\"https:\\\/\\\/www.instagram.com\\\/canal7_slp\",\"https:\\\/\\\/www.youtube.com\\\/channel\\\/UCliiYs-gP3JfJeqdPrNdd5A\"]},{\"@type\":\"Person\",\"@id\":\"https:\\\/\\\/canal7slp.tv\\\/2023\\\/#\\\/schema\\\/person\\\/639c424e3584069003b11ae813915da6\",\"name\":\"Edici\u00f3n Web\",\"image\":{\"@type\":\"ImageObject\",\"inLanguage\":\"es\",\"@id\":\"https:\\\/\\\/secure.gravatar.com\\\/avatar\\\/eee448fc3f7164808013b816ba91ac7e43bbe82a70bebac296f8bc6f0addaa1a?s=96&d=mm&r=g\",\"url\":\"https:\\\/\\\/secure.gravatar.com\\\/avatar\\\/eee448fc3f7164808013b816ba91ac7e43bbe82a70bebac296f8bc6f0addaa1a?s=96&d=mm&r=g\",\"contentUrl\":\"https:\\\/\\\/secure.gravatar.com\\\/avatar\\\/eee448fc3f7164808013b816ba91ac7e43bbe82a70bebac296f8bc6f0addaa1a?s=96&d=mm&r=g\",\"caption\":\"Edici\u00f3n Web\"},\"url\":\"https:\\\/\\\/canal7slp.tv\\\/2023\\\/author\\\/edicionweb\\\/\"}]}<\/script>\n<!-- \/ Yoast SEO plugin. -->","yoast_head_json":{"title":"San Luis Potos\u00ed blinda sus fronteras tras detenci\u00f3n de Ovidio Guzm\u00e1n - Canal 7 SLP - 2023","robots":{"index":"index","follow":"follow","max-snippet":"max-snippet:-1","max-image-preview":"max-image-preview:large","max-video-preview":"max-video-preview:-1"},"canonical":"https:\/\/canal7slp.tv\/2023\/san-luis-potosi-blinda-sus-fronteras-tras-detencion-de-ovidio-guzman\/","og_locale":"es_ES","og_type":"article","og_title":"San Luis Potos\u00ed blinda sus fronteras tras detenci\u00f3n de Ovidio Guzm\u00e1n - Canal 7 SLP - 2023","og_description":"SLP.- El gobernador del Estado, Jos\u00e9 Ricardo Gallardo Cardona, declar\u00f3 que tras la detenci\u00f3n de Ovidio Guzm\u00e1n en Culiac\u00e1n y los diversos enfrentamientos que ello ha causado, se blindar\u00e1n las fronteras de San Luis Potos\u00ed. \u201cYa todos est\u00e1n avisados, Guardia Nacional, Ej\u00e9rcito Mexicano, Guardia Civil, tenemos 200 elementos cuidando la parte de Matehuala, la parte de Doctor Arroyo, donde se va a estar blindando la frontera norte, 150 elementos que se est\u00e1n ya colocando desde temprano en la carretera Zacatecas, desde Villa de Ramos, Salinas y el entronque aqu\u00ed a Mexquitic y Ahualulco\u201d. Indic\u00f3 que se instalar\u00e1 un cerco en [&hellip;]","og_url":"https:\/\/canal7slp.tv\/2023\/san-luis-potosi-blinda-sus-fronteras-tras-detencion-de-ovidio-guzman\/","og_site_name":"Canal 7 SLP - 2023","article_publisher":"https:\/\/www.facebook.com\/noticieroscanalsiete","article_published_time":"2023-01-06T00:53:36+00:00","og_image":[{"width":888,"height":500,"url":"https:\/\/canal7slp.tv\/2023\/wp-content\/uploads\/2023\/01\/Vazquez02Blindaje.jpg","type":"image\/jpeg"}],"author":"Edici\u00f3n Web","twitter_card":"summary_large_image","twitter_creator":"@NOTICIEROS7","twitter_site":"@NOTICIEROS7","twitter_misc":{"Escrito por":"Edici\u00f3n Web","Tiempo de lectura":"1 minuto"},"schema":{"@context":"https:\/\/schema.org","@graph":[{"@type":"Article","@id":"https:\/\/canal7slp.tv\/2023\/san-luis-potosi-blinda-sus-fronteras-tras-detencion-de-ovidio-guzman\/#article","isPartOf":{"@id":"https:\/\/canal7slp.tv\/2023\/san-luis-potosi-blinda-sus-fronteras-tras-detencion-de-ovidio-guzman\/"},"author":{"name":"Edici\u00f3n Web","@id":"https:\/\/canal7slp.tv\/2023\/#\/schema\/person\/639c424e3584069003b11ae813915da6"},"headline":"San Luis Potos\u00ed blinda sus fronteras tras detenci\u00f3n de Ovidio Guzm\u00e1n","datePublished":"2023-01-06T00:53:36+00:00","mainEntityOfPage":{"@id":"https:\/\/canal7slp.tv\/2023\/san-luis-potosi-blinda-sus-fronteras-tras-detencion-de-ovidio-guzman\/"},"wordCount":246,"publisher":{"@id":"https:\/\/canal7slp.tv\/2023\/#organization"},"image":{"@id":"https:\/\/canal7slp.tv\/2023\/san-luis-potosi-blinda-sus-fronteras-tras-detencion-de-ovidio-guzman\/#primaryimage"},"thumbnailUrl":"https:\/\/canal7slp.tv\/2023\/wp-content\/uploads\/2023\/01\/Vazquez02Blindaje.jpg","articleSection":["DESTACADAS","GOBEDOSLP","LOCALES Y REGIONALES"],"inLanguage":"es"},{"@type":"WebPage","@id":"https:\/\/canal7slp.tv\/2023\/san-luis-potosi-blinda-sus-fronteras-tras-detencion-de-ovidio-guzman\/","url":"https:\/\/canal7slp.tv\/2023\/san-luis-potosi-blinda-sus-fronteras-tras-detencion-de-ovidio-guzman\/","name":"San Luis Potos\u00ed blinda sus fronteras tras detenci\u00f3n de Ovidio Guzm\u00e1n - Canal 7 SLP - 2023","isPartOf":{"@id":"https:\/\/canal7slp.tv\/2023\/#website"},"primaryImageOfPage":{"@id":"https:\/\/canal7slp.tv\/2023\/san-luis-potosi-blinda-sus-fronteras-tras-detencion-de-ovidio-guzman\/#primaryimage"},"image":{"@id":"https:\/\/canal7slp.tv\/2023\/san-luis-potosi-blinda-sus-fronteras-tras-detencion-de-ovidio-guzman\/#primaryimage"},"thumbnailUrl":"https:\/\/canal7slp.tv\/2023\/wp-content\/uploads\/2023\/01\/Vazquez02Blindaje.jpg","datePublished":"2023-01-06T00:53:36+00:00","breadcrumb":{"@id":"https:\/\/canal7slp.tv\/2023\/san-luis-potosi-blinda-sus-fronteras-tras-detencion-de-ovidio-guzman\/#breadcrumb"},"inLanguage":"es","potentialAction":[{"@type":"ReadAction","target":["https:\/\/canal7slp.tv\/2023\/san-luis-potosi-blinda-sus-fronteras-tras-detencion-de-ovidio-guzman\/"]}]},{"@type":"ImageObject","inLanguage":"es","@id":"https:\/\/canal7slp.tv\/2023\/san-luis-potosi-blinda-sus-fronteras-tras-detencion-de-ovidio-guzman\/#primaryimage","url":"https:\/\/canal7slp.tv\/2023\/wp-content\/uploads\/2023\/01\/Vazquez02Blindaje.jpg","contentUrl":"https:\/\/canal7slp.tv\/2023\/wp-content\/uploads\/2023\/01\/Vazquez02Blindaje.jpg","width":888,"height":500},{"@type":"BreadcrumbList","@id":"https:\/\/canal7slp.tv\/2023\/san-luis-potosi-blinda-sus-fronteras-tras-detencion-de-ovidio-guzman\/#breadcrumb","itemListElement":[{"@type":"ListItem","position":1,"name":"Portada","item":"https:\/\/canal7slp.tv\/2023\/"},{"@type":"ListItem","position":2,"name":"San Luis Potos\u00ed blinda sus fronteras tras detenci\u00f3n de Ovidio Guzm\u00e1n"}]},{"@type":"WebSite","@id":"https:\/\/canal7slp.tv\/2023\/#website","url":"https:\/\/canal7slp.tv\/2023\/","name":"N7 - Noticieros Canal 7","description":"Somos Televisi\u00f3n","publisher":{"@id":"https:\/\/canal7slp.tv\/2023\/#organization"},"potentialAction":[{"@type":"SearchAction","target":{"@type":"EntryPoint","urlTemplate":"https:\/\/canal7slp.tv\/2023\/?s={search_term_string}"},"query-input":{"@type":"PropertyValueSpecification","valueRequired":true,"valueName":"search_term_string"}}],"inLanguage":"es"},{"@type":"Organization","@id":"https:\/\/canal7slp.tv\/2023\/#organization","name":"Noticieros Canal 7","url":"https:\/\/canal7slp.tv\/2023\/","logo":{"@type":"ImageObject","inLanguage":"es","@id":"https:\/\/canal7slp.tv\/2023\/#\/schema\/logo\/image\/","url":"https:\/\/canal7slp.tv\/2023\/wp-content\/uploads\/2021\/01\/logo-noticieros@2x.png","contentUrl":"https:\/\/canal7slp.tv\/2023\/wp-content\/uploads\/2021\/01\/logo-noticieros@2x.png","width":1017,"height":268,"caption":"Noticieros Canal 7"},"image":{"@id":"https:\/\/canal7slp.tv\/2023\/#\/schema\/logo\/image\/"},"sameAs":["https:\/\/www.facebook.com\/noticieroscanalsiete","https:\/\/x.com\/NOTICIEROS7","https:\/\/www.instagram.com\/canal7_slp","https:\/\/www.youtube.com\/channel\/UCliiYs-gP3JfJeqdPrNdd5A"]},{"@type":"Person","@id":"https:\/\/canal7slp.tv\/2023\/#\/schema\/person\/639c424e3584069003b11ae813915da6","name":"Edici\u00f3n Web","image":{"@type":"ImageObject","inLanguage":"es","@id":"https:\/\/secure.gravatar.com\/avatar\/eee448fc3f7164808013b816ba91ac7e43bbe82a70bebac296f8bc6f0addaa1a?s=96&d=mm&r=g","url":"https:\/\/secure.gravatar.com\/avatar\/eee448fc3f7164808013b816ba91ac7e43bbe82a70bebac296f8bc6f0addaa1a?s=96&d=mm&r=g","contentUrl":"https:\/\/secure.gravatar.com\/avatar\/eee448fc3f7164808013b816ba91ac7e43bbe82a70bebac296f8bc6f0addaa1a?s=96&d=mm&r=g","caption":"Edici\u00f3n Web"},"url":"https:\/\/canal7slp.tv\/2023\/author\/edicionweb\/"}]}},"_links":{"self":[{"href":"https:\/\/canal7slp.tv\/2023\/wp-json\/wp\/v2\/posts\/83044","targetHints":{"allow":["GET"]}}],"collection":[{"href":"https:\/\/canal7slp.tv\/2023\/wp-json\/wp\/v2\/posts"}],"about":[{"href":"https:\/\/canal7slp.tv\/2023\/wp-json\/wp\/v2\/types\/post"}],"author":[{"embeddable":true,"href":"https:\/\/canal7slp.tv\/2023\/wp-json\/wp\/v2\/users\/2"}],"replies":[{"embeddable":true,"href":"https:\/\/canal7slp.tv\/2023\/wp-json\/wp\/v2\/comments?post=83044"}],"version-history":[{"count":2,"href":"https:\/\/canal7slp.tv\/2023\/wp-json\/wp\/v2\/posts\/83044\/revisions"}],"predecessor-version":[{"id":83083,"href":"https:\/\/canal7slp.tv\/2023\/wp-json\/wp\/v2\/posts\/83044\/revisions\/83083"}],"wp:featuredmedia":[{"embeddable":true,"href":"https:\/\/canal7slp.tv\/2023\/wp-json\/wp\/v2\/media\/83052"}],"wp:attachment":[{"href":"https:\/\/canal7slp.tv\/2023\/wp-json\/wp\/v2\/media?parent=83044"}],"wp:term":[{"taxonomy":"category","embeddable":true,"href":"https:\/\/canal7slp.tv\/2023\/wp-json\/wp\/v2\/categories?post=83044"},{"taxonomy":"post_tag","embeddable":true,"href":"https:\/\/canal7slp.tv\/2023\/wp-json\/wp\/v2\/tags?post=83044"}],"curies":[{"name":"wp","href":"https:\/\/api.w.org\/{rel}","templated":true}]}}