{"id":83019,"date":"2023-01-05T14:19:13","date_gmt":"2023-01-05T20:19:13","guid":{"rendered":"https:\/\/canal7slp.tv\/2023\/?p=83019"},"modified":"2023-01-05T14:19:13","modified_gmt":"2023-01-05T20:19:13","slug":"una-oportunidad-mas-en-el-penal-de-la-pila","status":"publish","type":"post","link":"https:\/\/canal7slp.tv\/2023\/una-oportunidad-mas-en-el-penal-de-la-pila\/","title":{"rendered":"\u201cUna Oportunidad M\u00e1s\u201d en el Penal de La Pila"},"content":{"rendered":"<p style=\"text-align: justify;\">SLP.- Se implement\u00f3 el programa \u201cUna Oportunidad M\u00e1s\u201d en las \u00e1reas varonil y femenil del Centro de Reinserci\u00f3n Social de La Pila, con el que atendi\u00f3 a m\u00e1s del 70 por ciento de las personas privadas de su libertad.<\/p>\n<p style=\"text-align: justify;\">Como parte de este programa se llevaron a cabo diferentes actividades, como la Semana Nacional de la Cultura F\u00edsica, adem\u00e1s de eventos como Strongman, que se realiz\u00f3 en dos jornadas, la primera un selectivo y la segunda, la final, en donde se pudo ver a los participantes en pruebas como levantamiento de llanta, de peso muerto, as\u00ed como levantamiento de s\u00faper mancuerna.<\/p>\n<p style=\"text-align: justify;\">En lo que corresponde a la activaci\u00f3n f\u00edsica, el Inpode detall\u00f3 que se realiza todos los viernes y participan el \u00e1rea varonil y femenil, quienes realizan diferentes actividades, todas coordinadas por el personal de la dependencia.<\/p>\n<p style=\"text-align: justify;\">Adem\u00e1s, se fomentan los deportes en conjunto, a trav\u00e9s de diferentes torneos de f\u00fatbol soccer, como la copa verano Primera Fuerza, en donde participaron 120 deportistas, as\u00ed como el San Luis Rey con 600 participantes, el de Fiestas Patrias, el torneo Guadalupano, entre otros.<\/p>\n<p style=\"text-align: justify;\">Otro de los torneos que se llev\u00f3 a cabo, fue el Cuadrangular de basquetbol Sentenciados y Procesados, contra el Instituto Tecnol\u00f3gico de San Luis, as\u00ed como la Selecci\u00f3n Primera Fuerza de San Luis.<\/p>\n","protected":false},"excerpt":{"rendered":"<p>SLP.- Se implement\u00f3 el programa \u201cUna Oportunidad M\u00e1s\u201d en las \u00e1reas varonil y femenil del Centro de Reinserci\u00f3n Social de La Pila, con el que atendi\u00f3 a m\u00e1s del 70 por ciento de las personas privadas de su libertad. Como parte de este programa se llevaron a cabo diferentes actividades, como la Semana Nacional de la Cultura F\u00edsica, adem\u00e1s de eventos como Strongman, que se realiz\u00f3 en dos jornadas, la primera un selectivo y la segunda, la final, en donde se pudo ver a los participantes en pruebas como levantamiento de llanta, de peso muerto, as\u00ed como levantamiento de s\u00faper [&hellip;]<\/p>\n","protected":false},"author":2,"featured_media":83023,"comment_status":"closed","ping_status":"closed","sticky":false,"template":"","format":"video","meta":{"footnotes":""},"categories":[7,5],"tags":[],"class_list":["post-83019","post","type-post","status-publish","format-video","has-post-thumbnail","hentry","category-deportes","category-destacadas","post_format-post-format-video","post--single"],"yoast_head":"<!-- This site is optimized with the Yoast SEO plugin v27.5 - https:\/\/yoast.com\/product\/yoast-seo-wordpress\/ -->\n<title>\u201cUna Oportunidad M\u00e1s\u201d en el Penal de La Pila - Canal 7 SLP - 2023<\/title>\n<meta name=\"robots\" content=\"index, follow, max-snippet:-1, max-image-preview:large, max-video-preview:-1\" \/>\n<link rel=\"canonical\" href=\"https:\/\/canal7slp.tv\/2023\/una-oportunidad-mas-en-el-penal-de-la-pila\/\" \/>\n<meta property=\"og:locale\" content=\"es_ES\" \/>\n<meta property=\"og:type\" content=\"article\" \/>\n<meta property=\"og:title\" content=\"\u201cUna Oportunidad M\u00e1s\u201d en el Penal de La Pila - Canal 7 SLP - 2023\" \/>\n<meta property=\"og:description\" content=\"SLP.- Se implement\u00f3 el programa \u201cUna Oportunidad M\u00e1s\u201d en las \u00e1reas varonil y femenil del Centro de Reinserci\u00f3n Social de La Pila, con el que atendi\u00f3 a m\u00e1s del 70 por ciento de las personas privadas de su libertad. Como parte de este programa se llevaron a cabo diferentes actividades, como la Semana Nacional de la Cultura F\u00edsica, adem\u00e1s de eventos como Strongman, que se realiz\u00f3 en dos jornadas, la primera un selectivo y la segunda, la final, en donde se pudo ver a los participantes en pruebas como levantamiento de llanta, de peso muerto, as\u00ed como levantamiento de s\u00faper [&hellip;]\" \/>\n<meta property=\"og:url\" content=\"https:\/\/canal7slp.tv\/2023\/una-oportunidad-mas-en-el-penal-de-la-pila\/\" \/>\n<meta property=\"og:site_name\" content=\"Canal 7 SLP - 2023\" \/>\n<meta property=\"article:publisher\" content=\"https:\/\/www.facebook.com\/noticieroscanalsiete\" \/>\n<meta property=\"article:published_time\" content=\"2023-01-05T20:19:13+00:00\" \/>\n<meta property=\"og:image\" content=\"https:\/\/canal7slp.tv\/2023\/wp-content\/uploads\/2023\/01\/Froi01Activacion.jpg\" \/>\n\t<meta property=\"og:image:width\" content=\"888\" \/>\n\t<meta property=\"og:image:height\" content=\"500\" \/>\n\t<meta property=\"og:image:type\" content=\"image\/jpeg\" \/>\n<meta name=\"author\" content=\"Edici\u00f3n Web\" \/>\n<meta name=\"twitter:card\" content=\"summary_large_image\" \/>\n<meta name=\"twitter:creator\" content=\"@NOTICIEROS7\" \/>\n<meta name=\"twitter:site\" content=\"@NOTICIEROS7\" \/>\n<meta name=\"twitter:label1\" content=\"Escrito por\" \/>\n\t<meta name=\"twitter:data1\" content=\"Edici\u00f3n Web\" \/>\n\t<meta name=\"twitter:label2\" content=\"Tiempo de lectura\" \/>\n\t<meta name=\"twitter:data2\" content=\"1 minuto\" \/>\n<script type=\"application\/ld+json\" class=\"yoast-schema-graph\">{\"@context\":\"https:\\\/\\\/schema.org\",\"@graph\":[{\"@type\":\"Article\",\"@id\":\"https:\\\/\\\/canal7slp.tv\\\/2023\\\/una-oportunidad-mas-en-el-penal-de-la-pila\\\/#article\",\"isPartOf\":{\"@id\":\"https:\\\/\\\/canal7slp.tv\\\/2023\\\/una-oportunidad-mas-en-el-penal-de-la-pila\\\/\"},\"author\":{\"name\":\"Edici\u00f3n Web\",\"@id\":\"https:\\\/\\\/canal7slp.tv\\\/2023\\\/#\\\/schema\\\/person\\\/639c424e3584069003b11ae813915da6\"},\"headline\":\"\u201cUna Oportunidad M\u00e1s\u201d en el Penal de La Pila\",\"datePublished\":\"2023-01-05T20:19:13+00:00\",\"mainEntityOfPage\":{\"@id\":\"https:\\\/\\\/canal7slp.tv\\\/2023\\\/una-oportunidad-mas-en-el-penal-de-la-pila\\\/\"},\"wordCount\":235,\"publisher\":{\"@id\":\"https:\\\/\\\/canal7slp.tv\\\/2023\\\/#organization\"},\"image\":{\"@id\":\"https:\\\/\\\/canal7slp.tv\\\/2023\\\/una-oportunidad-mas-en-el-penal-de-la-pila\\\/#primaryimage\"},\"thumbnailUrl\":\"https:\\\/\\\/canal7slp.tv\\\/2023\\\/wp-content\\\/uploads\\\/2023\\\/01\\\/Froi01Activacion.jpg\",\"articleSection\":[\"DEPORTES\",\"DESTACADAS\"],\"inLanguage\":\"es\"},{\"@type\":\"WebPage\",\"@id\":\"https:\\\/\\\/canal7slp.tv\\\/2023\\\/una-oportunidad-mas-en-el-penal-de-la-pila\\\/\",\"url\":\"https:\\\/\\\/canal7slp.tv\\\/2023\\\/una-oportunidad-mas-en-el-penal-de-la-pila\\\/\",\"name\":\"\u201cUna Oportunidad M\u00e1s\u201d en el Penal de La Pila - Canal 7 SLP - 2023\",\"isPartOf\":{\"@id\":\"https:\\\/\\\/canal7slp.tv\\\/2023\\\/#website\"},\"primaryImageOfPage\":{\"@id\":\"https:\\\/\\\/canal7slp.tv\\\/2023\\\/una-oportunidad-mas-en-el-penal-de-la-pila\\\/#primaryimage\"},\"image\":{\"@id\":\"https:\\\/\\\/canal7slp.tv\\\/2023\\\/una-oportunidad-mas-en-el-penal-de-la-pila\\\/#primaryimage\"},\"thumbnailUrl\":\"https:\\\/\\\/canal7slp.tv\\\/2023\\\/wp-content\\\/uploads\\\/2023\\\/01\\\/Froi01Activacion.jpg\",\"datePublished\":\"2023-01-05T20:19:13+00:00\",\"breadcrumb\":{\"@id\":\"https:\\\/\\\/canal7slp.tv\\\/2023\\\/una-oportunidad-mas-en-el-penal-de-la-pila\\\/#breadcrumb\"},\"inLanguage\":\"es\",\"potentialAction\":[{\"@type\":\"ReadAction\",\"target\":[\"https:\\\/\\\/canal7slp.tv\\\/2023\\\/una-oportunidad-mas-en-el-penal-de-la-pila\\\/\"]}]},{\"@type\":\"ImageObject\",\"inLanguage\":\"es\",\"@id\":\"https:\\\/\\\/canal7slp.tv\\\/2023\\\/una-oportunidad-mas-en-el-penal-de-la-pila\\\/#primaryimage\",\"url\":\"https:\\\/\\\/canal7slp.tv\\\/2023\\\/wp-content\\\/uploads\\\/2023\\\/01\\\/Froi01Activacion.jpg\",\"contentUrl\":\"https:\\\/\\\/canal7slp.tv\\\/2023\\\/wp-content\\\/uploads\\\/2023\\\/01\\\/Froi01Activacion.jpg\",\"width\":888,\"height\":500},{\"@type\":\"BreadcrumbList\",\"@id\":\"https:\\\/\\\/canal7slp.tv\\\/2023\\\/una-oportunidad-mas-en-el-penal-de-la-pila\\\/#breadcrumb\",\"itemListElement\":[{\"@type\":\"ListItem\",\"position\":1,\"name\":\"Portada\",\"item\":\"https:\\\/\\\/canal7slp.tv\\\/2023\\\/\"},{\"@type\":\"ListItem\",\"position\":2,\"name\":\"\u201cUna Oportunidad M\u00e1s\u201d en el Penal de La Pila\"}]},{\"@type\":\"WebSite\",\"@id\":\"https:\\\/\\\/canal7slp.tv\\\/2023\\\/#website\",\"url\":\"https:\\\/\\\/canal7slp.tv\\\/2023\\\/\",\"name\":\"N7 - Noticieros Canal 7\",\"description\":\"Somos Televisi\u00f3n\",\"publisher\":{\"@id\":\"https:\\\/\\\/canal7slp.tv\\\/2023\\\/#organization\"},\"potentialAction\":[{\"@type\":\"SearchAction\",\"target\":{\"@type\":\"EntryPoint\",\"urlTemplate\":\"https:\\\/\\\/canal7slp.tv\\\/2023\\\/?s={search_term_string}\"},\"query-input\":{\"@type\":\"PropertyValueSpecification\",\"valueRequired\":true,\"valueName\":\"search_term_string\"}}],\"inLanguage\":\"es\"},{\"@type\":\"Organization\",\"@id\":\"https:\\\/\\\/canal7slp.tv\\\/2023\\\/#organization\",\"name\":\"Noticieros Canal 7\",\"url\":\"https:\\\/\\\/canal7slp.tv\\\/2023\\\/\",\"logo\":{\"@type\":\"ImageObject\",\"inLanguage\":\"es\",\"@id\":\"https:\\\/\\\/canal7slp.tv\\\/2023\\\/#\\\/schema\\\/logo\\\/image\\\/\",\"url\":\"https:\\\/\\\/canal7slp.tv\\\/2023\\\/wp-content\\\/uploads\\\/2021\\\/01\\\/logo-noticieros@2x.png\",\"contentUrl\":\"https:\\\/\\\/canal7slp.tv\\\/2023\\\/wp-content\\\/uploads\\\/2021\\\/01\\\/logo-noticieros@2x.png\",\"width\":1017,\"height\":268,\"caption\":\"Noticieros Canal 7\"},\"image\":{\"@id\":\"https:\\\/\\\/canal7slp.tv\\\/2023\\\/#\\\/schema\\\/logo\\\/image\\\/\"},\"sameAs\":[\"https:\\\/\\\/www.facebook.com\\\/noticieroscanalsiete\",\"https:\\\/\\\/x.com\\\/NOTICIEROS7\",\"https:\\\/\\\/www.instagram.com\\\/canal7_slp\",\"https:\\\/\\\/www.youtube.com\\\/channel\\\/UCliiYs-gP3JfJeqdPrNdd5A\"]},{\"@type\":\"Person\",\"@id\":\"https:\\\/\\\/canal7slp.tv\\\/2023\\\/#\\\/schema\\\/person\\\/639c424e3584069003b11ae813915da6\",\"name\":\"Edici\u00f3n Web\",\"image\":{\"@type\":\"ImageObject\",\"inLanguage\":\"es\",\"@id\":\"https:\\\/\\\/secure.gravatar.com\\\/avatar\\\/eee448fc3f7164808013b816ba91ac7e43bbe82a70bebac296f8bc6f0addaa1a?s=96&d=mm&r=g\",\"url\":\"https:\\\/\\\/secure.gravatar.com\\\/avatar\\\/eee448fc3f7164808013b816ba91ac7e43bbe82a70bebac296f8bc6f0addaa1a?s=96&d=mm&r=g\",\"contentUrl\":\"https:\\\/\\\/secure.gravatar.com\\\/avatar\\\/eee448fc3f7164808013b816ba91ac7e43bbe82a70bebac296f8bc6f0addaa1a?s=96&d=mm&r=g\",\"caption\":\"Edici\u00f3n Web\"},\"url\":\"https:\\\/\\\/canal7slp.tv\\\/2023\\\/author\\\/edicionweb\\\/\"}]}<\/script>\n<!-- \/ Yoast SEO plugin. -->","yoast_head_json":{"title":"\u201cUna Oportunidad M\u00e1s\u201d en el Penal de La Pila - Canal 7 SLP - 2023","robots":{"index":"index","follow":"follow","max-snippet":"max-snippet:-1","max-image-preview":"max-image-preview:large","max-video-preview":"max-video-preview:-1"},"canonical":"https:\/\/canal7slp.tv\/2023\/una-oportunidad-mas-en-el-penal-de-la-pila\/","og_locale":"es_ES","og_type":"article","og_title":"\u201cUna Oportunidad M\u00e1s\u201d en el Penal de La Pila - Canal 7 SLP - 2023","og_description":"SLP.- Se implement\u00f3 el programa \u201cUna Oportunidad M\u00e1s\u201d en las \u00e1reas varonil y femenil del Centro de Reinserci\u00f3n Social de La Pila, con el que atendi\u00f3 a m\u00e1s del 70 por ciento de las personas privadas de su libertad. Como parte de este programa se llevaron a cabo diferentes actividades, como la Semana Nacional de la Cultura F\u00edsica, adem\u00e1s de eventos como Strongman, que se realiz\u00f3 en dos jornadas, la primera un selectivo y la segunda, la final, en donde se pudo ver a los participantes en pruebas como levantamiento de llanta, de peso muerto, as\u00ed como levantamiento de s\u00faper [&hellip;]","og_url":"https:\/\/canal7slp.tv\/2023\/una-oportunidad-mas-en-el-penal-de-la-pila\/","og_site_name":"Canal 7 SLP - 2023","article_publisher":"https:\/\/www.facebook.com\/noticieroscanalsiete","article_published_time":"2023-01-05T20:19:13+00:00","og_image":[{"width":888,"height":500,"url":"https:\/\/canal7slp.tv\/2023\/wp-content\/uploads\/2023\/01\/Froi01Activacion.jpg","type":"image\/jpeg"}],"author":"Edici\u00f3n Web","twitter_card":"summary_large_image","twitter_creator":"@NOTICIEROS7","twitter_site":"@NOTICIEROS7","twitter_misc":{"Escrito por":"Edici\u00f3n Web","Tiempo de lectura":"1 minuto"},"schema":{"@context":"https:\/\/schema.org","@graph":[{"@type":"Article","@id":"https:\/\/canal7slp.tv\/2023\/una-oportunidad-mas-en-el-penal-de-la-pila\/#article","isPartOf":{"@id":"https:\/\/canal7slp.tv\/2023\/una-oportunidad-mas-en-el-penal-de-la-pila\/"},"author":{"name":"Edici\u00f3n Web","@id":"https:\/\/canal7slp.tv\/2023\/#\/schema\/person\/639c424e3584069003b11ae813915da6"},"headline":"\u201cUna Oportunidad M\u00e1s\u201d en el Penal de La Pila","datePublished":"2023-01-05T20:19:13+00:00","mainEntityOfPage":{"@id":"https:\/\/canal7slp.tv\/2023\/una-oportunidad-mas-en-el-penal-de-la-pila\/"},"wordCount":235,"publisher":{"@id":"https:\/\/canal7slp.tv\/2023\/#organization"},"image":{"@id":"https:\/\/canal7slp.tv\/2023\/una-oportunidad-mas-en-el-penal-de-la-pila\/#primaryimage"},"thumbnailUrl":"https:\/\/canal7slp.tv\/2023\/wp-content\/uploads\/2023\/01\/Froi01Activacion.jpg","articleSection":["DEPORTES","DESTACADAS"],"inLanguage":"es"},{"@type":"WebPage","@id":"https:\/\/canal7slp.tv\/2023\/una-oportunidad-mas-en-el-penal-de-la-pila\/","url":"https:\/\/canal7slp.tv\/2023\/una-oportunidad-mas-en-el-penal-de-la-pila\/","name":"\u201cUna Oportunidad M\u00e1s\u201d en el Penal de La Pila - Canal 7 SLP - 2023","isPartOf":{"@id":"https:\/\/canal7slp.tv\/2023\/#website"},"primaryImageOfPage":{"@id":"https:\/\/canal7slp.tv\/2023\/una-oportunidad-mas-en-el-penal-de-la-pila\/#primaryimage"},"image":{"@id":"https:\/\/canal7slp.tv\/2023\/una-oportunidad-mas-en-el-penal-de-la-pila\/#primaryimage"},"thumbnailUrl":"https:\/\/canal7slp.tv\/2023\/wp-content\/uploads\/2023\/01\/Froi01Activacion.jpg","datePublished":"2023-01-05T20:19:13+00:00","breadcrumb":{"@id":"https:\/\/canal7slp.tv\/2023\/una-oportunidad-mas-en-el-penal-de-la-pila\/#breadcrumb"},"inLanguage":"es","potentialAction":[{"@type":"ReadAction","target":["https:\/\/canal7slp.tv\/2023\/una-oportunidad-mas-en-el-penal-de-la-pila\/"]}]},{"@type":"ImageObject","inLanguage":"es","@id":"https:\/\/canal7slp.tv\/2023\/una-oportunidad-mas-en-el-penal-de-la-pila\/#primaryimage","url":"https:\/\/canal7slp.tv\/2023\/wp-content\/uploads\/2023\/01\/Froi01Activacion.jpg","contentUrl":"https:\/\/canal7slp.tv\/2023\/wp-content\/uploads\/2023\/01\/Froi01Activacion.jpg","width":888,"height":500},{"@type":"BreadcrumbList","@id":"https:\/\/canal7slp.tv\/2023\/una-oportunidad-mas-en-el-penal-de-la-pila\/#breadcrumb","itemListElement":[{"@type":"ListItem","position":1,"name":"Portada","item":"https:\/\/canal7slp.tv\/2023\/"},{"@type":"ListItem","position":2,"name":"\u201cUna Oportunidad M\u00e1s\u201d en el Penal de La Pila"}]},{"@type":"WebSite","@id":"https:\/\/canal7slp.tv\/2023\/#website","url":"https:\/\/canal7slp.tv\/2023\/","name":"N7 - Noticieros Canal 7","description":"Somos Televisi\u00f3n","publisher":{"@id":"https:\/\/canal7slp.tv\/2023\/#organization"},"potentialAction":[{"@type":"SearchAction","target":{"@type":"EntryPoint","urlTemplate":"https:\/\/canal7slp.tv\/2023\/?s={search_term_string}"},"query-input":{"@type":"PropertyValueSpecification","valueRequired":true,"valueName":"search_term_string"}}],"inLanguage":"es"},{"@type":"Organization","@id":"https:\/\/canal7slp.tv\/2023\/#organization","name":"Noticieros Canal 7","url":"https:\/\/canal7slp.tv\/2023\/","logo":{"@type":"ImageObject","inLanguage":"es","@id":"https:\/\/canal7slp.tv\/2023\/#\/schema\/logo\/image\/","url":"https:\/\/canal7slp.tv\/2023\/wp-content\/uploads\/2021\/01\/logo-noticieros@2x.png","contentUrl":"https:\/\/canal7slp.tv\/2023\/wp-content\/uploads\/2021\/01\/logo-noticieros@2x.png","width":1017,"height":268,"caption":"Noticieros Canal 7"},"image":{"@id":"https:\/\/canal7slp.tv\/2023\/#\/schema\/logo\/image\/"},"sameAs":["https:\/\/www.facebook.com\/noticieroscanalsiete","https:\/\/x.com\/NOTICIEROS7","https:\/\/www.instagram.com\/canal7_slp","https:\/\/www.youtube.com\/channel\/UCliiYs-gP3JfJeqdPrNdd5A"]},{"@type":"Person","@id":"https:\/\/canal7slp.tv\/2023\/#\/schema\/person\/639c424e3584069003b11ae813915da6","name":"Edici\u00f3n Web","image":{"@type":"ImageObject","inLanguage":"es","@id":"https:\/\/secure.gravatar.com\/avatar\/eee448fc3f7164808013b816ba91ac7e43bbe82a70bebac296f8bc6f0addaa1a?s=96&d=mm&r=g","url":"https:\/\/secure.gravatar.com\/avatar\/eee448fc3f7164808013b816ba91ac7e43bbe82a70bebac296f8bc6f0addaa1a?s=96&d=mm&r=g","contentUrl":"https:\/\/secure.gravatar.com\/avatar\/eee448fc3f7164808013b816ba91ac7e43bbe82a70bebac296f8bc6f0addaa1a?s=96&d=mm&r=g","caption":"Edici\u00f3n Web"},"url":"https:\/\/canal7slp.tv\/2023\/author\/edicionweb\/"}]}},"_links":{"self":[{"href":"https:\/\/canal7slp.tv\/2023\/wp-json\/wp\/v2\/posts\/83019","targetHints":{"allow":["GET"]}}],"collection":[{"href":"https:\/\/canal7slp.tv\/2023\/wp-json\/wp\/v2\/posts"}],"about":[{"href":"https:\/\/canal7slp.tv\/2023\/wp-json\/wp\/v2\/types\/post"}],"author":[{"embeddable":true,"href":"https:\/\/canal7slp.tv\/2023\/wp-json\/wp\/v2\/users\/2"}],"replies":[{"embeddable":true,"href":"https:\/\/canal7slp.tv\/2023\/wp-json\/wp\/v2\/comments?post=83019"}],"version-history":[{"count":2,"href":"https:\/\/canal7slp.tv\/2023\/wp-json\/wp\/v2\/posts\/83019\/revisions"}],"predecessor-version":[{"id":83024,"href":"https:\/\/canal7slp.tv\/2023\/wp-json\/wp\/v2\/posts\/83019\/revisions\/83024"}],"wp:featuredmedia":[{"embeddable":true,"href":"https:\/\/canal7slp.tv\/2023\/wp-json\/wp\/v2\/media\/83023"}],"wp:attachment":[{"href":"https:\/\/canal7slp.tv\/2023\/wp-json\/wp\/v2\/media?parent=83019"}],"wp:term":[{"taxonomy":"category","embeddable":true,"href":"https:\/\/canal7slp.tv\/2023\/wp-json\/wp\/v2\/categories?post=83019"},{"taxonomy":"post_tag","embeddable":true,"href":"https:\/\/canal7slp.tv\/2023\/wp-json\/wp\/v2\/tags?post=83019"}],"curies":[{"name":"wp","href":"https:\/\/api.w.org\/{rel}","templated":true}]}}