{"id":117350,"date":"2023-12-30T09:56:58","date_gmt":"2023-12-30T15:56:58","guid":{"rendered":"https:\/\/canal7slp.tv\/2023\/?p=117350"},"modified":"2023-12-30T09:56:58","modified_gmt":"2023-12-30T15:56:58","slug":"seis-muertos-saldo-de-ataque-en-fiesta-de-15-anos","status":"publish","type":"post","link":"https:\/\/canal7slp.tv\/2023\/seis-muertos-saldo-de-ataque-en-fiesta-de-15-anos\/","title":{"rendered":"Seis muertos, saldo de ataque en fiesta de 15 a\u00f1os"},"content":{"rendered":"<ul>\n<li>Hay decenas de personas lesionadas.<\/li>\n<\/ul>\n<div style=\"text-align: justify;\">Sonora.- Al menos seis personas murieron y otras 25 resultaron heridas tras una balacera en una fiesta de 15 a\u00f1os, contra el presunto l\u00edder de un grupo criminal en Sonora.<\/div>\n<div style=\"text-align: justify;\"><\/div>\n<div style=\"text-align: justify;\">Entre los fallecidos, hay tres hombres y tres mujeres -j\u00f3venes y mujeres resultaron lesionados-.<\/div>\n<div style=\"text-align: justify;\"><\/div>\n<div style=\"text-align: justify;\">Los hechos ocurrieron durante la madrugada en una fiesta de 15 a\u00f1os, en Ciudad Obreg\u00f3n.<\/div>\n<div style=\"text-align: justify;\"><\/div>\n<div style=\"text-align: justify;\">Hab\u00eda una discoteca m\u00f3vil a mitad de la calle, donde llegaron sicarios con rifles de asalto que, seg\u00fan las autoridades, dispararon directamente contra el jefe de un grupo criminal.<\/div>\n<div style=\"text-align: justify;\"><\/div>\n<div style=\"text-align: justify;\">Los primeros reportes se\u00f1alaban que la balacera surgi\u00f3 tras una ri\u00f1a, pero con la informaci\u00f3n que ha dado a conocer la Fiscal\u00eda esta versi\u00f3n se desech\u00f3, porque fue un ataque directo.<\/div>\n<div style=\"text-align: justify;\"><\/div>\n<div style=\"text-align: justify;\">\u00ab(El l\u00edder delictivo) contaba con \u00f3rdenes de aprehensi\u00f3n por feminicidio en tentativa, homicidio calificado, privaci\u00f3n ilegal de la libertad y asociaci\u00f3n delictuosa. Este ataque le produjo la muerte a \u00e9l y cinco personas m\u00e1s, as\u00ed como lesion\u00f3 a otras\u00bb, se a\u00f1adi\u00f3.<\/div>\n<div style=\"text-align: justify;\"><\/div>\n<div style=\"text-align: justify;\">Fuentes cuya identidad no fue revelada compartieron a medios que el objetivo del ataque al parecer habr\u00eda sido Leonardo Vega Arellano, alias \u00abEl Wacho\u00bb o \u00abEl soldado\u00bb.<\/div>\n","protected":false},"excerpt":{"rendered":"<p>Hay decenas de personas lesionadas. Sonora.- Al menos seis personas murieron y otras 25 resultaron heridas tras una balacera en una fiesta de 15 a\u00f1os, contra el presunto l\u00edder de un grupo criminal en Sonora. Entre los fallecidos, hay tres hombres y tres mujeres -j\u00f3venes y mujeres resultaron lesionados-. Los hechos ocurrieron durante la madrugada en una fiesta de 15 a\u00f1os, en Ciudad Obreg\u00f3n. Hab\u00eda una discoteca m\u00f3vil a mitad de la calle, donde llegaron sicarios con rifles de asalto que, seg\u00fan las autoridades, dispararon directamente contra el jefe de un grupo criminal. Los primeros reportes se\u00f1alaban que la balacera [&hellip;]<\/p>\n","protected":false},"author":2,"featured_media":0,"comment_status":"closed","ping_status":"closed","sticky":false,"template":"","format":"standard","meta":{"footnotes":""},"categories":[46],"tags":[],"class_list":["post-117350","post","type-post","status-publish","format-standard","hentry","category-nacional","post--single"],"yoast_head":"<!-- This site is optimized with the Yoast SEO plugin v27.5 - https:\/\/yoast.com\/product\/yoast-seo-wordpress\/ -->\n<title>Seis muertos, saldo de ataque en fiesta de 15 a\u00f1os - Canal 7 SLP - 2023<\/title>\n<meta name=\"robots\" content=\"index, follow, max-snippet:-1, max-image-preview:large, max-video-preview:-1\" \/>\n<link rel=\"canonical\" href=\"https:\/\/canal7slp.tv\/2023\/seis-muertos-saldo-de-ataque-en-fiesta-de-15-anos\/\" \/>\n<meta property=\"og:locale\" content=\"es_ES\" \/>\n<meta property=\"og:type\" content=\"article\" \/>\n<meta property=\"og:title\" content=\"Seis muertos, saldo de ataque en fiesta de 15 a\u00f1os - Canal 7 SLP - 2023\" \/>\n<meta property=\"og:description\" content=\"Hay decenas de personas lesionadas. Sonora.- Al menos seis personas murieron y otras 25 resultaron heridas tras una balacera en una fiesta de 15 a\u00f1os, contra el presunto l\u00edder de un grupo criminal en Sonora. Entre los fallecidos, hay tres hombres y tres mujeres -j\u00f3venes y mujeres resultaron lesionados-. Los hechos ocurrieron durante la madrugada en una fiesta de 15 a\u00f1os, en Ciudad Obreg\u00f3n. Hab\u00eda una discoteca m\u00f3vil a mitad de la calle, donde llegaron sicarios con rifles de asalto que, seg\u00fan las autoridades, dispararon directamente contra el jefe de un grupo criminal. Los primeros reportes se\u00f1alaban que la balacera [&hellip;]\" \/>\n<meta property=\"og:url\" content=\"https:\/\/canal7slp.tv\/2023\/seis-muertos-saldo-de-ataque-en-fiesta-de-15-anos\/\" \/>\n<meta property=\"og:site_name\" content=\"Canal 7 SLP - 2023\" \/>\n<meta property=\"article:publisher\" content=\"https:\/\/www.facebook.com\/noticieroscanalsiete\" \/>\n<meta property=\"article:published_time\" content=\"2023-12-30T15:56:58+00:00\" \/>\n<meta property=\"og:image\" content=\"https:\/\/canal7slp.tv\/2023\/wp-content\/uploads\/2023\/12\/xv.jpeg\" \/>\n\t<meta property=\"og:image:width\" content=\"760\" \/>\n\t<meta property=\"og:image:height\" content=\"430\" \/>\n\t<meta property=\"og:image:type\" content=\"image\/jpeg\" \/>\n<meta name=\"author\" content=\"Edici\u00f3n Web\" \/>\n<meta name=\"twitter:card\" content=\"summary_large_image\" \/>\n<meta name=\"twitter:creator\" content=\"@NOTICIEROS7\" \/>\n<meta name=\"twitter:site\" content=\"@NOTICIEROS7\" \/>\n<meta name=\"twitter:label1\" content=\"Escrito por\" \/>\n\t<meta name=\"twitter:data1\" content=\"Edici\u00f3n Web\" \/>\n\t<meta name=\"twitter:label2\" content=\"Tiempo de lectura\" \/>\n\t<meta name=\"twitter:data2\" content=\"2 minutos\" \/>\n<script type=\"application\/ld+json\" class=\"yoast-schema-graph\">{\"@context\":\"https:\\\/\\\/schema.org\",\"@graph\":[{\"@type\":\"Article\",\"@id\":\"https:\\\/\\\/canal7slp.tv\\\/2023\\\/seis-muertos-saldo-de-ataque-en-fiesta-de-15-anos\\\/#article\",\"isPartOf\":{\"@id\":\"https:\\\/\\\/canal7slp.tv\\\/2023\\\/seis-muertos-saldo-de-ataque-en-fiesta-de-15-anos\\\/\"},\"author\":{\"name\":\"Edici\u00f3n Web\",\"@id\":\"https:\\\/\\\/canal7slp.tv\\\/2023\\\/#\\\/schema\\\/person\\\/639c424e3584069003b11ae813915da6\"},\"headline\":\"Seis muertos, saldo de ataque en fiesta de 15 a\u00f1os\",\"datePublished\":\"2023-12-30T15:56:58+00:00\",\"mainEntityOfPage\":{\"@id\":\"https:\\\/\\\/canal7slp.tv\\\/2023\\\/seis-muertos-saldo-de-ataque-en-fiesta-de-15-anos\\\/\"},\"wordCount\":220,\"publisher\":{\"@id\":\"https:\\\/\\\/canal7slp.tv\\\/2023\\\/#organization\"},\"articleSection\":[\"NACIONALES\"],\"inLanguage\":\"es\"},{\"@type\":\"WebPage\",\"@id\":\"https:\\\/\\\/canal7slp.tv\\\/2023\\\/seis-muertos-saldo-de-ataque-en-fiesta-de-15-anos\\\/\",\"url\":\"https:\\\/\\\/canal7slp.tv\\\/2023\\\/seis-muertos-saldo-de-ataque-en-fiesta-de-15-anos\\\/\",\"name\":\"Seis muertos, saldo de ataque en fiesta de 15 a\u00f1os - Canal 7 SLP - 2023\",\"isPartOf\":{\"@id\":\"https:\\\/\\\/canal7slp.tv\\\/2023\\\/#website\"},\"datePublished\":\"2023-12-30T15:56:58+00:00\",\"breadcrumb\":{\"@id\":\"https:\\\/\\\/canal7slp.tv\\\/2023\\\/seis-muertos-saldo-de-ataque-en-fiesta-de-15-anos\\\/#breadcrumb\"},\"inLanguage\":\"es\",\"potentialAction\":[{\"@type\":\"ReadAction\",\"target\":[\"https:\\\/\\\/canal7slp.tv\\\/2023\\\/seis-muertos-saldo-de-ataque-en-fiesta-de-15-anos\\\/\"]}]},{\"@type\":\"BreadcrumbList\",\"@id\":\"https:\\\/\\\/canal7slp.tv\\\/2023\\\/seis-muertos-saldo-de-ataque-en-fiesta-de-15-anos\\\/#breadcrumb\",\"itemListElement\":[{\"@type\":\"ListItem\",\"position\":1,\"name\":\"Portada\",\"item\":\"https:\\\/\\\/canal7slp.tv\\\/2023\\\/\"},{\"@type\":\"ListItem\",\"position\":2,\"name\":\"Seis muertos, saldo de ataque en fiesta de 15 a\u00f1os\"}]},{\"@type\":\"WebSite\",\"@id\":\"https:\\\/\\\/canal7slp.tv\\\/2023\\\/#website\",\"url\":\"https:\\\/\\\/canal7slp.tv\\\/2023\\\/\",\"name\":\"N7 - Noticieros Canal 7\",\"description\":\"Somos Televisi\u00f3n\",\"publisher\":{\"@id\":\"https:\\\/\\\/canal7slp.tv\\\/2023\\\/#organization\"},\"potentialAction\":[{\"@type\":\"SearchAction\",\"target\":{\"@type\":\"EntryPoint\",\"urlTemplate\":\"https:\\\/\\\/canal7slp.tv\\\/2023\\\/?s={search_term_string}\"},\"query-input\":{\"@type\":\"PropertyValueSpecification\",\"valueRequired\":true,\"valueName\":\"search_term_string\"}}],\"inLanguage\":\"es\"},{\"@type\":\"Organization\",\"@id\":\"https:\\\/\\\/canal7slp.tv\\\/2023\\\/#organization\",\"name\":\"Noticieros Canal 7\",\"url\":\"https:\\\/\\\/canal7slp.tv\\\/2023\\\/\",\"logo\":{\"@type\":\"ImageObject\",\"inLanguage\":\"es\",\"@id\":\"https:\\\/\\\/canal7slp.tv\\\/2023\\\/#\\\/schema\\\/logo\\\/image\\\/\",\"url\":\"https:\\\/\\\/canal7slp.tv\\\/2023\\\/wp-content\\\/uploads\\\/2021\\\/01\\\/logo-noticieros@2x.png\",\"contentUrl\":\"https:\\\/\\\/canal7slp.tv\\\/2023\\\/wp-content\\\/uploads\\\/2021\\\/01\\\/logo-noticieros@2x.png\",\"width\":1017,\"height\":268,\"caption\":\"Noticieros Canal 7\"},\"image\":{\"@id\":\"https:\\\/\\\/canal7slp.tv\\\/2023\\\/#\\\/schema\\\/logo\\\/image\\\/\"},\"sameAs\":[\"https:\\\/\\\/www.facebook.com\\\/noticieroscanalsiete\",\"https:\\\/\\\/x.com\\\/NOTICIEROS7\",\"https:\\\/\\\/www.instagram.com\\\/canal7_slp\",\"https:\\\/\\\/www.youtube.com\\\/channel\\\/UCliiYs-gP3JfJeqdPrNdd5A\"]},{\"@type\":\"Person\",\"@id\":\"https:\\\/\\\/canal7slp.tv\\\/2023\\\/#\\\/schema\\\/person\\\/639c424e3584069003b11ae813915da6\",\"name\":\"Edici\u00f3n Web\",\"image\":{\"@type\":\"ImageObject\",\"inLanguage\":\"es\",\"@id\":\"https:\\\/\\\/secure.gravatar.com\\\/avatar\\\/eee448fc3f7164808013b816ba91ac7e43bbe82a70bebac296f8bc6f0addaa1a?s=96&d=mm&r=g\",\"url\":\"https:\\\/\\\/secure.gravatar.com\\\/avatar\\\/eee448fc3f7164808013b816ba91ac7e43bbe82a70bebac296f8bc6f0addaa1a?s=96&d=mm&r=g\",\"contentUrl\":\"https:\\\/\\\/secure.gravatar.com\\\/avatar\\\/eee448fc3f7164808013b816ba91ac7e43bbe82a70bebac296f8bc6f0addaa1a?s=96&d=mm&r=g\",\"caption\":\"Edici\u00f3n Web\"},\"url\":\"https:\\\/\\\/canal7slp.tv\\\/2023\\\/author\\\/edicionweb\\\/\"}]}<\/script>\n<!-- \/ Yoast SEO plugin. -->","yoast_head_json":{"title":"Seis muertos, saldo de ataque en fiesta de 15 a\u00f1os - Canal 7 SLP - 2023","robots":{"index":"index","follow":"follow","max-snippet":"max-snippet:-1","max-image-preview":"max-image-preview:large","max-video-preview":"max-video-preview:-1"},"canonical":"https:\/\/canal7slp.tv\/2023\/seis-muertos-saldo-de-ataque-en-fiesta-de-15-anos\/","og_locale":"es_ES","og_type":"article","og_title":"Seis muertos, saldo de ataque en fiesta de 15 a\u00f1os - Canal 7 SLP - 2023","og_description":"Hay decenas de personas lesionadas. Sonora.- Al menos seis personas murieron y otras 25 resultaron heridas tras una balacera en una fiesta de 15 a\u00f1os, contra el presunto l\u00edder de un grupo criminal en Sonora. Entre los fallecidos, hay tres hombres y tres mujeres -j\u00f3venes y mujeres resultaron lesionados-. Los hechos ocurrieron durante la madrugada en una fiesta de 15 a\u00f1os, en Ciudad Obreg\u00f3n. Hab\u00eda una discoteca m\u00f3vil a mitad de la calle, donde llegaron sicarios con rifles de asalto que, seg\u00fan las autoridades, dispararon directamente contra el jefe de un grupo criminal. Los primeros reportes se\u00f1alaban que la balacera [&hellip;]","og_url":"https:\/\/canal7slp.tv\/2023\/seis-muertos-saldo-de-ataque-en-fiesta-de-15-anos\/","og_site_name":"Canal 7 SLP - 2023","article_publisher":"https:\/\/www.facebook.com\/noticieroscanalsiete","article_published_time":"2023-12-30T15:56:58+00:00","og_image":[{"width":760,"height":430,"url":"https:\/\/canal7slp.tv\/2023\/wp-content\/uploads\/2023\/12\/xv.jpeg","type":"image\/jpeg"}],"author":"Edici\u00f3n Web","twitter_card":"summary_large_image","twitter_creator":"@NOTICIEROS7","twitter_site":"@NOTICIEROS7","twitter_misc":{"Escrito por":"Edici\u00f3n Web","Tiempo de lectura":"2 minutos"},"schema":{"@context":"https:\/\/schema.org","@graph":[{"@type":"Article","@id":"https:\/\/canal7slp.tv\/2023\/seis-muertos-saldo-de-ataque-en-fiesta-de-15-anos\/#article","isPartOf":{"@id":"https:\/\/canal7slp.tv\/2023\/seis-muertos-saldo-de-ataque-en-fiesta-de-15-anos\/"},"author":{"name":"Edici\u00f3n Web","@id":"https:\/\/canal7slp.tv\/2023\/#\/schema\/person\/639c424e3584069003b11ae813915da6"},"headline":"Seis muertos, saldo de ataque en fiesta de 15 a\u00f1os","datePublished":"2023-12-30T15:56:58+00:00","mainEntityOfPage":{"@id":"https:\/\/canal7slp.tv\/2023\/seis-muertos-saldo-de-ataque-en-fiesta-de-15-anos\/"},"wordCount":220,"publisher":{"@id":"https:\/\/canal7slp.tv\/2023\/#organization"},"articleSection":["NACIONALES"],"inLanguage":"es"},{"@type":"WebPage","@id":"https:\/\/canal7slp.tv\/2023\/seis-muertos-saldo-de-ataque-en-fiesta-de-15-anos\/","url":"https:\/\/canal7slp.tv\/2023\/seis-muertos-saldo-de-ataque-en-fiesta-de-15-anos\/","name":"Seis muertos, saldo de ataque en fiesta de 15 a\u00f1os - Canal 7 SLP - 2023","isPartOf":{"@id":"https:\/\/canal7slp.tv\/2023\/#website"},"datePublished":"2023-12-30T15:56:58+00:00","breadcrumb":{"@id":"https:\/\/canal7slp.tv\/2023\/seis-muertos-saldo-de-ataque-en-fiesta-de-15-anos\/#breadcrumb"},"inLanguage":"es","potentialAction":[{"@type":"ReadAction","target":["https:\/\/canal7slp.tv\/2023\/seis-muertos-saldo-de-ataque-en-fiesta-de-15-anos\/"]}]},{"@type":"BreadcrumbList","@id":"https:\/\/canal7slp.tv\/2023\/seis-muertos-saldo-de-ataque-en-fiesta-de-15-anos\/#breadcrumb","itemListElement":[{"@type":"ListItem","position":1,"name":"Portada","item":"https:\/\/canal7slp.tv\/2023\/"},{"@type":"ListItem","position":2,"name":"Seis muertos, saldo de ataque en fiesta de 15 a\u00f1os"}]},{"@type":"WebSite","@id":"https:\/\/canal7slp.tv\/2023\/#website","url":"https:\/\/canal7slp.tv\/2023\/","name":"N7 - Noticieros Canal 7","description":"Somos Televisi\u00f3n","publisher":{"@id":"https:\/\/canal7slp.tv\/2023\/#organization"},"potentialAction":[{"@type":"SearchAction","target":{"@type":"EntryPoint","urlTemplate":"https:\/\/canal7slp.tv\/2023\/?s={search_term_string}"},"query-input":{"@type":"PropertyValueSpecification","valueRequired":true,"valueName":"search_term_string"}}],"inLanguage":"es"},{"@type":"Organization","@id":"https:\/\/canal7slp.tv\/2023\/#organization","name":"Noticieros Canal 7","url":"https:\/\/canal7slp.tv\/2023\/","logo":{"@type":"ImageObject","inLanguage":"es","@id":"https:\/\/canal7slp.tv\/2023\/#\/schema\/logo\/image\/","url":"https:\/\/canal7slp.tv\/2023\/wp-content\/uploads\/2021\/01\/logo-noticieros@2x.png","contentUrl":"https:\/\/canal7slp.tv\/2023\/wp-content\/uploads\/2021\/01\/logo-noticieros@2x.png","width":1017,"height":268,"caption":"Noticieros Canal 7"},"image":{"@id":"https:\/\/canal7slp.tv\/2023\/#\/schema\/logo\/image\/"},"sameAs":["https:\/\/www.facebook.com\/noticieroscanalsiete","https:\/\/x.com\/NOTICIEROS7","https:\/\/www.instagram.com\/canal7_slp","https:\/\/www.youtube.com\/channel\/UCliiYs-gP3JfJeqdPrNdd5A"]},{"@type":"Person","@id":"https:\/\/canal7slp.tv\/2023\/#\/schema\/person\/639c424e3584069003b11ae813915da6","name":"Edici\u00f3n Web","image":{"@type":"ImageObject","inLanguage":"es","@id":"https:\/\/secure.gravatar.com\/avatar\/eee448fc3f7164808013b816ba91ac7e43bbe82a70bebac296f8bc6f0addaa1a?s=96&d=mm&r=g","url":"https:\/\/secure.gravatar.com\/avatar\/eee448fc3f7164808013b816ba91ac7e43bbe82a70bebac296f8bc6f0addaa1a?s=96&d=mm&r=g","contentUrl":"https:\/\/secure.gravatar.com\/avatar\/eee448fc3f7164808013b816ba91ac7e43bbe82a70bebac296f8bc6f0addaa1a?s=96&d=mm&r=g","caption":"Edici\u00f3n Web"},"url":"https:\/\/canal7slp.tv\/2023\/author\/edicionweb\/"}]}},"_links":{"self":[{"href":"https:\/\/canal7slp.tv\/2023\/wp-json\/wp\/v2\/posts\/117350","targetHints":{"allow":["GET"]}}],"collection":[{"href":"https:\/\/canal7slp.tv\/2023\/wp-json\/wp\/v2\/posts"}],"about":[{"href":"https:\/\/canal7slp.tv\/2023\/wp-json\/wp\/v2\/types\/post"}],"author":[{"embeddable":true,"href":"https:\/\/canal7slp.tv\/2023\/wp-json\/wp\/v2\/users\/2"}],"replies":[{"embeddable":true,"href":"https:\/\/canal7slp.tv\/2023\/wp-json\/wp\/v2\/comments?post=117350"}],"version-history":[{"count":1,"href":"https:\/\/canal7slp.tv\/2023\/wp-json\/wp\/v2\/posts\/117350\/revisions"}],"predecessor-version":[{"id":117356,"href":"https:\/\/canal7slp.tv\/2023\/wp-json\/wp\/v2\/posts\/117350\/revisions\/117356"}],"wp:attachment":[{"href":"https:\/\/canal7slp.tv\/2023\/wp-json\/wp\/v2\/media?parent=117350"}],"wp:term":[{"taxonomy":"category","embeddable":true,"href":"https:\/\/canal7slp.tv\/2023\/wp-json\/wp\/v2\/categories?post=117350"},{"taxonomy":"post_tag","embeddable":true,"href":"https:\/\/canal7slp.tv\/2023\/wp-json\/wp\/v2\/tags?post=117350"}],"curies":[{"name":"wp","href":"https:\/\/api.w.org\/{rel}","templated":true}]}}