{"id":117230,"date":"2023-12-28T22:37:53","date_gmt":"2023-12-29T04:37:53","guid":{"rendered":"https:\/\/canal7slp.tv\/2023\/?p=117230"},"modified":"2023-12-28T22:37:53","modified_gmt":"2023-12-29T04:37:53","slug":"tren-maya-suspendio-operaciones-esta-recta-final-de-2023","status":"publish","type":"post","link":"https:\/\/canal7slp.tv\/2023\/tren-maya-suspendio-operaciones-esta-recta-final-de-2023\/","title":{"rendered":"Tren Maya suspendi\u00f3 operaciones esta recta final de 2023"},"content":{"rendered":"<div style=\"text-align: justify;\">M\u00e9xico.- El Tren Maya suspendi\u00f3 operaciones desde este 28 de diciembre y continuar\u00e1 hasta el 31.<\/div>\n<div style=\"text-align: justify;\"><\/div>\n<div style=\"text-align: justify;\">Ello debido a la apertura del segundo tramo que va de Campeche a Canc\u00fan.<\/div>\n<div style=\"text-align: justify;\"><\/div>\n<div style=\"text-align: justify;\">Los viajes reanudar\u00e1n el primero de enero, despu\u00e9s de la apertura del segundo tramo.<\/div>\n<div style=\"text-align: justify;\"><\/div>\n<div style=\"text-align: justify;\">En el mensaje fue solicitado a pasajeros que hayan comprado boletos, reagendar sus viajes.<\/div>\n<div style=\"text-align: justify;\"><\/div>\n<div style=\"text-align: justify;\">Tambi\u00e9n se les invit\u00f3 a pedir informaci\u00f3n adicional a trav\u00e9s del correo info@ventaboletostrenmaya.com.mx en caso de que se tengan dudas o para cualquier aclaraci\u00f3n.<\/div>\n","protected":false},"excerpt":{"rendered":"<p>M\u00e9xico.- El Tren Maya suspendi\u00f3 operaciones desde este 28 de diciembre y continuar\u00e1 hasta el 31. Ello debido a la apertura del segundo tramo que va de Campeche a Canc\u00fan. Los viajes reanudar\u00e1n el primero de enero, despu\u00e9s de la apertura del segundo tramo. En el mensaje fue solicitado a pasajeros que hayan comprado boletos, reagendar sus viajes. Tambi\u00e9n se les invit\u00f3 a pedir informaci\u00f3n adicional a trav\u00e9s del correo info@ventaboletostrenmaya.com.mx en caso de que se tengan dudas o para cualquier aclaraci\u00f3n.<\/p>\n","protected":false},"author":2,"featured_media":0,"comment_status":"closed","ping_status":"closed","sticky":false,"template":"","format":"standard","meta":{"footnotes":""},"categories":[46],"tags":[],"class_list":["post-117230","post","type-post","status-publish","format-standard","hentry","category-nacional","post--single"],"yoast_head":"<!-- This site is optimized with the Yoast SEO plugin v27.5 - https:\/\/yoast.com\/product\/yoast-seo-wordpress\/ -->\n<title>Tren Maya suspendi\u00f3 operaciones esta recta final de 2023 - Canal 7 SLP - 2023<\/title>\n<meta name=\"robots\" content=\"index, follow, max-snippet:-1, max-image-preview:large, max-video-preview:-1\" \/>\n<link rel=\"canonical\" href=\"https:\/\/canal7slp.tv\/2023\/tren-maya-suspendio-operaciones-esta-recta-final-de-2023\/\" \/>\n<meta property=\"og:locale\" content=\"es_ES\" \/>\n<meta property=\"og:type\" content=\"article\" \/>\n<meta property=\"og:title\" content=\"Tren Maya suspendi\u00f3 operaciones esta recta final de 2023 - Canal 7 SLP - 2023\" \/>\n<meta property=\"og:description\" content=\"M\u00e9xico.- El Tren Maya suspendi\u00f3 operaciones desde este 28 de diciembre y continuar\u00e1 hasta el 31. Ello debido a la apertura del segundo tramo que va de Campeche a Canc\u00fan. Los viajes reanudar\u00e1n el primero de enero, despu\u00e9s de la apertura del segundo tramo. En el mensaje fue solicitado a pasajeros que hayan comprado boletos, reagendar sus viajes. Tambi\u00e9n se les invit\u00f3 a pedir informaci\u00f3n adicional a trav\u00e9s del correo info@ventaboletostrenmaya.com.mx en caso de que se tengan dudas o para cualquier aclaraci\u00f3n.\" \/>\n<meta property=\"og:url\" content=\"https:\/\/canal7slp.tv\/2023\/tren-maya-suspendio-operaciones-esta-recta-final-de-2023\/\" \/>\n<meta property=\"og:site_name\" content=\"Canal 7 SLP - 2023\" \/>\n<meta property=\"article:publisher\" content=\"https:\/\/www.facebook.com\/noticieroscanalsiete\" \/>\n<meta property=\"article:published_time\" content=\"2023-12-29T04:37:53+00:00\" \/>\n<meta property=\"og:image\" content=\"https:\/\/canal7slp.tv\/2023\/wp-content\/uploads\/2023\/12\/tren.jpeg\" \/>\n\t<meta property=\"og:image:width\" content=\"1440\" \/>\n\t<meta property=\"og:image:height\" content=\"810\" \/>\n\t<meta property=\"og:image:type\" content=\"image\/jpeg\" \/>\n<meta name=\"author\" content=\"Edici\u00f3n Web\" \/>\n<meta name=\"twitter:card\" content=\"summary_large_image\" \/>\n<meta name=\"twitter:creator\" content=\"@NOTICIEROS7\" \/>\n<meta name=\"twitter:site\" content=\"@NOTICIEROS7\" \/>\n<meta name=\"twitter:label1\" content=\"Escrito por\" \/>\n\t<meta name=\"twitter:data1\" content=\"Edici\u00f3n Web\" \/>\n\t<meta name=\"twitter:label2\" content=\"Tiempo de lectura\" \/>\n\t<meta name=\"twitter:data2\" content=\"1 minuto\" \/>\n<script type=\"application\/ld+json\" class=\"yoast-schema-graph\">{\"@context\":\"https:\\\/\\\/schema.org\",\"@graph\":[{\"@type\":\"Article\",\"@id\":\"https:\\\/\\\/canal7slp.tv\\\/2023\\\/tren-maya-suspendio-operaciones-esta-recta-final-de-2023\\\/#article\",\"isPartOf\":{\"@id\":\"https:\\\/\\\/canal7slp.tv\\\/2023\\\/tren-maya-suspendio-operaciones-esta-recta-final-de-2023\\\/\"},\"author\":{\"name\":\"Edici\u00f3n Web\",\"@id\":\"https:\\\/\\\/canal7slp.tv\\\/2023\\\/#\\\/schema\\\/person\\\/639c424e3584069003b11ae813915da6\"},\"headline\":\"Tren Maya suspendi\u00f3 operaciones esta recta final de 2023\",\"datePublished\":\"2023-12-29T04:37:53+00:00\",\"mainEntityOfPage\":{\"@id\":\"https:\\\/\\\/canal7slp.tv\\\/2023\\\/tren-maya-suspendio-operaciones-esta-recta-final-de-2023\\\/\"},\"wordCount\":100,\"publisher\":{\"@id\":\"https:\\\/\\\/canal7slp.tv\\\/2023\\\/#organization\"},\"articleSection\":[\"NACIONALES\"],\"inLanguage\":\"es\"},{\"@type\":\"WebPage\",\"@id\":\"https:\\\/\\\/canal7slp.tv\\\/2023\\\/tren-maya-suspendio-operaciones-esta-recta-final-de-2023\\\/\",\"url\":\"https:\\\/\\\/canal7slp.tv\\\/2023\\\/tren-maya-suspendio-operaciones-esta-recta-final-de-2023\\\/\",\"name\":\"Tren Maya suspendi\u00f3 operaciones esta recta final de 2023 - Canal 7 SLP - 2023\",\"isPartOf\":{\"@id\":\"https:\\\/\\\/canal7slp.tv\\\/2023\\\/#website\"},\"datePublished\":\"2023-12-29T04:37:53+00:00\",\"breadcrumb\":{\"@id\":\"https:\\\/\\\/canal7slp.tv\\\/2023\\\/tren-maya-suspendio-operaciones-esta-recta-final-de-2023\\\/#breadcrumb\"},\"inLanguage\":\"es\",\"potentialAction\":[{\"@type\":\"ReadAction\",\"target\":[\"https:\\\/\\\/canal7slp.tv\\\/2023\\\/tren-maya-suspendio-operaciones-esta-recta-final-de-2023\\\/\"]}]},{\"@type\":\"BreadcrumbList\",\"@id\":\"https:\\\/\\\/canal7slp.tv\\\/2023\\\/tren-maya-suspendio-operaciones-esta-recta-final-de-2023\\\/#breadcrumb\",\"itemListElement\":[{\"@type\":\"ListItem\",\"position\":1,\"name\":\"Portada\",\"item\":\"https:\\\/\\\/canal7slp.tv\\\/2023\\\/\"},{\"@type\":\"ListItem\",\"position\":2,\"name\":\"Tren Maya suspendi\u00f3 operaciones esta recta final de 2023\"}]},{\"@type\":\"WebSite\",\"@id\":\"https:\\\/\\\/canal7slp.tv\\\/2023\\\/#website\",\"url\":\"https:\\\/\\\/canal7slp.tv\\\/2023\\\/\",\"name\":\"N7 - Noticieros Canal 7\",\"description\":\"Somos Televisi\u00f3n\",\"publisher\":{\"@id\":\"https:\\\/\\\/canal7slp.tv\\\/2023\\\/#organization\"},\"potentialAction\":[{\"@type\":\"SearchAction\",\"target\":{\"@type\":\"EntryPoint\",\"urlTemplate\":\"https:\\\/\\\/canal7slp.tv\\\/2023\\\/?s={search_term_string}\"},\"query-input\":{\"@type\":\"PropertyValueSpecification\",\"valueRequired\":true,\"valueName\":\"search_term_string\"}}],\"inLanguage\":\"es\"},{\"@type\":\"Organization\",\"@id\":\"https:\\\/\\\/canal7slp.tv\\\/2023\\\/#organization\",\"name\":\"Noticieros Canal 7\",\"url\":\"https:\\\/\\\/canal7slp.tv\\\/2023\\\/\",\"logo\":{\"@type\":\"ImageObject\",\"inLanguage\":\"es\",\"@id\":\"https:\\\/\\\/canal7slp.tv\\\/2023\\\/#\\\/schema\\\/logo\\\/image\\\/\",\"url\":\"https:\\\/\\\/canal7slp.tv\\\/2023\\\/wp-content\\\/uploads\\\/2021\\\/01\\\/logo-noticieros@2x.png\",\"contentUrl\":\"https:\\\/\\\/canal7slp.tv\\\/2023\\\/wp-content\\\/uploads\\\/2021\\\/01\\\/logo-noticieros@2x.png\",\"width\":1017,\"height\":268,\"caption\":\"Noticieros Canal 7\"},\"image\":{\"@id\":\"https:\\\/\\\/canal7slp.tv\\\/2023\\\/#\\\/schema\\\/logo\\\/image\\\/\"},\"sameAs\":[\"https:\\\/\\\/www.facebook.com\\\/noticieroscanalsiete\",\"https:\\\/\\\/x.com\\\/NOTICIEROS7\",\"https:\\\/\\\/www.instagram.com\\\/canal7_slp\",\"https:\\\/\\\/www.youtube.com\\\/channel\\\/UCliiYs-gP3JfJeqdPrNdd5A\"]},{\"@type\":\"Person\",\"@id\":\"https:\\\/\\\/canal7slp.tv\\\/2023\\\/#\\\/schema\\\/person\\\/639c424e3584069003b11ae813915da6\",\"name\":\"Edici\u00f3n Web\",\"image\":{\"@type\":\"ImageObject\",\"inLanguage\":\"es\",\"@id\":\"https:\\\/\\\/secure.gravatar.com\\\/avatar\\\/eee448fc3f7164808013b816ba91ac7e43bbe82a70bebac296f8bc6f0addaa1a?s=96&d=mm&r=g\",\"url\":\"https:\\\/\\\/secure.gravatar.com\\\/avatar\\\/eee448fc3f7164808013b816ba91ac7e43bbe82a70bebac296f8bc6f0addaa1a?s=96&d=mm&r=g\",\"contentUrl\":\"https:\\\/\\\/secure.gravatar.com\\\/avatar\\\/eee448fc3f7164808013b816ba91ac7e43bbe82a70bebac296f8bc6f0addaa1a?s=96&d=mm&r=g\",\"caption\":\"Edici\u00f3n Web\"},\"url\":\"https:\\\/\\\/canal7slp.tv\\\/2023\\\/author\\\/edicionweb\\\/\"}]}<\/script>\n<!-- \/ Yoast SEO plugin. -->","yoast_head_json":{"title":"Tren Maya suspendi\u00f3 operaciones esta recta final de 2023 - Canal 7 SLP - 2023","robots":{"index":"index","follow":"follow","max-snippet":"max-snippet:-1","max-image-preview":"max-image-preview:large","max-video-preview":"max-video-preview:-1"},"canonical":"https:\/\/canal7slp.tv\/2023\/tren-maya-suspendio-operaciones-esta-recta-final-de-2023\/","og_locale":"es_ES","og_type":"article","og_title":"Tren Maya suspendi\u00f3 operaciones esta recta final de 2023 - Canal 7 SLP - 2023","og_description":"M\u00e9xico.- El Tren Maya suspendi\u00f3 operaciones desde este 28 de diciembre y continuar\u00e1 hasta el 31. Ello debido a la apertura del segundo tramo que va de Campeche a Canc\u00fan. Los viajes reanudar\u00e1n el primero de enero, despu\u00e9s de la apertura del segundo tramo. En el mensaje fue solicitado a pasajeros que hayan comprado boletos, reagendar sus viajes. Tambi\u00e9n se les invit\u00f3 a pedir informaci\u00f3n adicional a trav\u00e9s del correo info@ventaboletostrenmaya.com.mx en caso de que se tengan dudas o para cualquier aclaraci\u00f3n.","og_url":"https:\/\/canal7slp.tv\/2023\/tren-maya-suspendio-operaciones-esta-recta-final-de-2023\/","og_site_name":"Canal 7 SLP - 2023","article_publisher":"https:\/\/www.facebook.com\/noticieroscanalsiete","article_published_time":"2023-12-29T04:37:53+00:00","og_image":[{"width":1440,"height":810,"url":"https:\/\/canal7slp.tv\/2023\/wp-content\/uploads\/2023\/12\/tren.jpeg","type":"image\/jpeg"}],"author":"Edici\u00f3n Web","twitter_card":"summary_large_image","twitter_creator":"@NOTICIEROS7","twitter_site":"@NOTICIEROS7","twitter_misc":{"Escrito por":"Edici\u00f3n Web","Tiempo de lectura":"1 minuto"},"schema":{"@context":"https:\/\/schema.org","@graph":[{"@type":"Article","@id":"https:\/\/canal7slp.tv\/2023\/tren-maya-suspendio-operaciones-esta-recta-final-de-2023\/#article","isPartOf":{"@id":"https:\/\/canal7slp.tv\/2023\/tren-maya-suspendio-operaciones-esta-recta-final-de-2023\/"},"author":{"name":"Edici\u00f3n Web","@id":"https:\/\/canal7slp.tv\/2023\/#\/schema\/person\/639c424e3584069003b11ae813915da6"},"headline":"Tren Maya suspendi\u00f3 operaciones esta recta final de 2023","datePublished":"2023-12-29T04:37:53+00:00","mainEntityOfPage":{"@id":"https:\/\/canal7slp.tv\/2023\/tren-maya-suspendio-operaciones-esta-recta-final-de-2023\/"},"wordCount":100,"publisher":{"@id":"https:\/\/canal7slp.tv\/2023\/#organization"},"articleSection":["NACIONALES"],"inLanguage":"es"},{"@type":"WebPage","@id":"https:\/\/canal7slp.tv\/2023\/tren-maya-suspendio-operaciones-esta-recta-final-de-2023\/","url":"https:\/\/canal7slp.tv\/2023\/tren-maya-suspendio-operaciones-esta-recta-final-de-2023\/","name":"Tren Maya suspendi\u00f3 operaciones esta recta final de 2023 - Canal 7 SLP - 2023","isPartOf":{"@id":"https:\/\/canal7slp.tv\/2023\/#website"},"datePublished":"2023-12-29T04:37:53+00:00","breadcrumb":{"@id":"https:\/\/canal7slp.tv\/2023\/tren-maya-suspendio-operaciones-esta-recta-final-de-2023\/#breadcrumb"},"inLanguage":"es","potentialAction":[{"@type":"ReadAction","target":["https:\/\/canal7slp.tv\/2023\/tren-maya-suspendio-operaciones-esta-recta-final-de-2023\/"]}]},{"@type":"BreadcrumbList","@id":"https:\/\/canal7slp.tv\/2023\/tren-maya-suspendio-operaciones-esta-recta-final-de-2023\/#breadcrumb","itemListElement":[{"@type":"ListItem","position":1,"name":"Portada","item":"https:\/\/canal7slp.tv\/2023\/"},{"@type":"ListItem","position":2,"name":"Tren Maya suspendi\u00f3 operaciones esta recta final de 2023"}]},{"@type":"WebSite","@id":"https:\/\/canal7slp.tv\/2023\/#website","url":"https:\/\/canal7slp.tv\/2023\/","name":"N7 - Noticieros Canal 7","description":"Somos Televisi\u00f3n","publisher":{"@id":"https:\/\/canal7slp.tv\/2023\/#organization"},"potentialAction":[{"@type":"SearchAction","target":{"@type":"EntryPoint","urlTemplate":"https:\/\/canal7slp.tv\/2023\/?s={search_term_string}"},"query-input":{"@type":"PropertyValueSpecification","valueRequired":true,"valueName":"search_term_string"}}],"inLanguage":"es"},{"@type":"Organization","@id":"https:\/\/canal7slp.tv\/2023\/#organization","name":"Noticieros Canal 7","url":"https:\/\/canal7slp.tv\/2023\/","logo":{"@type":"ImageObject","inLanguage":"es","@id":"https:\/\/canal7slp.tv\/2023\/#\/schema\/logo\/image\/","url":"https:\/\/canal7slp.tv\/2023\/wp-content\/uploads\/2021\/01\/logo-noticieros@2x.png","contentUrl":"https:\/\/canal7slp.tv\/2023\/wp-content\/uploads\/2021\/01\/logo-noticieros@2x.png","width":1017,"height":268,"caption":"Noticieros Canal 7"},"image":{"@id":"https:\/\/canal7slp.tv\/2023\/#\/schema\/logo\/image\/"},"sameAs":["https:\/\/www.facebook.com\/noticieroscanalsiete","https:\/\/x.com\/NOTICIEROS7","https:\/\/www.instagram.com\/canal7_slp","https:\/\/www.youtube.com\/channel\/UCliiYs-gP3JfJeqdPrNdd5A"]},{"@type":"Person","@id":"https:\/\/canal7slp.tv\/2023\/#\/schema\/person\/639c424e3584069003b11ae813915da6","name":"Edici\u00f3n Web","image":{"@type":"ImageObject","inLanguage":"es","@id":"https:\/\/secure.gravatar.com\/avatar\/eee448fc3f7164808013b816ba91ac7e43bbe82a70bebac296f8bc6f0addaa1a?s=96&d=mm&r=g","url":"https:\/\/secure.gravatar.com\/avatar\/eee448fc3f7164808013b816ba91ac7e43bbe82a70bebac296f8bc6f0addaa1a?s=96&d=mm&r=g","contentUrl":"https:\/\/secure.gravatar.com\/avatar\/eee448fc3f7164808013b816ba91ac7e43bbe82a70bebac296f8bc6f0addaa1a?s=96&d=mm&r=g","caption":"Edici\u00f3n Web"},"url":"https:\/\/canal7slp.tv\/2023\/author\/edicionweb\/"}]}},"_links":{"self":[{"href":"https:\/\/canal7slp.tv\/2023\/wp-json\/wp\/v2\/posts\/117230","targetHints":{"allow":["GET"]}}],"collection":[{"href":"https:\/\/canal7slp.tv\/2023\/wp-json\/wp\/v2\/posts"}],"about":[{"href":"https:\/\/canal7slp.tv\/2023\/wp-json\/wp\/v2\/types\/post"}],"author":[{"embeddable":true,"href":"https:\/\/canal7slp.tv\/2023\/wp-json\/wp\/v2\/users\/2"}],"replies":[{"embeddable":true,"href":"https:\/\/canal7slp.tv\/2023\/wp-json\/wp\/v2\/comments?post=117230"}],"version-history":[{"count":1,"href":"https:\/\/canal7slp.tv\/2023\/wp-json\/wp\/v2\/posts\/117230\/revisions"}],"predecessor-version":[{"id":117242,"href":"https:\/\/canal7slp.tv\/2023\/wp-json\/wp\/v2\/posts\/117230\/revisions\/117242"}],"wp:attachment":[{"href":"https:\/\/canal7slp.tv\/2023\/wp-json\/wp\/v2\/media?parent=117230"}],"wp:term":[{"taxonomy":"category","embeddable":true,"href":"https:\/\/canal7slp.tv\/2023\/wp-json\/wp\/v2\/categories?post=117230"},{"taxonomy":"post_tag","embeddable":true,"href":"https:\/\/canal7slp.tv\/2023\/wp-json\/wp\/v2\/tags?post=117230"}],"curies":[{"name":"wp","href":"https:\/\/api.w.org\/{rel}","templated":true}]}}