{"id":116969,"date":"2023-12-26T18:15:18","date_gmt":"2023-12-27T00:15:18","guid":{"rendered":"https:\/\/canal7slp.tv\/2023\/?p=116969"},"modified":"2023-12-26T18:15:18","modified_gmt":"2023-12-27T00:15:18","slug":"la-navidad-en-acapulco-despues-de-otis","status":"publish","type":"post","link":"https:\/\/canal7slp.tv\/2023\/la-navidad-en-acapulco-despues-de-otis\/","title":{"rendered":"La Navidad en Acapulco despu\u00e9s de Otis"},"content":{"rendered":"<div style=\"text-align: justify;\">Acapulco.- Habitantes de Acapulco, Guerrero aseguran que la emoci\u00f3n por estas fechas pasaron a segundo plano.<\/div>\n<div style=\"text-align: justify;\">Ahora lo m\u00e1s importante es recuperar sus casas.<\/div>\n<div style=\"text-align: justify;\"><\/div>\n<div style=\"text-align: justify;\">A pesar de que el presidente Andr\u00e9s Manuel L\u00f3pez Obrador prometi\u00f3 \u201cponer de pie\u201d al puerto de Acapulco antes de la Navidad,\u00a0 aseguran que fue una fiesta amarga.<\/div>\n<div style=\"text-align: justify;\"><\/div>\n<div style=\"text-align: justify;\">Luces, arbolitos, decoraciones, globos y figuras de Santa Claus no se hicieron presentes.<\/div>\n<div style=\"text-align: justify;\"><\/div>\n<div style=\"text-align: justify;\">Ciudadan\u00eda asegura que despu\u00e9s de que el 25 de octubre el hurac\u00e1n Otis -uno de los m\u00e1s fuertes de la historia del pa\u00eds- arras\u00f3 con la ciudad, solo los recuerdos viven.<\/div>\n<div style=\"text-align: justify;\"><\/div>\n<div style=\"text-align: justify;\">As\u00ed como la ilusi\u00f3n de regresar a mejores tiempos.<\/div>\n","protected":false},"excerpt":{"rendered":"<p>Acapulco.- Habitantes de Acapulco, Guerrero aseguran que la emoci\u00f3n por estas fechas pasaron a segundo plano. Ahora lo m\u00e1s importante es recuperar sus casas. A pesar de que el presidente Andr\u00e9s Manuel L\u00f3pez Obrador prometi\u00f3 \u201cponer de pie\u201d al puerto de Acapulco antes de la Navidad,\u00a0 aseguran que fue una fiesta amarga. Luces, arbolitos, decoraciones, globos y figuras de Santa Claus no se hicieron presentes. Ciudadan\u00eda asegura que despu\u00e9s de que el 25 de octubre el hurac\u00e1n Otis -uno de los m\u00e1s fuertes de la historia del pa\u00eds- arras\u00f3 con la ciudad, solo los recuerdos viven. As\u00ed como la ilusi\u00f3n [&hellip;]<\/p>\n","protected":false},"author":2,"featured_media":0,"comment_status":"closed","ping_status":"closed","sticky":false,"template":"","format":"standard","meta":{"footnotes":""},"categories":[46],"tags":[],"class_list":["post-116969","post","type-post","status-publish","format-standard","hentry","category-nacional","post--single"],"yoast_head":"<!-- This site is optimized with the Yoast SEO plugin v27.5 - https:\/\/yoast.com\/product\/yoast-seo-wordpress\/ -->\n<title>La Navidad en Acapulco despu\u00e9s de Otis - Canal 7 SLP - 2023<\/title>\n<meta name=\"robots\" content=\"index, follow, max-snippet:-1, max-image-preview:large, max-video-preview:-1\" \/>\n<link rel=\"canonical\" href=\"https:\/\/canal7slp.tv\/2023\/la-navidad-en-acapulco-despues-de-otis\/\" \/>\n<meta property=\"og:locale\" content=\"es_ES\" \/>\n<meta property=\"og:type\" content=\"article\" \/>\n<meta property=\"og:title\" content=\"La Navidad en Acapulco despu\u00e9s de Otis - Canal 7 SLP - 2023\" \/>\n<meta property=\"og:description\" content=\"Acapulco.- Habitantes de Acapulco, Guerrero aseguran que la emoci\u00f3n por estas fechas pasaron a segundo plano. Ahora lo m\u00e1s importante es recuperar sus casas. A pesar de que el presidente Andr\u00e9s Manuel L\u00f3pez Obrador prometi\u00f3 \u201cponer de pie\u201d al puerto de Acapulco antes de la Navidad,\u00a0 aseguran que fue una fiesta amarga. Luces, arbolitos, decoraciones, globos y figuras de Santa Claus no se hicieron presentes. Ciudadan\u00eda asegura que despu\u00e9s de que el 25 de octubre el hurac\u00e1n Otis -uno de los m\u00e1s fuertes de la historia del pa\u00eds- arras\u00f3 con la ciudad, solo los recuerdos viven. As\u00ed como la ilusi\u00f3n [&hellip;]\" \/>\n<meta property=\"og:url\" content=\"https:\/\/canal7slp.tv\/2023\/la-navidad-en-acapulco-despues-de-otis\/\" \/>\n<meta property=\"og:site_name\" content=\"Canal 7 SLP - 2023\" \/>\n<meta property=\"article:publisher\" content=\"https:\/\/www.facebook.com\/noticieroscanalsiete\" \/>\n<meta property=\"article:published_time\" content=\"2023-12-27T00:15:18+00:00\" \/>\n<meta property=\"og:image\" content=\"https:\/\/canal7slp.tv\/2023\/wp-content\/uploads\/2023\/12\/Acapulco.jpg\" \/>\n\t<meta property=\"og:image:width\" content=\"1920\" \/>\n\t<meta property=\"og:image:height\" content=\"1080\" \/>\n\t<meta property=\"og:image:type\" content=\"image\/jpeg\" \/>\n<meta name=\"author\" content=\"Edici\u00f3n Web\" \/>\n<meta name=\"twitter:card\" content=\"summary_large_image\" \/>\n<meta name=\"twitter:creator\" content=\"@NOTICIEROS7\" \/>\n<meta name=\"twitter:site\" content=\"@NOTICIEROS7\" \/>\n<meta name=\"twitter:label1\" content=\"Escrito por\" \/>\n\t<meta name=\"twitter:data1\" content=\"Edici\u00f3n Web\" \/>\n\t<meta name=\"twitter:label2\" content=\"Tiempo de lectura\" \/>\n\t<meta name=\"twitter:data2\" content=\"1 minuto\" \/>\n<script type=\"application\/ld+json\" class=\"yoast-schema-graph\">{\"@context\":\"https:\\\/\\\/schema.org\",\"@graph\":[{\"@type\":\"Article\",\"@id\":\"https:\\\/\\\/canal7slp.tv\\\/2023\\\/la-navidad-en-acapulco-despues-de-otis\\\/#article\",\"isPartOf\":{\"@id\":\"https:\\\/\\\/canal7slp.tv\\\/2023\\\/la-navidad-en-acapulco-despues-de-otis\\\/\"},\"author\":{\"name\":\"Edici\u00f3n Web\",\"@id\":\"https:\\\/\\\/canal7slp.tv\\\/2023\\\/#\\\/schema\\\/person\\\/639c424e3584069003b11ae813915da6\"},\"headline\":\"La Navidad en Acapulco despu\u00e9s de Otis\",\"datePublished\":\"2023-12-27T00:15:18+00:00\",\"mainEntityOfPage\":{\"@id\":\"https:\\\/\\\/canal7slp.tv\\\/2023\\\/la-navidad-en-acapulco-despues-de-otis\\\/\"},\"wordCount\":123,\"publisher\":{\"@id\":\"https:\\\/\\\/canal7slp.tv\\\/2023\\\/#organization\"},\"articleSection\":[\"NACIONALES\"],\"inLanguage\":\"es\"},{\"@type\":\"WebPage\",\"@id\":\"https:\\\/\\\/canal7slp.tv\\\/2023\\\/la-navidad-en-acapulco-despues-de-otis\\\/\",\"url\":\"https:\\\/\\\/canal7slp.tv\\\/2023\\\/la-navidad-en-acapulco-despues-de-otis\\\/\",\"name\":\"La Navidad en Acapulco despu\u00e9s de Otis - Canal 7 SLP - 2023\",\"isPartOf\":{\"@id\":\"https:\\\/\\\/canal7slp.tv\\\/2023\\\/#website\"},\"datePublished\":\"2023-12-27T00:15:18+00:00\",\"breadcrumb\":{\"@id\":\"https:\\\/\\\/canal7slp.tv\\\/2023\\\/la-navidad-en-acapulco-despues-de-otis\\\/#breadcrumb\"},\"inLanguage\":\"es\",\"potentialAction\":[{\"@type\":\"ReadAction\",\"target\":[\"https:\\\/\\\/canal7slp.tv\\\/2023\\\/la-navidad-en-acapulco-despues-de-otis\\\/\"]}]},{\"@type\":\"BreadcrumbList\",\"@id\":\"https:\\\/\\\/canal7slp.tv\\\/2023\\\/la-navidad-en-acapulco-despues-de-otis\\\/#breadcrumb\",\"itemListElement\":[{\"@type\":\"ListItem\",\"position\":1,\"name\":\"Portada\",\"item\":\"https:\\\/\\\/canal7slp.tv\\\/2023\\\/\"},{\"@type\":\"ListItem\",\"position\":2,\"name\":\"La Navidad en Acapulco despu\u00e9s de Otis\"}]},{\"@type\":\"WebSite\",\"@id\":\"https:\\\/\\\/canal7slp.tv\\\/2023\\\/#website\",\"url\":\"https:\\\/\\\/canal7slp.tv\\\/2023\\\/\",\"name\":\"N7 - Noticieros Canal 7\",\"description\":\"Somos Televisi\u00f3n\",\"publisher\":{\"@id\":\"https:\\\/\\\/canal7slp.tv\\\/2023\\\/#organization\"},\"potentialAction\":[{\"@type\":\"SearchAction\",\"target\":{\"@type\":\"EntryPoint\",\"urlTemplate\":\"https:\\\/\\\/canal7slp.tv\\\/2023\\\/?s={search_term_string}\"},\"query-input\":{\"@type\":\"PropertyValueSpecification\",\"valueRequired\":true,\"valueName\":\"search_term_string\"}}],\"inLanguage\":\"es\"},{\"@type\":\"Organization\",\"@id\":\"https:\\\/\\\/canal7slp.tv\\\/2023\\\/#organization\",\"name\":\"Noticieros Canal 7\",\"url\":\"https:\\\/\\\/canal7slp.tv\\\/2023\\\/\",\"logo\":{\"@type\":\"ImageObject\",\"inLanguage\":\"es\",\"@id\":\"https:\\\/\\\/canal7slp.tv\\\/2023\\\/#\\\/schema\\\/logo\\\/image\\\/\",\"url\":\"https:\\\/\\\/canal7slp.tv\\\/2023\\\/wp-content\\\/uploads\\\/2021\\\/01\\\/logo-noticieros@2x.png\",\"contentUrl\":\"https:\\\/\\\/canal7slp.tv\\\/2023\\\/wp-content\\\/uploads\\\/2021\\\/01\\\/logo-noticieros@2x.png\",\"width\":1017,\"height\":268,\"caption\":\"Noticieros Canal 7\"},\"image\":{\"@id\":\"https:\\\/\\\/canal7slp.tv\\\/2023\\\/#\\\/schema\\\/logo\\\/image\\\/\"},\"sameAs\":[\"https:\\\/\\\/www.facebook.com\\\/noticieroscanalsiete\",\"https:\\\/\\\/x.com\\\/NOTICIEROS7\",\"https:\\\/\\\/www.instagram.com\\\/canal7_slp\",\"https:\\\/\\\/www.youtube.com\\\/channel\\\/UCliiYs-gP3JfJeqdPrNdd5A\"]},{\"@type\":\"Person\",\"@id\":\"https:\\\/\\\/canal7slp.tv\\\/2023\\\/#\\\/schema\\\/person\\\/639c424e3584069003b11ae813915da6\",\"name\":\"Edici\u00f3n Web\",\"image\":{\"@type\":\"ImageObject\",\"inLanguage\":\"es\",\"@id\":\"https:\\\/\\\/secure.gravatar.com\\\/avatar\\\/eee448fc3f7164808013b816ba91ac7e43bbe82a70bebac296f8bc6f0addaa1a?s=96&d=mm&r=g\",\"url\":\"https:\\\/\\\/secure.gravatar.com\\\/avatar\\\/eee448fc3f7164808013b816ba91ac7e43bbe82a70bebac296f8bc6f0addaa1a?s=96&d=mm&r=g\",\"contentUrl\":\"https:\\\/\\\/secure.gravatar.com\\\/avatar\\\/eee448fc3f7164808013b816ba91ac7e43bbe82a70bebac296f8bc6f0addaa1a?s=96&d=mm&r=g\",\"caption\":\"Edici\u00f3n Web\"},\"url\":\"https:\\\/\\\/canal7slp.tv\\\/2023\\\/author\\\/edicionweb\\\/\"}]}<\/script>\n<!-- \/ Yoast SEO plugin. -->","yoast_head_json":{"title":"La Navidad en Acapulco despu\u00e9s de Otis - Canal 7 SLP - 2023","robots":{"index":"index","follow":"follow","max-snippet":"max-snippet:-1","max-image-preview":"max-image-preview:large","max-video-preview":"max-video-preview:-1"},"canonical":"https:\/\/canal7slp.tv\/2023\/la-navidad-en-acapulco-despues-de-otis\/","og_locale":"es_ES","og_type":"article","og_title":"La Navidad en Acapulco despu\u00e9s de Otis - Canal 7 SLP - 2023","og_description":"Acapulco.- Habitantes de Acapulco, Guerrero aseguran que la emoci\u00f3n por estas fechas pasaron a segundo plano. Ahora lo m\u00e1s importante es recuperar sus casas. A pesar de que el presidente Andr\u00e9s Manuel L\u00f3pez Obrador prometi\u00f3 \u201cponer de pie\u201d al puerto de Acapulco antes de la Navidad,\u00a0 aseguran que fue una fiesta amarga. Luces, arbolitos, decoraciones, globos y figuras de Santa Claus no se hicieron presentes. Ciudadan\u00eda asegura que despu\u00e9s de que el 25 de octubre el hurac\u00e1n Otis -uno de los m\u00e1s fuertes de la historia del pa\u00eds- arras\u00f3 con la ciudad, solo los recuerdos viven. As\u00ed como la ilusi\u00f3n [&hellip;]","og_url":"https:\/\/canal7slp.tv\/2023\/la-navidad-en-acapulco-despues-de-otis\/","og_site_name":"Canal 7 SLP - 2023","article_publisher":"https:\/\/www.facebook.com\/noticieroscanalsiete","article_published_time":"2023-12-27T00:15:18+00:00","og_image":[{"width":1920,"height":1080,"url":"https:\/\/canal7slp.tv\/2023\/wp-content\/uploads\/2023\/12\/Acapulco.jpg","type":"image\/jpeg"}],"author":"Edici\u00f3n Web","twitter_card":"summary_large_image","twitter_creator":"@NOTICIEROS7","twitter_site":"@NOTICIEROS7","twitter_misc":{"Escrito por":"Edici\u00f3n Web","Tiempo de lectura":"1 minuto"},"schema":{"@context":"https:\/\/schema.org","@graph":[{"@type":"Article","@id":"https:\/\/canal7slp.tv\/2023\/la-navidad-en-acapulco-despues-de-otis\/#article","isPartOf":{"@id":"https:\/\/canal7slp.tv\/2023\/la-navidad-en-acapulco-despues-de-otis\/"},"author":{"name":"Edici\u00f3n Web","@id":"https:\/\/canal7slp.tv\/2023\/#\/schema\/person\/639c424e3584069003b11ae813915da6"},"headline":"La Navidad en Acapulco despu\u00e9s de Otis","datePublished":"2023-12-27T00:15:18+00:00","mainEntityOfPage":{"@id":"https:\/\/canal7slp.tv\/2023\/la-navidad-en-acapulco-despues-de-otis\/"},"wordCount":123,"publisher":{"@id":"https:\/\/canal7slp.tv\/2023\/#organization"},"articleSection":["NACIONALES"],"inLanguage":"es"},{"@type":"WebPage","@id":"https:\/\/canal7slp.tv\/2023\/la-navidad-en-acapulco-despues-de-otis\/","url":"https:\/\/canal7slp.tv\/2023\/la-navidad-en-acapulco-despues-de-otis\/","name":"La Navidad en Acapulco despu\u00e9s de Otis - Canal 7 SLP - 2023","isPartOf":{"@id":"https:\/\/canal7slp.tv\/2023\/#website"},"datePublished":"2023-12-27T00:15:18+00:00","breadcrumb":{"@id":"https:\/\/canal7slp.tv\/2023\/la-navidad-en-acapulco-despues-de-otis\/#breadcrumb"},"inLanguage":"es","potentialAction":[{"@type":"ReadAction","target":["https:\/\/canal7slp.tv\/2023\/la-navidad-en-acapulco-despues-de-otis\/"]}]},{"@type":"BreadcrumbList","@id":"https:\/\/canal7slp.tv\/2023\/la-navidad-en-acapulco-despues-de-otis\/#breadcrumb","itemListElement":[{"@type":"ListItem","position":1,"name":"Portada","item":"https:\/\/canal7slp.tv\/2023\/"},{"@type":"ListItem","position":2,"name":"La Navidad en Acapulco despu\u00e9s de Otis"}]},{"@type":"WebSite","@id":"https:\/\/canal7slp.tv\/2023\/#website","url":"https:\/\/canal7slp.tv\/2023\/","name":"N7 - Noticieros Canal 7","description":"Somos Televisi\u00f3n","publisher":{"@id":"https:\/\/canal7slp.tv\/2023\/#organization"},"potentialAction":[{"@type":"SearchAction","target":{"@type":"EntryPoint","urlTemplate":"https:\/\/canal7slp.tv\/2023\/?s={search_term_string}"},"query-input":{"@type":"PropertyValueSpecification","valueRequired":true,"valueName":"search_term_string"}}],"inLanguage":"es"},{"@type":"Organization","@id":"https:\/\/canal7slp.tv\/2023\/#organization","name":"Noticieros Canal 7","url":"https:\/\/canal7slp.tv\/2023\/","logo":{"@type":"ImageObject","inLanguage":"es","@id":"https:\/\/canal7slp.tv\/2023\/#\/schema\/logo\/image\/","url":"https:\/\/canal7slp.tv\/2023\/wp-content\/uploads\/2021\/01\/logo-noticieros@2x.png","contentUrl":"https:\/\/canal7slp.tv\/2023\/wp-content\/uploads\/2021\/01\/logo-noticieros@2x.png","width":1017,"height":268,"caption":"Noticieros Canal 7"},"image":{"@id":"https:\/\/canal7slp.tv\/2023\/#\/schema\/logo\/image\/"},"sameAs":["https:\/\/www.facebook.com\/noticieroscanalsiete","https:\/\/x.com\/NOTICIEROS7","https:\/\/www.instagram.com\/canal7_slp","https:\/\/www.youtube.com\/channel\/UCliiYs-gP3JfJeqdPrNdd5A"]},{"@type":"Person","@id":"https:\/\/canal7slp.tv\/2023\/#\/schema\/person\/639c424e3584069003b11ae813915da6","name":"Edici\u00f3n Web","image":{"@type":"ImageObject","inLanguage":"es","@id":"https:\/\/secure.gravatar.com\/avatar\/eee448fc3f7164808013b816ba91ac7e43bbe82a70bebac296f8bc6f0addaa1a?s=96&d=mm&r=g","url":"https:\/\/secure.gravatar.com\/avatar\/eee448fc3f7164808013b816ba91ac7e43bbe82a70bebac296f8bc6f0addaa1a?s=96&d=mm&r=g","contentUrl":"https:\/\/secure.gravatar.com\/avatar\/eee448fc3f7164808013b816ba91ac7e43bbe82a70bebac296f8bc6f0addaa1a?s=96&d=mm&r=g","caption":"Edici\u00f3n Web"},"url":"https:\/\/canal7slp.tv\/2023\/author\/edicionweb\/"}]}},"_links":{"self":[{"href":"https:\/\/canal7slp.tv\/2023\/wp-json\/wp\/v2\/posts\/116969","targetHints":{"allow":["GET"]}}],"collection":[{"href":"https:\/\/canal7slp.tv\/2023\/wp-json\/wp\/v2\/posts"}],"about":[{"href":"https:\/\/canal7slp.tv\/2023\/wp-json\/wp\/v2\/types\/post"}],"author":[{"embeddable":true,"href":"https:\/\/canal7slp.tv\/2023\/wp-json\/wp\/v2\/users\/2"}],"replies":[{"embeddable":true,"href":"https:\/\/canal7slp.tv\/2023\/wp-json\/wp\/v2\/comments?post=116969"}],"version-history":[{"count":1,"href":"https:\/\/canal7slp.tv\/2023\/wp-json\/wp\/v2\/posts\/116969\/revisions"}],"predecessor-version":[{"id":116979,"href":"https:\/\/canal7slp.tv\/2023\/wp-json\/wp\/v2\/posts\/116969\/revisions\/116979"}],"wp:attachment":[{"href":"https:\/\/canal7slp.tv\/2023\/wp-json\/wp\/v2\/media?parent=116969"}],"wp:term":[{"taxonomy":"category","embeddable":true,"href":"https:\/\/canal7slp.tv\/2023\/wp-json\/wp\/v2\/categories?post=116969"},{"taxonomy":"post_tag","embeddable":true,"href":"https:\/\/canal7slp.tv\/2023\/wp-json\/wp\/v2\/tags?post=116969"}],"curies":[{"name":"wp","href":"https:\/\/api.w.org\/{rel}","templated":true}]}}