{"id":116950,"date":"2023-12-26T16:40:52","date_gmt":"2023-12-26T22:40:52","guid":{"rendered":"https:\/\/canal7slp.tv\/2023\/?p=116950"},"modified":"2023-12-26T16:40:52","modified_gmt":"2023-12-26T22:40:52","slug":"judocas-potosinos-destacaron-en-el-torneo-nacional","status":"publish","type":"post","link":"https:\/\/canal7slp.tv\/2023\/judocas-potosinos-destacaron-en-el-torneo-nacional\/","title":{"rendered":"Judocas potosinos destacaron en el Torneo Nacional"},"content":{"rendered":"<p style=\"text-align: justify;\">SLP.- La Delegaci\u00f3n Potosina que particip\u00f3 en el Torneo Nacional de Judo regres\u00f3 con excelentes resultados.<\/p>\n<p style=\"text-align: justify;\">Fue el Torneo Nacional: \u00abJorge Ito\u00bb 2023 para las categor\u00edas Sub 13, 15, 18, 21\u00a0 y Senior adem\u00e1s de la Gala del Judo Mexicano cuya sede fue el Poliforum del Club Dorados en Oaxtepec Morelos.<\/p>\n<p style=\"text-align: justify;\">Evento clasificatorio para conformar la Selecci\u00f3n Nacional de los Atletas que representar\u00e1n al pa\u00eds en los Segundos Juegos Panamericanos Junior 2025, y selectivo para la Selecci\u00f3n Nacional Senior.<\/p>\n<p style=\"text-align: justify;\">El equipo que represent\u00f3 a San Luis fue el de la Escuela SADECO y los atletas seleccionados estatales fueron acompa\u00f1ados del Sensei Eli Carrizales.<\/p>\n<p style=\"text-align: justify;\">La cosecha fue la siguiente: Roberto Ricardo El\u00edas Puente ocup\u00f3 la tercera posici\u00f3n y Abraham Gustavo la Cervantes Cano la segunda, ambos de la categor\u00eda Sub15.<\/p>\n<p style=\"text-align: justify;\">Cristina Marcele\u00f1o Rivera en Sub 18 menos 48 kilos se coloc\u00f3 en tercero adem\u00e1s de otro tercero pero en Sub 21; Valeria Linett Ju\u00e1rez Mart\u00ednez obtuvo dos excelentes posiciones con un primer lugar en Sub 21 y un tercer lugar en 70 kilos Sub 18.<\/p>\n<p style=\"text-align: justify;\">y finalmente Kevin Sinue Teniente Cano de la categor\u00eda Sub 21 obtuvo quinto sitio y en Primera Fuerza se qued\u00f3 con el s\u00e9ptimo lugar.<\/p>\n","protected":false},"excerpt":{"rendered":"<p>SLP.- La Delegaci\u00f3n Potosina que particip\u00f3 en el Torneo Nacional de Judo regres\u00f3 con excelentes resultados. Fue el Torneo Nacional: \u00abJorge Ito\u00bb 2023 para las categor\u00edas Sub 13, 15, 18, 21\u00a0 y Senior adem\u00e1s de la Gala del Judo Mexicano cuya sede fue el Poliforum del Club Dorados en Oaxtepec Morelos. Evento clasificatorio para conformar la Selecci\u00f3n Nacional de los Atletas que representar\u00e1n al pa\u00eds en los Segundos Juegos Panamericanos Junior 2025, y selectivo para la Selecci\u00f3n Nacional Senior. El equipo que represent\u00f3 a San Luis fue el de la Escuela SADECO y los atletas seleccionados estatales fueron acompa\u00f1ados del [&hellip;]<\/p>\n","protected":false},"author":2,"featured_media":0,"comment_status":"closed","ping_status":"closed","sticky":false,"template":"","format":"video","meta":{"footnotes":""},"categories":[7,5],"tags":[],"class_list":["post-116950","post","type-post","status-publish","format-video","hentry","category-deportes","category-destacadas","post_format-post-format-video","post--single"],"yoast_head":"<!-- This site is optimized with the Yoast SEO plugin v27.5 - https:\/\/yoast.com\/product\/yoast-seo-wordpress\/ -->\n<title>Judocas potosinos destacaron en el Torneo Nacional - Canal 7 SLP - 2023<\/title>\n<meta name=\"robots\" content=\"index, follow, max-snippet:-1, max-image-preview:large, max-video-preview:-1\" \/>\n<link rel=\"canonical\" href=\"https:\/\/canal7slp.tv\/2023\/judocas-potosinos-destacaron-en-el-torneo-nacional\/\" \/>\n<meta property=\"og:locale\" content=\"es_ES\" \/>\n<meta property=\"og:type\" content=\"article\" \/>\n<meta property=\"og:title\" content=\"Judocas potosinos destacaron en el Torneo Nacional - Canal 7 SLP - 2023\" \/>\n<meta property=\"og:description\" content=\"SLP.- La Delegaci\u00f3n Potosina que particip\u00f3 en el Torneo Nacional de Judo regres\u00f3 con excelentes resultados. Fue el Torneo Nacional: \u00abJorge Ito\u00bb 2023 para las categor\u00edas Sub 13, 15, 18, 21\u00a0 y Senior adem\u00e1s de la Gala del Judo Mexicano cuya sede fue el Poliforum del Club Dorados en Oaxtepec Morelos. Evento clasificatorio para conformar la Selecci\u00f3n Nacional de los Atletas que representar\u00e1n al pa\u00eds en los Segundos Juegos Panamericanos Junior 2025, y selectivo para la Selecci\u00f3n Nacional Senior. El equipo que represent\u00f3 a San Luis fue el de la Escuela SADECO y los atletas seleccionados estatales fueron acompa\u00f1ados del [&hellip;]\" \/>\n<meta property=\"og:url\" content=\"https:\/\/canal7slp.tv\/2023\/judocas-potosinos-destacaron-en-el-torneo-nacional\/\" \/>\n<meta property=\"og:site_name\" content=\"Canal 7 SLP - 2023\" \/>\n<meta property=\"article:publisher\" content=\"https:\/\/www.facebook.com\/noticieroscanalsiete\" \/>\n<meta property=\"article:published_time\" content=\"2023-12-26T22:40:52+00:00\" \/>\n<meta property=\"og:image\" content=\"https:\/\/canal7slp.tv\/2023\/wp-content\/uploads\/2023\/12\/judo.jpg\" \/>\n\t<meta property=\"og:image:width\" content=\"1280\" \/>\n\t<meta property=\"og:image:height\" content=\"720\" \/>\n\t<meta property=\"og:image:type\" content=\"image\/jpeg\" \/>\n<meta name=\"author\" content=\"Edici\u00f3n Web\" \/>\n<meta name=\"twitter:card\" content=\"summary_large_image\" \/>\n<meta name=\"twitter:creator\" content=\"@NOTICIEROS7\" \/>\n<meta name=\"twitter:site\" content=\"@NOTICIEROS7\" \/>\n<meta name=\"twitter:label1\" content=\"Escrito por\" \/>\n\t<meta name=\"twitter:data1\" content=\"Edici\u00f3n Web\" \/>\n\t<meta name=\"twitter:label2\" content=\"Tiempo de lectura\" \/>\n\t<meta name=\"twitter:data2\" content=\"2 minutos\" \/>\n<script type=\"application\/ld+json\" class=\"yoast-schema-graph\">{\"@context\":\"https:\\\/\\\/schema.org\",\"@graph\":[{\"@type\":\"Article\",\"@id\":\"https:\\\/\\\/canal7slp.tv\\\/2023\\\/judocas-potosinos-destacaron-en-el-torneo-nacional\\\/#article\",\"isPartOf\":{\"@id\":\"https:\\\/\\\/canal7slp.tv\\\/2023\\\/judocas-potosinos-destacaron-en-el-torneo-nacional\\\/\"},\"author\":{\"name\":\"Edici\u00f3n Web\",\"@id\":\"https:\\\/\\\/canal7slp.tv\\\/2023\\\/#\\\/schema\\\/person\\\/639c424e3584069003b11ae813915da6\"},\"headline\":\"Judocas potosinos destacaron en el Torneo Nacional\",\"datePublished\":\"2023-12-26T22:40:52+00:00\",\"mainEntityOfPage\":{\"@id\":\"https:\\\/\\\/canal7slp.tv\\\/2023\\\/judocas-potosinos-destacaron-en-el-torneo-nacional\\\/\"},\"wordCount\":210,\"publisher\":{\"@id\":\"https:\\\/\\\/canal7slp.tv\\\/2023\\\/#organization\"},\"articleSection\":[\"DEPORTES\",\"DESTACADAS\"],\"inLanguage\":\"es\"},{\"@type\":\"WebPage\",\"@id\":\"https:\\\/\\\/canal7slp.tv\\\/2023\\\/judocas-potosinos-destacaron-en-el-torneo-nacional\\\/\",\"url\":\"https:\\\/\\\/canal7slp.tv\\\/2023\\\/judocas-potosinos-destacaron-en-el-torneo-nacional\\\/\",\"name\":\"Judocas potosinos destacaron en el Torneo Nacional - Canal 7 SLP - 2023\",\"isPartOf\":{\"@id\":\"https:\\\/\\\/canal7slp.tv\\\/2023\\\/#website\"},\"datePublished\":\"2023-12-26T22:40:52+00:00\",\"breadcrumb\":{\"@id\":\"https:\\\/\\\/canal7slp.tv\\\/2023\\\/judocas-potosinos-destacaron-en-el-torneo-nacional\\\/#breadcrumb\"},\"inLanguage\":\"es\",\"potentialAction\":[{\"@type\":\"ReadAction\",\"target\":[\"https:\\\/\\\/canal7slp.tv\\\/2023\\\/judocas-potosinos-destacaron-en-el-torneo-nacional\\\/\"]}]},{\"@type\":\"BreadcrumbList\",\"@id\":\"https:\\\/\\\/canal7slp.tv\\\/2023\\\/judocas-potosinos-destacaron-en-el-torneo-nacional\\\/#breadcrumb\",\"itemListElement\":[{\"@type\":\"ListItem\",\"position\":1,\"name\":\"Portada\",\"item\":\"https:\\\/\\\/canal7slp.tv\\\/2023\\\/\"},{\"@type\":\"ListItem\",\"position\":2,\"name\":\"Judocas potosinos destacaron en el Torneo Nacional\"}]},{\"@type\":\"WebSite\",\"@id\":\"https:\\\/\\\/canal7slp.tv\\\/2023\\\/#website\",\"url\":\"https:\\\/\\\/canal7slp.tv\\\/2023\\\/\",\"name\":\"N7 - Noticieros Canal 7\",\"description\":\"Somos Televisi\u00f3n\",\"publisher\":{\"@id\":\"https:\\\/\\\/canal7slp.tv\\\/2023\\\/#organization\"},\"potentialAction\":[{\"@type\":\"SearchAction\",\"target\":{\"@type\":\"EntryPoint\",\"urlTemplate\":\"https:\\\/\\\/canal7slp.tv\\\/2023\\\/?s={search_term_string}\"},\"query-input\":{\"@type\":\"PropertyValueSpecification\",\"valueRequired\":true,\"valueName\":\"search_term_string\"}}],\"inLanguage\":\"es\"},{\"@type\":\"Organization\",\"@id\":\"https:\\\/\\\/canal7slp.tv\\\/2023\\\/#organization\",\"name\":\"Noticieros Canal 7\",\"url\":\"https:\\\/\\\/canal7slp.tv\\\/2023\\\/\",\"logo\":{\"@type\":\"ImageObject\",\"inLanguage\":\"es\",\"@id\":\"https:\\\/\\\/canal7slp.tv\\\/2023\\\/#\\\/schema\\\/logo\\\/image\\\/\",\"url\":\"https:\\\/\\\/canal7slp.tv\\\/2023\\\/wp-content\\\/uploads\\\/2021\\\/01\\\/logo-noticieros@2x.png\",\"contentUrl\":\"https:\\\/\\\/canal7slp.tv\\\/2023\\\/wp-content\\\/uploads\\\/2021\\\/01\\\/logo-noticieros@2x.png\",\"width\":1017,\"height\":268,\"caption\":\"Noticieros Canal 7\"},\"image\":{\"@id\":\"https:\\\/\\\/canal7slp.tv\\\/2023\\\/#\\\/schema\\\/logo\\\/image\\\/\"},\"sameAs\":[\"https:\\\/\\\/www.facebook.com\\\/noticieroscanalsiete\",\"https:\\\/\\\/x.com\\\/NOTICIEROS7\",\"https:\\\/\\\/www.instagram.com\\\/canal7_slp\",\"https:\\\/\\\/www.youtube.com\\\/channel\\\/UCliiYs-gP3JfJeqdPrNdd5A\"]},{\"@type\":\"Person\",\"@id\":\"https:\\\/\\\/canal7slp.tv\\\/2023\\\/#\\\/schema\\\/person\\\/639c424e3584069003b11ae813915da6\",\"name\":\"Edici\u00f3n Web\",\"image\":{\"@type\":\"ImageObject\",\"inLanguage\":\"es\",\"@id\":\"https:\\\/\\\/secure.gravatar.com\\\/avatar\\\/eee448fc3f7164808013b816ba91ac7e43bbe82a70bebac296f8bc6f0addaa1a?s=96&d=mm&r=g\",\"url\":\"https:\\\/\\\/secure.gravatar.com\\\/avatar\\\/eee448fc3f7164808013b816ba91ac7e43bbe82a70bebac296f8bc6f0addaa1a?s=96&d=mm&r=g\",\"contentUrl\":\"https:\\\/\\\/secure.gravatar.com\\\/avatar\\\/eee448fc3f7164808013b816ba91ac7e43bbe82a70bebac296f8bc6f0addaa1a?s=96&d=mm&r=g\",\"caption\":\"Edici\u00f3n Web\"},\"url\":\"https:\\\/\\\/canal7slp.tv\\\/2023\\\/author\\\/edicionweb\\\/\"}]}<\/script>\n<!-- \/ Yoast SEO plugin. -->","yoast_head_json":{"title":"Judocas potosinos destacaron en el Torneo Nacional - Canal 7 SLP - 2023","robots":{"index":"index","follow":"follow","max-snippet":"max-snippet:-1","max-image-preview":"max-image-preview:large","max-video-preview":"max-video-preview:-1"},"canonical":"https:\/\/canal7slp.tv\/2023\/judocas-potosinos-destacaron-en-el-torneo-nacional\/","og_locale":"es_ES","og_type":"article","og_title":"Judocas potosinos destacaron en el Torneo Nacional - Canal 7 SLP - 2023","og_description":"SLP.- La Delegaci\u00f3n Potosina que particip\u00f3 en el Torneo Nacional de Judo regres\u00f3 con excelentes resultados. Fue el Torneo Nacional: \u00abJorge Ito\u00bb 2023 para las categor\u00edas Sub 13, 15, 18, 21\u00a0 y Senior adem\u00e1s de la Gala del Judo Mexicano cuya sede fue el Poliforum del Club Dorados en Oaxtepec Morelos. Evento clasificatorio para conformar la Selecci\u00f3n Nacional de los Atletas que representar\u00e1n al pa\u00eds en los Segundos Juegos Panamericanos Junior 2025, y selectivo para la Selecci\u00f3n Nacional Senior. El equipo que represent\u00f3 a San Luis fue el de la Escuela SADECO y los atletas seleccionados estatales fueron acompa\u00f1ados del [&hellip;]","og_url":"https:\/\/canal7slp.tv\/2023\/judocas-potosinos-destacaron-en-el-torneo-nacional\/","og_site_name":"Canal 7 SLP - 2023","article_publisher":"https:\/\/www.facebook.com\/noticieroscanalsiete","article_published_time":"2023-12-26T22:40:52+00:00","og_image":[{"width":1280,"height":720,"url":"https:\/\/canal7slp.tv\/2023\/wp-content\/uploads\/2023\/12\/judo.jpg","type":"image\/jpeg"}],"author":"Edici\u00f3n Web","twitter_card":"summary_large_image","twitter_creator":"@NOTICIEROS7","twitter_site":"@NOTICIEROS7","twitter_misc":{"Escrito por":"Edici\u00f3n Web","Tiempo de lectura":"2 minutos"},"schema":{"@context":"https:\/\/schema.org","@graph":[{"@type":"Article","@id":"https:\/\/canal7slp.tv\/2023\/judocas-potosinos-destacaron-en-el-torneo-nacional\/#article","isPartOf":{"@id":"https:\/\/canal7slp.tv\/2023\/judocas-potosinos-destacaron-en-el-torneo-nacional\/"},"author":{"name":"Edici\u00f3n Web","@id":"https:\/\/canal7slp.tv\/2023\/#\/schema\/person\/639c424e3584069003b11ae813915da6"},"headline":"Judocas potosinos destacaron en el Torneo Nacional","datePublished":"2023-12-26T22:40:52+00:00","mainEntityOfPage":{"@id":"https:\/\/canal7slp.tv\/2023\/judocas-potosinos-destacaron-en-el-torneo-nacional\/"},"wordCount":210,"publisher":{"@id":"https:\/\/canal7slp.tv\/2023\/#organization"},"articleSection":["DEPORTES","DESTACADAS"],"inLanguage":"es"},{"@type":"WebPage","@id":"https:\/\/canal7slp.tv\/2023\/judocas-potosinos-destacaron-en-el-torneo-nacional\/","url":"https:\/\/canal7slp.tv\/2023\/judocas-potosinos-destacaron-en-el-torneo-nacional\/","name":"Judocas potosinos destacaron en el Torneo Nacional - Canal 7 SLP - 2023","isPartOf":{"@id":"https:\/\/canal7slp.tv\/2023\/#website"},"datePublished":"2023-12-26T22:40:52+00:00","breadcrumb":{"@id":"https:\/\/canal7slp.tv\/2023\/judocas-potosinos-destacaron-en-el-torneo-nacional\/#breadcrumb"},"inLanguage":"es","potentialAction":[{"@type":"ReadAction","target":["https:\/\/canal7slp.tv\/2023\/judocas-potosinos-destacaron-en-el-torneo-nacional\/"]}]},{"@type":"BreadcrumbList","@id":"https:\/\/canal7slp.tv\/2023\/judocas-potosinos-destacaron-en-el-torneo-nacional\/#breadcrumb","itemListElement":[{"@type":"ListItem","position":1,"name":"Portada","item":"https:\/\/canal7slp.tv\/2023\/"},{"@type":"ListItem","position":2,"name":"Judocas potosinos destacaron en el Torneo Nacional"}]},{"@type":"WebSite","@id":"https:\/\/canal7slp.tv\/2023\/#website","url":"https:\/\/canal7slp.tv\/2023\/","name":"N7 - Noticieros Canal 7","description":"Somos Televisi\u00f3n","publisher":{"@id":"https:\/\/canal7slp.tv\/2023\/#organization"},"potentialAction":[{"@type":"SearchAction","target":{"@type":"EntryPoint","urlTemplate":"https:\/\/canal7slp.tv\/2023\/?s={search_term_string}"},"query-input":{"@type":"PropertyValueSpecification","valueRequired":true,"valueName":"search_term_string"}}],"inLanguage":"es"},{"@type":"Organization","@id":"https:\/\/canal7slp.tv\/2023\/#organization","name":"Noticieros Canal 7","url":"https:\/\/canal7slp.tv\/2023\/","logo":{"@type":"ImageObject","inLanguage":"es","@id":"https:\/\/canal7slp.tv\/2023\/#\/schema\/logo\/image\/","url":"https:\/\/canal7slp.tv\/2023\/wp-content\/uploads\/2021\/01\/logo-noticieros@2x.png","contentUrl":"https:\/\/canal7slp.tv\/2023\/wp-content\/uploads\/2021\/01\/logo-noticieros@2x.png","width":1017,"height":268,"caption":"Noticieros Canal 7"},"image":{"@id":"https:\/\/canal7slp.tv\/2023\/#\/schema\/logo\/image\/"},"sameAs":["https:\/\/www.facebook.com\/noticieroscanalsiete","https:\/\/x.com\/NOTICIEROS7","https:\/\/www.instagram.com\/canal7_slp","https:\/\/www.youtube.com\/channel\/UCliiYs-gP3JfJeqdPrNdd5A"]},{"@type":"Person","@id":"https:\/\/canal7slp.tv\/2023\/#\/schema\/person\/639c424e3584069003b11ae813915da6","name":"Edici\u00f3n Web","image":{"@type":"ImageObject","inLanguage":"es","@id":"https:\/\/secure.gravatar.com\/avatar\/eee448fc3f7164808013b816ba91ac7e43bbe82a70bebac296f8bc6f0addaa1a?s=96&d=mm&r=g","url":"https:\/\/secure.gravatar.com\/avatar\/eee448fc3f7164808013b816ba91ac7e43bbe82a70bebac296f8bc6f0addaa1a?s=96&d=mm&r=g","contentUrl":"https:\/\/secure.gravatar.com\/avatar\/eee448fc3f7164808013b816ba91ac7e43bbe82a70bebac296f8bc6f0addaa1a?s=96&d=mm&r=g","caption":"Edici\u00f3n Web"},"url":"https:\/\/canal7slp.tv\/2023\/author\/edicionweb\/"}]}},"_links":{"self":[{"href":"https:\/\/canal7slp.tv\/2023\/wp-json\/wp\/v2\/posts\/116950","targetHints":{"allow":["GET"]}}],"collection":[{"href":"https:\/\/canal7slp.tv\/2023\/wp-json\/wp\/v2\/posts"}],"about":[{"href":"https:\/\/canal7slp.tv\/2023\/wp-json\/wp\/v2\/types\/post"}],"author":[{"embeddable":true,"href":"https:\/\/canal7slp.tv\/2023\/wp-json\/wp\/v2\/users\/2"}],"replies":[{"embeddable":true,"href":"https:\/\/canal7slp.tv\/2023\/wp-json\/wp\/v2\/comments?post=116950"}],"version-history":[{"count":1,"href":"https:\/\/canal7slp.tv\/2023\/wp-json\/wp\/v2\/posts\/116950\/revisions"}],"predecessor-version":[{"id":116956,"href":"https:\/\/canal7slp.tv\/2023\/wp-json\/wp\/v2\/posts\/116950\/revisions\/116956"}],"wp:attachment":[{"href":"https:\/\/canal7slp.tv\/2023\/wp-json\/wp\/v2\/media?parent=116950"}],"wp:term":[{"taxonomy":"category","embeddable":true,"href":"https:\/\/canal7slp.tv\/2023\/wp-json\/wp\/v2\/categories?post=116950"},{"taxonomy":"post_tag","embeddable":true,"href":"https:\/\/canal7slp.tv\/2023\/wp-json\/wp\/v2\/tags?post=116950"}],"curies":[{"name":"wp","href":"https:\/\/api.w.org\/{rel}","templated":true}]}}