{"id":116632,"date":"2023-12-21T17:15:53","date_gmt":"2023-12-21T23:15:53","guid":{"rendered":"https:\/\/canal7slp.tv\/2023\/?p=116632"},"modified":"2023-12-22T00:13:27","modified_gmt":"2023-12-22T06:13:27","slug":"llegan-las-bajas-para-el-conjunto-de-atletico-de-san-luis-varonil","status":"publish","type":"post","link":"https:\/\/canal7slp.tv\/2023\/llegan-las-bajas-para-el-conjunto-de-atletico-de-san-luis-varonil\/","title":{"rendered":"Llegan las bajas para el conjunto de Atl\u00e9tico de San Luis varonil"},"content":{"rendered":"<p style=\"text-align: justify;\">SLP.-Atl\u00e9tico de San Luis inform\u00f3 de manera oficial la baja de tres jugadores del equipo varonil,<\/p>\n<p style=\"text-align: justify;\">Juan Pablo Mart\u00ednez, Fernando Le\u00f3n y \u00c1ngel Zald\u00edvar han finalizado su contrato con la instituci\u00f3n.<\/p>\n<p style=\"text-align: justify;\">Juan Pablo Mart\u00ednez causa baja de la instituci\u00f3n tras haber concluido de manera anticipada su pr\u00e9stamo con el Botafogo Futebol Club y, posteriormente, haber llegado a un acuerdo para finiquitar su v\u00ednculo con el Atl\u00e9tico de San Luis.<\/p>\n<p style=\"text-align: justify;\">Por otro lado, el Atl\u00e9tico de San Luis ha llegado a un acuerdo con el club Emelec de Ecuador para la cesi\u00f3n definitiva del jugador Fernando Le\u00f3n.<\/p>\n<p style=\"text-align: justify;\">Finalmente, tras finalizar el plazo de pr\u00e9stamo por \u00c1ngel Zald\u00edvar, el jugador regres\u00f3 al Club Deportivo Guadalajara.<\/p>\n","protected":false},"excerpt":{"rendered":"<p>SLP.-Atl\u00e9tico de San Luis inform\u00f3 de manera oficial la baja de tres jugadores del equipo varonil, Juan Pablo Mart\u00ednez, Fernando Le\u00f3n y \u00c1ngel Zald\u00edvar han finalizado su contrato con la instituci\u00f3n. Juan Pablo Mart\u00ednez causa baja de la instituci\u00f3n tras haber concluido de manera anticipada su pr\u00e9stamo con el Botafogo Futebol Club y, posteriormente, haber llegado a un acuerdo para finiquitar su v\u00ednculo con el Atl\u00e9tico de San Luis. Por otro lado, el Atl\u00e9tico de San Luis ha llegado a un acuerdo con el club Emelec de Ecuador para la cesi\u00f3n definitiva del jugador Fernando Le\u00f3n. Finalmente, tras finalizar el [&hellip;]<\/p>\n","protected":false},"author":2,"featured_media":0,"comment_status":"closed","ping_status":"closed","sticky":false,"template":"","format":"video","meta":{"footnotes":""},"categories":[7,5],"tags":[],"class_list":["post-116632","post","type-post","status-publish","format-video","hentry","category-deportes","category-destacadas","post_format-post-format-video","post--single"],"yoast_head":"<!-- This site is optimized with the Yoast SEO plugin v27.5 - https:\/\/yoast.com\/product\/yoast-seo-wordpress\/ -->\n<title>Llegan las bajas para el conjunto de Atl\u00e9tico de San Luis varonil - Canal 7 SLP - 2023<\/title>\n<meta name=\"robots\" content=\"index, follow, max-snippet:-1, max-image-preview:large, max-video-preview:-1\" \/>\n<link rel=\"canonical\" href=\"https:\/\/canal7slp.tv\/2023\/llegan-las-bajas-para-el-conjunto-de-atletico-de-san-luis-varonil\/\" \/>\n<meta property=\"og:locale\" content=\"es_ES\" \/>\n<meta property=\"og:type\" content=\"article\" \/>\n<meta property=\"og:title\" content=\"Llegan las bajas para el conjunto de Atl\u00e9tico de San Luis varonil - Canal 7 SLP - 2023\" \/>\n<meta property=\"og:description\" content=\"SLP.-Atl\u00e9tico de San Luis inform\u00f3 de manera oficial la baja de tres jugadores del equipo varonil, Juan Pablo Mart\u00ednez, Fernando Le\u00f3n y \u00c1ngel Zald\u00edvar han finalizado su contrato con la instituci\u00f3n. Juan Pablo Mart\u00ednez causa baja de la instituci\u00f3n tras haber concluido de manera anticipada su pr\u00e9stamo con el Botafogo Futebol Club y, posteriormente, haber llegado a un acuerdo para finiquitar su v\u00ednculo con el Atl\u00e9tico de San Luis. Por otro lado, el Atl\u00e9tico de San Luis ha llegado a un acuerdo con el club Emelec de Ecuador para la cesi\u00f3n definitiva del jugador Fernando Le\u00f3n. Finalmente, tras finalizar el [&hellip;]\" \/>\n<meta property=\"og:url\" content=\"https:\/\/canal7slp.tv\/2023\/llegan-las-bajas-para-el-conjunto-de-atletico-de-san-luis-varonil\/\" \/>\n<meta property=\"og:site_name\" content=\"Canal 7 SLP - 2023\" \/>\n<meta property=\"article:publisher\" content=\"https:\/\/www.facebook.com\/noticieroscanalsiete\" \/>\n<meta property=\"article:published_time\" content=\"2023-12-21T23:15:53+00:00\" \/>\n<meta property=\"article:modified_time\" content=\"2023-12-22T06:13:27+00:00\" \/>\n<meta property=\"og:image\" content=\"https:\/\/canal7slp.tv\/2023\/wp-content\/uploads\/2023\/12\/atletico.jpg\" \/>\n\t<meta property=\"og:image:width\" content=\"1280\" \/>\n\t<meta property=\"og:image:height\" content=\"720\" \/>\n\t<meta property=\"og:image:type\" content=\"image\/jpeg\" \/>\n<meta name=\"author\" content=\"Edici\u00f3n Web\" \/>\n<meta name=\"twitter:card\" content=\"summary_large_image\" \/>\n<meta name=\"twitter:creator\" content=\"@NOTICIEROS7\" \/>\n<meta name=\"twitter:site\" content=\"@NOTICIEROS7\" \/>\n<meta name=\"twitter:label1\" content=\"Escrito por\" \/>\n\t<meta name=\"twitter:data1\" content=\"Edici\u00f3n Web\" \/>\n\t<meta name=\"twitter:label2\" content=\"Tiempo de lectura\" \/>\n\t<meta name=\"twitter:data2\" content=\"1 minuto\" \/>\n<script type=\"application\/ld+json\" class=\"yoast-schema-graph\">{\"@context\":\"https:\\\/\\\/schema.org\",\"@graph\":[{\"@type\":\"Article\",\"@id\":\"https:\\\/\\\/canal7slp.tv\\\/2023\\\/llegan-las-bajas-para-el-conjunto-de-atletico-de-san-luis-varonil\\\/#article\",\"isPartOf\":{\"@id\":\"https:\\\/\\\/canal7slp.tv\\\/2023\\\/llegan-las-bajas-para-el-conjunto-de-atletico-de-san-luis-varonil\\\/\"},\"author\":{\"name\":\"Edici\u00f3n Web\",\"@id\":\"https:\\\/\\\/canal7slp.tv\\\/2023\\\/#\\\/schema\\\/person\\\/639c424e3584069003b11ae813915da6\"},\"headline\":\"Llegan las bajas para el conjunto de Atl\u00e9tico de San Luis varonil\",\"datePublished\":\"2023-12-21T23:15:53+00:00\",\"dateModified\":\"2023-12-22T06:13:27+00:00\",\"mainEntityOfPage\":{\"@id\":\"https:\\\/\\\/canal7slp.tv\\\/2023\\\/llegan-las-bajas-para-el-conjunto-de-atletico-de-san-luis-varonil\\\/\"},\"wordCount\":142,\"publisher\":{\"@id\":\"https:\\\/\\\/canal7slp.tv\\\/2023\\\/#organization\"},\"articleSection\":[\"DEPORTES\",\"DESTACADAS\"],\"inLanguage\":\"es\"},{\"@type\":\"WebPage\",\"@id\":\"https:\\\/\\\/canal7slp.tv\\\/2023\\\/llegan-las-bajas-para-el-conjunto-de-atletico-de-san-luis-varonil\\\/\",\"url\":\"https:\\\/\\\/canal7slp.tv\\\/2023\\\/llegan-las-bajas-para-el-conjunto-de-atletico-de-san-luis-varonil\\\/\",\"name\":\"Llegan las bajas para el conjunto de Atl\u00e9tico de San Luis varonil - Canal 7 SLP - 2023\",\"isPartOf\":{\"@id\":\"https:\\\/\\\/canal7slp.tv\\\/2023\\\/#website\"},\"datePublished\":\"2023-12-21T23:15:53+00:00\",\"dateModified\":\"2023-12-22T06:13:27+00:00\",\"breadcrumb\":{\"@id\":\"https:\\\/\\\/canal7slp.tv\\\/2023\\\/llegan-las-bajas-para-el-conjunto-de-atletico-de-san-luis-varonil\\\/#breadcrumb\"},\"inLanguage\":\"es\",\"potentialAction\":[{\"@type\":\"ReadAction\",\"target\":[\"https:\\\/\\\/canal7slp.tv\\\/2023\\\/llegan-las-bajas-para-el-conjunto-de-atletico-de-san-luis-varonil\\\/\"]}]},{\"@type\":\"BreadcrumbList\",\"@id\":\"https:\\\/\\\/canal7slp.tv\\\/2023\\\/llegan-las-bajas-para-el-conjunto-de-atletico-de-san-luis-varonil\\\/#breadcrumb\",\"itemListElement\":[{\"@type\":\"ListItem\",\"position\":1,\"name\":\"Portada\",\"item\":\"https:\\\/\\\/canal7slp.tv\\\/2023\\\/\"},{\"@type\":\"ListItem\",\"position\":2,\"name\":\"Llegan las bajas para el conjunto de Atl\u00e9tico de San Luis varonil\"}]},{\"@type\":\"WebSite\",\"@id\":\"https:\\\/\\\/canal7slp.tv\\\/2023\\\/#website\",\"url\":\"https:\\\/\\\/canal7slp.tv\\\/2023\\\/\",\"name\":\"N7 - Noticieros Canal 7\",\"description\":\"Somos Televisi\u00f3n\",\"publisher\":{\"@id\":\"https:\\\/\\\/canal7slp.tv\\\/2023\\\/#organization\"},\"potentialAction\":[{\"@type\":\"SearchAction\",\"target\":{\"@type\":\"EntryPoint\",\"urlTemplate\":\"https:\\\/\\\/canal7slp.tv\\\/2023\\\/?s={search_term_string}\"},\"query-input\":{\"@type\":\"PropertyValueSpecification\",\"valueRequired\":true,\"valueName\":\"search_term_string\"}}],\"inLanguage\":\"es\"},{\"@type\":\"Organization\",\"@id\":\"https:\\\/\\\/canal7slp.tv\\\/2023\\\/#organization\",\"name\":\"Noticieros Canal 7\",\"url\":\"https:\\\/\\\/canal7slp.tv\\\/2023\\\/\",\"logo\":{\"@type\":\"ImageObject\",\"inLanguage\":\"es\",\"@id\":\"https:\\\/\\\/canal7slp.tv\\\/2023\\\/#\\\/schema\\\/logo\\\/image\\\/\",\"url\":\"https:\\\/\\\/canal7slp.tv\\\/2023\\\/wp-content\\\/uploads\\\/2021\\\/01\\\/logo-noticieros@2x.png\",\"contentUrl\":\"https:\\\/\\\/canal7slp.tv\\\/2023\\\/wp-content\\\/uploads\\\/2021\\\/01\\\/logo-noticieros@2x.png\",\"width\":1017,\"height\":268,\"caption\":\"Noticieros Canal 7\"},\"image\":{\"@id\":\"https:\\\/\\\/canal7slp.tv\\\/2023\\\/#\\\/schema\\\/logo\\\/image\\\/\"},\"sameAs\":[\"https:\\\/\\\/www.facebook.com\\\/noticieroscanalsiete\",\"https:\\\/\\\/x.com\\\/NOTICIEROS7\",\"https:\\\/\\\/www.instagram.com\\\/canal7_slp\",\"https:\\\/\\\/www.youtube.com\\\/channel\\\/UCliiYs-gP3JfJeqdPrNdd5A\"]},{\"@type\":\"Person\",\"@id\":\"https:\\\/\\\/canal7slp.tv\\\/2023\\\/#\\\/schema\\\/person\\\/639c424e3584069003b11ae813915da6\",\"name\":\"Edici\u00f3n Web\",\"image\":{\"@type\":\"ImageObject\",\"inLanguage\":\"es\",\"@id\":\"https:\\\/\\\/secure.gravatar.com\\\/avatar\\\/eee448fc3f7164808013b816ba91ac7e43bbe82a70bebac296f8bc6f0addaa1a?s=96&d=mm&r=g\",\"url\":\"https:\\\/\\\/secure.gravatar.com\\\/avatar\\\/eee448fc3f7164808013b816ba91ac7e43bbe82a70bebac296f8bc6f0addaa1a?s=96&d=mm&r=g\",\"contentUrl\":\"https:\\\/\\\/secure.gravatar.com\\\/avatar\\\/eee448fc3f7164808013b816ba91ac7e43bbe82a70bebac296f8bc6f0addaa1a?s=96&d=mm&r=g\",\"caption\":\"Edici\u00f3n Web\"},\"url\":\"https:\\\/\\\/canal7slp.tv\\\/2023\\\/author\\\/edicionweb\\\/\"}]}<\/script>\n<!-- \/ Yoast SEO plugin. -->","yoast_head_json":{"title":"Llegan las bajas para el conjunto de Atl\u00e9tico de San Luis varonil - Canal 7 SLP - 2023","robots":{"index":"index","follow":"follow","max-snippet":"max-snippet:-1","max-image-preview":"max-image-preview:large","max-video-preview":"max-video-preview:-1"},"canonical":"https:\/\/canal7slp.tv\/2023\/llegan-las-bajas-para-el-conjunto-de-atletico-de-san-luis-varonil\/","og_locale":"es_ES","og_type":"article","og_title":"Llegan las bajas para el conjunto de Atl\u00e9tico de San Luis varonil - Canal 7 SLP - 2023","og_description":"SLP.-Atl\u00e9tico de San Luis inform\u00f3 de manera oficial la baja de tres jugadores del equipo varonil, Juan Pablo Mart\u00ednez, Fernando Le\u00f3n y \u00c1ngel Zald\u00edvar han finalizado su contrato con la instituci\u00f3n. Juan Pablo Mart\u00ednez causa baja de la instituci\u00f3n tras haber concluido de manera anticipada su pr\u00e9stamo con el Botafogo Futebol Club y, posteriormente, haber llegado a un acuerdo para finiquitar su v\u00ednculo con el Atl\u00e9tico de San Luis. Por otro lado, el Atl\u00e9tico de San Luis ha llegado a un acuerdo con el club Emelec de Ecuador para la cesi\u00f3n definitiva del jugador Fernando Le\u00f3n. Finalmente, tras finalizar el [&hellip;]","og_url":"https:\/\/canal7slp.tv\/2023\/llegan-las-bajas-para-el-conjunto-de-atletico-de-san-luis-varonil\/","og_site_name":"Canal 7 SLP - 2023","article_publisher":"https:\/\/www.facebook.com\/noticieroscanalsiete","article_published_time":"2023-12-21T23:15:53+00:00","article_modified_time":"2023-12-22T06:13:27+00:00","og_image":[{"width":1280,"height":720,"url":"https:\/\/canal7slp.tv\/2023\/wp-content\/uploads\/2023\/12\/atletico.jpg","type":"image\/jpeg"}],"author":"Edici\u00f3n Web","twitter_card":"summary_large_image","twitter_creator":"@NOTICIEROS7","twitter_site":"@NOTICIEROS7","twitter_misc":{"Escrito por":"Edici\u00f3n Web","Tiempo de lectura":"1 minuto"},"schema":{"@context":"https:\/\/schema.org","@graph":[{"@type":"Article","@id":"https:\/\/canal7slp.tv\/2023\/llegan-las-bajas-para-el-conjunto-de-atletico-de-san-luis-varonil\/#article","isPartOf":{"@id":"https:\/\/canal7slp.tv\/2023\/llegan-las-bajas-para-el-conjunto-de-atletico-de-san-luis-varonil\/"},"author":{"name":"Edici\u00f3n Web","@id":"https:\/\/canal7slp.tv\/2023\/#\/schema\/person\/639c424e3584069003b11ae813915da6"},"headline":"Llegan las bajas para el conjunto de Atl\u00e9tico de San Luis varonil","datePublished":"2023-12-21T23:15:53+00:00","dateModified":"2023-12-22T06:13:27+00:00","mainEntityOfPage":{"@id":"https:\/\/canal7slp.tv\/2023\/llegan-las-bajas-para-el-conjunto-de-atletico-de-san-luis-varonil\/"},"wordCount":142,"publisher":{"@id":"https:\/\/canal7slp.tv\/2023\/#organization"},"articleSection":["DEPORTES","DESTACADAS"],"inLanguage":"es"},{"@type":"WebPage","@id":"https:\/\/canal7slp.tv\/2023\/llegan-las-bajas-para-el-conjunto-de-atletico-de-san-luis-varonil\/","url":"https:\/\/canal7slp.tv\/2023\/llegan-las-bajas-para-el-conjunto-de-atletico-de-san-luis-varonil\/","name":"Llegan las bajas para el conjunto de Atl\u00e9tico de San Luis varonil - Canal 7 SLP - 2023","isPartOf":{"@id":"https:\/\/canal7slp.tv\/2023\/#website"},"datePublished":"2023-12-21T23:15:53+00:00","dateModified":"2023-12-22T06:13:27+00:00","breadcrumb":{"@id":"https:\/\/canal7slp.tv\/2023\/llegan-las-bajas-para-el-conjunto-de-atletico-de-san-luis-varonil\/#breadcrumb"},"inLanguage":"es","potentialAction":[{"@type":"ReadAction","target":["https:\/\/canal7slp.tv\/2023\/llegan-las-bajas-para-el-conjunto-de-atletico-de-san-luis-varonil\/"]}]},{"@type":"BreadcrumbList","@id":"https:\/\/canal7slp.tv\/2023\/llegan-las-bajas-para-el-conjunto-de-atletico-de-san-luis-varonil\/#breadcrumb","itemListElement":[{"@type":"ListItem","position":1,"name":"Portada","item":"https:\/\/canal7slp.tv\/2023\/"},{"@type":"ListItem","position":2,"name":"Llegan las bajas para el conjunto de Atl\u00e9tico de San Luis varonil"}]},{"@type":"WebSite","@id":"https:\/\/canal7slp.tv\/2023\/#website","url":"https:\/\/canal7slp.tv\/2023\/","name":"N7 - Noticieros Canal 7","description":"Somos Televisi\u00f3n","publisher":{"@id":"https:\/\/canal7slp.tv\/2023\/#organization"},"potentialAction":[{"@type":"SearchAction","target":{"@type":"EntryPoint","urlTemplate":"https:\/\/canal7slp.tv\/2023\/?s={search_term_string}"},"query-input":{"@type":"PropertyValueSpecification","valueRequired":true,"valueName":"search_term_string"}}],"inLanguage":"es"},{"@type":"Organization","@id":"https:\/\/canal7slp.tv\/2023\/#organization","name":"Noticieros Canal 7","url":"https:\/\/canal7slp.tv\/2023\/","logo":{"@type":"ImageObject","inLanguage":"es","@id":"https:\/\/canal7slp.tv\/2023\/#\/schema\/logo\/image\/","url":"https:\/\/canal7slp.tv\/2023\/wp-content\/uploads\/2021\/01\/logo-noticieros@2x.png","contentUrl":"https:\/\/canal7slp.tv\/2023\/wp-content\/uploads\/2021\/01\/logo-noticieros@2x.png","width":1017,"height":268,"caption":"Noticieros Canal 7"},"image":{"@id":"https:\/\/canal7slp.tv\/2023\/#\/schema\/logo\/image\/"},"sameAs":["https:\/\/www.facebook.com\/noticieroscanalsiete","https:\/\/x.com\/NOTICIEROS7","https:\/\/www.instagram.com\/canal7_slp","https:\/\/www.youtube.com\/channel\/UCliiYs-gP3JfJeqdPrNdd5A"]},{"@type":"Person","@id":"https:\/\/canal7slp.tv\/2023\/#\/schema\/person\/639c424e3584069003b11ae813915da6","name":"Edici\u00f3n Web","image":{"@type":"ImageObject","inLanguage":"es","@id":"https:\/\/secure.gravatar.com\/avatar\/eee448fc3f7164808013b816ba91ac7e43bbe82a70bebac296f8bc6f0addaa1a?s=96&d=mm&r=g","url":"https:\/\/secure.gravatar.com\/avatar\/eee448fc3f7164808013b816ba91ac7e43bbe82a70bebac296f8bc6f0addaa1a?s=96&d=mm&r=g","contentUrl":"https:\/\/secure.gravatar.com\/avatar\/eee448fc3f7164808013b816ba91ac7e43bbe82a70bebac296f8bc6f0addaa1a?s=96&d=mm&r=g","caption":"Edici\u00f3n Web"},"url":"https:\/\/canal7slp.tv\/2023\/author\/edicionweb\/"}]}},"_links":{"self":[{"href":"https:\/\/canal7slp.tv\/2023\/wp-json\/wp\/v2\/posts\/116632","targetHints":{"allow":["GET"]}}],"collection":[{"href":"https:\/\/canal7slp.tv\/2023\/wp-json\/wp\/v2\/posts"}],"about":[{"href":"https:\/\/canal7slp.tv\/2023\/wp-json\/wp\/v2\/types\/post"}],"author":[{"embeddable":true,"href":"https:\/\/canal7slp.tv\/2023\/wp-json\/wp\/v2\/users\/2"}],"replies":[{"embeddable":true,"href":"https:\/\/canal7slp.tv\/2023\/wp-json\/wp\/v2\/comments?post=116632"}],"version-history":[{"count":3,"href":"https:\/\/canal7slp.tv\/2023\/wp-json\/wp\/v2\/posts\/116632\/revisions"}],"predecessor-version":[{"id":116703,"href":"https:\/\/canal7slp.tv\/2023\/wp-json\/wp\/v2\/posts\/116632\/revisions\/116703"}],"wp:attachment":[{"href":"https:\/\/canal7slp.tv\/2023\/wp-json\/wp\/v2\/media?parent=116632"}],"wp:term":[{"taxonomy":"category","embeddable":true,"href":"https:\/\/canal7slp.tv\/2023\/wp-json\/wp\/v2\/categories?post=116632"},{"taxonomy":"post_tag","embeddable":true,"href":"https:\/\/canal7slp.tv\/2023\/wp-json\/wp\/v2\/tags?post=116632"}],"curies":[{"name":"wp","href":"https:\/\/api.w.org\/{rel}","templated":true}]}}