{"id":116517,"date":"2023-12-20T14:10:26","date_gmt":"2023-12-20T20:10:26","guid":{"rendered":"https:\/\/canal7slp.tv\/2023\/?p=116517"},"modified":"2023-12-20T14:10:26","modified_gmt":"2023-12-20T20:10:26","slug":"arranco-la-segunda-edicion-de-marcet-soccer-camps-mexico-en-san-luis-potosi","status":"publish","type":"post","link":"https:\/\/canal7slp.tv\/2023\/arranco-la-segunda-edicion-de-marcet-soccer-camps-mexico-en-san-luis-potosi\/","title":{"rendered":"Arranc\u00f3 la Segunda Edici\u00f3n de Marcet Soccer Camps M\u00e9xico en San Luis Potos\u00ed"},"content":{"rendered":"<p style=\"text-align: justify;\">SLP.- Dio inicio la segunda edici\u00f3n de la cl\u00ednica europea Marcet, que se desarrolla en las instalaciones de la Universidad Polit\u00e9cnica de San Luis Potos\u00ed.<\/p>\n<p style=\"text-align: justify;\">Con la presencia de 70 ni\u00f1os, divididos en 4 categor\u00edas, esta cl\u00ednica especializada en potencializar las aptitudes de los futbolistas que participan en ella, con el fin de encaminarlos al profesionalismo, tiene en esta ocasi\u00f3n como entrenadores responsables a Sebasti\u00e1n Galles y Aitor T\u00edo , los cuales trabajan desde este 16 de diciembre y lo har\u00e1n hasta el 21 del presente en diferentes horarios.<\/p>\n<p style=\"text-align: justify;\">Tal y como sucedi\u00f3 en la primera edici\u00f3n realizada a principios de 2023, Marcet otorgar\u00e1 una beca al jugador m\u00e1s destacado de toda la cl\u00ednica, para que en el verano de 2024 pueda tomar parte del campamento veraniego que realiza la fundaci\u00f3n, en Barcelona, Espa\u00f1a.<\/p>\n<p style=\"text-align: justify;\">J\u00f3venes provenientes de diferentes clubes de la ciudad y del interior del estado, as\u00ed como de toda la Rep\u00fablica Mexicana, pelear\u00e1n por este reconocimiento otorgado por la fundaci\u00f3n responsable de haber trabajado desde hace varios a\u00f1os, con m\u00e1s de 100 jugadores que hoy d\u00eda juegan en las mejores ligas del f\u00fatbol europeo.<\/p>\n<p style=\"text-align: justify;\">\n","protected":false},"excerpt":{"rendered":"<p>SLP.- Dio inicio la segunda edici\u00f3n de la cl\u00ednica europea Marcet, que se desarrolla en las instalaciones de la Universidad Polit\u00e9cnica de San Luis Potos\u00ed. Con la presencia de 70 ni\u00f1os, divididos en 4 categor\u00edas, esta cl\u00ednica especializada en potencializar las aptitudes de los futbolistas que participan en ella, con el fin de encaminarlos al profesionalismo, tiene en esta ocasi\u00f3n como entrenadores responsables a Sebasti\u00e1n Galles y Aitor T\u00edo , los cuales trabajan desde este 16 de diciembre y lo har\u00e1n hasta el 21 del presente en diferentes horarios. Tal y como sucedi\u00f3 en la primera edici\u00f3n realizada a principios [&hellip;]<\/p>\n","protected":false},"author":2,"featured_media":0,"comment_status":"closed","ping_status":"closed","sticky":false,"template":"","format":"video","meta":{"footnotes":""},"categories":[7,5],"tags":[],"class_list":["post-116517","post","type-post","status-publish","format-video","hentry","category-deportes","category-destacadas","post_format-post-format-video","post--single"],"yoast_head":"<!-- This site is optimized with the Yoast SEO plugin v27.5 - https:\/\/yoast.com\/product\/yoast-seo-wordpress\/ -->\n<title>Arranc\u00f3 la Segunda Edici\u00f3n de Marcet Soccer Camps M\u00e9xico en San Luis Potos\u00ed - Canal 7 SLP - 2023<\/title>\n<meta name=\"robots\" content=\"index, follow, max-snippet:-1, max-image-preview:large, max-video-preview:-1\" \/>\n<link rel=\"canonical\" href=\"https:\/\/canal7slp.tv\/2023\/arranco-la-segunda-edicion-de-marcet-soccer-camps-mexico-en-san-luis-potosi\/\" \/>\n<meta property=\"og:locale\" content=\"es_ES\" \/>\n<meta property=\"og:type\" content=\"article\" \/>\n<meta property=\"og:title\" content=\"Arranc\u00f3 la Segunda Edici\u00f3n de Marcet Soccer Camps M\u00e9xico en San Luis Potos\u00ed - Canal 7 SLP - 2023\" \/>\n<meta property=\"og:description\" content=\"SLP.- Dio inicio la segunda edici\u00f3n de la cl\u00ednica europea Marcet, que se desarrolla en las instalaciones de la Universidad Polit\u00e9cnica de San Luis Potos\u00ed. Con la presencia de 70 ni\u00f1os, divididos en 4 categor\u00edas, esta cl\u00ednica especializada en potencializar las aptitudes de los futbolistas que participan en ella, con el fin de encaminarlos al profesionalismo, tiene en esta ocasi\u00f3n como entrenadores responsables a Sebasti\u00e1n Galles y Aitor T\u00edo , los cuales trabajan desde este 16 de diciembre y lo har\u00e1n hasta el 21 del presente en diferentes horarios. Tal y como sucedi\u00f3 en la primera edici\u00f3n realizada a principios [&hellip;]\" \/>\n<meta property=\"og:url\" content=\"https:\/\/canal7slp.tv\/2023\/arranco-la-segunda-edicion-de-marcet-soccer-camps-mexico-en-san-luis-potosi\/\" \/>\n<meta property=\"og:site_name\" content=\"Canal 7 SLP - 2023\" \/>\n<meta property=\"article:publisher\" content=\"https:\/\/www.facebook.com\/noticieroscanalsiete\" \/>\n<meta property=\"article:published_time\" content=\"2023-12-20T20:10:26+00:00\" \/>\n<meta property=\"og:image\" content=\"https:\/\/canal7slp.tv\/2023\/wp-content\/uploads\/2023\/12\/Froi02MarcetSoccer.jpg\" \/>\n\t<meta property=\"og:image:width\" content=\"1280\" \/>\n\t<meta property=\"og:image:height\" content=\"720\" \/>\n\t<meta property=\"og:image:type\" content=\"image\/jpeg\" \/>\n<meta name=\"author\" content=\"Edici\u00f3n Web\" \/>\n<meta name=\"twitter:card\" content=\"summary_large_image\" \/>\n<meta name=\"twitter:creator\" content=\"@NOTICIEROS7\" \/>\n<meta name=\"twitter:site\" content=\"@NOTICIEROS7\" \/>\n<meta name=\"twitter:label1\" content=\"Escrito por\" \/>\n\t<meta name=\"twitter:data1\" content=\"Edici\u00f3n Web\" \/>\n\t<meta name=\"twitter:label2\" content=\"Tiempo de lectura\" \/>\n\t<meta name=\"twitter:data2\" content=\"1 minuto\" \/>\n<script type=\"application\/ld+json\" class=\"yoast-schema-graph\">{\"@context\":\"https:\\\/\\\/schema.org\",\"@graph\":[{\"@type\":\"Article\",\"@id\":\"https:\\\/\\\/canal7slp.tv\\\/2023\\\/arranco-la-segunda-edicion-de-marcet-soccer-camps-mexico-en-san-luis-potosi\\\/#article\",\"isPartOf\":{\"@id\":\"https:\\\/\\\/canal7slp.tv\\\/2023\\\/arranco-la-segunda-edicion-de-marcet-soccer-camps-mexico-en-san-luis-potosi\\\/\"},\"author\":{\"name\":\"Edici\u00f3n Web\",\"@id\":\"https:\\\/\\\/canal7slp.tv\\\/2023\\\/#\\\/schema\\\/person\\\/639c424e3584069003b11ae813915da6\"},\"headline\":\"Arranc\u00f3 la Segunda Edici\u00f3n de Marcet Soccer Camps M\u00e9xico en San Luis Potos\u00ed\",\"datePublished\":\"2023-12-20T20:10:26+00:00\",\"mainEntityOfPage\":{\"@id\":\"https:\\\/\\\/canal7slp.tv\\\/2023\\\/arranco-la-segunda-edicion-de-marcet-soccer-camps-mexico-en-san-luis-potosi\\\/\"},\"wordCount\":217,\"publisher\":{\"@id\":\"https:\\\/\\\/canal7slp.tv\\\/2023\\\/#organization\"},\"articleSection\":[\"DEPORTES\",\"DESTACADAS\"],\"inLanguage\":\"es\"},{\"@type\":\"WebPage\",\"@id\":\"https:\\\/\\\/canal7slp.tv\\\/2023\\\/arranco-la-segunda-edicion-de-marcet-soccer-camps-mexico-en-san-luis-potosi\\\/\",\"url\":\"https:\\\/\\\/canal7slp.tv\\\/2023\\\/arranco-la-segunda-edicion-de-marcet-soccer-camps-mexico-en-san-luis-potosi\\\/\",\"name\":\"Arranc\u00f3 la Segunda Edici\u00f3n de Marcet Soccer Camps M\u00e9xico en San Luis Potos\u00ed - Canal 7 SLP - 2023\",\"isPartOf\":{\"@id\":\"https:\\\/\\\/canal7slp.tv\\\/2023\\\/#website\"},\"datePublished\":\"2023-12-20T20:10:26+00:00\",\"breadcrumb\":{\"@id\":\"https:\\\/\\\/canal7slp.tv\\\/2023\\\/arranco-la-segunda-edicion-de-marcet-soccer-camps-mexico-en-san-luis-potosi\\\/#breadcrumb\"},\"inLanguage\":\"es\",\"potentialAction\":[{\"@type\":\"ReadAction\",\"target\":[\"https:\\\/\\\/canal7slp.tv\\\/2023\\\/arranco-la-segunda-edicion-de-marcet-soccer-camps-mexico-en-san-luis-potosi\\\/\"]}]},{\"@type\":\"BreadcrumbList\",\"@id\":\"https:\\\/\\\/canal7slp.tv\\\/2023\\\/arranco-la-segunda-edicion-de-marcet-soccer-camps-mexico-en-san-luis-potosi\\\/#breadcrumb\",\"itemListElement\":[{\"@type\":\"ListItem\",\"position\":1,\"name\":\"Portada\",\"item\":\"https:\\\/\\\/canal7slp.tv\\\/2023\\\/\"},{\"@type\":\"ListItem\",\"position\":2,\"name\":\"Arranc\u00f3 la Segunda Edici\u00f3n de Marcet Soccer Camps M\u00e9xico en San Luis Potos\u00ed\"}]},{\"@type\":\"WebSite\",\"@id\":\"https:\\\/\\\/canal7slp.tv\\\/2023\\\/#website\",\"url\":\"https:\\\/\\\/canal7slp.tv\\\/2023\\\/\",\"name\":\"N7 - Noticieros Canal 7\",\"description\":\"Somos Televisi\u00f3n\",\"publisher\":{\"@id\":\"https:\\\/\\\/canal7slp.tv\\\/2023\\\/#organization\"},\"potentialAction\":[{\"@type\":\"SearchAction\",\"target\":{\"@type\":\"EntryPoint\",\"urlTemplate\":\"https:\\\/\\\/canal7slp.tv\\\/2023\\\/?s={search_term_string}\"},\"query-input\":{\"@type\":\"PropertyValueSpecification\",\"valueRequired\":true,\"valueName\":\"search_term_string\"}}],\"inLanguage\":\"es\"},{\"@type\":\"Organization\",\"@id\":\"https:\\\/\\\/canal7slp.tv\\\/2023\\\/#organization\",\"name\":\"Noticieros Canal 7\",\"url\":\"https:\\\/\\\/canal7slp.tv\\\/2023\\\/\",\"logo\":{\"@type\":\"ImageObject\",\"inLanguage\":\"es\",\"@id\":\"https:\\\/\\\/canal7slp.tv\\\/2023\\\/#\\\/schema\\\/logo\\\/image\\\/\",\"url\":\"https:\\\/\\\/canal7slp.tv\\\/2023\\\/wp-content\\\/uploads\\\/2021\\\/01\\\/logo-noticieros@2x.png\",\"contentUrl\":\"https:\\\/\\\/canal7slp.tv\\\/2023\\\/wp-content\\\/uploads\\\/2021\\\/01\\\/logo-noticieros@2x.png\",\"width\":1017,\"height\":268,\"caption\":\"Noticieros Canal 7\"},\"image\":{\"@id\":\"https:\\\/\\\/canal7slp.tv\\\/2023\\\/#\\\/schema\\\/logo\\\/image\\\/\"},\"sameAs\":[\"https:\\\/\\\/www.facebook.com\\\/noticieroscanalsiete\",\"https:\\\/\\\/x.com\\\/NOTICIEROS7\",\"https:\\\/\\\/www.instagram.com\\\/canal7_slp\",\"https:\\\/\\\/www.youtube.com\\\/channel\\\/UCliiYs-gP3JfJeqdPrNdd5A\"]},{\"@type\":\"Person\",\"@id\":\"https:\\\/\\\/canal7slp.tv\\\/2023\\\/#\\\/schema\\\/person\\\/639c424e3584069003b11ae813915da6\",\"name\":\"Edici\u00f3n Web\",\"image\":{\"@type\":\"ImageObject\",\"inLanguage\":\"es\",\"@id\":\"https:\\\/\\\/secure.gravatar.com\\\/avatar\\\/eee448fc3f7164808013b816ba91ac7e43bbe82a70bebac296f8bc6f0addaa1a?s=96&d=mm&r=g\",\"url\":\"https:\\\/\\\/secure.gravatar.com\\\/avatar\\\/eee448fc3f7164808013b816ba91ac7e43bbe82a70bebac296f8bc6f0addaa1a?s=96&d=mm&r=g\",\"contentUrl\":\"https:\\\/\\\/secure.gravatar.com\\\/avatar\\\/eee448fc3f7164808013b816ba91ac7e43bbe82a70bebac296f8bc6f0addaa1a?s=96&d=mm&r=g\",\"caption\":\"Edici\u00f3n Web\"},\"url\":\"https:\\\/\\\/canal7slp.tv\\\/2023\\\/author\\\/edicionweb\\\/\"}]}<\/script>\n<!-- \/ Yoast SEO plugin. -->","yoast_head_json":{"title":"Arranc\u00f3 la Segunda Edici\u00f3n de Marcet Soccer Camps M\u00e9xico en San Luis Potos\u00ed - Canal 7 SLP - 2023","robots":{"index":"index","follow":"follow","max-snippet":"max-snippet:-1","max-image-preview":"max-image-preview:large","max-video-preview":"max-video-preview:-1"},"canonical":"https:\/\/canal7slp.tv\/2023\/arranco-la-segunda-edicion-de-marcet-soccer-camps-mexico-en-san-luis-potosi\/","og_locale":"es_ES","og_type":"article","og_title":"Arranc\u00f3 la Segunda Edici\u00f3n de Marcet Soccer Camps M\u00e9xico en San Luis Potos\u00ed - Canal 7 SLP - 2023","og_description":"SLP.- Dio inicio la segunda edici\u00f3n de la cl\u00ednica europea Marcet, que se desarrolla en las instalaciones de la Universidad Polit\u00e9cnica de San Luis Potos\u00ed. Con la presencia de 70 ni\u00f1os, divididos en 4 categor\u00edas, esta cl\u00ednica especializada en potencializar las aptitudes de los futbolistas que participan en ella, con el fin de encaminarlos al profesionalismo, tiene en esta ocasi\u00f3n como entrenadores responsables a Sebasti\u00e1n Galles y Aitor T\u00edo , los cuales trabajan desde este 16 de diciembre y lo har\u00e1n hasta el 21 del presente en diferentes horarios. Tal y como sucedi\u00f3 en la primera edici\u00f3n realizada a principios [&hellip;]","og_url":"https:\/\/canal7slp.tv\/2023\/arranco-la-segunda-edicion-de-marcet-soccer-camps-mexico-en-san-luis-potosi\/","og_site_name":"Canal 7 SLP - 2023","article_publisher":"https:\/\/www.facebook.com\/noticieroscanalsiete","article_published_time":"2023-12-20T20:10:26+00:00","og_image":[{"width":1280,"height":720,"url":"https:\/\/canal7slp.tv\/2023\/wp-content\/uploads\/2023\/12\/Froi02MarcetSoccer.jpg","type":"image\/jpeg"}],"author":"Edici\u00f3n Web","twitter_card":"summary_large_image","twitter_creator":"@NOTICIEROS7","twitter_site":"@NOTICIEROS7","twitter_misc":{"Escrito por":"Edici\u00f3n Web","Tiempo de lectura":"1 minuto"},"schema":{"@context":"https:\/\/schema.org","@graph":[{"@type":"Article","@id":"https:\/\/canal7slp.tv\/2023\/arranco-la-segunda-edicion-de-marcet-soccer-camps-mexico-en-san-luis-potosi\/#article","isPartOf":{"@id":"https:\/\/canal7slp.tv\/2023\/arranco-la-segunda-edicion-de-marcet-soccer-camps-mexico-en-san-luis-potosi\/"},"author":{"name":"Edici\u00f3n Web","@id":"https:\/\/canal7slp.tv\/2023\/#\/schema\/person\/639c424e3584069003b11ae813915da6"},"headline":"Arranc\u00f3 la Segunda Edici\u00f3n de Marcet Soccer Camps M\u00e9xico en San Luis Potos\u00ed","datePublished":"2023-12-20T20:10:26+00:00","mainEntityOfPage":{"@id":"https:\/\/canal7slp.tv\/2023\/arranco-la-segunda-edicion-de-marcet-soccer-camps-mexico-en-san-luis-potosi\/"},"wordCount":217,"publisher":{"@id":"https:\/\/canal7slp.tv\/2023\/#organization"},"articleSection":["DEPORTES","DESTACADAS"],"inLanguage":"es"},{"@type":"WebPage","@id":"https:\/\/canal7slp.tv\/2023\/arranco-la-segunda-edicion-de-marcet-soccer-camps-mexico-en-san-luis-potosi\/","url":"https:\/\/canal7slp.tv\/2023\/arranco-la-segunda-edicion-de-marcet-soccer-camps-mexico-en-san-luis-potosi\/","name":"Arranc\u00f3 la Segunda Edici\u00f3n de Marcet Soccer Camps M\u00e9xico en San Luis Potos\u00ed - Canal 7 SLP - 2023","isPartOf":{"@id":"https:\/\/canal7slp.tv\/2023\/#website"},"datePublished":"2023-12-20T20:10:26+00:00","breadcrumb":{"@id":"https:\/\/canal7slp.tv\/2023\/arranco-la-segunda-edicion-de-marcet-soccer-camps-mexico-en-san-luis-potosi\/#breadcrumb"},"inLanguage":"es","potentialAction":[{"@type":"ReadAction","target":["https:\/\/canal7slp.tv\/2023\/arranco-la-segunda-edicion-de-marcet-soccer-camps-mexico-en-san-luis-potosi\/"]}]},{"@type":"BreadcrumbList","@id":"https:\/\/canal7slp.tv\/2023\/arranco-la-segunda-edicion-de-marcet-soccer-camps-mexico-en-san-luis-potosi\/#breadcrumb","itemListElement":[{"@type":"ListItem","position":1,"name":"Portada","item":"https:\/\/canal7slp.tv\/2023\/"},{"@type":"ListItem","position":2,"name":"Arranc\u00f3 la Segunda Edici\u00f3n de Marcet Soccer Camps M\u00e9xico en San Luis Potos\u00ed"}]},{"@type":"WebSite","@id":"https:\/\/canal7slp.tv\/2023\/#website","url":"https:\/\/canal7slp.tv\/2023\/","name":"N7 - Noticieros Canal 7","description":"Somos Televisi\u00f3n","publisher":{"@id":"https:\/\/canal7slp.tv\/2023\/#organization"},"potentialAction":[{"@type":"SearchAction","target":{"@type":"EntryPoint","urlTemplate":"https:\/\/canal7slp.tv\/2023\/?s={search_term_string}"},"query-input":{"@type":"PropertyValueSpecification","valueRequired":true,"valueName":"search_term_string"}}],"inLanguage":"es"},{"@type":"Organization","@id":"https:\/\/canal7slp.tv\/2023\/#organization","name":"Noticieros Canal 7","url":"https:\/\/canal7slp.tv\/2023\/","logo":{"@type":"ImageObject","inLanguage":"es","@id":"https:\/\/canal7slp.tv\/2023\/#\/schema\/logo\/image\/","url":"https:\/\/canal7slp.tv\/2023\/wp-content\/uploads\/2021\/01\/logo-noticieros@2x.png","contentUrl":"https:\/\/canal7slp.tv\/2023\/wp-content\/uploads\/2021\/01\/logo-noticieros@2x.png","width":1017,"height":268,"caption":"Noticieros Canal 7"},"image":{"@id":"https:\/\/canal7slp.tv\/2023\/#\/schema\/logo\/image\/"},"sameAs":["https:\/\/www.facebook.com\/noticieroscanalsiete","https:\/\/x.com\/NOTICIEROS7","https:\/\/www.instagram.com\/canal7_slp","https:\/\/www.youtube.com\/channel\/UCliiYs-gP3JfJeqdPrNdd5A"]},{"@type":"Person","@id":"https:\/\/canal7slp.tv\/2023\/#\/schema\/person\/639c424e3584069003b11ae813915da6","name":"Edici\u00f3n Web","image":{"@type":"ImageObject","inLanguage":"es","@id":"https:\/\/secure.gravatar.com\/avatar\/eee448fc3f7164808013b816ba91ac7e43bbe82a70bebac296f8bc6f0addaa1a?s=96&d=mm&r=g","url":"https:\/\/secure.gravatar.com\/avatar\/eee448fc3f7164808013b816ba91ac7e43bbe82a70bebac296f8bc6f0addaa1a?s=96&d=mm&r=g","contentUrl":"https:\/\/secure.gravatar.com\/avatar\/eee448fc3f7164808013b816ba91ac7e43bbe82a70bebac296f8bc6f0addaa1a?s=96&d=mm&r=g","caption":"Edici\u00f3n Web"},"url":"https:\/\/canal7slp.tv\/2023\/author\/edicionweb\/"}]}},"_links":{"self":[{"href":"https:\/\/canal7slp.tv\/2023\/wp-json\/wp\/v2\/posts\/116517","targetHints":{"allow":["GET"]}}],"collection":[{"href":"https:\/\/canal7slp.tv\/2023\/wp-json\/wp\/v2\/posts"}],"about":[{"href":"https:\/\/canal7slp.tv\/2023\/wp-json\/wp\/v2\/types\/post"}],"author":[{"embeddable":true,"href":"https:\/\/canal7slp.tv\/2023\/wp-json\/wp\/v2\/users\/2"}],"replies":[{"embeddable":true,"href":"https:\/\/canal7slp.tv\/2023\/wp-json\/wp\/v2\/comments?post=116517"}],"version-history":[{"count":2,"href":"https:\/\/canal7slp.tv\/2023\/wp-json\/wp\/v2\/posts\/116517\/revisions"}],"predecessor-version":[{"id":116526,"href":"https:\/\/canal7slp.tv\/2023\/wp-json\/wp\/v2\/posts\/116517\/revisions\/116526"}],"wp:attachment":[{"href":"https:\/\/canal7slp.tv\/2023\/wp-json\/wp\/v2\/media?parent=116517"}],"wp:term":[{"taxonomy":"category","embeddable":true,"href":"https:\/\/canal7slp.tv\/2023\/wp-json\/wp\/v2\/categories?post=116517"},{"taxonomy":"post_tag","embeddable":true,"href":"https:\/\/canal7slp.tv\/2023\/wp-json\/wp\/v2\/tags?post=116517"}],"curies":[{"name":"wp","href":"https:\/\/api.w.org\/{rel}","templated":true}]}}