{"id":116503,"date":"2023-12-20T09:36:07","date_gmt":"2023-12-20T15:36:07","guid":{"rendered":"https:\/\/canal7slp.tv\/2023\/?p=116503"},"modified":"2023-12-20T09:36:07","modified_gmt":"2023-12-20T15:36:07","slug":"en-evento-masivo-arremete-claudia-sheinbaum-contra-la-oposicion","status":"publish","type":"post","link":"https:\/\/canal7slp.tv\/2023\/en-evento-masivo-arremete-claudia-sheinbaum-contra-la-oposicion\/","title":{"rendered":"En evento masivo, arremete Claudia Sheinbaum contra la oposici\u00f3n"},"content":{"rendered":"<p style=\"text-align: justify;\">Matehuala.-\u00a0Durante un evento masivo celebrado con militantes de los partidos que representan a la coalici\u00f3n \u201cSigamos Haciendo Historia\u201d, en el Parque \u00c1lvaro Obreg\u00f3n de Matehuala, la precandidata Claudia Sheinbaum, arremeti\u00f3 en contra de la oposici\u00f3n.<\/p>\n<p style=\"text-align: justify;\">\u201cLe dicen el frente no s\u00e9 qu\u00e9 cosa, saben por qu\u00e9 no les gusta decir de qu\u00e9 partido son, porque nadie los quiere, les da verg\u00fcenza decir que son del PRI, o del PAN, o lo que queda del PRD que ya pr\u00e1cticamente ni existe\u201d, dijo.<\/p>\n<p style=\"text-align: justify;\">Tras hablar sobre los programas sociales del gobierno federal, Sheinbaum sostuvo que M\u00e9xico ha cambiado para bien, \u201cnos va bien con ese modelo econ\u00f3mico, pero adem\u00e1s el dolar est\u00e1 estable, adem\u00e1s hay inversi\u00f3n extranjera, f\u00edjense aqu\u00ed en San Luis Potos\u00ed lleg\u00f3 la BMW, dicen que no llega, que est\u00e1 muy mal M\u00e9xico, puro cuento, est\u00e1 llegando m\u00e1s inversi\u00f3n extranjera que antes, para generar empleos pero ahora con mejores salarios\u201d.<\/p>\n<p style=\"text-align: justify;\">Al final, asegur\u00f3 que trabajar\u00e1 de la mano con el Gobernador del Estado, Ricardo Gallardo, para solucionar la crisis h\u00eddrica que mantiene el estado potosino, \u201cvamos a atender el tema del agua aqu\u00ed en el altiplano, de aquella presa que se robaron el dinero, igual aeropuerto, carretera, ya nos estamos poniendo de acuerdo para hacer el proyecto de San Luis Potos\u00ed, lo que si pueden tener por seguro es que tenemos a San Luis Potos\u00ed en el coraz\u00f3n y que no se nos va a olvidar y que as\u00ed como ustedes nos reciben, siempre vamos a llevar a San Luis en el coraz\u00f3n y como dice el Presidente, amor con amor se paga\u201d.<\/p>\n<p>Por: Jes\u00fas Valencia<\/p>\n","protected":false},"excerpt":{"rendered":"<p>Matehuala.-\u00a0Durante un evento masivo celebrado con militantes de los partidos que representan a la coalici\u00f3n \u201cSigamos Haciendo Historia\u201d, en el Parque \u00c1lvaro Obreg\u00f3n de Matehuala, la precandidata Claudia Sheinbaum, arremeti\u00f3 en contra de la oposici\u00f3n. \u201cLe dicen el frente no s\u00e9 qu\u00e9 cosa, saben por qu\u00e9 no les gusta decir de qu\u00e9 partido son, porque nadie los quiere, les da verg\u00fcenza decir que son del PRI, o del PAN, o lo que queda del PRD que ya pr\u00e1cticamente ni existe\u201d, dijo. Tras hablar sobre los programas sociales del gobierno federal, Sheinbaum sostuvo que M\u00e9xico ha cambiado para bien, \u201cnos va [&hellip;]<\/p>\n","protected":false},"author":2,"featured_media":0,"comment_status":"closed","ping_status":"closed","sticky":false,"template":"","format":"video","meta":{"footnotes":""},"categories":[5,43],"tags":[],"class_list":["post-116503","post","type-post","status-publish","format-video","hentry","category-destacadas","category-interior","post_format-post-format-video","post--single"],"yoast_head":"<!-- This site is optimized with the Yoast SEO plugin v27.5 - https:\/\/yoast.com\/product\/yoast-seo-wordpress\/ -->\n<title>En evento masivo, arremete Claudia Sheinbaum contra la oposici\u00f3n - Canal 7 SLP - 2023<\/title>\n<meta name=\"robots\" content=\"index, follow, max-snippet:-1, max-image-preview:large, max-video-preview:-1\" \/>\n<link rel=\"canonical\" href=\"https:\/\/canal7slp.tv\/2023\/en-evento-masivo-arremete-claudia-sheinbaum-contra-la-oposicion\/\" \/>\n<meta property=\"og:locale\" content=\"es_ES\" \/>\n<meta property=\"og:type\" content=\"article\" \/>\n<meta property=\"og:title\" content=\"En evento masivo, arremete Claudia Sheinbaum contra la oposici\u00f3n - Canal 7 SLP - 2023\" \/>\n<meta property=\"og:description\" content=\"Matehuala.-\u00a0Durante un evento masivo celebrado con militantes de los partidos que representan a la coalici\u00f3n \u201cSigamos Haciendo Historia\u201d, en el Parque \u00c1lvaro Obreg\u00f3n de Matehuala, la precandidata Claudia Sheinbaum, arremeti\u00f3 en contra de la oposici\u00f3n. \u201cLe dicen el frente no s\u00e9 qu\u00e9 cosa, saben por qu\u00e9 no les gusta decir de qu\u00e9 partido son, porque nadie los quiere, les da verg\u00fcenza decir que son del PRI, o del PAN, o lo que queda del PRD que ya pr\u00e1cticamente ni existe\u201d, dijo. Tras hablar sobre los programas sociales del gobierno federal, Sheinbaum sostuvo que M\u00e9xico ha cambiado para bien, \u201cnos va [&hellip;]\" \/>\n<meta property=\"og:url\" content=\"https:\/\/canal7slp.tv\/2023\/en-evento-masivo-arremete-claudia-sheinbaum-contra-la-oposicion\/\" \/>\n<meta property=\"og:site_name\" content=\"Canal 7 SLP - 2023\" \/>\n<meta property=\"article:publisher\" content=\"https:\/\/www.facebook.com\/noticieroscanalsiete\" \/>\n<meta property=\"article:published_time\" content=\"2023-12-20T15:36:07+00:00\" \/>\n<meta property=\"og:image\" content=\"https:\/\/canal7slp.tv\/2023\/wp-content\/uploads\/2023\/12\/Valencia02ClaudiaOposicion.jpg\" \/>\n\t<meta property=\"og:image:width\" content=\"848\" \/>\n\t<meta property=\"og:image:height\" content=\"480\" \/>\n\t<meta property=\"og:image:type\" content=\"image\/jpeg\" \/>\n<meta name=\"author\" content=\"Edici\u00f3n Web\" \/>\n<meta name=\"twitter:card\" content=\"summary_large_image\" \/>\n<meta name=\"twitter:creator\" content=\"@NOTICIEROS7\" \/>\n<meta name=\"twitter:site\" content=\"@NOTICIEROS7\" \/>\n<meta name=\"twitter:label1\" content=\"Escrito por\" \/>\n\t<meta name=\"twitter:data1\" content=\"Edici\u00f3n Web\" \/>\n\t<meta name=\"twitter:label2\" content=\"Tiempo de lectura\" \/>\n\t<meta name=\"twitter:data2\" content=\"2 minutos\" \/>\n<script type=\"application\/ld+json\" class=\"yoast-schema-graph\">{\"@context\":\"https:\\\/\\\/schema.org\",\"@graph\":[{\"@type\":\"Article\",\"@id\":\"https:\\\/\\\/canal7slp.tv\\\/2023\\\/en-evento-masivo-arremete-claudia-sheinbaum-contra-la-oposicion\\\/#article\",\"isPartOf\":{\"@id\":\"https:\\\/\\\/canal7slp.tv\\\/2023\\\/en-evento-masivo-arremete-claudia-sheinbaum-contra-la-oposicion\\\/\"},\"author\":{\"name\":\"Edici\u00f3n Web\",\"@id\":\"https:\\\/\\\/canal7slp.tv\\\/2023\\\/#\\\/schema\\\/person\\\/639c424e3584069003b11ae813915da6\"},\"headline\":\"En evento masivo, arremete Claudia Sheinbaum contra la oposici\u00f3n\",\"datePublished\":\"2023-12-20T15:36:07+00:00\",\"mainEntityOfPage\":{\"@id\":\"https:\\\/\\\/canal7slp.tv\\\/2023\\\/en-evento-masivo-arremete-claudia-sheinbaum-contra-la-oposicion\\\/\"},\"wordCount\":296,\"publisher\":{\"@id\":\"https:\\\/\\\/canal7slp.tv\\\/2023\\\/#organization\"},\"articleSection\":[\"DESTACADAS\",\"INTERIOR DEL ESTADO\"],\"inLanguage\":\"es\"},{\"@type\":\"WebPage\",\"@id\":\"https:\\\/\\\/canal7slp.tv\\\/2023\\\/en-evento-masivo-arremete-claudia-sheinbaum-contra-la-oposicion\\\/\",\"url\":\"https:\\\/\\\/canal7slp.tv\\\/2023\\\/en-evento-masivo-arremete-claudia-sheinbaum-contra-la-oposicion\\\/\",\"name\":\"En evento masivo, arremete Claudia Sheinbaum contra la oposici\u00f3n - Canal 7 SLP - 2023\",\"isPartOf\":{\"@id\":\"https:\\\/\\\/canal7slp.tv\\\/2023\\\/#website\"},\"datePublished\":\"2023-12-20T15:36:07+00:00\",\"breadcrumb\":{\"@id\":\"https:\\\/\\\/canal7slp.tv\\\/2023\\\/en-evento-masivo-arremete-claudia-sheinbaum-contra-la-oposicion\\\/#breadcrumb\"},\"inLanguage\":\"es\",\"potentialAction\":[{\"@type\":\"ReadAction\",\"target\":[\"https:\\\/\\\/canal7slp.tv\\\/2023\\\/en-evento-masivo-arremete-claudia-sheinbaum-contra-la-oposicion\\\/\"]}]},{\"@type\":\"BreadcrumbList\",\"@id\":\"https:\\\/\\\/canal7slp.tv\\\/2023\\\/en-evento-masivo-arremete-claudia-sheinbaum-contra-la-oposicion\\\/#breadcrumb\",\"itemListElement\":[{\"@type\":\"ListItem\",\"position\":1,\"name\":\"Portada\",\"item\":\"https:\\\/\\\/canal7slp.tv\\\/2023\\\/\"},{\"@type\":\"ListItem\",\"position\":2,\"name\":\"En evento masivo, arremete Claudia Sheinbaum contra la oposici\u00f3n\"}]},{\"@type\":\"WebSite\",\"@id\":\"https:\\\/\\\/canal7slp.tv\\\/2023\\\/#website\",\"url\":\"https:\\\/\\\/canal7slp.tv\\\/2023\\\/\",\"name\":\"N7 - Noticieros Canal 7\",\"description\":\"Somos Televisi\u00f3n\",\"publisher\":{\"@id\":\"https:\\\/\\\/canal7slp.tv\\\/2023\\\/#organization\"},\"potentialAction\":[{\"@type\":\"SearchAction\",\"target\":{\"@type\":\"EntryPoint\",\"urlTemplate\":\"https:\\\/\\\/canal7slp.tv\\\/2023\\\/?s={search_term_string}\"},\"query-input\":{\"@type\":\"PropertyValueSpecification\",\"valueRequired\":true,\"valueName\":\"search_term_string\"}}],\"inLanguage\":\"es\"},{\"@type\":\"Organization\",\"@id\":\"https:\\\/\\\/canal7slp.tv\\\/2023\\\/#organization\",\"name\":\"Noticieros Canal 7\",\"url\":\"https:\\\/\\\/canal7slp.tv\\\/2023\\\/\",\"logo\":{\"@type\":\"ImageObject\",\"inLanguage\":\"es\",\"@id\":\"https:\\\/\\\/canal7slp.tv\\\/2023\\\/#\\\/schema\\\/logo\\\/image\\\/\",\"url\":\"https:\\\/\\\/canal7slp.tv\\\/2023\\\/wp-content\\\/uploads\\\/2021\\\/01\\\/logo-noticieros@2x.png\",\"contentUrl\":\"https:\\\/\\\/canal7slp.tv\\\/2023\\\/wp-content\\\/uploads\\\/2021\\\/01\\\/logo-noticieros@2x.png\",\"width\":1017,\"height\":268,\"caption\":\"Noticieros Canal 7\"},\"image\":{\"@id\":\"https:\\\/\\\/canal7slp.tv\\\/2023\\\/#\\\/schema\\\/logo\\\/image\\\/\"},\"sameAs\":[\"https:\\\/\\\/www.facebook.com\\\/noticieroscanalsiete\",\"https:\\\/\\\/x.com\\\/NOTICIEROS7\",\"https:\\\/\\\/www.instagram.com\\\/canal7_slp\",\"https:\\\/\\\/www.youtube.com\\\/channel\\\/UCliiYs-gP3JfJeqdPrNdd5A\"]},{\"@type\":\"Person\",\"@id\":\"https:\\\/\\\/canal7slp.tv\\\/2023\\\/#\\\/schema\\\/person\\\/639c424e3584069003b11ae813915da6\",\"name\":\"Edici\u00f3n Web\",\"image\":{\"@type\":\"ImageObject\",\"inLanguage\":\"es\",\"@id\":\"https:\\\/\\\/secure.gravatar.com\\\/avatar\\\/eee448fc3f7164808013b816ba91ac7e43bbe82a70bebac296f8bc6f0addaa1a?s=96&d=mm&r=g\",\"url\":\"https:\\\/\\\/secure.gravatar.com\\\/avatar\\\/eee448fc3f7164808013b816ba91ac7e43bbe82a70bebac296f8bc6f0addaa1a?s=96&d=mm&r=g\",\"contentUrl\":\"https:\\\/\\\/secure.gravatar.com\\\/avatar\\\/eee448fc3f7164808013b816ba91ac7e43bbe82a70bebac296f8bc6f0addaa1a?s=96&d=mm&r=g\",\"caption\":\"Edici\u00f3n Web\"},\"url\":\"https:\\\/\\\/canal7slp.tv\\\/2023\\\/author\\\/edicionweb\\\/\"}]}<\/script>\n<!-- \/ Yoast SEO plugin. -->","yoast_head_json":{"title":"En evento masivo, arremete Claudia Sheinbaum contra la oposici\u00f3n - Canal 7 SLP - 2023","robots":{"index":"index","follow":"follow","max-snippet":"max-snippet:-1","max-image-preview":"max-image-preview:large","max-video-preview":"max-video-preview:-1"},"canonical":"https:\/\/canal7slp.tv\/2023\/en-evento-masivo-arremete-claudia-sheinbaum-contra-la-oposicion\/","og_locale":"es_ES","og_type":"article","og_title":"En evento masivo, arremete Claudia Sheinbaum contra la oposici\u00f3n - Canal 7 SLP - 2023","og_description":"Matehuala.-\u00a0Durante un evento masivo celebrado con militantes de los partidos que representan a la coalici\u00f3n \u201cSigamos Haciendo Historia\u201d, en el Parque \u00c1lvaro Obreg\u00f3n de Matehuala, la precandidata Claudia Sheinbaum, arremeti\u00f3 en contra de la oposici\u00f3n. \u201cLe dicen el frente no s\u00e9 qu\u00e9 cosa, saben por qu\u00e9 no les gusta decir de qu\u00e9 partido son, porque nadie los quiere, les da verg\u00fcenza decir que son del PRI, o del PAN, o lo que queda del PRD que ya pr\u00e1cticamente ni existe\u201d, dijo. Tras hablar sobre los programas sociales del gobierno federal, Sheinbaum sostuvo que M\u00e9xico ha cambiado para bien, \u201cnos va [&hellip;]","og_url":"https:\/\/canal7slp.tv\/2023\/en-evento-masivo-arremete-claudia-sheinbaum-contra-la-oposicion\/","og_site_name":"Canal 7 SLP - 2023","article_publisher":"https:\/\/www.facebook.com\/noticieroscanalsiete","article_published_time":"2023-12-20T15:36:07+00:00","og_image":[{"width":848,"height":480,"url":"https:\/\/canal7slp.tv\/2023\/wp-content\/uploads\/2023\/12\/Valencia02ClaudiaOposicion.jpg","type":"image\/jpeg"}],"author":"Edici\u00f3n Web","twitter_card":"summary_large_image","twitter_creator":"@NOTICIEROS7","twitter_site":"@NOTICIEROS7","twitter_misc":{"Escrito por":"Edici\u00f3n Web","Tiempo de lectura":"2 minutos"},"schema":{"@context":"https:\/\/schema.org","@graph":[{"@type":"Article","@id":"https:\/\/canal7slp.tv\/2023\/en-evento-masivo-arremete-claudia-sheinbaum-contra-la-oposicion\/#article","isPartOf":{"@id":"https:\/\/canal7slp.tv\/2023\/en-evento-masivo-arremete-claudia-sheinbaum-contra-la-oposicion\/"},"author":{"name":"Edici\u00f3n Web","@id":"https:\/\/canal7slp.tv\/2023\/#\/schema\/person\/639c424e3584069003b11ae813915da6"},"headline":"En evento masivo, arremete Claudia Sheinbaum contra la oposici\u00f3n","datePublished":"2023-12-20T15:36:07+00:00","mainEntityOfPage":{"@id":"https:\/\/canal7slp.tv\/2023\/en-evento-masivo-arremete-claudia-sheinbaum-contra-la-oposicion\/"},"wordCount":296,"publisher":{"@id":"https:\/\/canal7slp.tv\/2023\/#organization"},"articleSection":["DESTACADAS","INTERIOR DEL ESTADO"],"inLanguage":"es"},{"@type":"WebPage","@id":"https:\/\/canal7slp.tv\/2023\/en-evento-masivo-arremete-claudia-sheinbaum-contra-la-oposicion\/","url":"https:\/\/canal7slp.tv\/2023\/en-evento-masivo-arremete-claudia-sheinbaum-contra-la-oposicion\/","name":"En evento masivo, arremete Claudia Sheinbaum contra la oposici\u00f3n - Canal 7 SLP - 2023","isPartOf":{"@id":"https:\/\/canal7slp.tv\/2023\/#website"},"datePublished":"2023-12-20T15:36:07+00:00","breadcrumb":{"@id":"https:\/\/canal7slp.tv\/2023\/en-evento-masivo-arremete-claudia-sheinbaum-contra-la-oposicion\/#breadcrumb"},"inLanguage":"es","potentialAction":[{"@type":"ReadAction","target":["https:\/\/canal7slp.tv\/2023\/en-evento-masivo-arremete-claudia-sheinbaum-contra-la-oposicion\/"]}]},{"@type":"BreadcrumbList","@id":"https:\/\/canal7slp.tv\/2023\/en-evento-masivo-arremete-claudia-sheinbaum-contra-la-oposicion\/#breadcrumb","itemListElement":[{"@type":"ListItem","position":1,"name":"Portada","item":"https:\/\/canal7slp.tv\/2023\/"},{"@type":"ListItem","position":2,"name":"En evento masivo, arremete Claudia Sheinbaum contra la oposici\u00f3n"}]},{"@type":"WebSite","@id":"https:\/\/canal7slp.tv\/2023\/#website","url":"https:\/\/canal7slp.tv\/2023\/","name":"N7 - Noticieros Canal 7","description":"Somos Televisi\u00f3n","publisher":{"@id":"https:\/\/canal7slp.tv\/2023\/#organization"},"potentialAction":[{"@type":"SearchAction","target":{"@type":"EntryPoint","urlTemplate":"https:\/\/canal7slp.tv\/2023\/?s={search_term_string}"},"query-input":{"@type":"PropertyValueSpecification","valueRequired":true,"valueName":"search_term_string"}}],"inLanguage":"es"},{"@type":"Organization","@id":"https:\/\/canal7slp.tv\/2023\/#organization","name":"Noticieros Canal 7","url":"https:\/\/canal7slp.tv\/2023\/","logo":{"@type":"ImageObject","inLanguage":"es","@id":"https:\/\/canal7slp.tv\/2023\/#\/schema\/logo\/image\/","url":"https:\/\/canal7slp.tv\/2023\/wp-content\/uploads\/2021\/01\/logo-noticieros@2x.png","contentUrl":"https:\/\/canal7slp.tv\/2023\/wp-content\/uploads\/2021\/01\/logo-noticieros@2x.png","width":1017,"height":268,"caption":"Noticieros Canal 7"},"image":{"@id":"https:\/\/canal7slp.tv\/2023\/#\/schema\/logo\/image\/"},"sameAs":["https:\/\/www.facebook.com\/noticieroscanalsiete","https:\/\/x.com\/NOTICIEROS7","https:\/\/www.instagram.com\/canal7_slp","https:\/\/www.youtube.com\/channel\/UCliiYs-gP3JfJeqdPrNdd5A"]},{"@type":"Person","@id":"https:\/\/canal7slp.tv\/2023\/#\/schema\/person\/639c424e3584069003b11ae813915da6","name":"Edici\u00f3n Web","image":{"@type":"ImageObject","inLanguage":"es","@id":"https:\/\/secure.gravatar.com\/avatar\/eee448fc3f7164808013b816ba91ac7e43bbe82a70bebac296f8bc6f0addaa1a?s=96&d=mm&r=g","url":"https:\/\/secure.gravatar.com\/avatar\/eee448fc3f7164808013b816ba91ac7e43bbe82a70bebac296f8bc6f0addaa1a?s=96&d=mm&r=g","contentUrl":"https:\/\/secure.gravatar.com\/avatar\/eee448fc3f7164808013b816ba91ac7e43bbe82a70bebac296f8bc6f0addaa1a?s=96&d=mm&r=g","caption":"Edici\u00f3n Web"},"url":"https:\/\/canal7slp.tv\/2023\/author\/edicionweb\/"}]}},"_links":{"self":[{"href":"https:\/\/canal7slp.tv\/2023\/wp-json\/wp\/v2\/posts\/116503","targetHints":{"allow":["GET"]}}],"collection":[{"href":"https:\/\/canal7slp.tv\/2023\/wp-json\/wp\/v2\/posts"}],"about":[{"href":"https:\/\/canal7slp.tv\/2023\/wp-json\/wp\/v2\/types\/post"}],"author":[{"embeddable":true,"href":"https:\/\/canal7slp.tv\/2023\/wp-json\/wp\/v2\/users\/2"}],"replies":[{"embeddable":true,"href":"https:\/\/canal7slp.tv\/2023\/wp-json\/wp\/v2\/comments?post=116503"}],"version-history":[{"count":3,"href":"https:\/\/canal7slp.tv\/2023\/wp-json\/wp\/v2\/posts\/116503\/revisions"}],"predecessor-version":[{"id":116514,"href":"https:\/\/canal7slp.tv\/2023\/wp-json\/wp\/v2\/posts\/116503\/revisions\/116514"}],"wp:attachment":[{"href":"https:\/\/canal7slp.tv\/2023\/wp-json\/wp\/v2\/media?parent=116503"}],"wp:term":[{"taxonomy":"category","embeddable":true,"href":"https:\/\/canal7slp.tv\/2023\/wp-json\/wp\/v2\/categories?post=116503"},{"taxonomy":"post_tag","embeddable":true,"href":"https:\/\/canal7slp.tv\/2023\/wp-json\/wp\/v2\/tags?post=116503"}],"curies":[{"name":"wp","href":"https:\/\/api.w.org\/{rel}","templated":true}]}}