{"id":116076,"date":"2023-12-16T16:54:11","date_gmt":"2023-12-16T22:54:11","guid":{"rendered":"https:\/\/canal7slp.tv\/2023\/?p=116076"},"modified":"2023-12-17T16:55:40","modified_gmt":"2023-12-17T22:55:40","slug":"ejercito-de-israel-reconoce-haber-matado-por-error-a-tres-rehenes-en-gaza","status":"publish","type":"post","link":"https:\/\/canal7slp.tv\/2023\/ejercito-de-israel-reconoce-haber-matado-por-error-a-tres-rehenes-en-gaza\/","title":{"rendered":"Ej\u00e9rcito de Israel reconoce haber matado \u00abpor error\u00bb a tres rehenes en Gaza"},"content":{"rendered":"<p style=\"text-align: justify;\">Gaza.- El ej\u00e9rcito de Israel ha admitido la tr\u00e1gica muerte de tres rehenes israel\u00edes en la Franja de Gaza, a quienes identificaron err\u00f3neamente como una amenaza durante los combates en Shujaiya. El comunicado militar se\u00f1ala que las tropas dispararon contra ellos, creyendo que representaban una amenaza, lo que result\u00f3 en su fallecimiento.<\/p>\n<p style=\"text-align: justify;\">El vocero del ej\u00e9rcito, Daniel Hagari, calific\u00f3 el incidente como \u00abtr\u00e1gico\u00bb y asumi\u00f3 la responsabilidad, destacando que la zona presentaba un alto n\u00famero de terroristas, incluidos suicidas. Los cuerpos de los fallecidos fueron trasladados a territorio israel\u00ed para su examen, confirmando que se trataba de los rehenes Yotam Haim, Samer Talalka y un tercero cuya identidad se mantiene en privado.<\/p>\n<p style=\"text-align: justify;\">El ej\u00e9rcito ha expresado su profundo remordimiento por el tr\u00e1gico accidente y ha ofrecido sus condolencias a las familias afectadas. Adem\u00e1s, se comprometi\u00f3 a revisar el incidente de inmediato y a transmitir lecciones aprendidas a todas las tropas en el terreno.<\/p>\n<p style=\"text-align: justify;\">La confesi\u00f3n del ej\u00e9rcito se produce tras el rescate de los cad\u00e1veres de tres rehenes capturados vivos por Ham\u00e1s, as\u00ed como la confirmaci\u00f3n de la muerte en combate de tres soldados, elevando la cifra de bajas a 119 desde el inicio de la ofensiva terrestre en la Franja de Gaza.<\/p>\n","protected":false},"excerpt":{"rendered":"<p>Gaza.- El ej\u00e9rcito de Israel ha admitido la tr\u00e1gica muerte de tres rehenes israel\u00edes en la Franja de Gaza, a quienes identificaron err\u00f3neamente como una amenaza durante los combates en Shujaiya. El comunicado militar se\u00f1ala que las tropas dispararon contra ellos, creyendo que representaban una amenaza, lo que result\u00f3 en su fallecimiento. El vocero del ej\u00e9rcito, Daniel Hagari, calific\u00f3 el incidente como \u00abtr\u00e1gico\u00bb y asumi\u00f3 la responsabilidad, destacando que la zona presentaba un alto n\u00famero de terroristas, incluidos suicidas. Los cuerpos de los fallecidos fueron trasladados a territorio israel\u00ed para su examen, confirmando que se trataba de los rehenes Yotam [&hellip;]<\/p>\n","protected":false},"author":2,"featured_media":0,"comment_status":"closed","ping_status":"closed","sticky":false,"template":"","format":"standard","meta":{"footnotes":""},"categories":[44],"tags":[],"class_list":["post-116076","post","type-post","status-publish","format-standard","hentry","category-internacional","post--single"],"yoast_head":"<!-- This site is optimized with the Yoast SEO plugin v27.5 - https:\/\/yoast.com\/product\/yoast-seo-wordpress\/ -->\n<title>Ej\u00e9rcito de Israel reconoce haber matado &quot;por error&quot; a tres rehenes en Gaza - Canal 7 SLP - 2023<\/title>\n<meta name=\"robots\" content=\"index, follow, max-snippet:-1, max-image-preview:large, max-video-preview:-1\" \/>\n<link rel=\"canonical\" href=\"https:\/\/canal7slp.tv\/2023\/ejercito-de-israel-reconoce-haber-matado-por-error-a-tres-rehenes-en-gaza\/\" \/>\n<meta property=\"og:locale\" content=\"es_ES\" \/>\n<meta property=\"og:type\" content=\"article\" \/>\n<meta property=\"og:title\" content=\"Ej\u00e9rcito de Israel reconoce haber matado &quot;por error&quot; a tres rehenes en Gaza - Canal 7 SLP - 2023\" \/>\n<meta property=\"og:description\" content=\"Gaza.- El ej\u00e9rcito de Israel ha admitido la tr\u00e1gica muerte de tres rehenes israel\u00edes en la Franja de Gaza, a quienes identificaron err\u00f3neamente como una amenaza durante los combates en Shujaiya. El comunicado militar se\u00f1ala que las tropas dispararon contra ellos, creyendo que representaban una amenaza, lo que result\u00f3 en su fallecimiento. El vocero del ej\u00e9rcito, Daniel Hagari, calific\u00f3 el incidente como \u00abtr\u00e1gico\u00bb y asumi\u00f3 la responsabilidad, destacando que la zona presentaba un alto n\u00famero de terroristas, incluidos suicidas. Los cuerpos de los fallecidos fueron trasladados a territorio israel\u00ed para su examen, confirmando que se trataba de los rehenes Yotam [&hellip;]\" \/>\n<meta property=\"og:url\" content=\"https:\/\/canal7slp.tv\/2023\/ejercito-de-israel-reconoce-haber-matado-por-error-a-tres-rehenes-en-gaza\/\" \/>\n<meta property=\"og:site_name\" content=\"Canal 7 SLP - 2023\" \/>\n<meta property=\"article:publisher\" content=\"https:\/\/www.facebook.com\/noticieroscanalsiete\" \/>\n<meta property=\"article:published_time\" content=\"2023-12-16T22:54:11+00:00\" \/>\n<meta property=\"article:modified_time\" content=\"2023-12-17T22:55:40+00:00\" \/>\n<meta property=\"og:image\" content=\"https:\/\/canal7slp.tv\/2023\/wp-content\/uploads\/2023\/12\/05-11.jpg\" \/>\n\t<meta property=\"og:image:width\" content=\"1200\" \/>\n\t<meta property=\"og:image:height\" content=\"675\" \/>\n\t<meta property=\"og:image:type\" content=\"image\/jpeg\" \/>\n<meta name=\"author\" content=\"Edici\u00f3n Web\" \/>\n<meta name=\"twitter:card\" content=\"summary_large_image\" \/>\n<meta name=\"twitter:creator\" content=\"@NOTICIEROS7\" \/>\n<meta name=\"twitter:site\" content=\"@NOTICIEROS7\" \/>\n<meta name=\"twitter:label1\" content=\"Escrito por\" \/>\n\t<meta name=\"twitter:data1\" content=\"Edici\u00f3n Web\" \/>\n\t<meta name=\"twitter:label2\" content=\"Tiempo de lectura\" \/>\n\t<meta name=\"twitter:data2\" content=\"2 minutos\" \/>\n<script type=\"application\/ld+json\" class=\"yoast-schema-graph\">{\"@context\":\"https:\\\/\\\/schema.org\",\"@graph\":[{\"@type\":\"Article\",\"@id\":\"https:\\\/\\\/canal7slp.tv\\\/2023\\\/ejercito-de-israel-reconoce-haber-matado-por-error-a-tres-rehenes-en-gaza\\\/#article\",\"isPartOf\":{\"@id\":\"https:\\\/\\\/canal7slp.tv\\\/2023\\\/ejercito-de-israel-reconoce-haber-matado-por-error-a-tres-rehenes-en-gaza\\\/\"},\"author\":{\"name\":\"Edici\u00f3n Web\",\"@id\":\"https:\\\/\\\/canal7slp.tv\\\/2023\\\/#\\\/schema\\\/person\\\/639c424e3584069003b11ae813915da6\"},\"headline\":\"Ej\u00e9rcito de Israel reconoce haber matado \u00abpor error\u00bb a tres rehenes en Gaza\",\"datePublished\":\"2023-12-16T22:54:11+00:00\",\"dateModified\":\"2023-12-17T22:55:40+00:00\",\"mainEntityOfPage\":{\"@id\":\"https:\\\/\\\/canal7slp.tv\\\/2023\\\/ejercito-de-israel-reconoce-haber-matado-por-error-a-tres-rehenes-en-gaza\\\/\"},\"wordCount\":233,\"publisher\":{\"@id\":\"https:\\\/\\\/canal7slp.tv\\\/2023\\\/#organization\"},\"articleSection\":[\"INTERNACIONALES\"],\"inLanguage\":\"es\"},{\"@type\":\"WebPage\",\"@id\":\"https:\\\/\\\/canal7slp.tv\\\/2023\\\/ejercito-de-israel-reconoce-haber-matado-por-error-a-tres-rehenes-en-gaza\\\/\",\"url\":\"https:\\\/\\\/canal7slp.tv\\\/2023\\\/ejercito-de-israel-reconoce-haber-matado-por-error-a-tres-rehenes-en-gaza\\\/\",\"name\":\"Ej\u00e9rcito de Israel reconoce haber matado \\\"por error\\\" a tres rehenes en Gaza - Canal 7 SLP - 2023\",\"isPartOf\":{\"@id\":\"https:\\\/\\\/canal7slp.tv\\\/2023\\\/#website\"},\"datePublished\":\"2023-12-16T22:54:11+00:00\",\"dateModified\":\"2023-12-17T22:55:40+00:00\",\"breadcrumb\":{\"@id\":\"https:\\\/\\\/canal7slp.tv\\\/2023\\\/ejercito-de-israel-reconoce-haber-matado-por-error-a-tres-rehenes-en-gaza\\\/#breadcrumb\"},\"inLanguage\":\"es\",\"potentialAction\":[{\"@type\":\"ReadAction\",\"target\":[\"https:\\\/\\\/canal7slp.tv\\\/2023\\\/ejercito-de-israel-reconoce-haber-matado-por-error-a-tres-rehenes-en-gaza\\\/\"]}]},{\"@type\":\"BreadcrumbList\",\"@id\":\"https:\\\/\\\/canal7slp.tv\\\/2023\\\/ejercito-de-israel-reconoce-haber-matado-por-error-a-tres-rehenes-en-gaza\\\/#breadcrumb\",\"itemListElement\":[{\"@type\":\"ListItem\",\"position\":1,\"name\":\"Portada\",\"item\":\"https:\\\/\\\/canal7slp.tv\\\/2023\\\/\"},{\"@type\":\"ListItem\",\"position\":2,\"name\":\"Ej\u00e9rcito de Israel reconoce haber matado &#8220;por error&#8221; a tres rehenes en Gaza\"}]},{\"@type\":\"WebSite\",\"@id\":\"https:\\\/\\\/canal7slp.tv\\\/2023\\\/#website\",\"url\":\"https:\\\/\\\/canal7slp.tv\\\/2023\\\/\",\"name\":\"N7 - Noticieros Canal 7\",\"description\":\"Somos Televisi\u00f3n\",\"publisher\":{\"@id\":\"https:\\\/\\\/canal7slp.tv\\\/2023\\\/#organization\"},\"potentialAction\":[{\"@type\":\"SearchAction\",\"target\":{\"@type\":\"EntryPoint\",\"urlTemplate\":\"https:\\\/\\\/canal7slp.tv\\\/2023\\\/?s={search_term_string}\"},\"query-input\":{\"@type\":\"PropertyValueSpecification\",\"valueRequired\":true,\"valueName\":\"search_term_string\"}}],\"inLanguage\":\"es\"},{\"@type\":\"Organization\",\"@id\":\"https:\\\/\\\/canal7slp.tv\\\/2023\\\/#organization\",\"name\":\"Noticieros Canal 7\",\"url\":\"https:\\\/\\\/canal7slp.tv\\\/2023\\\/\",\"logo\":{\"@type\":\"ImageObject\",\"inLanguage\":\"es\",\"@id\":\"https:\\\/\\\/canal7slp.tv\\\/2023\\\/#\\\/schema\\\/logo\\\/image\\\/\",\"url\":\"https:\\\/\\\/canal7slp.tv\\\/2023\\\/wp-content\\\/uploads\\\/2021\\\/01\\\/logo-noticieros@2x.png\",\"contentUrl\":\"https:\\\/\\\/canal7slp.tv\\\/2023\\\/wp-content\\\/uploads\\\/2021\\\/01\\\/logo-noticieros@2x.png\",\"width\":1017,\"height\":268,\"caption\":\"Noticieros Canal 7\"},\"image\":{\"@id\":\"https:\\\/\\\/canal7slp.tv\\\/2023\\\/#\\\/schema\\\/logo\\\/image\\\/\"},\"sameAs\":[\"https:\\\/\\\/www.facebook.com\\\/noticieroscanalsiete\",\"https:\\\/\\\/x.com\\\/NOTICIEROS7\",\"https:\\\/\\\/www.instagram.com\\\/canal7_slp\",\"https:\\\/\\\/www.youtube.com\\\/channel\\\/UCliiYs-gP3JfJeqdPrNdd5A\"]},{\"@type\":\"Person\",\"@id\":\"https:\\\/\\\/canal7slp.tv\\\/2023\\\/#\\\/schema\\\/person\\\/639c424e3584069003b11ae813915da6\",\"name\":\"Edici\u00f3n Web\",\"image\":{\"@type\":\"ImageObject\",\"inLanguage\":\"es\",\"@id\":\"https:\\\/\\\/secure.gravatar.com\\\/avatar\\\/eee448fc3f7164808013b816ba91ac7e43bbe82a70bebac296f8bc6f0addaa1a?s=96&d=mm&r=g\",\"url\":\"https:\\\/\\\/secure.gravatar.com\\\/avatar\\\/eee448fc3f7164808013b816ba91ac7e43bbe82a70bebac296f8bc6f0addaa1a?s=96&d=mm&r=g\",\"contentUrl\":\"https:\\\/\\\/secure.gravatar.com\\\/avatar\\\/eee448fc3f7164808013b816ba91ac7e43bbe82a70bebac296f8bc6f0addaa1a?s=96&d=mm&r=g\",\"caption\":\"Edici\u00f3n Web\"},\"url\":\"https:\\\/\\\/canal7slp.tv\\\/2023\\\/author\\\/edicionweb\\\/\"}]}<\/script>\n<!-- \/ Yoast SEO plugin. -->","yoast_head_json":{"title":"Ej\u00e9rcito de Israel reconoce haber matado \"por error\" a tres rehenes en Gaza - Canal 7 SLP - 2023","robots":{"index":"index","follow":"follow","max-snippet":"max-snippet:-1","max-image-preview":"max-image-preview:large","max-video-preview":"max-video-preview:-1"},"canonical":"https:\/\/canal7slp.tv\/2023\/ejercito-de-israel-reconoce-haber-matado-por-error-a-tres-rehenes-en-gaza\/","og_locale":"es_ES","og_type":"article","og_title":"Ej\u00e9rcito de Israel reconoce haber matado \"por error\" a tres rehenes en Gaza - Canal 7 SLP - 2023","og_description":"Gaza.- El ej\u00e9rcito de Israel ha admitido la tr\u00e1gica muerte de tres rehenes israel\u00edes en la Franja de Gaza, a quienes identificaron err\u00f3neamente como una amenaza durante los combates en Shujaiya. El comunicado militar se\u00f1ala que las tropas dispararon contra ellos, creyendo que representaban una amenaza, lo que result\u00f3 en su fallecimiento. El vocero del ej\u00e9rcito, Daniel Hagari, calific\u00f3 el incidente como \u00abtr\u00e1gico\u00bb y asumi\u00f3 la responsabilidad, destacando que la zona presentaba un alto n\u00famero de terroristas, incluidos suicidas. Los cuerpos de los fallecidos fueron trasladados a territorio israel\u00ed para su examen, confirmando que se trataba de los rehenes Yotam [&hellip;]","og_url":"https:\/\/canal7slp.tv\/2023\/ejercito-de-israel-reconoce-haber-matado-por-error-a-tres-rehenes-en-gaza\/","og_site_name":"Canal 7 SLP - 2023","article_publisher":"https:\/\/www.facebook.com\/noticieroscanalsiete","article_published_time":"2023-12-16T22:54:11+00:00","article_modified_time":"2023-12-17T22:55:40+00:00","og_image":[{"width":1200,"height":675,"url":"https:\/\/canal7slp.tv\/2023\/wp-content\/uploads\/2023\/12\/05-11.jpg","type":"image\/jpeg"}],"author":"Edici\u00f3n Web","twitter_card":"summary_large_image","twitter_creator":"@NOTICIEROS7","twitter_site":"@NOTICIEROS7","twitter_misc":{"Escrito por":"Edici\u00f3n Web","Tiempo de lectura":"2 minutos"},"schema":{"@context":"https:\/\/schema.org","@graph":[{"@type":"Article","@id":"https:\/\/canal7slp.tv\/2023\/ejercito-de-israel-reconoce-haber-matado-por-error-a-tres-rehenes-en-gaza\/#article","isPartOf":{"@id":"https:\/\/canal7slp.tv\/2023\/ejercito-de-israel-reconoce-haber-matado-por-error-a-tres-rehenes-en-gaza\/"},"author":{"name":"Edici\u00f3n Web","@id":"https:\/\/canal7slp.tv\/2023\/#\/schema\/person\/639c424e3584069003b11ae813915da6"},"headline":"Ej\u00e9rcito de Israel reconoce haber matado \u00abpor error\u00bb a tres rehenes en Gaza","datePublished":"2023-12-16T22:54:11+00:00","dateModified":"2023-12-17T22:55:40+00:00","mainEntityOfPage":{"@id":"https:\/\/canal7slp.tv\/2023\/ejercito-de-israel-reconoce-haber-matado-por-error-a-tres-rehenes-en-gaza\/"},"wordCount":233,"publisher":{"@id":"https:\/\/canal7slp.tv\/2023\/#organization"},"articleSection":["INTERNACIONALES"],"inLanguage":"es"},{"@type":"WebPage","@id":"https:\/\/canal7slp.tv\/2023\/ejercito-de-israel-reconoce-haber-matado-por-error-a-tres-rehenes-en-gaza\/","url":"https:\/\/canal7slp.tv\/2023\/ejercito-de-israel-reconoce-haber-matado-por-error-a-tres-rehenes-en-gaza\/","name":"Ej\u00e9rcito de Israel reconoce haber matado \"por error\" a tres rehenes en Gaza - Canal 7 SLP - 2023","isPartOf":{"@id":"https:\/\/canal7slp.tv\/2023\/#website"},"datePublished":"2023-12-16T22:54:11+00:00","dateModified":"2023-12-17T22:55:40+00:00","breadcrumb":{"@id":"https:\/\/canal7slp.tv\/2023\/ejercito-de-israel-reconoce-haber-matado-por-error-a-tres-rehenes-en-gaza\/#breadcrumb"},"inLanguage":"es","potentialAction":[{"@type":"ReadAction","target":["https:\/\/canal7slp.tv\/2023\/ejercito-de-israel-reconoce-haber-matado-por-error-a-tres-rehenes-en-gaza\/"]}]},{"@type":"BreadcrumbList","@id":"https:\/\/canal7slp.tv\/2023\/ejercito-de-israel-reconoce-haber-matado-por-error-a-tres-rehenes-en-gaza\/#breadcrumb","itemListElement":[{"@type":"ListItem","position":1,"name":"Portada","item":"https:\/\/canal7slp.tv\/2023\/"},{"@type":"ListItem","position":2,"name":"Ej\u00e9rcito de Israel reconoce haber matado &#8220;por error&#8221; a tres rehenes en Gaza"}]},{"@type":"WebSite","@id":"https:\/\/canal7slp.tv\/2023\/#website","url":"https:\/\/canal7slp.tv\/2023\/","name":"N7 - Noticieros Canal 7","description":"Somos Televisi\u00f3n","publisher":{"@id":"https:\/\/canal7slp.tv\/2023\/#organization"},"potentialAction":[{"@type":"SearchAction","target":{"@type":"EntryPoint","urlTemplate":"https:\/\/canal7slp.tv\/2023\/?s={search_term_string}"},"query-input":{"@type":"PropertyValueSpecification","valueRequired":true,"valueName":"search_term_string"}}],"inLanguage":"es"},{"@type":"Organization","@id":"https:\/\/canal7slp.tv\/2023\/#organization","name":"Noticieros Canal 7","url":"https:\/\/canal7slp.tv\/2023\/","logo":{"@type":"ImageObject","inLanguage":"es","@id":"https:\/\/canal7slp.tv\/2023\/#\/schema\/logo\/image\/","url":"https:\/\/canal7slp.tv\/2023\/wp-content\/uploads\/2021\/01\/logo-noticieros@2x.png","contentUrl":"https:\/\/canal7slp.tv\/2023\/wp-content\/uploads\/2021\/01\/logo-noticieros@2x.png","width":1017,"height":268,"caption":"Noticieros Canal 7"},"image":{"@id":"https:\/\/canal7slp.tv\/2023\/#\/schema\/logo\/image\/"},"sameAs":["https:\/\/www.facebook.com\/noticieroscanalsiete","https:\/\/x.com\/NOTICIEROS7","https:\/\/www.instagram.com\/canal7_slp","https:\/\/www.youtube.com\/channel\/UCliiYs-gP3JfJeqdPrNdd5A"]},{"@type":"Person","@id":"https:\/\/canal7slp.tv\/2023\/#\/schema\/person\/639c424e3584069003b11ae813915da6","name":"Edici\u00f3n Web","image":{"@type":"ImageObject","inLanguage":"es","@id":"https:\/\/secure.gravatar.com\/avatar\/eee448fc3f7164808013b816ba91ac7e43bbe82a70bebac296f8bc6f0addaa1a?s=96&d=mm&r=g","url":"https:\/\/secure.gravatar.com\/avatar\/eee448fc3f7164808013b816ba91ac7e43bbe82a70bebac296f8bc6f0addaa1a?s=96&d=mm&r=g","contentUrl":"https:\/\/secure.gravatar.com\/avatar\/eee448fc3f7164808013b816ba91ac7e43bbe82a70bebac296f8bc6f0addaa1a?s=96&d=mm&r=g","caption":"Edici\u00f3n Web"},"url":"https:\/\/canal7slp.tv\/2023\/author\/edicionweb\/"}]}},"_links":{"self":[{"href":"https:\/\/canal7slp.tv\/2023\/wp-json\/wp\/v2\/posts\/116076","targetHints":{"allow":["GET"]}}],"collection":[{"href":"https:\/\/canal7slp.tv\/2023\/wp-json\/wp\/v2\/posts"}],"about":[{"href":"https:\/\/canal7slp.tv\/2023\/wp-json\/wp\/v2\/types\/post"}],"author":[{"embeddable":true,"href":"https:\/\/canal7slp.tv\/2023\/wp-json\/wp\/v2\/users\/2"}],"replies":[{"embeddable":true,"href":"https:\/\/canal7slp.tv\/2023\/wp-json\/wp\/v2\/comments?post=116076"}],"version-history":[{"count":3,"href":"https:\/\/canal7slp.tv\/2023\/wp-json\/wp\/v2\/posts\/116076\/revisions"}],"predecessor-version":[{"id":116132,"href":"https:\/\/canal7slp.tv\/2023\/wp-json\/wp\/v2\/posts\/116076\/revisions\/116132"}],"wp:attachment":[{"href":"https:\/\/canal7slp.tv\/2023\/wp-json\/wp\/v2\/media?parent=116076"}],"wp:term":[{"taxonomy":"category","embeddable":true,"href":"https:\/\/canal7slp.tv\/2023\/wp-json\/wp\/v2\/categories?post=116076"},{"taxonomy":"post_tag","embeddable":true,"href":"https:\/\/canal7slp.tv\/2023\/wp-json\/wp\/v2\/tags?post=116076"}],"curies":[{"name":"wp","href":"https:\/\/api.w.org\/{rel}","templated":true}]}}