{"id":116075,"date":"2023-12-16T16:53:48","date_gmt":"2023-12-16T22:53:48","guid":{"rendered":"https:\/\/canal7slp.tv\/2023\/?p=116075"},"modified":"2023-12-17T16:55:32","modified_gmt":"2023-12-17T22:55:32","slug":"instalan-comision-para-analizar-reduccion-de-jornada-laboral-en-mexico","status":"publish","type":"post","link":"https:\/\/canal7slp.tv\/2023\/instalan-comision-para-analizar-reduccion-de-jornada-laboral-en-mexico\/","title":{"rendered":"Instalan comisi\u00f3n para analizar reducci\u00f3n de jornada laboral en M\u00e9xico"},"content":{"rendered":"<p style=\"text-align: justify;\">M\u00e9xico.- Mediante un \u201cacuerdo nacional\u201d se ha oficializado la instalaci\u00f3n de una Comisi\u00f3n de Trabajo en Materia de D\u00edas de Descanso Laboral, cuya funci\u00f3n ser\u00e1 analizar y, de ser necesario, modificar la propuesta de reducci\u00f3n de la jornada laboral de 48 a 40 horas en M\u00e9xico.<\/p>\n<p style=\"text-align: justify;\">Esta comisi\u00f3n, que contar\u00e1 con la participaci\u00f3n de miembros sindicales, patronales y representantes de las Secretar\u00edas de Gobernaci\u00f3n y del Trabajo y Previsi\u00f3n Social, se encargar\u00e1 de coadyuvar en los trabajos legislativos para garantizar el derecho al descanso de la clase trabajadora a nivel constitucional, as\u00ed como preservar la productividad nacional.<\/p>\n<p style=\"text-align: justify;\">Se espera que esta comisi\u00f3n realice sesiones semanales y escuche las posturas de los distintos sectores involucrados en la sociedad, con el objetivo de aprobar en consenso reservas para la discusi\u00f3n y deliberaci\u00f3n del dictamen que busca reducir la jornada laboral en M\u00e9xico.<\/p>\n<p style=\"text-align: justify;\">La Comisi\u00f3n se disolver\u00e1 con la presentaci\u00f3n de posibles reservas en marzo de 2024, las cuales ser\u00e1n incluidas y votadas en el regreso al periodo de sesiones tras un receso en diciembre.<\/p>\n","protected":false},"excerpt":{"rendered":"<p>M\u00e9xico.- Mediante un \u201cacuerdo nacional\u201d se ha oficializado la instalaci\u00f3n de una Comisi\u00f3n de Trabajo en Materia de D\u00edas de Descanso Laboral, cuya funci\u00f3n ser\u00e1 analizar y, de ser necesario, modificar la propuesta de reducci\u00f3n de la jornada laboral de 48 a 40 horas en M\u00e9xico. Esta comisi\u00f3n, que contar\u00e1 con la participaci\u00f3n de miembros sindicales, patronales y representantes de las Secretar\u00edas de Gobernaci\u00f3n y del Trabajo y Previsi\u00f3n Social, se encargar\u00e1 de coadyuvar en los trabajos legislativos para garantizar el derecho al descanso de la clase trabajadora a nivel constitucional, as\u00ed como preservar la productividad nacional. Se espera que [&hellip;]<\/p>\n","protected":false},"author":2,"featured_media":0,"comment_status":"closed","ping_status":"closed","sticky":false,"template":"","format":"standard","meta":{"footnotes":""},"categories":[46],"tags":[],"class_list":["post-116075","post","type-post","status-publish","format-standard","hentry","category-nacional","post--single"],"yoast_head":"<!-- This site is optimized with the Yoast SEO plugin v27.5 - https:\/\/yoast.com\/product\/yoast-seo-wordpress\/ -->\n<title>Instalan comisi\u00f3n para analizar reducci\u00f3n de jornada laboral en M\u00e9xico - Canal 7 SLP - 2023<\/title>\n<meta name=\"robots\" content=\"index, follow, max-snippet:-1, max-image-preview:large, max-video-preview:-1\" \/>\n<link rel=\"canonical\" href=\"https:\/\/canal7slp.tv\/2023\/instalan-comision-para-analizar-reduccion-de-jornada-laboral-en-mexico\/\" \/>\n<meta property=\"og:locale\" content=\"es_ES\" \/>\n<meta property=\"og:type\" content=\"article\" \/>\n<meta property=\"og:title\" content=\"Instalan comisi\u00f3n para analizar reducci\u00f3n de jornada laboral en M\u00e9xico - Canal 7 SLP - 2023\" \/>\n<meta property=\"og:description\" content=\"M\u00e9xico.- Mediante un \u201cacuerdo nacional\u201d se ha oficializado la instalaci\u00f3n de una Comisi\u00f3n de Trabajo en Materia de D\u00edas de Descanso Laboral, cuya funci\u00f3n ser\u00e1 analizar y, de ser necesario, modificar la propuesta de reducci\u00f3n de la jornada laboral de 48 a 40 horas en M\u00e9xico. Esta comisi\u00f3n, que contar\u00e1 con la participaci\u00f3n de miembros sindicales, patronales y representantes de las Secretar\u00edas de Gobernaci\u00f3n y del Trabajo y Previsi\u00f3n Social, se encargar\u00e1 de coadyuvar en los trabajos legislativos para garantizar el derecho al descanso de la clase trabajadora a nivel constitucional, as\u00ed como preservar la productividad nacional. Se espera que [&hellip;]\" \/>\n<meta property=\"og:url\" content=\"https:\/\/canal7slp.tv\/2023\/instalan-comision-para-analizar-reduccion-de-jornada-laboral-en-mexico\/\" \/>\n<meta property=\"og:site_name\" content=\"Canal 7 SLP - 2023\" \/>\n<meta property=\"article:publisher\" content=\"https:\/\/www.facebook.com\/noticieroscanalsiete\" \/>\n<meta property=\"article:published_time\" content=\"2023-12-16T22:53:48+00:00\" \/>\n<meta property=\"article:modified_time\" content=\"2023-12-17T22:55:32+00:00\" \/>\n<meta property=\"og:image\" content=\"https:\/\/canal7slp.tv\/2023\/wp-content\/uploads\/2023\/12\/04-13.jpg\" \/>\n\t<meta property=\"og:image:width\" content=\"1440\" \/>\n\t<meta property=\"og:image:height\" content=\"810\" \/>\n\t<meta property=\"og:image:type\" content=\"image\/jpeg\" \/>\n<meta name=\"author\" content=\"Edici\u00f3n Web\" \/>\n<meta name=\"twitter:card\" content=\"summary_large_image\" \/>\n<meta name=\"twitter:creator\" content=\"@NOTICIEROS7\" \/>\n<meta name=\"twitter:site\" content=\"@NOTICIEROS7\" \/>\n<meta name=\"twitter:label1\" content=\"Escrito por\" \/>\n\t<meta name=\"twitter:data1\" content=\"Edici\u00f3n Web\" \/>\n\t<meta name=\"twitter:label2\" content=\"Tiempo de lectura\" \/>\n\t<meta name=\"twitter:data2\" content=\"1 minuto\" \/>\n<script type=\"application\/ld+json\" class=\"yoast-schema-graph\">{\"@context\":\"https:\\\/\\\/schema.org\",\"@graph\":[{\"@type\":\"Article\",\"@id\":\"https:\\\/\\\/canal7slp.tv\\\/2023\\\/instalan-comision-para-analizar-reduccion-de-jornada-laboral-en-mexico\\\/#article\",\"isPartOf\":{\"@id\":\"https:\\\/\\\/canal7slp.tv\\\/2023\\\/instalan-comision-para-analizar-reduccion-de-jornada-laboral-en-mexico\\\/\"},\"author\":{\"name\":\"Edici\u00f3n Web\",\"@id\":\"https:\\\/\\\/canal7slp.tv\\\/2023\\\/#\\\/schema\\\/person\\\/639c424e3584069003b11ae813915da6\"},\"headline\":\"Instalan comisi\u00f3n para analizar reducci\u00f3n de jornada laboral en M\u00e9xico\",\"datePublished\":\"2023-12-16T22:53:48+00:00\",\"dateModified\":\"2023-12-17T22:55:32+00:00\",\"mainEntityOfPage\":{\"@id\":\"https:\\\/\\\/canal7slp.tv\\\/2023\\\/instalan-comision-para-analizar-reduccion-de-jornada-laboral-en-mexico\\\/\"},\"wordCount\":202,\"publisher\":{\"@id\":\"https:\\\/\\\/canal7slp.tv\\\/2023\\\/#organization\"},\"articleSection\":[\"NACIONALES\"],\"inLanguage\":\"es\"},{\"@type\":\"WebPage\",\"@id\":\"https:\\\/\\\/canal7slp.tv\\\/2023\\\/instalan-comision-para-analizar-reduccion-de-jornada-laboral-en-mexico\\\/\",\"url\":\"https:\\\/\\\/canal7slp.tv\\\/2023\\\/instalan-comision-para-analizar-reduccion-de-jornada-laboral-en-mexico\\\/\",\"name\":\"Instalan comisi\u00f3n para analizar reducci\u00f3n de jornada laboral en M\u00e9xico - Canal 7 SLP - 2023\",\"isPartOf\":{\"@id\":\"https:\\\/\\\/canal7slp.tv\\\/2023\\\/#website\"},\"datePublished\":\"2023-12-16T22:53:48+00:00\",\"dateModified\":\"2023-12-17T22:55:32+00:00\",\"breadcrumb\":{\"@id\":\"https:\\\/\\\/canal7slp.tv\\\/2023\\\/instalan-comision-para-analizar-reduccion-de-jornada-laboral-en-mexico\\\/#breadcrumb\"},\"inLanguage\":\"es\",\"potentialAction\":[{\"@type\":\"ReadAction\",\"target\":[\"https:\\\/\\\/canal7slp.tv\\\/2023\\\/instalan-comision-para-analizar-reduccion-de-jornada-laboral-en-mexico\\\/\"]}]},{\"@type\":\"BreadcrumbList\",\"@id\":\"https:\\\/\\\/canal7slp.tv\\\/2023\\\/instalan-comision-para-analizar-reduccion-de-jornada-laboral-en-mexico\\\/#breadcrumb\",\"itemListElement\":[{\"@type\":\"ListItem\",\"position\":1,\"name\":\"Portada\",\"item\":\"https:\\\/\\\/canal7slp.tv\\\/2023\\\/\"},{\"@type\":\"ListItem\",\"position\":2,\"name\":\"Instalan comisi\u00f3n para analizar reducci\u00f3n de jornada laboral en M\u00e9xico\"}]},{\"@type\":\"WebSite\",\"@id\":\"https:\\\/\\\/canal7slp.tv\\\/2023\\\/#website\",\"url\":\"https:\\\/\\\/canal7slp.tv\\\/2023\\\/\",\"name\":\"N7 - Noticieros Canal 7\",\"description\":\"Somos Televisi\u00f3n\",\"publisher\":{\"@id\":\"https:\\\/\\\/canal7slp.tv\\\/2023\\\/#organization\"},\"potentialAction\":[{\"@type\":\"SearchAction\",\"target\":{\"@type\":\"EntryPoint\",\"urlTemplate\":\"https:\\\/\\\/canal7slp.tv\\\/2023\\\/?s={search_term_string}\"},\"query-input\":{\"@type\":\"PropertyValueSpecification\",\"valueRequired\":true,\"valueName\":\"search_term_string\"}}],\"inLanguage\":\"es\"},{\"@type\":\"Organization\",\"@id\":\"https:\\\/\\\/canal7slp.tv\\\/2023\\\/#organization\",\"name\":\"Noticieros Canal 7\",\"url\":\"https:\\\/\\\/canal7slp.tv\\\/2023\\\/\",\"logo\":{\"@type\":\"ImageObject\",\"inLanguage\":\"es\",\"@id\":\"https:\\\/\\\/canal7slp.tv\\\/2023\\\/#\\\/schema\\\/logo\\\/image\\\/\",\"url\":\"https:\\\/\\\/canal7slp.tv\\\/2023\\\/wp-content\\\/uploads\\\/2021\\\/01\\\/logo-noticieros@2x.png\",\"contentUrl\":\"https:\\\/\\\/canal7slp.tv\\\/2023\\\/wp-content\\\/uploads\\\/2021\\\/01\\\/logo-noticieros@2x.png\",\"width\":1017,\"height\":268,\"caption\":\"Noticieros Canal 7\"},\"image\":{\"@id\":\"https:\\\/\\\/canal7slp.tv\\\/2023\\\/#\\\/schema\\\/logo\\\/image\\\/\"},\"sameAs\":[\"https:\\\/\\\/www.facebook.com\\\/noticieroscanalsiete\",\"https:\\\/\\\/x.com\\\/NOTICIEROS7\",\"https:\\\/\\\/www.instagram.com\\\/canal7_slp\",\"https:\\\/\\\/www.youtube.com\\\/channel\\\/UCliiYs-gP3JfJeqdPrNdd5A\"]},{\"@type\":\"Person\",\"@id\":\"https:\\\/\\\/canal7slp.tv\\\/2023\\\/#\\\/schema\\\/person\\\/639c424e3584069003b11ae813915da6\",\"name\":\"Edici\u00f3n Web\",\"image\":{\"@type\":\"ImageObject\",\"inLanguage\":\"es\",\"@id\":\"https:\\\/\\\/secure.gravatar.com\\\/avatar\\\/eee448fc3f7164808013b816ba91ac7e43bbe82a70bebac296f8bc6f0addaa1a?s=96&d=mm&r=g\",\"url\":\"https:\\\/\\\/secure.gravatar.com\\\/avatar\\\/eee448fc3f7164808013b816ba91ac7e43bbe82a70bebac296f8bc6f0addaa1a?s=96&d=mm&r=g\",\"contentUrl\":\"https:\\\/\\\/secure.gravatar.com\\\/avatar\\\/eee448fc3f7164808013b816ba91ac7e43bbe82a70bebac296f8bc6f0addaa1a?s=96&d=mm&r=g\",\"caption\":\"Edici\u00f3n Web\"},\"url\":\"https:\\\/\\\/canal7slp.tv\\\/2023\\\/author\\\/edicionweb\\\/\"}]}<\/script>\n<!-- \/ Yoast SEO plugin. -->","yoast_head_json":{"title":"Instalan comisi\u00f3n para analizar reducci\u00f3n de jornada laboral en M\u00e9xico - Canal 7 SLP - 2023","robots":{"index":"index","follow":"follow","max-snippet":"max-snippet:-1","max-image-preview":"max-image-preview:large","max-video-preview":"max-video-preview:-1"},"canonical":"https:\/\/canal7slp.tv\/2023\/instalan-comision-para-analizar-reduccion-de-jornada-laboral-en-mexico\/","og_locale":"es_ES","og_type":"article","og_title":"Instalan comisi\u00f3n para analizar reducci\u00f3n de jornada laboral en M\u00e9xico - Canal 7 SLP - 2023","og_description":"M\u00e9xico.- Mediante un \u201cacuerdo nacional\u201d se ha oficializado la instalaci\u00f3n de una Comisi\u00f3n de Trabajo en Materia de D\u00edas de Descanso Laboral, cuya funci\u00f3n ser\u00e1 analizar y, de ser necesario, modificar la propuesta de reducci\u00f3n de la jornada laboral de 48 a 40 horas en M\u00e9xico. Esta comisi\u00f3n, que contar\u00e1 con la participaci\u00f3n de miembros sindicales, patronales y representantes de las Secretar\u00edas de Gobernaci\u00f3n y del Trabajo y Previsi\u00f3n Social, se encargar\u00e1 de coadyuvar en los trabajos legislativos para garantizar el derecho al descanso de la clase trabajadora a nivel constitucional, as\u00ed como preservar la productividad nacional. Se espera que [&hellip;]","og_url":"https:\/\/canal7slp.tv\/2023\/instalan-comision-para-analizar-reduccion-de-jornada-laboral-en-mexico\/","og_site_name":"Canal 7 SLP - 2023","article_publisher":"https:\/\/www.facebook.com\/noticieroscanalsiete","article_published_time":"2023-12-16T22:53:48+00:00","article_modified_time":"2023-12-17T22:55:32+00:00","og_image":[{"width":1440,"height":810,"url":"https:\/\/canal7slp.tv\/2023\/wp-content\/uploads\/2023\/12\/04-13.jpg","type":"image\/jpeg"}],"author":"Edici\u00f3n Web","twitter_card":"summary_large_image","twitter_creator":"@NOTICIEROS7","twitter_site":"@NOTICIEROS7","twitter_misc":{"Escrito por":"Edici\u00f3n Web","Tiempo de lectura":"1 minuto"},"schema":{"@context":"https:\/\/schema.org","@graph":[{"@type":"Article","@id":"https:\/\/canal7slp.tv\/2023\/instalan-comision-para-analizar-reduccion-de-jornada-laboral-en-mexico\/#article","isPartOf":{"@id":"https:\/\/canal7slp.tv\/2023\/instalan-comision-para-analizar-reduccion-de-jornada-laboral-en-mexico\/"},"author":{"name":"Edici\u00f3n Web","@id":"https:\/\/canal7slp.tv\/2023\/#\/schema\/person\/639c424e3584069003b11ae813915da6"},"headline":"Instalan comisi\u00f3n para analizar reducci\u00f3n de jornada laboral en M\u00e9xico","datePublished":"2023-12-16T22:53:48+00:00","dateModified":"2023-12-17T22:55:32+00:00","mainEntityOfPage":{"@id":"https:\/\/canal7slp.tv\/2023\/instalan-comision-para-analizar-reduccion-de-jornada-laboral-en-mexico\/"},"wordCount":202,"publisher":{"@id":"https:\/\/canal7slp.tv\/2023\/#organization"},"articleSection":["NACIONALES"],"inLanguage":"es"},{"@type":"WebPage","@id":"https:\/\/canal7slp.tv\/2023\/instalan-comision-para-analizar-reduccion-de-jornada-laboral-en-mexico\/","url":"https:\/\/canal7slp.tv\/2023\/instalan-comision-para-analizar-reduccion-de-jornada-laboral-en-mexico\/","name":"Instalan comisi\u00f3n para analizar reducci\u00f3n de jornada laboral en M\u00e9xico - Canal 7 SLP - 2023","isPartOf":{"@id":"https:\/\/canal7slp.tv\/2023\/#website"},"datePublished":"2023-12-16T22:53:48+00:00","dateModified":"2023-12-17T22:55:32+00:00","breadcrumb":{"@id":"https:\/\/canal7slp.tv\/2023\/instalan-comision-para-analizar-reduccion-de-jornada-laboral-en-mexico\/#breadcrumb"},"inLanguage":"es","potentialAction":[{"@type":"ReadAction","target":["https:\/\/canal7slp.tv\/2023\/instalan-comision-para-analizar-reduccion-de-jornada-laboral-en-mexico\/"]}]},{"@type":"BreadcrumbList","@id":"https:\/\/canal7slp.tv\/2023\/instalan-comision-para-analizar-reduccion-de-jornada-laboral-en-mexico\/#breadcrumb","itemListElement":[{"@type":"ListItem","position":1,"name":"Portada","item":"https:\/\/canal7slp.tv\/2023\/"},{"@type":"ListItem","position":2,"name":"Instalan comisi\u00f3n para analizar reducci\u00f3n de jornada laboral en M\u00e9xico"}]},{"@type":"WebSite","@id":"https:\/\/canal7slp.tv\/2023\/#website","url":"https:\/\/canal7slp.tv\/2023\/","name":"N7 - Noticieros Canal 7","description":"Somos Televisi\u00f3n","publisher":{"@id":"https:\/\/canal7slp.tv\/2023\/#organization"},"potentialAction":[{"@type":"SearchAction","target":{"@type":"EntryPoint","urlTemplate":"https:\/\/canal7slp.tv\/2023\/?s={search_term_string}"},"query-input":{"@type":"PropertyValueSpecification","valueRequired":true,"valueName":"search_term_string"}}],"inLanguage":"es"},{"@type":"Organization","@id":"https:\/\/canal7slp.tv\/2023\/#organization","name":"Noticieros Canal 7","url":"https:\/\/canal7slp.tv\/2023\/","logo":{"@type":"ImageObject","inLanguage":"es","@id":"https:\/\/canal7slp.tv\/2023\/#\/schema\/logo\/image\/","url":"https:\/\/canal7slp.tv\/2023\/wp-content\/uploads\/2021\/01\/logo-noticieros@2x.png","contentUrl":"https:\/\/canal7slp.tv\/2023\/wp-content\/uploads\/2021\/01\/logo-noticieros@2x.png","width":1017,"height":268,"caption":"Noticieros Canal 7"},"image":{"@id":"https:\/\/canal7slp.tv\/2023\/#\/schema\/logo\/image\/"},"sameAs":["https:\/\/www.facebook.com\/noticieroscanalsiete","https:\/\/x.com\/NOTICIEROS7","https:\/\/www.instagram.com\/canal7_slp","https:\/\/www.youtube.com\/channel\/UCliiYs-gP3JfJeqdPrNdd5A"]},{"@type":"Person","@id":"https:\/\/canal7slp.tv\/2023\/#\/schema\/person\/639c424e3584069003b11ae813915da6","name":"Edici\u00f3n Web","image":{"@type":"ImageObject","inLanguage":"es","@id":"https:\/\/secure.gravatar.com\/avatar\/eee448fc3f7164808013b816ba91ac7e43bbe82a70bebac296f8bc6f0addaa1a?s=96&d=mm&r=g","url":"https:\/\/secure.gravatar.com\/avatar\/eee448fc3f7164808013b816ba91ac7e43bbe82a70bebac296f8bc6f0addaa1a?s=96&d=mm&r=g","contentUrl":"https:\/\/secure.gravatar.com\/avatar\/eee448fc3f7164808013b816ba91ac7e43bbe82a70bebac296f8bc6f0addaa1a?s=96&d=mm&r=g","caption":"Edici\u00f3n Web"},"url":"https:\/\/canal7slp.tv\/2023\/author\/edicionweb\/"}]}},"_links":{"self":[{"href":"https:\/\/canal7slp.tv\/2023\/wp-json\/wp\/v2\/posts\/116075","targetHints":{"allow":["GET"]}}],"collection":[{"href":"https:\/\/canal7slp.tv\/2023\/wp-json\/wp\/v2\/posts"}],"about":[{"href":"https:\/\/canal7slp.tv\/2023\/wp-json\/wp\/v2\/types\/post"}],"author":[{"embeddable":true,"href":"https:\/\/canal7slp.tv\/2023\/wp-json\/wp\/v2\/users\/2"}],"replies":[{"embeddable":true,"href":"https:\/\/canal7slp.tv\/2023\/wp-json\/wp\/v2\/comments?post=116075"}],"version-history":[{"count":3,"href":"https:\/\/canal7slp.tv\/2023\/wp-json\/wp\/v2\/posts\/116075\/revisions"}],"predecessor-version":[{"id":116131,"href":"https:\/\/canal7slp.tv\/2023\/wp-json\/wp\/v2\/posts\/116075\/revisions\/116131"}],"wp:attachment":[{"href":"https:\/\/canal7slp.tv\/2023\/wp-json\/wp\/v2\/media?parent=116075"}],"wp:term":[{"taxonomy":"category","embeddable":true,"href":"https:\/\/canal7slp.tv\/2023\/wp-json\/wp\/v2\/categories?post=116075"},{"taxonomy":"post_tag","embeddable":true,"href":"https:\/\/canal7slp.tv\/2023\/wp-json\/wp\/v2\/tags?post=116075"}],"curies":[{"name":"wp","href":"https:\/\/api.w.org\/{rel}","templated":true}]}}