{"id":116004,"date":"2023-12-15T17:52:42","date_gmt":"2023-12-15T23:52:42","guid":{"rendered":"https:\/\/canal7slp.tv\/2023\/?p=116004"},"modified":"2023-12-15T17:52:42","modified_gmt":"2023-12-15T23:52:42","slug":"alerta-por-aumento-de-microsismos-en-cdmx","status":"publish","type":"post","link":"https:\/\/canal7slp.tv\/2023\/alerta-por-aumento-de-microsismos-en-cdmx\/","title":{"rendered":"Alerta por aumento de microsismos en CDMX"},"content":{"rendered":"<p style=\"text-align: justify;\">M\u00e9xico.- Delia Iresine Bello, del Servicio Sismol\u00f3gico Nacional (SSN), ha se\u00f1alado que los microsismos en la Ciudad de M\u00e9xico son causados por la reactivaci\u00f3n de la falla de la Sierra de las Cruces, que separa el Valle de M\u00e9xico del Valle de Toluca.<\/p>\n<p style=\"text-align: justify;\">Esta actividad s\u00edsmica ha aumentado desde mayo pasado, especialmente en las alcald\u00edas \u00c1lvaro Obreg\u00f3n, Benito Ju\u00e1rez y Miguel Hidalgo, pero tambi\u00e9n se han registrado en otras zonas de la ciudad.<\/p>\n<p style=\"text-align: justify;\">Bello advierte que esta actividad continuar\u00e1 y destaca la importancia de estar preparados para posibles futuros sismos.<\/p>\n","protected":false},"excerpt":{"rendered":"<p>M\u00e9xico.- Delia Iresine Bello, del Servicio Sismol\u00f3gico Nacional (SSN), ha se\u00f1alado que los microsismos en la Ciudad de M\u00e9xico son causados por la reactivaci\u00f3n de la falla de la Sierra de las Cruces, que separa el Valle de M\u00e9xico del Valle de Toluca. Esta actividad s\u00edsmica ha aumentado desde mayo pasado, especialmente en las alcald\u00edas \u00c1lvaro Obreg\u00f3n, Benito Ju\u00e1rez y Miguel Hidalgo, pero tambi\u00e9n se han registrado en otras zonas de la ciudad. Bello advierte que esta actividad continuar\u00e1 y destaca la importancia de estar preparados para posibles futuros sismos.<\/p>\n","protected":false},"author":2,"featured_media":116021,"comment_status":"closed","ping_status":"closed","sticky":false,"template":"","format":"standard","meta":{"footnotes":""},"categories":[46],"tags":[],"class_list":["post-116004","post","type-post","status-publish","format-standard","has-post-thumbnail","hentry","category-nacional","post--single"],"yoast_head":"<!-- This site is optimized with the Yoast SEO plugin v27.5 - https:\/\/yoast.com\/product\/yoast-seo-wordpress\/ -->\n<title>Alerta por aumento de microsismos en CDMX - Canal 7 SLP - 2023<\/title>\n<meta name=\"robots\" content=\"index, follow, max-snippet:-1, max-image-preview:large, max-video-preview:-1\" \/>\n<link rel=\"canonical\" href=\"https:\/\/canal7slp.tv\/2023\/alerta-por-aumento-de-microsismos-en-cdmx\/\" \/>\n<meta property=\"og:locale\" content=\"es_ES\" \/>\n<meta property=\"og:type\" content=\"article\" \/>\n<meta property=\"og:title\" content=\"Alerta por aumento de microsismos en CDMX - Canal 7 SLP - 2023\" \/>\n<meta property=\"og:description\" content=\"M\u00e9xico.- Delia Iresine Bello, del Servicio Sismol\u00f3gico Nacional (SSN), ha se\u00f1alado que los microsismos en la Ciudad de M\u00e9xico son causados por la reactivaci\u00f3n de la falla de la Sierra de las Cruces, que separa el Valle de M\u00e9xico del Valle de Toluca. Esta actividad s\u00edsmica ha aumentado desde mayo pasado, especialmente en las alcald\u00edas \u00c1lvaro Obreg\u00f3n, Benito Ju\u00e1rez y Miguel Hidalgo, pero tambi\u00e9n se han registrado en otras zonas de la ciudad. Bello advierte que esta actividad continuar\u00e1 y destaca la importancia de estar preparados para posibles futuros sismos.\" \/>\n<meta property=\"og:url\" content=\"https:\/\/canal7slp.tv\/2023\/alerta-por-aumento-de-microsismos-en-cdmx\/\" \/>\n<meta property=\"og:site_name\" content=\"Canal 7 SLP - 2023\" \/>\n<meta property=\"article:publisher\" content=\"https:\/\/www.facebook.com\/noticieroscanalsiete\" \/>\n<meta property=\"article:published_time\" content=\"2023-12-15T23:52:42+00:00\" \/>\n<meta property=\"og:image\" content=\"https:\/\/canal7slp.tv\/2023\/wp-content\/uploads\/2023\/12\/05-2.jpeg\" \/>\n\t<meta property=\"og:image:width\" content=\"977\" \/>\n\t<meta property=\"og:image:height\" content=\"595\" \/>\n\t<meta property=\"og:image:type\" content=\"image\/jpeg\" \/>\n<meta name=\"author\" content=\"Edici\u00f3n Web\" \/>\n<meta name=\"twitter:card\" content=\"summary_large_image\" \/>\n<meta name=\"twitter:creator\" content=\"@NOTICIEROS7\" \/>\n<meta name=\"twitter:site\" content=\"@NOTICIEROS7\" \/>\n<meta name=\"twitter:label1\" content=\"Escrito por\" \/>\n\t<meta name=\"twitter:data1\" content=\"Edici\u00f3n Web\" \/>\n\t<meta name=\"twitter:label2\" content=\"Tiempo de lectura\" \/>\n\t<meta name=\"twitter:data2\" content=\"1 minuto\" \/>\n<script type=\"application\/ld+json\" class=\"yoast-schema-graph\">{\"@context\":\"https:\\\/\\\/schema.org\",\"@graph\":[{\"@type\":\"Article\",\"@id\":\"https:\\\/\\\/canal7slp.tv\\\/2023\\\/alerta-por-aumento-de-microsismos-en-cdmx\\\/#article\",\"isPartOf\":{\"@id\":\"https:\\\/\\\/canal7slp.tv\\\/2023\\\/alerta-por-aumento-de-microsismos-en-cdmx\\\/\"},\"author\":{\"name\":\"Edici\u00f3n Web\",\"@id\":\"https:\\\/\\\/canal7slp.tv\\\/2023\\\/#\\\/schema\\\/person\\\/639c424e3584069003b11ae813915da6\"},\"headline\":\"Alerta por aumento de microsismos en CDMX\",\"datePublished\":\"2023-12-15T23:52:42+00:00\",\"mainEntityOfPage\":{\"@id\":\"https:\\\/\\\/canal7slp.tv\\\/2023\\\/alerta-por-aumento-de-microsismos-en-cdmx\\\/\"},\"wordCount\":109,\"publisher\":{\"@id\":\"https:\\\/\\\/canal7slp.tv\\\/2023\\\/#organization\"},\"image\":{\"@id\":\"https:\\\/\\\/canal7slp.tv\\\/2023\\\/alerta-por-aumento-de-microsismos-en-cdmx\\\/#primaryimage\"},\"thumbnailUrl\":\"https:\\\/\\\/canal7slp.tv\\\/2023\\\/wp-content\\\/uploads\\\/2023\\\/12\\\/05-2.jpeg\",\"articleSection\":[\"NACIONALES\"],\"inLanguage\":\"es\"},{\"@type\":\"WebPage\",\"@id\":\"https:\\\/\\\/canal7slp.tv\\\/2023\\\/alerta-por-aumento-de-microsismos-en-cdmx\\\/\",\"url\":\"https:\\\/\\\/canal7slp.tv\\\/2023\\\/alerta-por-aumento-de-microsismos-en-cdmx\\\/\",\"name\":\"Alerta por aumento de microsismos en CDMX - Canal 7 SLP - 2023\",\"isPartOf\":{\"@id\":\"https:\\\/\\\/canal7slp.tv\\\/2023\\\/#website\"},\"primaryImageOfPage\":{\"@id\":\"https:\\\/\\\/canal7slp.tv\\\/2023\\\/alerta-por-aumento-de-microsismos-en-cdmx\\\/#primaryimage\"},\"image\":{\"@id\":\"https:\\\/\\\/canal7slp.tv\\\/2023\\\/alerta-por-aumento-de-microsismos-en-cdmx\\\/#primaryimage\"},\"thumbnailUrl\":\"https:\\\/\\\/canal7slp.tv\\\/2023\\\/wp-content\\\/uploads\\\/2023\\\/12\\\/05-2.jpeg\",\"datePublished\":\"2023-12-15T23:52:42+00:00\",\"breadcrumb\":{\"@id\":\"https:\\\/\\\/canal7slp.tv\\\/2023\\\/alerta-por-aumento-de-microsismos-en-cdmx\\\/#breadcrumb\"},\"inLanguage\":\"es\",\"potentialAction\":[{\"@type\":\"ReadAction\",\"target\":[\"https:\\\/\\\/canal7slp.tv\\\/2023\\\/alerta-por-aumento-de-microsismos-en-cdmx\\\/\"]}]},{\"@type\":\"ImageObject\",\"inLanguage\":\"es\",\"@id\":\"https:\\\/\\\/canal7slp.tv\\\/2023\\\/alerta-por-aumento-de-microsismos-en-cdmx\\\/#primaryimage\",\"url\":\"https:\\\/\\\/canal7slp.tv\\\/2023\\\/wp-content\\\/uploads\\\/2023\\\/12\\\/05-2.jpeg\",\"contentUrl\":\"https:\\\/\\\/canal7slp.tv\\\/2023\\\/wp-content\\\/uploads\\\/2023\\\/12\\\/05-2.jpeg\",\"width\":977,\"height\":595},{\"@type\":\"BreadcrumbList\",\"@id\":\"https:\\\/\\\/canal7slp.tv\\\/2023\\\/alerta-por-aumento-de-microsismos-en-cdmx\\\/#breadcrumb\",\"itemListElement\":[{\"@type\":\"ListItem\",\"position\":1,\"name\":\"Portada\",\"item\":\"https:\\\/\\\/canal7slp.tv\\\/2023\\\/\"},{\"@type\":\"ListItem\",\"position\":2,\"name\":\"Alerta por aumento de microsismos en CDMX\"}]},{\"@type\":\"WebSite\",\"@id\":\"https:\\\/\\\/canal7slp.tv\\\/2023\\\/#website\",\"url\":\"https:\\\/\\\/canal7slp.tv\\\/2023\\\/\",\"name\":\"N7 - Noticieros Canal 7\",\"description\":\"Somos Televisi\u00f3n\",\"publisher\":{\"@id\":\"https:\\\/\\\/canal7slp.tv\\\/2023\\\/#organization\"},\"potentialAction\":[{\"@type\":\"SearchAction\",\"target\":{\"@type\":\"EntryPoint\",\"urlTemplate\":\"https:\\\/\\\/canal7slp.tv\\\/2023\\\/?s={search_term_string}\"},\"query-input\":{\"@type\":\"PropertyValueSpecification\",\"valueRequired\":true,\"valueName\":\"search_term_string\"}}],\"inLanguage\":\"es\"},{\"@type\":\"Organization\",\"@id\":\"https:\\\/\\\/canal7slp.tv\\\/2023\\\/#organization\",\"name\":\"Noticieros Canal 7\",\"url\":\"https:\\\/\\\/canal7slp.tv\\\/2023\\\/\",\"logo\":{\"@type\":\"ImageObject\",\"inLanguage\":\"es\",\"@id\":\"https:\\\/\\\/canal7slp.tv\\\/2023\\\/#\\\/schema\\\/logo\\\/image\\\/\",\"url\":\"https:\\\/\\\/canal7slp.tv\\\/2023\\\/wp-content\\\/uploads\\\/2021\\\/01\\\/logo-noticieros@2x.png\",\"contentUrl\":\"https:\\\/\\\/canal7slp.tv\\\/2023\\\/wp-content\\\/uploads\\\/2021\\\/01\\\/logo-noticieros@2x.png\",\"width\":1017,\"height\":268,\"caption\":\"Noticieros Canal 7\"},\"image\":{\"@id\":\"https:\\\/\\\/canal7slp.tv\\\/2023\\\/#\\\/schema\\\/logo\\\/image\\\/\"},\"sameAs\":[\"https:\\\/\\\/www.facebook.com\\\/noticieroscanalsiete\",\"https:\\\/\\\/x.com\\\/NOTICIEROS7\",\"https:\\\/\\\/www.instagram.com\\\/canal7_slp\",\"https:\\\/\\\/www.youtube.com\\\/channel\\\/UCliiYs-gP3JfJeqdPrNdd5A\"]},{\"@type\":\"Person\",\"@id\":\"https:\\\/\\\/canal7slp.tv\\\/2023\\\/#\\\/schema\\\/person\\\/639c424e3584069003b11ae813915da6\",\"name\":\"Edici\u00f3n Web\",\"image\":{\"@type\":\"ImageObject\",\"inLanguage\":\"es\",\"@id\":\"https:\\\/\\\/secure.gravatar.com\\\/avatar\\\/eee448fc3f7164808013b816ba91ac7e43bbe82a70bebac296f8bc6f0addaa1a?s=96&d=mm&r=g\",\"url\":\"https:\\\/\\\/secure.gravatar.com\\\/avatar\\\/eee448fc3f7164808013b816ba91ac7e43bbe82a70bebac296f8bc6f0addaa1a?s=96&d=mm&r=g\",\"contentUrl\":\"https:\\\/\\\/secure.gravatar.com\\\/avatar\\\/eee448fc3f7164808013b816ba91ac7e43bbe82a70bebac296f8bc6f0addaa1a?s=96&d=mm&r=g\",\"caption\":\"Edici\u00f3n Web\"},\"url\":\"https:\\\/\\\/canal7slp.tv\\\/2023\\\/author\\\/edicionweb\\\/\"}]}<\/script>\n<!-- \/ Yoast SEO plugin. -->","yoast_head_json":{"title":"Alerta por aumento de microsismos en CDMX - Canal 7 SLP - 2023","robots":{"index":"index","follow":"follow","max-snippet":"max-snippet:-1","max-image-preview":"max-image-preview:large","max-video-preview":"max-video-preview:-1"},"canonical":"https:\/\/canal7slp.tv\/2023\/alerta-por-aumento-de-microsismos-en-cdmx\/","og_locale":"es_ES","og_type":"article","og_title":"Alerta por aumento de microsismos en CDMX - Canal 7 SLP - 2023","og_description":"M\u00e9xico.- Delia Iresine Bello, del Servicio Sismol\u00f3gico Nacional (SSN), ha se\u00f1alado que los microsismos en la Ciudad de M\u00e9xico son causados por la reactivaci\u00f3n de la falla de la Sierra de las Cruces, que separa el Valle de M\u00e9xico del Valle de Toluca. Esta actividad s\u00edsmica ha aumentado desde mayo pasado, especialmente en las alcald\u00edas \u00c1lvaro Obreg\u00f3n, Benito Ju\u00e1rez y Miguel Hidalgo, pero tambi\u00e9n se han registrado en otras zonas de la ciudad. Bello advierte que esta actividad continuar\u00e1 y destaca la importancia de estar preparados para posibles futuros sismos.","og_url":"https:\/\/canal7slp.tv\/2023\/alerta-por-aumento-de-microsismos-en-cdmx\/","og_site_name":"Canal 7 SLP - 2023","article_publisher":"https:\/\/www.facebook.com\/noticieroscanalsiete","article_published_time":"2023-12-15T23:52:42+00:00","og_image":[{"width":977,"height":595,"url":"https:\/\/canal7slp.tv\/2023\/wp-content\/uploads\/2023\/12\/05-2.jpeg","type":"image\/jpeg"}],"author":"Edici\u00f3n Web","twitter_card":"summary_large_image","twitter_creator":"@NOTICIEROS7","twitter_site":"@NOTICIEROS7","twitter_misc":{"Escrito por":"Edici\u00f3n Web","Tiempo de lectura":"1 minuto"},"schema":{"@context":"https:\/\/schema.org","@graph":[{"@type":"Article","@id":"https:\/\/canal7slp.tv\/2023\/alerta-por-aumento-de-microsismos-en-cdmx\/#article","isPartOf":{"@id":"https:\/\/canal7slp.tv\/2023\/alerta-por-aumento-de-microsismos-en-cdmx\/"},"author":{"name":"Edici\u00f3n Web","@id":"https:\/\/canal7slp.tv\/2023\/#\/schema\/person\/639c424e3584069003b11ae813915da6"},"headline":"Alerta por aumento de microsismos en CDMX","datePublished":"2023-12-15T23:52:42+00:00","mainEntityOfPage":{"@id":"https:\/\/canal7slp.tv\/2023\/alerta-por-aumento-de-microsismos-en-cdmx\/"},"wordCount":109,"publisher":{"@id":"https:\/\/canal7slp.tv\/2023\/#organization"},"image":{"@id":"https:\/\/canal7slp.tv\/2023\/alerta-por-aumento-de-microsismos-en-cdmx\/#primaryimage"},"thumbnailUrl":"https:\/\/canal7slp.tv\/2023\/wp-content\/uploads\/2023\/12\/05-2.jpeg","articleSection":["NACIONALES"],"inLanguage":"es"},{"@type":"WebPage","@id":"https:\/\/canal7slp.tv\/2023\/alerta-por-aumento-de-microsismos-en-cdmx\/","url":"https:\/\/canal7slp.tv\/2023\/alerta-por-aumento-de-microsismos-en-cdmx\/","name":"Alerta por aumento de microsismos en CDMX - Canal 7 SLP - 2023","isPartOf":{"@id":"https:\/\/canal7slp.tv\/2023\/#website"},"primaryImageOfPage":{"@id":"https:\/\/canal7slp.tv\/2023\/alerta-por-aumento-de-microsismos-en-cdmx\/#primaryimage"},"image":{"@id":"https:\/\/canal7slp.tv\/2023\/alerta-por-aumento-de-microsismos-en-cdmx\/#primaryimage"},"thumbnailUrl":"https:\/\/canal7slp.tv\/2023\/wp-content\/uploads\/2023\/12\/05-2.jpeg","datePublished":"2023-12-15T23:52:42+00:00","breadcrumb":{"@id":"https:\/\/canal7slp.tv\/2023\/alerta-por-aumento-de-microsismos-en-cdmx\/#breadcrumb"},"inLanguage":"es","potentialAction":[{"@type":"ReadAction","target":["https:\/\/canal7slp.tv\/2023\/alerta-por-aumento-de-microsismos-en-cdmx\/"]}]},{"@type":"ImageObject","inLanguage":"es","@id":"https:\/\/canal7slp.tv\/2023\/alerta-por-aumento-de-microsismos-en-cdmx\/#primaryimage","url":"https:\/\/canal7slp.tv\/2023\/wp-content\/uploads\/2023\/12\/05-2.jpeg","contentUrl":"https:\/\/canal7slp.tv\/2023\/wp-content\/uploads\/2023\/12\/05-2.jpeg","width":977,"height":595},{"@type":"BreadcrumbList","@id":"https:\/\/canal7slp.tv\/2023\/alerta-por-aumento-de-microsismos-en-cdmx\/#breadcrumb","itemListElement":[{"@type":"ListItem","position":1,"name":"Portada","item":"https:\/\/canal7slp.tv\/2023\/"},{"@type":"ListItem","position":2,"name":"Alerta por aumento de microsismos en CDMX"}]},{"@type":"WebSite","@id":"https:\/\/canal7slp.tv\/2023\/#website","url":"https:\/\/canal7slp.tv\/2023\/","name":"N7 - Noticieros Canal 7","description":"Somos Televisi\u00f3n","publisher":{"@id":"https:\/\/canal7slp.tv\/2023\/#organization"},"potentialAction":[{"@type":"SearchAction","target":{"@type":"EntryPoint","urlTemplate":"https:\/\/canal7slp.tv\/2023\/?s={search_term_string}"},"query-input":{"@type":"PropertyValueSpecification","valueRequired":true,"valueName":"search_term_string"}}],"inLanguage":"es"},{"@type":"Organization","@id":"https:\/\/canal7slp.tv\/2023\/#organization","name":"Noticieros Canal 7","url":"https:\/\/canal7slp.tv\/2023\/","logo":{"@type":"ImageObject","inLanguage":"es","@id":"https:\/\/canal7slp.tv\/2023\/#\/schema\/logo\/image\/","url":"https:\/\/canal7slp.tv\/2023\/wp-content\/uploads\/2021\/01\/logo-noticieros@2x.png","contentUrl":"https:\/\/canal7slp.tv\/2023\/wp-content\/uploads\/2021\/01\/logo-noticieros@2x.png","width":1017,"height":268,"caption":"Noticieros Canal 7"},"image":{"@id":"https:\/\/canal7slp.tv\/2023\/#\/schema\/logo\/image\/"},"sameAs":["https:\/\/www.facebook.com\/noticieroscanalsiete","https:\/\/x.com\/NOTICIEROS7","https:\/\/www.instagram.com\/canal7_slp","https:\/\/www.youtube.com\/channel\/UCliiYs-gP3JfJeqdPrNdd5A"]},{"@type":"Person","@id":"https:\/\/canal7slp.tv\/2023\/#\/schema\/person\/639c424e3584069003b11ae813915da6","name":"Edici\u00f3n Web","image":{"@type":"ImageObject","inLanguage":"es","@id":"https:\/\/secure.gravatar.com\/avatar\/eee448fc3f7164808013b816ba91ac7e43bbe82a70bebac296f8bc6f0addaa1a?s=96&d=mm&r=g","url":"https:\/\/secure.gravatar.com\/avatar\/eee448fc3f7164808013b816ba91ac7e43bbe82a70bebac296f8bc6f0addaa1a?s=96&d=mm&r=g","contentUrl":"https:\/\/secure.gravatar.com\/avatar\/eee448fc3f7164808013b816ba91ac7e43bbe82a70bebac296f8bc6f0addaa1a?s=96&d=mm&r=g","caption":"Edici\u00f3n Web"},"url":"https:\/\/canal7slp.tv\/2023\/author\/edicionweb\/"}]}},"_links":{"self":[{"href":"https:\/\/canal7slp.tv\/2023\/wp-json\/wp\/v2\/posts\/116004","targetHints":{"allow":["GET"]}}],"collection":[{"href":"https:\/\/canal7slp.tv\/2023\/wp-json\/wp\/v2\/posts"}],"about":[{"href":"https:\/\/canal7slp.tv\/2023\/wp-json\/wp\/v2\/types\/post"}],"author":[{"embeddable":true,"href":"https:\/\/canal7slp.tv\/2023\/wp-json\/wp\/v2\/users\/2"}],"replies":[{"embeddable":true,"href":"https:\/\/canal7slp.tv\/2023\/wp-json\/wp\/v2\/comments?post=116004"}],"version-history":[{"count":3,"href":"https:\/\/canal7slp.tv\/2023\/wp-json\/wp\/v2\/posts\/116004\/revisions"}],"predecessor-version":[{"id":116066,"href":"https:\/\/canal7slp.tv\/2023\/wp-json\/wp\/v2\/posts\/116004\/revisions\/116066"}],"wp:featuredmedia":[{"embeddable":true,"href":"https:\/\/canal7slp.tv\/2023\/wp-json\/wp\/v2\/media\/116021"}],"wp:attachment":[{"href":"https:\/\/canal7slp.tv\/2023\/wp-json\/wp\/v2\/media?parent=116004"}],"wp:term":[{"taxonomy":"category","embeddable":true,"href":"https:\/\/canal7slp.tv\/2023\/wp-json\/wp\/v2\/categories?post=116004"},{"taxonomy":"post_tag","embeddable":true,"href":"https:\/\/canal7slp.tv\/2023\/wp-json\/wp\/v2\/tags?post=116004"}],"curies":[{"name":"wp","href":"https:\/\/api.w.org\/{rel}","templated":true}]}}