{"id":116001,"date":"2023-12-15T17:45:28","date_gmt":"2023-12-15T23:45:28","guid":{"rendered":"https:\/\/canal7slp.tv\/2023\/?p=116001"},"modified":"2023-12-15T17:45:28","modified_gmt":"2023-12-15T23:45:28","slug":"defensa-busca-que-emilio-lozoya-deje-reclusorio-tras-dos-anos-sin-sentencia","status":"publish","type":"post","link":"https:\/\/canal7slp.tv\/2023\/defensa-busca-que-emilio-lozoya-deje-reclusorio-tras-dos-anos-sin-sentencia\/","title":{"rendered":"Defensa busca que Emilio Lozoya deje reclusorio tras dos a\u00f1os sin sentencia"},"content":{"rendered":"<p style=\"text-align: justify;\">Ciudad de M\u00e9xico.- Este viernes, en el Reclusorio Norte de la Ciudad de M\u00e9xico, se lleva a cabo una audiencia para revisar la prisi\u00f3n preventiva justificada impuesta al exdirector de Petr\u00f3leos Mexicanos (Pemex), Emilio Lozoya Austin, en relaci\u00f3n al caso Odebrecht.<\/p>\n<p style=\"text-align: justify;\">El abogado de Lozoya, Miguel Ontiveros, ha solicitado el cambio de la medida cautelar y la imposici\u00f3n del uso de un brazalete electr\u00f3nico para su cliente.<\/p>\n<p style=\"text-align: justify;\">\u00a0Ontiveros expres\u00f3 su confianza en que el juez acceda a esta modificaci\u00f3n, argumentando que la prisi\u00f3n preventiva es ileg\u00edtima y que Lozoya deber\u00eda haber estado en libertad desde su llegada a M\u00e9xico.<\/p>\n","protected":false},"excerpt":{"rendered":"<p>Ciudad de M\u00e9xico.- Este viernes, en el Reclusorio Norte de la Ciudad de M\u00e9xico, se lleva a cabo una audiencia para revisar la prisi\u00f3n preventiva justificada impuesta al exdirector de Petr\u00f3leos Mexicanos (Pemex), Emilio Lozoya Austin, en relaci\u00f3n al caso Odebrecht. El abogado de Lozoya, Miguel Ontiveros, ha solicitado el cambio de la medida cautelar y la imposici\u00f3n del uso de un brazalete electr\u00f3nico para su cliente. \u00a0Ontiveros expres\u00f3 su confianza en que el juez acceda a esta modificaci\u00f3n, argumentando que la prisi\u00f3n preventiva es ileg\u00edtima y que Lozoya deber\u00eda haber estado en libertad desde su llegada a M\u00e9xico.<\/p>\n","protected":false},"author":2,"featured_media":116018,"comment_status":"closed","ping_status":"closed","sticky":false,"template":"","format":"standard","meta":{"footnotes":""},"categories":[46],"tags":[],"class_list":["post-116001","post","type-post","status-publish","format-standard","has-post-thumbnail","hentry","category-nacional","post--single"],"yoast_head":"<!-- This site is optimized with the Yoast SEO plugin v27.5 - https:\/\/yoast.com\/product\/yoast-seo-wordpress\/ -->\n<title>Defensa busca que Emilio Lozoya deje reclusorio tras dos a\u00f1os sin sentencia - Canal 7 SLP - 2023<\/title>\n<meta name=\"robots\" content=\"index, follow, max-snippet:-1, max-image-preview:large, max-video-preview:-1\" \/>\n<link rel=\"canonical\" href=\"https:\/\/canal7slp.tv\/2023\/defensa-busca-que-emilio-lozoya-deje-reclusorio-tras-dos-anos-sin-sentencia\/\" \/>\n<meta property=\"og:locale\" content=\"es_ES\" \/>\n<meta property=\"og:type\" content=\"article\" \/>\n<meta property=\"og:title\" content=\"Defensa busca que Emilio Lozoya deje reclusorio tras dos a\u00f1os sin sentencia - Canal 7 SLP - 2023\" \/>\n<meta property=\"og:description\" content=\"Ciudad de M\u00e9xico.- Este viernes, en el Reclusorio Norte de la Ciudad de M\u00e9xico, se lleva a cabo una audiencia para revisar la prisi\u00f3n preventiva justificada impuesta al exdirector de Petr\u00f3leos Mexicanos (Pemex), Emilio Lozoya Austin, en relaci\u00f3n al caso Odebrecht. El abogado de Lozoya, Miguel Ontiveros, ha solicitado el cambio de la medida cautelar y la imposici\u00f3n del uso de un brazalete electr\u00f3nico para su cliente. \u00a0Ontiveros expres\u00f3 su confianza en que el juez acceda a esta modificaci\u00f3n, argumentando que la prisi\u00f3n preventiva es ileg\u00edtima y que Lozoya deber\u00eda haber estado en libertad desde su llegada a M\u00e9xico.\" \/>\n<meta property=\"og:url\" content=\"https:\/\/canal7slp.tv\/2023\/defensa-busca-que-emilio-lozoya-deje-reclusorio-tras-dos-anos-sin-sentencia\/\" \/>\n<meta property=\"og:site_name\" content=\"Canal 7 SLP - 2023\" \/>\n<meta property=\"article:publisher\" content=\"https:\/\/www.facebook.com\/noticieroscanalsiete\" \/>\n<meta property=\"article:published_time\" content=\"2023-12-15T23:45:28+00:00\" \/>\n<meta property=\"og:image\" content=\"https:\/\/canal7slp.tv\/2023\/wp-content\/uploads\/2023\/12\/02-3.jpeg\" \/>\n\t<meta property=\"og:image:width\" content=\"1280\" \/>\n\t<meta property=\"og:image:height\" content=\"720\" \/>\n\t<meta property=\"og:image:type\" content=\"image\/jpeg\" \/>\n<meta name=\"author\" content=\"Edici\u00f3n Web\" \/>\n<meta name=\"twitter:card\" content=\"summary_large_image\" \/>\n<meta name=\"twitter:creator\" content=\"@NOTICIEROS7\" \/>\n<meta name=\"twitter:site\" content=\"@NOTICIEROS7\" \/>\n<meta name=\"twitter:label1\" content=\"Escrito por\" \/>\n\t<meta name=\"twitter:data1\" content=\"Edici\u00f3n Web\" \/>\n\t<meta name=\"twitter:label2\" content=\"Tiempo de lectura\" \/>\n\t<meta name=\"twitter:data2\" content=\"1 minuto\" \/>\n<script type=\"application\/ld+json\" class=\"yoast-schema-graph\">{\"@context\":\"https:\\\/\\\/schema.org\",\"@graph\":[{\"@type\":\"Article\",\"@id\":\"https:\\\/\\\/canal7slp.tv\\\/2023\\\/defensa-busca-que-emilio-lozoya-deje-reclusorio-tras-dos-anos-sin-sentencia\\\/#article\",\"isPartOf\":{\"@id\":\"https:\\\/\\\/canal7slp.tv\\\/2023\\\/defensa-busca-que-emilio-lozoya-deje-reclusorio-tras-dos-anos-sin-sentencia\\\/\"},\"author\":{\"name\":\"Edici\u00f3n Web\",\"@id\":\"https:\\\/\\\/canal7slp.tv\\\/2023\\\/#\\\/schema\\\/person\\\/639c424e3584069003b11ae813915da6\"},\"headline\":\"Defensa busca que Emilio Lozoya deje reclusorio tras dos a\u00f1os sin sentencia\",\"datePublished\":\"2023-12-15T23:45:28+00:00\",\"mainEntityOfPage\":{\"@id\":\"https:\\\/\\\/canal7slp.tv\\\/2023\\\/defensa-busca-que-emilio-lozoya-deje-reclusorio-tras-dos-anos-sin-sentencia\\\/\"},\"wordCount\":125,\"publisher\":{\"@id\":\"https:\\\/\\\/canal7slp.tv\\\/2023\\\/#organization\"},\"image\":{\"@id\":\"https:\\\/\\\/canal7slp.tv\\\/2023\\\/defensa-busca-que-emilio-lozoya-deje-reclusorio-tras-dos-anos-sin-sentencia\\\/#primaryimage\"},\"thumbnailUrl\":\"https:\\\/\\\/canal7slp.tv\\\/2023\\\/wp-content\\\/uploads\\\/2023\\\/12\\\/02-3.jpeg\",\"articleSection\":[\"NACIONALES\"],\"inLanguage\":\"es\"},{\"@type\":\"WebPage\",\"@id\":\"https:\\\/\\\/canal7slp.tv\\\/2023\\\/defensa-busca-que-emilio-lozoya-deje-reclusorio-tras-dos-anos-sin-sentencia\\\/\",\"url\":\"https:\\\/\\\/canal7slp.tv\\\/2023\\\/defensa-busca-que-emilio-lozoya-deje-reclusorio-tras-dos-anos-sin-sentencia\\\/\",\"name\":\"Defensa busca que Emilio Lozoya deje reclusorio tras dos a\u00f1os sin sentencia - Canal 7 SLP - 2023\",\"isPartOf\":{\"@id\":\"https:\\\/\\\/canal7slp.tv\\\/2023\\\/#website\"},\"primaryImageOfPage\":{\"@id\":\"https:\\\/\\\/canal7slp.tv\\\/2023\\\/defensa-busca-que-emilio-lozoya-deje-reclusorio-tras-dos-anos-sin-sentencia\\\/#primaryimage\"},\"image\":{\"@id\":\"https:\\\/\\\/canal7slp.tv\\\/2023\\\/defensa-busca-que-emilio-lozoya-deje-reclusorio-tras-dos-anos-sin-sentencia\\\/#primaryimage\"},\"thumbnailUrl\":\"https:\\\/\\\/canal7slp.tv\\\/2023\\\/wp-content\\\/uploads\\\/2023\\\/12\\\/02-3.jpeg\",\"datePublished\":\"2023-12-15T23:45:28+00:00\",\"breadcrumb\":{\"@id\":\"https:\\\/\\\/canal7slp.tv\\\/2023\\\/defensa-busca-que-emilio-lozoya-deje-reclusorio-tras-dos-anos-sin-sentencia\\\/#breadcrumb\"},\"inLanguage\":\"es\",\"potentialAction\":[{\"@type\":\"ReadAction\",\"target\":[\"https:\\\/\\\/canal7slp.tv\\\/2023\\\/defensa-busca-que-emilio-lozoya-deje-reclusorio-tras-dos-anos-sin-sentencia\\\/\"]}]},{\"@type\":\"ImageObject\",\"inLanguage\":\"es\",\"@id\":\"https:\\\/\\\/canal7slp.tv\\\/2023\\\/defensa-busca-que-emilio-lozoya-deje-reclusorio-tras-dos-anos-sin-sentencia\\\/#primaryimage\",\"url\":\"https:\\\/\\\/canal7slp.tv\\\/2023\\\/wp-content\\\/uploads\\\/2023\\\/12\\\/02-3.jpeg\",\"contentUrl\":\"https:\\\/\\\/canal7slp.tv\\\/2023\\\/wp-content\\\/uploads\\\/2023\\\/12\\\/02-3.jpeg\",\"width\":1280,\"height\":720},{\"@type\":\"BreadcrumbList\",\"@id\":\"https:\\\/\\\/canal7slp.tv\\\/2023\\\/defensa-busca-que-emilio-lozoya-deje-reclusorio-tras-dos-anos-sin-sentencia\\\/#breadcrumb\",\"itemListElement\":[{\"@type\":\"ListItem\",\"position\":1,\"name\":\"Portada\",\"item\":\"https:\\\/\\\/canal7slp.tv\\\/2023\\\/\"},{\"@type\":\"ListItem\",\"position\":2,\"name\":\"Defensa busca que Emilio Lozoya deje reclusorio tras dos a\u00f1os sin sentencia\"}]},{\"@type\":\"WebSite\",\"@id\":\"https:\\\/\\\/canal7slp.tv\\\/2023\\\/#website\",\"url\":\"https:\\\/\\\/canal7slp.tv\\\/2023\\\/\",\"name\":\"N7 - Noticieros Canal 7\",\"description\":\"Somos Televisi\u00f3n\",\"publisher\":{\"@id\":\"https:\\\/\\\/canal7slp.tv\\\/2023\\\/#organization\"},\"potentialAction\":[{\"@type\":\"SearchAction\",\"target\":{\"@type\":\"EntryPoint\",\"urlTemplate\":\"https:\\\/\\\/canal7slp.tv\\\/2023\\\/?s={search_term_string}\"},\"query-input\":{\"@type\":\"PropertyValueSpecification\",\"valueRequired\":true,\"valueName\":\"search_term_string\"}}],\"inLanguage\":\"es\"},{\"@type\":\"Organization\",\"@id\":\"https:\\\/\\\/canal7slp.tv\\\/2023\\\/#organization\",\"name\":\"Noticieros Canal 7\",\"url\":\"https:\\\/\\\/canal7slp.tv\\\/2023\\\/\",\"logo\":{\"@type\":\"ImageObject\",\"inLanguage\":\"es\",\"@id\":\"https:\\\/\\\/canal7slp.tv\\\/2023\\\/#\\\/schema\\\/logo\\\/image\\\/\",\"url\":\"https:\\\/\\\/canal7slp.tv\\\/2023\\\/wp-content\\\/uploads\\\/2021\\\/01\\\/logo-noticieros@2x.png\",\"contentUrl\":\"https:\\\/\\\/canal7slp.tv\\\/2023\\\/wp-content\\\/uploads\\\/2021\\\/01\\\/logo-noticieros@2x.png\",\"width\":1017,\"height\":268,\"caption\":\"Noticieros Canal 7\"},\"image\":{\"@id\":\"https:\\\/\\\/canal7slp.tv\\\/2023\\\/#\\\/schema\\\/logo\\\/image\\\/\"},\"sameAs\":[\"https:\\\/\\\/www.facebook.com\\\/noticieroscanalsiete\",\"https:\\\/\\\/x.com\\\/NOTICIEROS7\",\"https:\\\/\\\/www.instagram.com\\\/canal7_slp\",\"https:\\\/\\\/www.youtube.com\\\/channel\\\/UCliiYs-gP3JfJeqdPrNdd5A\"]},{\"@type\":\"Person\",\"@id\":\"https:\\\/\\\/canal7slp.tv\\\/2023\\\/#\\\/schema\\\/person\\\/639c424e3584069003b11ae813915da6\",\"name\":\"Edici\u00f3n Web\",\"image\":{\"@type\":\"ImageObject\",\"inLanguage\":\"es\",\"@id\":\"https:\\\/\\\/secure.gravatar.com\\\/avatar\\\/eee448fc3f7164808013b816ba91ac7e43bbe82a70bebac296f8bc6f0addaa1a?s=96&d=mm&r=g\",\"url\":\"https:\\\/\\\/secure.gravatar.com\\\/avatar\\\/eee448fc3f7164808013b816ba91ac7e43bbe82a70bebac296f8bc6f0addaa1a?s=96&d=mm&r=g\",\"contentUrl\":\"https:\\\/\\\/secure.gravatar.com\\\/avatar\\\/eee448fc3f7164808013b816ba91ac7e43bbe82a70bebac296f8bc6f0addaa1a?s=96&d=mm&r=g\",\"caption\":\"Edici\u00f3n Web\"},\"url\":\"https:\\\/\\\/canal7slp.tv\\\/2023\\\/author\\\/edicionweb\\\/\"}]}<\/script>\n<!-- \/ Yoast SEO plugin. -->","yoast_head_json":{"title":"Defensa busca que Emilio Lozoya deje reclusorio tras dos a\u00f1os sin sentencia - Canal 7 SLP - 2023","robots":{"index":"index","follow":"follow","max-snippet":"max-snippet:-1","max-image-preview":"max-image-preview:large","max-video-preview":"max-video-preview:-1"},"canonical":"https:\/\/canal7slp.tv\/2023\/defensa-busca-que-emilio-lozoya-deje-reclusorio-tras-dos-anos-sin-sentencia\/","og_locale":"es_ES","og_type":"article","og_title":"Defensa busca que Emilio Lozoya deje reclusorio tras dos a\u00f1os sin sentencia - Canal 7 SLP - 2023","og_description":"Ciudad de M\u00e9xico.- Este viernes, en el Reclusorio Norte de la Ciudad de M\u00e9xico, se lleva a cabo una audiencia para revisar la prisi\u00f3n preventiva justificada impuesta al exdirector de Petr\u00f3leos Mexicanos (Pemex), Emilio Lozoya Austin, en relaci\u00f3n al caso Odebrecht. El abogado de Lozoya, Miguel Ontiveros, ha solicitado el cambio de la medida cautelar y la imposici\u00f3n del uso de un brazalete electr\u00f3nico para su cliente. \u00a0Ontiveros expres\u00f3 su confianza en que el juez acceda a esta modificaci\u00f3n, argumentando que la prisi\u00f3n preventiva es ileg\u00edtima y que Lozoya deber\u00eda haber estado en libertad desde su llegada a M\u00e9xico.","og_url":"https:\/\/canal7slp.tv\/2023\/defensa-busca-que-emilio-lozoya-deje-reclusorio-tras-dos-anos-sin-sentencia\/","og_site_name":"Canal 7 SLP - 2023","article_publisher":"https:\/\/www.facebook.com\/noticieroscanalsiete","article_published_time":"2023-12-15T23:45:28+00:00","og_image":[{"width":1280,"height":720,"url":"https:\/\/canal7slp.tv\/2023\/wp-content\/uploads\/2023\/12\/02-3.jpeg","type":"image\/jpeg"}],"author":"Edici\u00f3n Web","twitter_card":"summary_large_image","twitter_creator":"@NOTICIEROS7","twitter_site":"@NOTICIEROS7","twitter_misc":{"Escrito por":"Edici\u00f3n Web","Tiempo de lectura":"1 minuto"},"schema":{"@context":"https:\/\/schema.org","@graph":[{"@type":"Article","@id":"https:\/\/canal7slp.tv\/2023\/defensa-busca-que-emilio-lozoya-deje-reclusorio-tras-dos-anos-sin-sentencia\/#article","isPartOf":{"@id":"https:\/\/canal7slp.tv\/2023\/defensa-busca-que-emilio-lozoya-deje-reclusorio-tras-dos-anos-sin-sentencia\/"},"author":{"name":"Edici\u00f3n Web","@id":"https:\/\/canal7slp.tv\/2023\/#\/schema\/person\/639c424e3584069003b11ae813915da6"},"headline":"Defensa busca que Emilio Lozoya deje reclusorio tras dos a\u00f1os sin sentencia","datePublished":"2023-12-15T23:45:28+00:00","mainEntityOfPage":{"@id":"https:\/\/canal7slp.tv\/2023\/defensa-busca-que-emilio-lozoya-deje-reclusorio-tras-dos-anos-sin-sentencia\/"},"wordCount":125,"publisher":{"@id":"https:\/\/canal7slp.tv\/2023\/#organization"},"image":{"@id":"https:\/\/canal7slp.tv\/2023\/defensa-busca-que-emilio-lozoya-deje-reclusorio-tras-dos-anos-sin-sentencia\/#primaryimage"},"thumbnailUrl":"https:\/\/canal7slp.tv\/2023\/wp-content\/uploads\/2023\/12\/02-3.jpeg","articleSection":["NACIONALES"],"inLanguage":"es"},{"@type":"WebPage","@id":"https:\/\/canal7slp.tv\/2023\/defensa-busca-que-emilio-lozoya-deje-reclusorio-tras-dos-anos-sin-sentencia\/","url":"https:\/\/canal7slp.tv\/2023\/defensa-busca-que-emilio-lozoya-deje-reclusorio-tras-dos-anos-sin-sentencia\/","name":"Defensa busca que Emilio Lozoya deje reclusorio tras dos a\u00f1os sin sentencia - Canal 7 SLP - 2023","isPartOf":{"@id":"https:\/\/canal7slp.tv\/2023\/#website"},"primaryImageOfPage":{"@id":"https:\/\/canal7slp.tv\/2023\/defensa-busca-que-emilio-lozoya-deje-reclusorio-tras-dos-anos-sin-sentencia\/#primaryimage"},"image":{"@id":"https:\/\/canal7slp.tv\/2023\/defensa-busca-que-emilio-lozoya-deje-reclusorio-tras-dos-anos-sin-sentencia\/#primaryimage"},"thumbnailUrl":"https:\/\/canal7slp.tv\/2023\/wp-content\/uploads\/2023\/12\/02-3.jpeg","datePublished":"2023-12-15T23:45:28+00:00","breadcrumb":{"@id":"https:\/\/canal7slp.tv\/2023\/defensa-busca-que-emilio-lozoya-deje-reclusorio-tras-dos-anos-sin-sentencia\/#breadcrumb"},"inLanguage":"es","potentialAction":[{"@type":"ReadAction","target":["https:\/\/canal7slp.tv\/2023\/defensa-busca-que-emilio-lozoya-deje-reclusorio-tras-dos-anos-sin-sentencia\/"]}]},{"@type":"ImageObject","inLanguage":"es","@id":"https:\/\/canal7slp.tv\/2023\/defensa-busca-que-emilio-lozoya-deje-reclusorio-tras-dos-anos-sin-sentencia\/#primaryimage","url":"https:\/\/canal7slp.tv\/2023\/wp-content\/uploads\/2023\/12\/02-3.jpeg","contentUrl":"https:\/\/canal7slp.tv\/2023\/wp-content\/uploads\/2023\/12\/02-3.jpeg","width":1280,"height":720},{"@type":"BreadcrumbList","@id":"https:\/\/canal7slp.tv\/2023\/defensa-busca-que-emilio-lozoya-deje-reclusorio-tras-dos-anos-sin-sentencia\/#breadcrumb","itemListElement":[{"@type":"ListItem","position":1,"name":"Portada","item":"https:\/\/canal7slp.tv\/2023\/"},{"@type":"ListItem","position":2,"name":"Defensa busca que Emilio Lozoya deje reclusorio tras dos a\u00f1os sin sentencia"}]},{"@type":"WebSite","@id":"https:\/\/canal7slp.tv\/2023\/#website","url":"https:\/\/canal7slp.tv\/2023\/","name":"N7 - Noticieros Canal 7","description":"Somos Televisi\u00f3n","publisher":{"@id":"https:\/\/canal7slp.tv\/2023\/#organization"},"potentialAction":[{"@type":"SearchAction","target":{"@type":"EntryPoint","urlTemplate":"https:\/\/canal7slp.tv\/2023\/?s={search_term_string}"},"query-input":{"@type":"PropertyValueSpecification","valueRequired":true,"valueName":"search_term_string"}}],"inLanguage":"es"},{"@type":"Organization","@id":"https:\/\/canal7slp.tv\/2023\/#organization","name":"Noticieros Canal 7","url":"https:\/\/canal7slp.tv\/2023\/","logo":{"@type":"ImageObject","inLanguage":"es","@id":"https:\/\/canal7slp.tv\/2023\/#\/schema\/logo\/image\/","url":"https:\/\/canal7slp.tv\/2023\/wp-content\/uploads\/2021\/01\/logo-noticieros@2x.png","contentUrl":"https:\/\/canal7slp.tv\/2023\/wp-content\/uploads\/2021\/01\/logo-noticieros@2x.png","width":1017,"height":268,"caption":"Noticieros Canal 7"},"image":{"@id":"https:\/\/canal7slp.tv\/2023\/#\/schema\/logo\/image\/"},"sameAs":["https:\/\/www.facebook.com\/noticieroscanalsiete","https:\/\/x.com\/NOTICIEROS7","https:\/\/www.instagram.com\/canal7_slp","https:\/\/www.youtube.com\/channel\/UCliiYs-gP3JfJeqdPrNdd5A"]},{"@type":"Person","@id":"https:\/\/canal7slp.tv\/2023\/#\/schema\/person\/639c424e3584069003b11ae813915da6","name":"Edici\u00f3n Web","image":{"@type":"ImageObject","inLanguage":"es","@id":"https:\/\/secure.gravatar.com\/avatar\/eee448fc3f7164808013b816ba91ac7e43bbe82a70bebac296f8bc6f0addaa1a?s=96&d=mm&r=g","url":"https:\/\/secure.gravatar.com\/avatar\/eee448fc3f7164808013b816ba91ac7e43bbe82a70bebac296f8bc6f0addaa1a?s=96&d=mm&r=g","contentUrl":"https:\/\/secure.gravatar.com\/avatar\/eee448fc3f7164808013b816ba91ac7e43bbe82a70bebac296f8bc6f0addaa1a?s=96&d=mm&r=g","caption":"Edici\u00f3n Web"},"url":"https:\/\/canal7slp.tv\/2023\/author\/edicionweb\/"}]}},"_links":{"self":[{"href":"https:\/\/canal7slp.tv\/2023\/wp-json\/wp\/v2\/posts\/116001","targetHints":{"allow":["GET"]}}],"collection":[{"href":"https:\/\/canal7slp.tv\/2023\/wp-json\/wp\/v2\/posts"}],"about":[{"href":"https:\/\/canal7slp.tv\/2023\/wp-json\/wp\/v2\/types\/post"}],"author":[{"embeddable":true,"href":"https:\/\/canal7slp.tv\/2023\/wp-json\/wp\/v2\/users\/2"}],"replies":[{"embeddable":true,"href":"https:\/\/canal7slp.tv\/2023\/wp-json\/wp\/v2\/comments?post=116001"}],"version-history":[{"count":3,"href":"https:\/\/canal7slp.tv\/2023\/wp-json\/wp\/v2\/posts\/116001\/revisions"}],"predecessor-version":[{"id":116063,"href":"https:\/\/canal7slp.tv\/2023\/wp-json\/wp\/v2\/posts\/116001\/revisions\/116063"}],"wp:featuredmedia":[{"embeddable":true,"href":"https:\/\/canal7slp.tv\/2023\/wp-json\/wp\/v2\/media\/116018"}],"wp:attachment":[{"href":"https:\/\/canal7slp.tv\/2023\/wp-json\/wp\/v2\/media?parent=116001"}],"wp:term":[{"taxonomy":"category","embeddable":true,"href":"https:\/\/canal7slp.tv\/2023\/wp-json\/wp\/v2\/categories?post=116001"},{"taxonomy":"post_tag","embeddable":true,"href":"https:\/\/canal7slp.tv\/2023\/wp-json\/wp\/v2\/tags?post=116001"}],"curies":[{"name":"wp","href":"https:\/\/api.w.org\/{rel}","templated":true}]}}