{"id":115906,"date":"2023-12-14T16:14:50","date_gmt":"2023-12-14T22:14:50","guid":{"rendered":"https:\/\/canal7slp.tv\/2023\/?p=115906"},"modified":"2023-12-15T16:18:33","modified_gmt":"2023-12-15T22:18:33","slug":"45-periodistas-asesinados-521-encarcelados-y-54-secuestrados-en-2023-rsf","status":"publish","type":"post","link":"https:\/\/canal7slp.tv\/2023\/45-periodistas-asesinados-521-encarcelados-y-54-secuestrados-en-2023-rsf\/","title":{"rendered":"45 periodistas asesinados, 521 encarcelados y 54 secuestrados en 2023: RSF"},"content":{"rendered":"<p style=\"text-align: justify;\">Paris.- Seg\u00fan el balance anual presentado por Reporteros Sin Fronteras (RSF), un total de 45 periodistas han sido asesinados, 521 encarcelados y 54 secuestrados en lo que va de 2023.<\/p>\n<p style=\"text-align: justify;\">El informe destaca que la ca\u00edda en el n\u00famero de periodistas asesinados puede explicarse parcialmente por la mejora en la seguridad de los reporteros en ciertas zonas, pero m\u00e1s de la mitad de los asesinatos ocurrieron en zonas de conflicto.<\/p>\n<p style=\"text-align: justify;\">Adem\u00e1s, se\u00f1ala que China, Birmania, Bielorrusia y Vietnam son los pa\u00edses con m\u00e1s alto riesgo de encarcelamiento para periodistas, con China manteni\u00e9ndose como la mayor c\u00e1rcel del mundo para los periodistas.<\/p>\n<p style=\"text-align: justify;\">Por otro lado, el n\u00famero de periodistas secuestrados en 2023 es el m\u00e1s bajo registrado desde 2017, pero a\u00fan existen 84 periodistas desaparecidos en el mundo, con M\u00e9xico superando la barrera de los 30 desaparecidos.<\/p>\n","protected":false},"excerpt":{"rendered":"<p>Paris.- Seg\u00fan el balance anual presentado por Reporteros Sin Fronteras (RSF), un total de 45 periodistas han sido asesinados, 521 encarcelados y 54 secuestrados en lo que va de 2023. El informe destaca que la ca\u00edda en el n\u00famero de periodistas asesinados puede explicarse parcialmente por la mejora en la seguridad de los reporteros en ciertas zonas, pero m\u00e1s de la mitad de los asesinatos ocurrieron en zonas de conflicto. Adem\u00e1s, se\u00f1ala que China, Birmania, Bielorrusia y Vietnam son los pa\u00edses con m\u00e1s alto riesgo de encarcelamiento para periodistas, con China manteni\u00e9ndose como la mayor c\u00e1rcel del mundo para los [&hellip;]<\/p>\n","protected":false},"author":2,"featured_media":115924,"comment_status":"closed","ping_status":"closed","sticky":false,"template":"","format":"standard","meta":{"footnotes":""},"categories":[44],"tags":[],"class_list":["post-115906","post","type-post","status-publish","format-standard","has-post-thumbnail","hentry","category-internacional","post--single"],"yoast_head":"<!-- This site is optimized with the Yoast SEO plugin v27.5 - https:\/\/yoast.com\/product\/yoast-seo-wordpress\/ -->\n<title>45 periodistas asesinados, 521 encarcelados y 54 secuestrados en 2023: RSF - Canal 7 SLP - 2023<\/title>\n<meta name=\"robots\" content=\"index, follow, max-snippet:-1, max-image-preview:large, max-video-preview:-1\" \/>\n<link rel=\"canonical\" href=\"https:\/\/canal7slp.tv\/2023\/45-periodistas-asesinados-521-encarcelados-y-54-secuestrados-en-2023-rsf\/\" \/>\n<meta property=\"og:locale\" content=\"es_ES\" \/>\n<meta property=\"og:type\" content=\"article\" \/>\n<meta property=\"og:title\" content=\"45 periodistas asesinados, 521 encarcelados y 54 secuestrados en 2023: RSF - Canal 7 SLP - 2023\" \/>\n<meta property=\"og:description\" content=\"Paris.- Seg\u00fan el balance anual presentado por Reporteros Sin Fronteras (RSF), un total de 45 periodistas han sido asesinados, 521 encarcelados y 54 secuestrados en lo que va de 2023. El informe destaca que la ca\u00edda en el n\u00famero de periodistas asesinados puede explicarse parcialmente por la mejora en la seguridad de los reporteros en ciertas zonas, pero m\u00e1s de la mitad de los asesinatos ocurrieron en zonas de conflicto. Adem\u00e1s, se\u00f1ala que China, Birmania, Bielorrusia y Vietnam son los pa\u00edses con m\u00e1s alto riesgo de encarcelamiento para periodistas, con China manteni\u00e9ndose como la mayor c\u00e1rcel del mundo para los [&hellip;]\" \/>\n<meta property=\"og:url\" content=\"https:\/\/canal7slp.tv\/2023\/45-periodistas-asesinados-521-encarcelados-y-54-secuestrados-en-2023-rsf\/\" \/>\n<meta property=\"og:site_name\" content=\"Canal 7 SLP - 2023\" \/>\n<meta property=\"article:publisher\" content=\"https:\/\/www.facebook.com\/noticieroscanalsiete\" \/>\n<meta property=\"article:published_time\" content=\"2023-12-14T22:14:50+00:00\" \/>\n<meta property=\"article:modified_time\" content=\"2023-12-15T22:18:33+00:00\" \/>\n<meta property=\"og:image\" content=\"https:\/\/canal7slp.tv\/2023\/wp-content\/uploads\/2023\/12\/03-12.jpg\" \/>\n\t<meta property=\"og:image:width\" content=\"770\" \/>\n\t<meta property=\"og:image:height\" content=\"433\" \/>\n\t<meta property=\"og:image:type\" content=\"image\/jpeg\" \/>\n<meta name=\"author\" content=\"Edici\u00f3n Web\" \/>\n<meta name=\"twitter:card\" content=\"summary_large_image\" \/>\n<meta name=\"twitter:creator\" content=\"@NOTICIEROS7\" \/>\n<meta name=\"twitter:site\" content=\"@NOTICIEROS7\" \/>\n<meta name=\"twitter:label1\" content=\"Escrito por\" \/>\n\t<meta name=\"twitter:data1\" content=\"Edici\u00f3n Web\" \/>\n\t<meta name=\"twitter:label2\" content=\"Tiempo de lectura\" \/>\n\t<meta name=\"twitter:data2\" content=\"1 minuto\" \/>\n<script type=\"application\/ld+json\" class=\"yoast-schema-graph\">{\"@context\":\"https:\\\/\\\/schema.org\",\"@graph\":[{\"@type\":\"Article\",\"@id\":\"https:\\\/\\\/canal7slp.tv\\\/2023\\\/45-periodistas-asesinados-521-encarcelados-y-54-secuestrados-en-2023-rsf\\\/#article\",\"isPartOf\":{\"@id\":\"https:\\\/\\\/canal7slp.tv\\\/2023\\\/45-periodistas-asesinados-521-encarcelados-y-54-secuestrados-en-2023-rsf\\\/\"},\"author\":{\"name\":\"Edici\u00f3n Web\",\"@id\":\"https:\\\/\\\/canal7slp.tv\\\/2023\\\/#\\\/schema\\\/person\\\/639c424e3584069003b11ae813915da6\"},\"headline\":\"45 periodistas asesinados, 521 encarcelados y 54 secuestrados en 2023: RSF\",\"datePublished\":\"2023-12-14T22:14:50+00:00\",\"dateModified\":\"2023-12-15T22:18:33+00:00\",\"mainEntityOfPage\":{\"@id\":\"https:\\\/\\\/canal7slp.tv\\\/2023\\\/45-periodistas-asesinados-521-encarcelados-y-54-secuestrados-en-2023-rsf\\\/\"},\"wordCount\":150,\"publisher\":{\"@id\":\"https:\\\/\\\/canal7slp.tv\\\/2023\\\/#organization\"},\"image\":{\"@id\":\"https:\\\/\\\/canal7slp.tv\\\/2023\\\/45-periodistas-asesinados-521-encarcelados-y-54-secuestrados-en-2023-rsf\\\/#primaryimage\"},\"thumbnailUrl\":\"https:\\\/\\\/canal7slp.tv\\\/2023\\\/wp-content\\\/uploads\\\/2023\\\/12\\\/03-12.jpg\",\"articleSection\":[\"INTERNACIONALES\"],\"inLanguage\":\"es\"},{\"@type\":\"WebPage\",\"@id\":\"https:\\\/\\\/canal7slp.tv\\\/2023\\\/45-periodistas-asesinados-521-encarcelados-y-54-secuestrados-en-2023-rsf\\\/\",\"url\":\"https:\\\/\\\/canal7slp.tv\\\/2023\\\/45-periodistas-asesinados-521-encarcelados-y-54-secuestrados-en-2023-rsf\\\/\",\"name\":\"45 periodistas asesinados, 521 encarcelados y 54 secuestrados en 2023: RSF - Canal 7 SLP - 2023\",\"isPartOf\":{\"@id\":\"https:\\\/\\\/canal7slp.tv\\\/2023\\\/#website\"},\"primaryImageOfPage\":{\"@id\":\"https:\\\/\\\/canal7slp.tv\\\/2023\\\/45-periodistas-asesinados-521-encarcelados-y-54-secuestrados-en-2023-rsf\\\/#primaryimage\"},\"image\":{\"@id\":\"https:\\\/\\\/canal7slp.tv\\\/2023\\\/45-periodistas-asesinados-521-encarcelados-y-54-secuestrados-en-2023-rsf\\\/#primaryimage\"},\"thumbnailUrl\":\"https:\\\/\\\/canal7slp.tv\\\/2023\\\/wp-content\\\/uploads\\\/2023\\\/12\\\/03-12.jpg\",\"datePublished\":\"2023-12-14T22:14:50+00:00\",\"dateModified\":\"2023-12-15T22:18:33+00:00\",\"breadcrumb\":{\"@id\":\"https:\\\/\\\/canal7slp.tv\\\/2023\\\/45-periodistas-asesinados-521-encarcelados-y-54-secuestrados-en-2023-rsf\\\/#breadcrumb\"},\"inLanguage\":\"es\",\"potentialAction\":[{\"@type\":\"ReadAction\",\"target\":[\"https:\\\/\\\/canal7slp.tv\\\/2023\\\/45-periodistas-asesinados-521-encarcelados-y-54-secuestrados-en-2023-rsf\\\/\"]}]},{\"@type\":\"ImageObject\",\"inLanguage\":\"es\",\"@id\":\"https:\\\/\\\/canal7slp.tv\\\/2023\\\/45-periodistas-asesinados-521-encarcelados-y-54-secuestrados-en-2023-rsf\\\/#primaryimage\",\"url\":\"https:\\\/\\\/canal7slp.tv\\\/2023\\\/wp-content\\\/uploads\\\/2023\\\/12\\\/03-12.jpg\",\"contentUrl\":\"https:\\\/\\\/canal7slp.tv\\\/2023\\\/wp-content\\\/uploads\\\/2023\\\/12\\\/03-12.jpg\",\"width\":770,\"height\":433},{\"@type\":\"BreadcrumbList\",\"@id\":\"https:\\\/\\\/canal7slp.tv\\\/2023\\\/45-periodistas-asesinados-521-encarcelados-y-54-secuestrados-en-2023-rsf\\\/#breadcrumb\",\"itemListElement\":[{\"@type\":\"ListItem\",\"position\":1,\"name\":\"Portada\",\"item\":\"https:\\\/\\\/canal7slp.tv\\\/2023\\\/\"},{\"@type\":\"ListItem\",\"position\":2,\"name\":\"45 periodistas asesinados, 521 encarcelados y 54 secuestrados en 2023: RSF\"}]},{\"@type\":\"WebSite\",\"@id\":\"https:\\\/\\\/canal7slp.tv\\\/2023\\\/#website\",\"url\":\"https:\\\/\\\/canal7slp.tv\\\/2023\\\/\",\"name\":\"N7 - Noticieros Canal 7\",\"description\":\"Somos Televisi\u00f3n\",\"publisher\":{\"@id\":\"https:\\\/\\\/canal7slp.tv\\\/2023\\\/#organization\"},\"potentialAction\":[{\"@type\":\"SearchAction\",\"target\":{\"@type\":\"EntryPoint\",\"urlTemplate\":\"https:\\\/\\\/canal7slp.tv\\\/2023\\\/?s={search_term_string}\"},\"query-input\":{\"@type\":\"PropertyValueSpecification\",\"valueRequired\":true,\"valueName\":\"search_term_string\"}}],\"inLanguage\":\"es\"},{\"@type\":\"Organization\",\"@id\":\"https:\\\/\\\/canal7slp.tv\\\/2023\\\/#organization\",\"name\":\"Noticieros Canal 7\",\"url\":\"https:\\\/\\\/canal7slp.tv\\\/2023\\\/\",\"logo\":{\"@type\":\"ImageObject\",\"inLanguage\":\"es\",\"@id\":\"https:\\\/\\\/canal7slp.tv\\\/2023\\\/#\\\/schema\\\/logo\\\/image\\\/\",\"url\":\"https:\\\/\\\/canal7slp.tv\\\/2023\\\/wp-content\\\/uploads\\\/2021\\\/01\\\/logo-noticieros@2x.png\",\"contentUrl\":\"https:\\\/\\\/canal7slp.tv\\\/2023\\\/wp-content\\\/uploads\\\/2021\\\/01\\\/logo-noticieros@2x.png\",\"width\":1017,\"height\":268,\"caption\":\"Noticieros Canal 7\"},\"image\":{\"@id\":\"https:\\\/\\\/canal7slp.tv\\\/2023\\\/#\\\/schema\\\/logo\\\/image\\\/\"},\"sameAs\":[\"https:\\\/\\\/www.facebook.com\\\/noticieroscanalsiete\",\"https:\\\/\\\/x.com\\\/NOTICIEROS7\",\"https:\\\/\\\/www.instagram.com\\\/canal7_slp\",\"https:\\\/\\\/www.youtube.com\\\/channel\\\/UCliiYs-gP3JfJeqdPrNdd5A\"]},{\"@type\":\"Person\",\"@id\":\"https:\\\/\\\/canal7slp.tv\\\/2023\\\/#\\\/schema\\\/person\\\/639c424e3584069003b11ae813915da6\",\"name\":\"Edici\u00f3n Web\",\"image\":{\"@type\":\"ImageObject\",\"inLanguage\":\"es\",\"@id\":\"https:\\\/\\\/secure.gravatar.com\\\/avatar\\\/eee448fc3f7164808013b816ba91ac7e43bbe82a70bebac296f8bc6f0addaa1a?s=96&d=mm&r=g\",\"url\":\"https:\\\/\\\/secure.gravatar.com\\\/avatar\\\/eee448fc3f7164808013b816ba91ac7e43bbe82a70bebac296f8bc6f0addaa1a?s=96&d=mm&r=g\",\"contentUrl\":\"https:\\\/\\\/secure.gravatar.com\\\/avatar\\\/eee448fc3f7164808013b816ba91ac7e43bbe82a70bebac296f8bc6f0addaa1a?s=96&d=mm&r=g\",\"caption\":\"Edici\u00f3n Web\"},\"url\":\"https:\\\/\\\/canal7slp.tv\\\/2023\\\/author\\\/edicionweb\\\/\"}]}<\/script>\n<!-- \/ Yoast SEO plugin. -->","yoast_head_json":{"title":"45 periodistas asesinados, 521 encarcelados y 54 secuestrados en 2023: RSF - Canal 7 SLP - 2023","robots":{"index":"index","follow":"follow","max-snippet":"max-snippet:-1","max-image-preview":"max-image-preview:large","max-video-preview":"max-video-preview:-1"},"canonical":"https:\/\/canal7slp.tv\/2023\/45-periodistas-asesinados-521-encarcelados-y-54-secuestrados-en-2023-rsf\/","og_locale":"es_ES","og_type":"article","og_title":"45 periodistas asesinados, 521 encarcelados y 54 secuestrados en 2023: RSF - Canal 7 SLP - 2023","og_description":"Paris.- Seg\u00fan el balance anual presentado por Reporteros Sin Fronteras (RSF), un total de 45 periodistas han sido asesinados, 521 encarcelados y 54 secuestrados en lo que va de 2023. El informe destaca que la ca\u00edda en el n\u00famero de periodistas asesinados puede explicarse parcialmente por la mejora en la seguridad de los reporteros en ciertas zonas, pero m\u00e1s de la mitad de los asesinatos ocurrieron en zonas de conflicto. Adem\u00e1s, se\u00f1ala que China, Birmania, Bielorrusia y Vietnam son los pa\u00edses con m\u00e1s alto riesgo de encarcelamiento para periodistas, con China manteni\u00e9ndose como la mayor c\u00e1rcel del mundo para los [&hellip;]","og_url":"https:\/\/canal7slp.tv\/2023\/45-periodistas-asesinados-521-encarcelados-y-54-secuestrados-en-2023-rsf\/","og_site_name":"Canal 7 SLP - 2023","article_publisher":"https:\/\/www.facebook.com\/noticieroscanalsiete","article_published_time":"2023-12-14T22:14:50+00:00","article_modified_time":"2023-12-15T22:18:33+00:00","og_image":[{"width":770,"height":433,"url":"https:\/\/canal7slp.tv\/2023\/wp-content\/uploads\/2023\/12\/03-12.jpg","type":"image\/jpeg"}],"author":"Edici\u00f3n Web","twitter_card":"summary_large_image","twitter_creator":"@NOTICIEROS7","twitter_site":"@NOTICIEROS7","twitter_misc":{"Escrito por":"Edici\u00f3n Web","Tiempo de lectura":"1 minuto"},"schema":{"@context":"https:\/\/schema.org","@graph":[{"@type":"Article","@id":"https:\/\/canal7slp.tv\/2023\/45-periodistas-asesinados-521-encarcelados-y-54-secuestrados-en-2023-rsf\/#article","isPartOf":{"@id":"https:\/\/canal7slp.tv\/2023\/45-periodistas-asesinados-521-encarcelados-y-54-secuestrados-en-2023-rsf\/"},"author":{"name":"Edici\u00f3n Web","@id":"https:\/\/canal7slp.tv\/2023\/#\/schema\/person\/639c424e3584069003b11ae813915da6"},"headline":"45 periodistas asesinados, 521 encarcelados y 54 secuestrados en 2023: RSF","datePublished":"2023-12-14T22:14:50+00:00","dateModified":"2023-12-15T22:18:33+00:00","mainEntityOfPage":{"@id":"https:\/\/canal7slp.tv\/2023\/45-periodistas-asesinados-521-encarcelados-y-54-secuestrados-en-2023-rsf\/"},"wordCount":150,"publisher":{"@id":"https:\/\/canal7slp.tv\/2023\/#organization"},"image":{"@id":"https:\/\/canal7slp.tv\/2023\/45-periodistas-asesinados-521-encarcelados-y-54-secuestrados-en-2023-rsf\/#primaryimage"},"thumbnailUrl":"https:\/\/canal7slp.tv\/2023\/wp-content\/uploads\/2023\/12\/03-12.jpg","articleSection":["INTERNACIONALES"],"inLanguage":"es"},{"@type":"WebPage","@id":"https:\/\/canal7slp.tv\/2023\/45-periodistas-asesinados-521-encarcelados-y-54-secuestrados-en-2023-rsf\/","url":"https:\/\/canal7slp.tv\/2023\/45-periodistas-asesinados-521-encarcelados-y-54-secuestrados-en-2023-rsf\/","name":"45 periodistas asesinados, 521 encarcelados y 54 secuestrados en 2023: RSF - Canal 7 SLP - 2023","isPartOf":{"@id":"https:\/\/canal7slp.tv\/2023\/#website"},"primaryImageOfPage":{"@id":"https:\/\/canal7slp.tv\/2023\/45-periodistas-asesinados-521-encarcelados-y-54-secuestrados-en-2023-rsf\/#primaryimage"},"image":{"@id":"https:\/\/canal7slp.tv\/2023\/45-periodistas-asesinados-521-encarcelados-y-54-secuestrados-en-2023-rsf\/#primaryimage"},"thumbnailUrl":"https:\/\/canal7slp.tv\/2023\/wp-content\/uploads\/2023\/12\/03-12.jpg","datePublished":"2023-12-14T22:14:50+00:00","dateModified":"2023-12-15T22:18:33+00:00","breadcrumb":{"@id":"https:\/\/canal7slp.tv\/2023\/45-periodistas-asesinados-521-encarcelados-y-54-secuestrados-en-2023-rsf\/#breadcrumb"},"inLanguage":"es","potentialAction":[{"@type":"ReadAction","target":["https:\/\/canal7slp.tv\/2023\/45-periodistas-asesinados-521-encarcelados-y-54-secuestrados-en-2023-rsf\/"]}]},{"@type":"ImageObject","inLanguage":"es","@id":"https:\/\/canal7slp.tv\/2023\/45-periodistas-asesinados-521-encarcelados-y-54-secuestrados-en-2023-rsf\/#primaryimage","url":"https:\/\/canal7slp.tv\/2023\/wp-content\/uploads\/2023\/12\/03-12.jpg","contentUrl":"https:\/\/canal7slp.tv\/2023\/wp-content\/uploads\/2023\/12\/03-12.jpg","width":770,"height":433},{"@type":"BreadcrumbList","@id":"https:\/\/canal7slp.tv\/2023\/45-periodistas-asesinados-521-encarcelados-y-54-secuestrados-en-2023-rsf\/#breadcrumb","itemListElement":[{"@type":"ListItem","position":1,"name":"Portada","item":"https:\/\/canal7slp.tv\/2023\/"},{"@type":"ListItem","position":2,"name":"45 periodistas asesinados, 521 encarcelados y 54 secuestrados en 2023: RSF"}]},{"@type":"WebSite","@id":"https:\/\/canal7slp.tv\/2023\/#website","url":"https:\/\/canal7slp.tv\/2023\/","name":"N7 - Noticieros Canal 7","description":"Somos Televisi\u00f3n","publisher":{"@id":"https:\/\/canal7slp.tv\/2023\/#organization"},"potentialAction":[{"@type":"SearchAction","target":{"@type":"EntryPoint","urlTemplate":"https:\/\/canal7slp.tv\/2023\/?s={search_term_string}"},"query-input":{"@type":"PropertyValueSpecification","valueRequired":true,"valueName":"search_term_string"}}],"inLanguage":"es"},{"@type":"Organization","@id":"https:\/\/canal7slp.tv\/2023\/#organization","name":"Noticieros Canal 7","url":"https:\/\/canal7slp.tv\/2023\/","logo":{"@type":"ImageObject","inLanguage":"es","@id":"https:\/\/canal7slp.tv\/2023\/#\/schema\/logo\/image\/","url":"https:\/\/canal7slp.tv\/2023\/wp-content\/uploads\/2021\/01\/logo-noticieros@2x.png","contentUrl":"https:\/\/canal7slp.tv\/2023\/wp-content\/uploads\/2021\/01\/logo-noticieros@2x.png","width":1017,"height":268,"caption":"Noticieros Canal 7"},"image":{"@id":"https:\/\/canal7slp.tv\/2023\/#\/schema\/logo\/image\/"},"sameAs":["https:\/\/www.facebook.com\/noticieroscanalsiete","https:\/\/x.com\/NOTICIEROS7","https:\/\/www.instagram.com\/canal7_slp","https:\/\/www.youtube.com\/channel\/UCliiYs-gP3JfJeqdPrNdd5A"]},{"@type":"Person","@id":"https:\/\/canal7slp.tv\/2023\/#\/schema\/person\/639c424e3584069003b11ae813915da6","name":"Edici\u00f3n Web","image":{"@type":"ImageObject","inLanguage":"es","@id":"https:\/\/secure.gravatar.com\/avatar\/eee448fc3f7164808013b816ba91ac7e43bbe82a70bebac296f8bc6f0addaa1a?s=96&d=mm&r=g","url":"https:\/\/secure.gravatar.com\/avatar\/eee448fc3f7164808013b816ba91ac7e43bbe82a70bebac296f8bc6f0addaa1a?s=96&d=mm&r=g","contentUrl":"https:\/\/secure.gravatar.com\/avatar\/eee448fc3f7164808013b816ba91ac7e43bbe82a70bebac296f8bc6f0addaa1a?s=96&d=mm&r=g","caption":"Edici\u00f3n Web"},"url":"https:\/\/canal7slp.tv\/2023\/author\/edicionweb\/"}]}},"_links":{"self":[{"href":"https:\/\/canal7slp.tv\/2023\/wp-json\/wp\/v2\/posts\/115906","targetHints":{"allow":["GET"]}}],"collection":[{"href":"https:\/\/canal7slp.tv\/2023\/wp-json\/wp\/v2\/posts"}],"about":[{"href":"https:\/\/canal7slp.tv\/2023\/wp-json\/wp\/v2\/types\/post"}],"author":[{"embeddable":true,"href":"https:\/\/canal7slp.tv\/2023\/wp-json\/wp\/v2\/users\/2"}],"replies":[{"embeddable":true,"href":"https:\/\/canal7slp.tv\/2023\/wp-json\/wp\/v2\/comments?post=115906"}],"version-history":[{"count":3,"href":"https:\/\/canal7slp.tv\/2023\/wp-json\/wp\/v2\/posts\/115906\/revisions"}],"predecessor-version":[{"id":116039,"href":"https:\/\/canal7slp.tv\/2023\/wp-json\/wp\/v2\/posts\/115906\/revisions\/116039"}],"wp:featuredmedia":[{"embeddable":true,"href":"https:\/\/canal7slp.tv\/2023\/wp-json\/wp\/v2\/media\/115924"}],"wp:attachment":[{"href":"https:\/\/canal7slp.tv\/2023\/wp-json\/wp\/v2\/media?parent=115906"}],"wp:term":[{"taxonomy":"category","embeddable":true,"href":"https:\/\/canal7slp.tv\/2023\/wp-json\/wp\/v2\/categories?post=115906"},{"taxonomy":"post_tag","embeddable":true,"href":"https:\/\/canal7slp.tv\/2023\/wp-json\/wp\/v2\/tags?post=115906"}],"curies":[{"name":"wp","href":"https:\/\/api.w.org\/{rel}","templated":true}]}}